{"id":15715,"date":"2020-08-26T08:18:59","date_gmt":"2020-08-26T06:18:59","guid":{"rendered":"https:\/\/www.article-marketing.eu\/comunicatistampa\/?p=15715"},"modified":"2020-08-26T08:18:59","modified_gmt":"2020-08-26T06:18:59","slug":"cultura-didattica-ricerca-e-relazioni-cosa-aspettarci-dal-futuro-post-covid","status":"publish","type":"post","link":"https:\/\/www.article-marketing.eu\/comunicatistampa\/cultura-didattica-ricerca-e-relazioni-cosa-aspettarci-dal-futuro-post-covid\/","title":{"rendered":"Cultura, didattica, ricerca e relazioni:  cosa aspettarci dal futuro post-Covid?"},"content":{"rendered":"<p>Fare i conti con la paura, avere il coraggio di fermarsi a riflettere, scegliere il proprio cammino di crescita culturale, riconoscere le responsabilit\u00e0 accademiche e sociali degli atenei italiani in questo periodo di trasformazioni, sia del contesto in cui viviamo sia dei nostri valori.<\/p>\n<p><strong>Quale sar\u00e0 il futuro<\/strong> dell\u2019ambiente formativo, culturale e delle relazioni sociali in questo nuovo mondo che lentamente sta avvicinandosi \u2013 si spera \u2013 al post-Covid?<\/p>\n<p>Questa la grande domanda a cui i <strong>Rettori dell\u2019Universit\u00e0 degli Studi di Bergamo, Remo Morzenti Pellegrini, e della Libera Universit\u00e0 di Lingue e Comunicazione \u2013 IULM di Milano, Gianni Canova,<\/strong> originari entrambi della alta Val Seriana, cercheranno di dare risposta in un incontro pubblico in programma\u00a0<strong>gioved\u00ec 27 agosto alle ore 20.45<\/strong><u>\u00a0<\/u>presso la <strong>Piazza principale di Bratto<\/strong> (Castione della Presolana) dal titolo \u201cCome e in cosa ci ha cambiato il Covid19 nelle nuove sfide della societ\u00e0 della conoscenza&#8221;.<\/p>\n<p>L\u2019appuntamento, <strong>introdotto e moderato da Alberto Ceresoli, Direttore de l&#8217;Eco di Bergamo<\/strong>, sar\u00e0 l&#8217;occasione per invitare gli ospiti a una riflessione sul \u201ctempo sospeso\u201d vissuto negli ultimi mesi, in cui l&#8217;Universit\u00e0, in particolare, \u00e8 stata chiamata a trovare un nuovo modo di perseguire la propria missione nonch\u00e9 gestire il nuovo rapporto a distanza instaurato con gli studenti.<\/p>\n<p>In caso di maltempo l\u2019evento si terr\u00e0 presso il Cinema degli Abeti di Bratto.<\/p>\n<p>Iniziativa organizzata dall\u2019<strong>Unit\u00e0 Pastorale della Presolana e Visit Presolana.<\/strong><\/p>\n","protected":false},"excerpt":{"rendered":"<p>Fare i conti con la paura, avere il coraggio di fermarsi a riflettere, scegliere il proprio cammino di crescita culturale, riconoscere le responsabilit\u00e0 accademiche e sociali degli atenei italiani in questo periodo di trasformazioni, sia del contesto in cui viviamo sia dei nostri valori. Quale sar\u00e0 il futuro dell\u2019ambiente formativo, culturale e delle relazioni sociali in questo nuovo mondo che lentamente sta avvicinandosi \u2013 si spera \u2013 al post-Covid? Questa<\/p>\n<p><a class=\"continue-reading\" href=\"https:\/\/www.article-marketing.eu\/comunicatistampa\/cultura-didattica-ricerca-e-relazioni-cosa-aspettarci-dal-futuro-post-covid\/\">Continue reading&#8230;<\/a><\/p>\n","protected":false},"author":1855,"featured_media":0,"comment_status":"open","ping_status":"open","sticky":false,"template":"","format":"standard","meta":{"_monsterinsights_skip_tracking":false,"_monsterinsights_sitenote_active":false,"_monsterinsights_sitenote_note":"","_monsterinsights_sitenote_category":0,"footnotes":""},"categories":[392],"tags":[6506,6082,5988,4603,6505,940],"class_list":["post-15715","post","type-post","status-publish","format-standard","hentry","category-eventi","tag-bratto","tag-covid","tag-remomorzentipellegrini","tag-unibg","tag-universitadeglistudidibergamo","tag-evento"],"yoast_head":"<!-- This site is optimized with the Yoast SEO plugin v27.3 - https:\/\/yoast.com\/product\/yoast-seo-wordpress\/ -->\n<title>Cultura, didattica, ricerca e relazioni: cosa aspettarci dal futuro post-Covid? - Article Marketing<\/title>\n<meta name=\"robots\" content=\"index, follow, max-snippet:-1, max-image-preview:large, max-video-preview:-1\" \/>\n<link rel=\"canonical\" href=\"https:\/\/www.article-marketing.eu\/comunicatistampa\/cultura-didattica-ricerca-e-relazioni-cosa-aspettarci-dal-futuro-post-covid\/\" \/>\n<meta property=\"og:locale\" content=\"it_IT\" \/>\n<meta property=\"og:type\" content=\"article\" \/>\n<meta property=\"og:title\" content=\"Cultura, didattica, ricerca e relazioni: cosa aspettarci dal futuro post-Covid? - Article Marketing\" \/>\n<meta property=\"og:description\" content=\"Fare i conti con la paura, avere il coraggio di fermarsi a riflettere, scegliere il proprio cammino di crescita culturale, riconoscere le responsabilit\u00e0 accademiche e sociali degli atenei italiani in questo periodo di trasformazioni, sia del contesto in cui viviamo sia dei nostri valori. Quale sar\u00e0 il futuro dell\u2019ambiente formativo, culturale e delle relazioni sociali in questo nuovo mondo che lentamente sta avvicinandosi \u2013 si spera \u2013 al post-Covid? QuestaContinue reading...\" \/>\n<meta property=\"og:url\" content=\"https:\/\/www.article-marketing.eu\/comunicatistampa\/cultura-didattica-ricerca-e-relazioni-cosa-aspettarci-dal-futuro-post-covid\/\" \/>\n<meta property=\"og:site_name\" content=\"Article Marketing\" \/>\n<meta property=\"article:published_time\" content=\"2020-08-26T06:18:59+00:00\" \/>\n<meta name=\"author\" content=\"Redaclem\" \/>\n<meta name=\"twitter:card\" content=\"summary_large_image\" \/>\n<meta name=\"twitter:label1\" content=\"Scritto da\" \/>\n\t<meta name=\"twitter:data1\" content=\"Redaclem\" \/>\n\t<meta name=\"twitter:label2\" content=\"Tempo di lettura stimato\" \/>\n\t<meta name=\"twitter:data2\" content=\"1 minuto\" \/>\n<script type=\"application\/ld+json\" class=\"yoast-schema-graph\">{\"@context\":\"https:\\\/\\\/schema.org\",\"@graph\":[{\"@type\":\"Article\",\"@id\":\"https:\\\/\\\/www.article-marketing.eu\\\/comunicatistampa\\\/cultura-didattica-ricerca-e-relazioni-cosa-aspettarci-dal-futuro-post-covid\\\/#article\",\"isPartOf\":{\"@id\":\"https:\\\/\\\/www.article-marketing.eu\\\/comunicatistampa\\\/cultura-didattica-ricerca-e-relazioni-cosa-aspettarci-dal-futuro-post-covid\\\/\"},\"author\":{\"name\":\"Redaclem\",\"@id\":\"https:\\\/\\\/www.article-marketing.eu\\\/comunicatistampa\\\/#\\\/schema\\\/person\\\/c0aa725eee5df8460e0adf901fde0c88\"},\"headline\":\"Cultura, didattica, ricerca e relazioni: cosa aspettarci dal futuro post-Covid?\",\"datePublished\":\"2020-08-26T06:18:59+00:00\",\"mainEntityOfPage\":{\"@id\":\"https:\\\/\\\/www.article-marketing.eu\\\/comunicatistampa\\\/cultura-didattica-ricerca-e-relazioni-cosa-aspettarci-dal-futuro-post-covid\\\/\"},\"wordCount\":237,\"commentCount\":0,\"keywords\":[\"#bratto\",\"#covid\",\"#remomorzentipellegrini\",\"#unibg\",\"#universitadeglistudidibergamo\",\"evento\"],\"articleSection\":[\"Eventi\"],\"inLanguage\":\"it-IT\",\"potentialAction\":[{\"@type\":\"CommentAction\",\"name\":\"Comment\",\"target\":[\"https:\\\/\\\/www.article-marketing.eu\\\/comunicatistampa\\\/cultura-didattica-ricerca-e-relazioni-cosa-aspettarci-dal-futuro-post-covid\\\/#respond\"]}]},{\"@type\":\"WebPage\",\"@id\":\"https:\\\/\\\/www.article-marketing.eu\\\/comunicatistampa\\\/cultura-didattica-ricerca-e-relazioni-cosa-aspettarci-dal-futuro-post-covid\\\/\",\"url\":\"https:\\\/\\\/www.article-marketing.eu\\\/comunicatistampa\\\/cultura-didattica-ricerca-e-relazioni-cosa-aspettarci-dal-futuro-post-covid\\\/\",\"name\":\"Cultura, didattica, ricerca e relazioni: cosa aspettarci dal futuro post-Covid? - Article Marketing\",\"isPartOf\":{\"@id\":\"https:\\\/\\\/www.article-marketing.eu\\\/comunicatistampa\\\/#website\"},\"datePublished\":\"2020-08-26T06:18:59+00:00\",\"author\":{\"@id\":\"https:\\\/\\\/www.article-marketing.eu\\\/comunicatistampa\\\/#\\\/schema\\\/person\\\/c0aa725eee5df8460e0adf901fde0c88\"},\"breadcrumb\":{\"@id\":\"https:\\\/\\\/www.article-marketing.eu\\\/comunicatistampa\\\/cultura-didattica-ricerca-e-relazioni-cosa-aspettarci-dal-futuro-post-covid\\\/#breadcrumb\"},\"inLanguage\":\"it-IT\",\"potentialAction\":[{\"@type\":\"ReadAction\",\"target\":[\"https:\\\/\\\/www.article-marketing.eu\\\/comunicatistampa\\\/cultura-didattica-ricerca-e-relazioni-cosa-aspettarci-dal-futuro-post-covid\\\/\"]}]},{\"@type\":\"BreadcrumbList\",\"@id\":\"https:\\\/\\\/www.article-marketing.eu\\\/comunicatistampa\\\/cultura-didattica-ricerca-e-relazioni-cosa-aspettarci-dal-futuro-post-covid\\\/#breadcrumb\",\"itemListElement\":[{\"@type\":\"ListItem\",\"position\":1,\"name\":\"Home\",\"item\":\"https:\\\/\\\/www.article-marketing.eu\\\/comunicatistampa\\\/\"},{\"@type\":\"ListItem\",\"position\":2,\"name\":\"Cultura, didattica, ricerca e relazioni: cosa aspettarci dal futuro post-Covid?\"}]},{\"@type\":\"WebSite\",\"@id\":\"https:\\\/\\\/www.article-marketing.eu\\\/comunicatistampa\\\/#website\",\"url\":\"https:\\\/\\\/www.article-marketing.eu\\\/comunicatistampa\\\/\",\"name\":\"Article Marketing\",\"description\":\"article marketing &amp; press release\",\"potentialAction\":[{\"@type\":\"SearchAction\",\"target\":{\"@type\":\"EntryPoint\",\"urlTemplate\":\"https:\\\/\\\/www.article-marketing.eu\\\/comunicatistampa\\\/?s={search_term_string}\"},\"query-input\":{\"@type\":\"PropertyValueSpecification\",\"valueRequired\":true,\"valueName\":\"search_term_string\"}}],\"inLanguage\":\"it-IT\"},{\"@type\":\"Person\",\"@id\":\"https:\\\/\\\/www.article-marketing.eu\\\/comunicatistampa\\\/#\\\/schema\\\/person\\\/c0aa725eee5df8460e0adf901fde0c88\",\"name\":\"Redaclem\",\"image\":{\"@type\":\"ImageObject\",\"inLanguage\":\"it-IT\",\"@id\":\"https:\\\/\\\/secure.gravatar.com\\\/avatar\\\/4c7e41f332a0583344a91d7d39723533da9b2d0df7737c2d8c69553168c2191e?s=96&d=mm&r=g\",\"url\":\"https:\\\/\\\/secure.gravatar.com\\\/avatar\\\/4c7e41f332a0583344a91d7d39723533da9b2d0df7737c2d8c69553168c2191e?s=96&d=mm&r=g\",\"contentUrl\":\"https:\\\/\\\/secure.gravatar.com\\\/avatar\\\/4c7e41f332a0583344a91d7d39723533da9b2d0df7737c2d8c69553168c2191e?s=96&d=mm&r=g\",\"caption\":\"Redaclem\"},\"url\":\"https:\\\/\\\/www.article-marketing.eu\\\/comunicatistampa\\\/author\\\/redaclem\\\/\"}]}<\/script>\n<!-- \/ Yoast SEO plugin. -->","yoast_head_json":{"title":"Cultura, didattica, ricerca e relazioni: cosa aspettarci dal futuro post-Covid? - Article Marketing","robots":{"index":"index","follow":"follow","max-snippet":"max-snippet:-1","max-image-preview":"max-image-preview:large","max-video-preview":"max-video-preview:-1"},"canonical":"https:\/\/www.article-marketing.eu\/comunicatistampa\/cultura-didattica-ricerca-e-relazioni-cosa-aspettarci-dal-futuro-post-covid\/","og_locale":"it_IT","og_type":"article","og_title":"Cultura, didattica, ricerca e relazioni: cosa aspettarci dal futuro post-Covid? - Article Marketing","og_description":"Fare i conti con la paura, avere il coraggio di fermarsi a riflettere, scegliere il proprio cammino di crescita culturale, riconoscere le responsabilit\u00e0 accademiche e sociali degli atenei italiani in questo periodo di trasformazioni, sia del contesto in cui viviamo sia dei nostri valori. Quale sar\u00e0 il futuro dell\u2019ambiente formativo, culturale e delle relazioni sociali in questo nuovo mondo che lentamente sta avvicinandosi \u2013 si spera \u2013 al post-Covid? QuestaContinue reading...","og_url":"https:\/\/www.article-marketing.eu\/comunicatistampa\/cultura-didattica-ricerca-e-relazioni-cosa-aspettarci-dal-futuro-post-covid\/","og_site_name":"Article Marketing","article_published_time":"2020-08-26T06:18:59+00:00","author":"Redaclem","twitter_card":"summary_large_image","twitter_misc":{"Scritto da":"Redaclem","Tempo di lettura stimato":"1 minuto"},"schema":{"@context":"https:\/\/schema.org","@graph":[{"@type":"Article","@id":"https:\/\/www.article-marketing.eu\/comunicatistampa\/cultura-didattica-ricerca-e-relazioni-cosa-aspettarci-dal-futuro-post-covid\/#article","isPartOf":{"@id":"https:\/\/www.article-marketing.eu\/comunicatistampa\/cultura-didattica-ricerca-e-relazioni-cosa-aspettarci-dal-futuro-post-covid\/"},"author":{"name":"Redaclem","@id":"https:\/\/www.article-marketing.eu\/comunicatistampa\/#\/schema\/person\/c0aa725eee5df8460e0adf901fde0c88"},"headline":"Cultura, didattica, ricerca e relazioni: cosa aspettarci dal futuro post-Covid?","datePublished":"2020-08-26T06:18:59+00:00","mainEntityOfPage":{"@id":"https:\/\/www.article-marketing.eu\/comunicatistampa\/cultura-didattica-ricerca-e-relazioni-cosa-aspettarci-dal-futuro-post-covid\/"},"wordCount":237,"commentCount":0,"keywords":["#bratto","#covid","#remomorzentipellegrini","#unibg","#universitadeglistudidibergamo","evento"],"articleSection":["Eventi"],"inLanguage":"it-IT","potentialAction":[{"@type":"CommentAction","name":"Comment","target":["https:\/\/www.article-marketing.eu\/comunicatistampa\/cultura-didattica-ricerca-e-relazioni-cosa-aspettarci-dal-futuro-post-covid\/#respond"]}]},{"@type":"WebPage","@id":"https:\/\/www.article-marketing.eu\/comunicatistampa\/cultura-didattica-ricerca-e-relazioni-cosa-aspettarci-dal-futuro-post-covid\/","url":"https:\/\/www.article-marketing.eu\/comunicatistampa\/cultura-didattica-ricerca-e-relazioni-cosa-aspettarci-dal-futuro-post-covid\/","name":"Cultura, didattica, ricerca e relazioni: cosa aspettarci dal futuro post-Covid? - Article Marketing","isPartOf":{"@id":"https:\/\/www.article-marketing.eu\/comunicatistampa\/#website"},"datePublished":"2020-08-26T06:18:59+00:00","author":{"@id":"https:\/\/www.article-marketing.eu\/comunicatistampa\/#\/schema\/person\/c0aa725eee5df8460e0adf901fde0c88"},"breadcrumb":{"@id":"https:\/\/www.article-marketing.eu\/comunicatistampa\/cultura-didattica-ricerca-e-relazioni-cosa-aspettarci-dal-futuro-post-covid\/#breadcrumb"},"inLanguage":"it-IT","potentialAction":[{"@type":"ReadAction","target":["https:\/\/www.article-marketing.eu\/comunicatistampa\/cultura-didattica-ricerca-e-relazioni-cosa-aspettarci-dal-futuro-post-covid\/"]}]},{"@type":"BreadcrumbList","@id":"https:\/\/www.article-marketing.eu\/comunicatistampa\/cultura-didattica-ricerca-e-relazioni-cosa-aspettarci-dal-futuro-post-covid\/#breadcrumb","itemListElement":[{"@type":"ListItem","position":1,"name":"Home","item":"https:\/\/www.article-marketing.eu\/comunicatistampa\/"},{"@type":"ListItem","position":2,"name":"Cultura, didattica, ricerca e relazioni: cosa aspettarci dal futuro post-Covid?"}]},{"@type":"WebSite","@id":"https:\/\/www.article-marketing.eu\/comunicatistampa\/#website","url":"https:\/\/www.article-marketing.eu\/comunicatistampa\/","name":"Article Marketing","description":"article marketing &amp; press release","potentialAction":[{"@type":"SearchAction","target":{"@type":"EntryPoint","urlTemplate":"https:\/\/www.article-marketing.eu\/comunicatistampa\/?s={search_term_string}"},"query-input":{"@type":"PropertyValueSpecification","valueRequired":true,"valueName":"search_term_string"}}],"inLanguage":"it-IT"},{"@type":"Person","@id":"https:\/\/www.article-marketing.eu\/comunicatistampa\/#\/schema\/person\/c0aa725eee5df8460e0adf901fde0c88","name":"Redaclem","image":{"@type":"ImageObject","inLanguage":"it-IT","@id":"https:\/\/secure.gravatar.com\/avatar\/4c7e41f332a0583344a91d7d39723533da9b2d0df7737c2d8c69553168c2191e?s=96&d=mm&r=g","url":"https:\/\/secure.gravatar.com\/avatar\/4c7e41f332a0583344a91d7d39723533da9b2d0df7737c2d8c69553168c2191e?s=96&d=mm&r=g","contentUrl":"https:\/\/secure.gravatar.com\/avatar\/4c7e41f332a0583344a91d7d39723533da9b2d0df7737c2d8c69553168c2191e?s=96&d=mm&r=g","caption":"Redaclem"},"url":"https:\/\/www.article-marketing.eu\/comunicatistampa\/author\/redaclem\/"}]}},"_links":{"self":[{"href":"https:\/\/www.article-marketing.eu\/comunicatistampa\/wp-json\/wp\/v2\/posts\/15715","targetHints":{"allow":["GET"]}}],"collection":[{"href":"https:\/\/www.article-marketing.eu\/comunicatistampa\/wp-json\/wp\/v2\/posts"}],"about":[{"href":"https:\/\/www.article-marketing.eu\/comunicatistampa\/wp-json\/wp\/v2\/types\/post"}],"author":[{"embeddable":true,"href":"https:\/\/www.article-marketing.eu\/comunicatistampa\/wp-json\/wp\/v2\/users\/1855"}],"replies":[{"embeddable":true,"href":"https:\/\/www.article-marketing.eu\/comunicatistampa\/wp-json\/wp\/v2\/comments?post=15715"}],"version-history":[{"count":2,"href":"https:\/\/www.article-marketing.eu\/comunicatistampa\/wp-json\/wp\/v2\/posts\/15715\/revisions"}],"predecessor-version":[{"id":15722,"href":"https:\/\/www.article-marketing.eu\/comunicatistampa\/wp-json\/wp\/v2\/posts\/15715\/revisions\/15722"}],"wp:attachment":[{"href":"https:\/\/www.article-marketing.eu\/comunicatistampa\/wp-json\/wp\/v2\/media?parent=15715"}],"wp:term":[{"taxonomy":"category","embeddable":true,"href":"https:\/\/www.article-marketing.eu\/comunicatistampa\/wp-json\/wp\/v2\/categories?post=15715"},{"taxonomy":"post_tag","embeddable":true,"href":"https:\/\/www.article-marketing.eu\/comunicatistampa\/wp-json\/wp\/v2\/tags?post=15715"}],"curies":[{"name":"wp","href":"https:\/\/api.w.org\/{rel}","templated":true}]}}