{"id":15816,"date":"2020-09-02T21:56:14","date_gmt":"2020-09-02T19:56:14","guid":{"rendered":"https:\/\/www.article-marketing.eu\/comunicatistampa\/?p=15816"},"modified":"2020-09-02T21:56:14","modified_gmt":"2020-09-02T19:56:14","slug":"al-parco-ittico-paradiso-due-giornate-per-conoscere-da-vicino-gli-animali-del-parco","status":"publish","type":"post","link":"https:\/\/www.article-marketing.eu\/comunicatistampa\/al-parco-ittico-paradiso-due-giornate-per-conoscere-da-vicino-gli-animali-del-parco\/","title":{"rendered":"Al Parco Ittico Paradiso due giornate per conoscere da vicino gli animali del parco"},"content":{"rendered":"<p>Tornano al Parco Ittico Paradiso i laboratori educativi! Con due giornate pensate per i pi\u00f9 piccoli e in totale sicurezza: <strong>Domenica 6 settembre e domenica 13 settembre<\/strong> al <strong>Parco Ittico, <\/strong>Libellule, Damigelle e Caprette non avranno pi\u00f9 segreti! Sono infatti loro i protagonisti dei due appuntamenti dedicati ai bambini per conoscere da vicino alcune specie del parco.<\/p>\n<p>Si parte domenica 6 settembre con le Libellule e le Damigelle: entrambi appartenenti alla famiglia degli \u201cOdonati\u201d si distinguono per dimensione, colore e utilizzo delle ali, le prime, chiamate comunemente anche <em>vere libellule<\/em> tengono le ali aperte e orizzontali, mentre le <em>damigelle<\/em> le tengono verticali e chiuse sopra il corpo. Queste ultime sono di dimensioni pi\u00f9 piccole e variamente colorate nelle sfumature del blu. Hanno entrambi un corpo allungato, occhi molto grandi, antenne corte e due paia di ali trasparenti. Tutte si nutrono di insetti, gli esemplari adulti vivono nell\u2019aria e predano altri insetti mentre, in stato larvale (Ninfae) vivono in acqua e catturano altri piccoli invertebrati, ad eccezione delle specie pi\u00f9 grandi che sono in grado di catturare anche piccoli pesciolini.<\/p>\n<p>I laboratori pensati dal Parco porteranno proprio i piccoli alla scoperta della specie tra i canali del parco, qui sar\u00e0 possibile ammirare le libellule e damigelle adulte mentre, con l\u2019aiuto di un retino, i bambini assisteranno alla pesca delle ninfae effettuata del biologo che racconter\u00e0 la vita della specie, per poi portare l\u2019attenzione del bambino sulla creazione artistica dando sfogo alla propria fantasia e creativit\u00e0 nella creazione della propria libellula di carta.<\/p>\n<p>I laboratori avranno una durata di tre quarti d\u2019ora e, nell\u2019area dedicata, i bambini avranno a disposizione lente d\u2019ingrandimento e materiale creativo disposti su grandi tavoli per permettere il distanziamento sociale e ad ogni uso verranno disinfettati dal personale addetto.<\/p>\n<p>Domenica 13 settembre sar\u00e0 invece la giornata dedicata alle caprette dove i bambini verranno accompagnati in un viaggio \u201cin fattoria\u201d alla scoperta di un animale molto comune ma le cui peculiarit\u00e0 sono sconosciute ai pi\u00f9, i bambini potranno cos\u00ec scoprire e prendersi cura degli esemplari presenti del parco aiutando il personale addetto.<\/p>\n<p>Gran finale sabato 26 settembre e domenica 27 settembre con la Festa d\u2019Autunno dove grandi e piccini potranno festeggiare l\u2019arrivo della nuova stagione autunnale con laboratori pensati nel rispetto delle normative dove gli animali e le specie acquatiche saranno le vere protagoniste, per un arrivederci a primavera.<\/p>\n<p>Durante i laboratori, i bambini verranno divisi in piccoli gruppi e sar\u00e0 possibile iscriversi direttamente al Parco nella postazione dedicata. All\u2019interno del Parco, vengono rispettate tutte le norme di sicurezza vigenti per il protocollo Covid-19 che prevedono: l\u2019utilizzo di dispenser igienizzanti disponibili all\u2019ingresso e all\u2019uscita, e nella zona dei laboratori, la sospensione del servizio navetta &#8211; con la possibilit\u00e0 di avvicinarsi al Parco in auto, percorrendo l\u2019ultimo tratto a piedi \u2013, e l\u2019obbligo di mascherina.<\/p>\n<p>In caso di maltempo gli eventi saranno rimandati a data da destinarsi. Per info: <a href=\"http:\/\/www.parcoittico.it\">www.parcoittico.it<\/a> 02\/9065714 &#8211; <a href=\"mailto:info@parcoittico.it\" rel=\"nofollow\">info@parcoittico.it<\/a>. Per rimanere aggiornati sui prossimi eventi visitare la pagina <a href=\"https:\/\/www.facebook.com\/Parco-Ittico-Paradiso-122798774471490\/\" rel=\"nofollow\">Facebook<\/a> e Instagram del Parco.<\/p>\n","protected":false},"excerpt":{"rendered":"<p>Tornano al Parco Ittico Paradiso i laboratori educativi! Con due giornate pensate per i pi\u00f9 piccoli e in totale sicurezza: Domenica 6 settembre e domenica 13 settembre al Parco Ittico, Libellule, Damigelle e Caprette non avranno pi\u00f9 segreti! Sono infatti loro i protagonisti dei due appuntamenti dedicati ai bambini per conoscere da vicino alcune specie del parco. Si parte domenica 6 settembre con le Libellule e le Damigelle: entrambi appartenenti<\/p>\n<p><a class=\"continue-reading\" href=\"https:\/\/www.article-marketing.eu\/comunicatistampa\/al-parco-ittico-paradiso-due-giornate-per-conoscere-da-vicino-gli-animali-del-parco\/\">Continue reading&#8230;<\/a><\/p>\n","protected":false},"author":1855,"featured_media":0,"comment_status":"open","ping_status":"open","sticky":false,"template":"","format":"standard","meta":{"_monsterinsights_skip_tracking":false,"_monsterinsights_sitenote_active":false,"_monsterinsights_sitenote_note":"","_monsterinsights_sitenote_category":0,"footnotes":""},"categories":[392,418],"tags":[6557,6556,6555,1952],"class_list":["post-15816","post","type-post","status-publish","format-standard","hentry","category-eventi","category-natura","tag-caprette","tag-libellule","tag-parcoitticoparadiso","tag-laboratorio"],"yoast_head":"<!-- This site is optimized with the Yoast SEO plugin v27.3 - https:\/\/yoast.com\/product\/yoast-seo-wordpress\/ -->\n<title>Al Parco Ittico Paradiso due giornate per conoscere da vicino gli animali del parco - Article Marketing<\/title>\n<meta name=\"robots\" content=\"index, follow, max-snippet:-1, max-image-preview:large, max-video-preview:-1\" \/>\n<link rel=\"canonical\" href=\"https:\/\/www.article-marketing.eu\/comunicatistampa\/al-parco-ittico-paradiso-due-giornate-per-conoscere-da-vicino-gli-animali-del-parco\/\" \/>\n<meta property=\"og:locale\" content=\"it_IT\" \/>\n<meta property=\"og:type\" content=\"article\" \/>\n<meta property=\"og:title\" content=\"Al Parco Ittico Paradiso due giornate per conoscere da vicino gli animali del parco - Article Marketing\" \/>\n<meta property=\"og:description\" content=\"Tornano al Parco Ittico Paradiso i laboratori educativi! Con due giornate pensate per i pi\u00f9 piccoli e in totale sicurezza: Domenica 6 settembre e domenica 13 settembre al Parco Ittico, Libellule, Damigelle e Caprette non avranno pi\u00f9 segreti! Sono infatti loro i protagonisti dei due appuntamenti dedicati ai bambini per conoscere da vicino alcune specie del parco. Si parte domenica 6 settembre con le Libellule e le Damigelle: entrambi appartenentiContinue reading...\" \/>\n<meta property=\"og:url\" content=\"https:\/\/www.article-marketing.eu\/comunicatistampa\/al-parco-ittico-paradiso-due-giornate-per-conoscere-da-vicino-gli-animali-del-parco\/\" \/>\n<meta property=\"og:site_name\" content=\"Article Marketing\" \/>\n<meta property=\"article:published_time\" content=\"2020-09-02T19:56:14+00:00\" \/>\n<meta name=\"author\" content=\"Redaclem\" \/>\n<meta name=\"twitter:card\" content=\"summary_large_image\" \/>\n<meta name=\"twitter:label1\" content=\"Scritto da\" \/>\n\t<meta name=\"twitter:data1\" content=\"Redaclem\" \/>\n\t<meta name=\"twitter:label2\" content=\"Tempo di lettura stimato\" \/>\n\t<meta name=\"twitter:data2\" content=\"3 minuti\" \/>\n<script type=\"application\/ld+json\" class=\"yoast-schema-graph\">{\"@context\":\"https:\\\/\\\/schema.org\",\"@graph\":[{\"@type\":\"Article\",\"@id\":\"https:\\\/\\\/www.article-marketing.eu\\\/comunicatistampa\\\/al-parco-ittico-paradiso-due-giornate-per-conoscere-da-vicino-gli-animali-del-parco\\\/#article\",\"isPartOf\":{\"@id\":\"https:\\\/\\\/www.article-marketing.eu\\\/comunicatistampa\\\/al-parco-ittico-paradiso-due-giornate-per-conoscere-da-vicino-gli-animali-del-parco\\\/\"},\"author\":{\"name\":\"Redaclem\",\"@id\":\"https:\\\/\\\/www.article-marketing.eu\\\/comunicatistampa\\\/#\\\/schema\\\/person\\\/c0aa725eee5df8460e0adf901fde0c88\"},\"headline\":\"Al Parco Ittico Paradiso due giornate per conoscere da vicino gli animali del parco\",\"datePublished\":\"2020-09-02T19:56:14+00:00\",\"mainEntityOfPage\":{\"@id\":\"https:\\\/\\\/www.article-marketing.eu\\\/comunicatistampa\\\/al-parco-ittico-paradiso-due-giornate-per-conoscere-da-vicino-gli-animali-del-parco\\\/\"},\"wordCount\":521,\"commentCount\":0,\"keywords\":[\"#caprette\",\"#libellule\",\"#parcoitticoparadiso\",\"laboratorio\"],\"articleSection\":[\"Eventi\",\"Natura\"],\"inLanguage\":\"it-IT\",\"potentialAction\":[{\"@type\":\"CommentAction\",\"name\":\"Comment\",\"target\":[\"https:\\\/\\\/www.article-marketing.eu\\\/comunicatistampa\\\/al-parco-ittico-paradiso-due-giornate-per-conoscere-da-vicino-gli-animali-del-parco\\\/#respond\"]}]},{\"@type\":\"WebPage\",\"@id\":\"https:\\\/\\\/www.article-marketing.eu\\\/comunicatistampa\\\/al-parco-ittico-paradiso-due-giornate-per-conoscere-da-vicino-gli-animali-del-parco\\\/\",\"url\":\"https:\\\/\\\/www.article-marketing.eu\\\/comunicatistampa\\\/al-parco-ittico-paradiso-due-giornate-per-conoscere-da-vicino-gli-animali-del-parco\\\/\",\"name\":\"Al Parco Ittico Paradiso due giornate per conoscere da vicino gli animali del parco - Article Marketing\",\"isPartOf\":{\"@id\":\"https:\\\/\\\/www.article-marketing.eu\\\/comunicatistampa\\\/#website\"},\"datePublished\":\"2020-09-02T19:56:14+00:00\",\"author\":{\"@id\":\"https:\\\/\\\/www.article-marketing.eu\\\/comunicatistampa\\\/#\\\/schema\\\/person\\\/c0aa725eee5df8460e0adf901fde0c88\"},\"breadcrumb\":{\"@id\":\"https:\\\/\\\/www.article-marketing.eu\\\/comunicatistampa\\\/al-parco-ittico-paradiso-due-giornate-per-conoscere-da-vicino-gli-animali-del-parco\\\/#breadcrumb\"},\"inLanguage\":\"it-IT\",\"potentialAction\":[{\"@type\":\"ReadAction\",\"target\":[\"https:\\\/\\\/www.article-marketing.eu\\\/comunicatistampa\\\/al-parco-ittico-paradiso-due-giornate-per-conoscere-da-vicino-gli-animali-del-parco\\\/\"]}]},{\"@type\":\"BreadcrumbList\",\"@id\":\"https:\\\/\\\/www.article-marketing.eu\\\/comunicatistampa\\\/al-parco-ittico-paradiso-due-giornate-per-conoscere-da-vicino-gli-animali-del-parco\\\/#breadcrumb\",\"itemListElement\":[{\"@type\":\"ListItem\",\"position\":1,\"name\":\"Home\",\"item\":\"https:\\\/\\\/www.article-marketing.eu\\\/comunicatistampa\\\/\"},{\"@type\":\"ListItem\",\"position\":2,\"name\":\"Al Parco Ittico Paradiso due giornate per conoscere da vicino gli animali del parco\"}]},{\"@type\":\"WebSite\",\"@id\":\"https:\\\/\\\/www.article-marketing.eu\\\/comunicatistampa\\\/#website\",\"url\":\"https:\\\/\\\/www.article-marketing.eu\\\/comunicatistampa\\\/\",\"name\":\"Article Marketing\",\"description\":\"article marketing &amp; press release\",\"potentialAction\":[{\"@type\":\"SearchAction\",\"target\":{\"@type\":\"EntryPoint\",\"urlTemplate\":\"https:\\\/\\\/www.article-marketing.eu\\\/comunicatistampa\\\/?s={search_term_string}\"},\"query-input\":{\"@type\":\"PropertyValueSpecification\",\"valueRequired\":true,\"valueName\":\"search_term_string\"}}],\"inLanguage\":\"it-IT\"},{\"@type\":\"Person\",\"@id\":\"https:\\\/\\\/www.article-marketing.eu\\\/comunicatistampa\\\/#\\\/schema\\\/person\\\/c0aa725eee5df8460e0adf901fde0c88\",\"name\":\"Redaclem\",\"image\":{\"@type\":\"ImageObject\",\"inLanguage\":\"it-IT\",\"@id\":\"https:\\\/\\\/secure.gravatar.com\\\/avatar\\\/4c7e41f332a0583344a91d7d39723533da9b2d0df7737c2d8c69553168c2191e?s=96&d=mm&r=g\",\"url\":\"https:\\\/\\\/secure.gravatar.com\\\/avatar\\\/4c7e41f332a0583344a91d7d39723533da9b2d0df7737c2d8c69553168c2191e?s=96&d=mm&r=g\",\"contentUrl\":\"https:\\\/\\\/secure.gravatar.com\\\/avatar\\\/4c7e41f332a0583344a91d7d39723533da9b2d0df7737c2d8c69553168c2191e?s=96&d=mm&r=g\",\"caption\":\"Redaclem\"},\"url\":\"https:\\\/\\\/www.article-marketing.eu\\\/comunicatistampa\\\/author\\\/redaclem\\\/\"}]}<\/script>\n<!-- \/ Yoast SEO plugin. -->","yoast_head_json":{"title":"Al Parco Ittico Paradiso due giornate per conoscere da vicino gli animali del parco - Article Marketing","robots":{"index":"index","follow":"follow","max-snippet":"max-snippet:-1","max-image-preview":"max-image-preview:large","max-video-preview":"max-video-preview:-1"},"canonical":"https:\/\/www.article-marketing.eu\/comunicatistampa\/al-parco-ittico-paradiso-due-giornate-per-conoscere-da-vicino-gli-animali-del-parco\/","og_locale":"it_IT","og_type":"article","og_title":"Al Parco Ittico Paradiso due giornate per conoscere da vicino gli animali del parco - Article Marketing","og_description":"Tornano al Parco Ittico Paradiso i laboratori educativi! Con due giornate pensate per i pi\u00f9 piccoli e in totale sicurezza: Domenica 6 settembre e domenica 13 settembre al Parco Ittico, Libellule, Damigelle e Caprette non avranno pi\u00f9 segreti! Sono infatti loro i protagonisti dei due appuntamenti dedicati ai bambini per conoscere da vicino alcune specie del parco. Si parte domenica 6 settembre con le Libellule e le Damigelle: entrambi appartenentiContinue reading...","og_url":"https:\/\/www.article-marketing.eu\/comunicatistampa\/al-parco-ittico-paradiso-due-giornate-per-conoscere-da-vicino-gli-animali-del-parco\/","og_site_name":"Article Marketing","article_published_time":"2020-09-02T19:56:14+00:00","author":"Redaclem","twitter_card":"summary_large_image","twitter_misc":{"Scritto da":"Redaclem","Tempo di lettura stimato":"3 minuti"},"schema":{"@context":"https:\/\/schema.org","@graph":[{"@type":"Article","@id":"https:\/\/www.article-marketing.eu\/comunicatistampa\/al-parco-ittico-paradiso-due-giornate-per-conoscere-da-vicino-gli-animali-del-parco\/#article","isPartOf":{"@id":"https:\/\/www.article-marketing.eu\/comunicatistampa\/al-parco-ittico-paradiso-due-giornate-per-conoscere-da-vicino-gli-animali-del-parco\/"},"author":{"name":"Redaclem","@id":"https:\/\/www.article-marketing.eu\/comunicatistampa\/#\/schema\/person\/c0aa725eee5df8460e0adf901fde0c88"},"headline":"Al Parco Ittico Paradiso due giornate per conoscere da vicino gli animali del parco","datePublished":"2020-09-02T19:56:14+00:00","mainEntityOfPage":{"@id":"https:\/\/www.article-marketing.eu\/comunicatistampa\/al-parco-ittico-paradiso-due-giornate-per-conoscere-da-vicino-gli-animali-del-parco\/"},"wordCount":521,"commentCount":0,"keywords":["#caprette","#libellule","#parcoitticoparadiso","laboratorio"],"articleSection":["Eventi","Natura"],"inLanguage":"it-IT","potentialAction":[{"@type":"CommentAction","name":"Comment","target":["https:\/\/www.article-marketing.eu\/comunicatistampa\/al-parco-ittico-paradiso-due-giornate-per-conoscere-da-vicino-gli-animali-del-parco\/#respond"]}]},{"@type":"WebPage","@id":"https:\/\/www.article-marketing.eu\/comunicatistampa\/al-parco-ittico-paradiso-due-giornate-per-conoscere-da-vicino-gli-animali-del-parco\/","url":"https:\/\/www.article-marketing.eu\/comunicatistampa\/al-parco-ittico-paradiso-due-giornate-per-conoscere-da-vicino-gli-animali-del-parco\/","name":"Al Parco Ittico Paradiso due giornate per conoscere da vicino gli animali del parco - Article Marketing","isPartOf":{"@id":"https:\/\/www.article-marketing.eu\/comunicatistampa\/#website"},"datePublished":"2020-09-02T19:56:14+00:00","author":{"@id":"https:\/\/www.article-marketing.eu\/comunicatistampa\/#\/schema\/person\/c0aa725eee5df8460e0adf901fde0c88"},"breadcrumb":{"@id":"https:\/\/www.article-marketing.eu\/comunicatistampa\/al-parco-ittico-paradiso-due-giornate-per-conoscere-da-vicino-gli-animali-del-parco\/#breadcrumb"},"inLanguage":"it-IT","potentialAction":[{"@type":"ReadAction","target":["https:\/\/www.article-marketing.eu\/comunicatistampa\/al-parco-ittico-paradiso-due-giornate-per-conoscere-da-vicino-gli-animali-del-parco\/"]}]},{"@type":"BreadcrumbList","@id":"https:\/\/www.article-marketing.eu\/comunicatistampa\/al-parco-ittico-paradiso-due-giornate-per-conoscere-da-vicino-gli-animali-del-parco\/#breadcrumb","itemListElement":[{"@type":"ListItem","position":1,"name":"Home","item":"https:\/\/www.article-marketing.eu\/comunicatistampa\/"},{"@type":"ListItem","position":2,"name":"Al Parco Ittico Paradiso due giornate per conoscere da vicino gli animali del parco"}]},{"@type":"WebSite","@id":"https:\/\/www.article-marketing.eu\/comunicatistampa\/#website","url":"https:\/\/www.article-marketing.eu\/comunicatistampa\/","name":"Article Marketing","description":"article marketing &amp; press release","potentialAction":[{"@type":"SearchAction","target":{"@type":"EntryPoint","urlTemplate":"https:\/\/www.article-marketing.eu\/comunicatistampa\/?s={search_term_string}"},"query-input":{"@type":"PropertyValueSpecification","valueRequired":true,"valueName":"search_term_string"}}],"inLanguage":"it-IT"},{"@type":"Person","@id":"https:\/\/www.article-marketing.eu\/comunicatistampa\/#\/schema\/person\/c0aa725eee5df8460e0adf901fde0c88","name":"Redaclem","image":{"@type":"ImageObject","inLanguage":"it-IT","@id":"https:\/\/secure.gravatar.com\/avatar\/4c7e41f332a0583344a91d7d39723533da9b2d0df7737c2d8c69553168c2191e?s=96&d=mm&r=g","url":"https:\/\/secure.gravatar.com\/avatar\/4c7e41f332a0583344a91d7d39723533da9b2d0df7737c2d8c69553168c2191e?s=96&d=mm&r=g","contentUrl":"https:\/\/secure.gravatar.com\/avatar\/4c7e41f332a0583344a91d7d39723533da9b2d0df7737c2d8c69553168c2191e?s=96&d=mm&r=g","caption":"Redaclem"},"url":"https:\/\/www.article-marketing.eu\/comunicatistampa\/author\/redaclem\/"}]}},"_links":{"self":[{"href":"https:\/\/www.article-marketing.eu\/comunicatistampa\/wp-json\/wp\/v2\/posts\/15816","targetHints":{"allow":["GET"]}}],"collection":[{"href":"https:\/\/www.article-marketing.eu\/comunicatistampa\/wp-json\/wp\/v2\/posts"}],"about":[{"href":"https:\/\/www.article-marketing.eu\/comunicatistampa\/wp-json\/wp\/v2\/types\/post"}],"author":[{"embeddable":true,"href":"https:\/\/www.article-marketing.eu\/comunicatistampa\/wp-json\/wp\/v2\/users\/1855"}],"replies":[{"embeddable":true,"href":"https:\/\/www.article-marketing.eu\/comunicatistampa\/wp-json\/wp\/v2\/comments?post=15816"}],"version-history":[{"count":2,"href":"https:\/\/www.article-marketing.eu\/comunicatistampa\/wp-json\/wp\/v2\/posts\/15816\/revisions"}],"predecessor-version":[{"id":15833,"href":"https:\/\/www.article-marketing.eu\/comunicatistampa\/wp-json\/wp\/v2\/posts\/15816\/revisions\/15833"}],"wp:attachment":[{"href":"https:\/\/www.article-marketing.eu\/comunicatistampa\/wp-json\/wp\/v2\/media?parent=15816"}],"wp:term":[{"taxonomy":"category","embeddable":true,"href":"https:\/\/www.article-marketing.eu\/comunicatistampa\/wp-json\/wp\/v2\/categories?post=15816"},{"taxonomy":"post_tag","embeddable":true,"href":"https:\/\/www.article-marketing.eu\/comunicatistampa\/wp-json\/wp\/v2\/tags?post=15816"}],"curies":[{"name":"wp","href":"https:\/\/api.w.org\/{rel}","templated":true}]}}