{"id":1583,"date":"2017-03-29T00:40:04","date_gmt":"2017-03-28T22:40:04","guid":{"rendered":"http:\/\/www.article-marketing.eu\/comunicatistampa\/?p=1583"},"modified":"2017-03-29T00:40:04","modified_gmt":"2017-03-28T22:40:04","slug":"il-make-up-da-sera-di-primavera","status":"publish","type":"post","link":"https:\/\/www.article-marketing.eu\/comunicatistampa\/il-make-up-da-sera-di-primavera\/","title":{"rendered":"Il make up da sera di primavera"},"content":{"rendered":"<p><span style=\"font-weight: 400;\">Il make up di primavera dice la sua anche in versione by night. Anche per la sera, infatti, ci sono tendenze precise nel quadro pi\u00f9 generale del trucco della nuova stagione. Cos\u00ec, se dovessimo trascorrere una serata divertente all\u2019<\/span><a href=\"http:\/\/www.romaexclusiveparty.com\/discoteche\/roma\/discoteca-art-cafe-roma\/\"><span style=\"font-weight: 400;\">Art Caf\u00e8 a Roma<\/span><\/a> <span style=\"font-weight: 400;\">o in qualsiasi altro locale alla moda della Capitale, sapremmo perfettamente come truccarci e qual \u00e8 lo stile giusto per essere glamour.<\/span><\/p>\n<p><span style=\"font-weight: 400;\">Make up, le nuove tendenze<\/span><\/p>\n<p><span style=\"font-weight: 400;\">Anche per la sera vige la tendenza di massima che vuole il make up extra glow. Luminosit\u00e0 al top, quindi, per viso, incarnato, occhi e labbra. Soprattutto con l\u2019arrivo della bella stagione una pelle fresca, luminosa e in perfetta salute \u00e8 di fondamentale importanza. Ma non si parla solo di luce, ma anche di riflessi metallici che trasformano i colori creando degli equilibri cromatici sul volto inediti e bellissimi, di grande effetto soprattutto per una serata glam. <\/span><\/p>\n<p><span style=\"font-weight: 400;\">Il trucco diventa 3D, prezioso, super fashion, di grande effetto. E questo trends coinvolge e reinvita tutti gli elementi del make up, dagli occhi alle ciglia, dall\u2019incarnato alle labbra fino alle unghie. <\/span><\/p>\n<p><span style=\"font-weight: 400;\">Altra tendenza che conquister\u00e0 la bella stagione, anche per il make up in versione serale e notturno, \u00e8 il ritorno dei colori. Dimentichiamo, quindi, i toni noir dello scorso inverno e aspettiamoci una primavera molto pop. Largo ai blu, ai fucsia, agli aranci, ai colori forti e audaci, dal giallo al verde passando per il rosso. Non ci saranno mezze misure. Un inno agli anni Ottanta, quindi, ideale per un make up sofisticato, ma allegro e seducente per la sera. Gli equilibri sono reinventati, il colore si osa sia sullo sguardo che sulla bocca, senza aver paura di esagerare. Soprattutto di notte, quindi, via libera alla creativit\u00e0 e alla propria, unica, espressivit\u00e0. <\/span><\/p>\n<p><span style=\"font-weight: 400;\">I colori saranno coraggiosi, pieni, preziosi, con sfumature mat o anche metalliche a seconda del gusto e della serata, magari. Il colore vestir\u00e0 tutto l\u2019occhio, senza timore, e anche le labbra. <\/span><\/p>\n<p><span style=\"font-weight: 400;\">Bellissimo anche il metal, grande tendenza del momento, da proporre sugli occhi e sulla bocca. L\u2019effetto metal accender\u00e0 lo sguardo, illuminandolo di bagliori metallici preziosissimi, e anche la bocca per un effetto rivoluzionario. Un effetto che sar\u00e0 enfatizzato ancora di pi\u00f9, in versione by night, da un tocco di abbronzatura che render\u00e0 il risultato finale pi\u00f9 caldo e seducente. <\/span><\/p>\n<p><span style=\"font-weight: 400;\">Assieme al metal, ci sar\u00e0 spazio anche per la glitter mania, i brillantini andranno a illuminare e sottolineare con piccoli tocchi un make up gi\u00e0 sofisticato di per s\u00e9. <\/span><\/p>\n<p><span style=\"font-weight: 400;\">Infine, per dare un tocco di colore anche all\u2019incarnato, effetto glow con blush ad hoc e polveri illuminanti anche senza abbronzatura. <\/span><\/p>\n","protected":false},"excerpt":{"rendered":"<p>Il make up di primavera dice la sua anche in versione by night. Anche per la sera, infatti, ci sono tendenze precise nel quadro pi\u00f9 generale del trucco della nuova stagione. Cos\u00ec, se dovessimo trascorrere una serata divertente all\u2019Art Caf\u00e8 a Roma o in qualsiasi altro locale alla moda della Capitale, sapremmo perfettamente come truccarci e qual \u00e8 lo stile giusto per essere glamour. Make up, le nuove tendenze Anche<\/p>\n<p><a class=\"continue-reading\" href=\"https:\/\/www.article-marketing.eu\/comunicatistampa\/il-make-up-da-sera-di-primavera\/\">Continue reading&#8230;<\/a><\/p>\n","protected":false},"author":165,"featured_media":0,"comment_status":"open","ping_status":"open","sticky":false,"template":"","format":"standard","meta":{"_monsterinsights_skip_tracking":false,"_monsterinsights_sitenote_active":false,"_monsterinsights_sitenote_note":"","_monsterinsights_sitenote_category":0,"footnotes":""},"categories":[369],"tags":[204,768,869,732],"class_list":["post-1583","post","type-post","status-publish","format-standard","hentry","category-salute-e-benessere","tag-eventi","tag-feste-roma","tag-locali","tag-roma"],"yoast_head":"<!-- This site is optimized with the Yoast SEO plugin v27.3 - https:\/\/yoast.com\/product\/yoast-seo-wordpress\/ -->\n<title>Il make up da sera di primavera - Article Marketing<\/title>\n<meta name=\"robots\" content=\"index, follow, max-snippet:-1, max-image-preview:large, max-video-preview:-1\" \/>\n<link rel=\"canonical\" href=\"https:\/\/www.article-marketing.eu\/comunicatistampa\/il-make-up-da-sera-di-primavera\/\" \/>\n<meta property=\"og:locale\" content=\"it_IT\" \/>\n<meta property=\"og:type\" content=\"article\" \/>\n<meta property=\"og:title\" content=\"Il make up da sera di primavera - Article Marketing\" \/>\n<meta property=\"og:description\" content=\"Il make up di primavera dice la sua anche in versione by night. Anche per la sera, infatti, ci sono tendenze precise nel quadro pi\u00f9 generale del trucco della nuova stagione. Cos\u00ec, se dovessimo trascorrere una serata divertente all\u2019Art Caf\u00e8 a Roma o in qualsiasi altro locale alla moda della Capitale, sapremmo perfettamente come truccarci e qual \u00e8 lo stile giusto per essere glamour. Make up, le nuove tendenze AncheContinue reading...\" \/>\n<meta property=\"og:url\" content=\"https:\/\/www.article-marketing.eu\/comunicatistampa\/il-make-up-da-sera-di-primavera\/\" \/>\n<meta property=\"og:site_name\" content=\"Article Marketing\" \/>\n<meta property=\"article:published_time\" content=\"2017-03-28T22:40:04+00:00\" \/>\n<meta name=\"author\" content=\"Skira\" \/>\n<meta name=\"twitter:card\" content=\"summary_large_image\" \/>\n<meta name=\"twitter:label1\" content=\"Scritto da\" \/>\n\t<meta name=\"twitter:data1\" content=\"Skira\" \/>\n\t<meta name=\"twitter:label2\" content=\"Tempo di lettura stimato\" \/>\n\t<meta name=\"twitter:data2\" content=\"2 minuti\" \/>\n<script type=\"application\/ld+json\" class=\"yoast-schema-graph\">{\"@context\":\"https:\\\/\\\/schema.org\",\"@graph\":[{\"@type\":\"Article\",\"@id\":\"https:\\\/\\\/www.article-marketing.eu\\\/comunicatistampa\\\/il-make-up-da-sera-di-primavera\\\/#article\",\"isPartOf\":{\"@id\":\"https:\\\/\\\/www.article-marketing.eu\\\/comunicatistampa\\\/il-make-up-da-sera-di-primavera\\\/\"},\"author\":{\"name\":\"Skira\",\"@id\":\"https:\\\/\\\/www.article-marketing.eu\\\/comunicatistampa\\\/#\\\/schema\\\/person\\\/ac66fb21435b35ebf746d54ebc8d83e8\"},\"headline\":\"Il make up da sera di primavera\",\"datePublished\":\"2017-03-28T22:40:04+00:00\",\"mainEntityOfPage\":{\"@id\":\"https:\\\/\\\/www.article-marketing.eu\\\/comunicatistampa\\\/il-make-up-da-sera-di-primavera\\\/\"},\"wordCount\":440,\"commentCount\":0,\"keywords\":[\"eventi\",\"feste roma\",\"locali\",\"Roma\"],\"articleSection\":[\"Salute e benessere\"],\"inLanguage\":\"it-IT\",\"potentialAction\":[{\"@type\":\"CommentAction\",\"name\":\"Comment\",\"target\":[\"https:\\\/\\\/www.article-marketing.eu\\\/comunicatistampa\\\/il-make-up-da-sera-di-primavera\\\/#respond\"]}]},{\"@type\":\"WebPage\",\"@id\":\"https:\\\/\\\/www.article-marketing.eu\\\/comunicatistampa\\\/il-make-up-da-sera-di-primavera\\\/\",\"url\":\"https:\\\/\\\/www.article-marketing.eu\\\/comunicatistampa\\\/il-make-up-da-sera-di-primavera\\\/\",\"name\":\"Il make up da sera di primavera - Article Marketing\",\"isPartOf\":{\"@id\":\"https:\\\/\\\/www.article-marketing.eu\\\/comunicatistampa\\\/#website\"},\"datePublished\":\"2017-03-28T22:40:04+00:00\",\"author\":{\"@id\":\"https:\\\/\\\/www.article-marketing.eu\\\/comunicatistampa\\\/#\\\/schema\\\/person\\\/ac66fb21435b35ebf746d54ebc8d83e8\"},\"breadcrumb\":{\"@id\":\"https:\\\/\\\/www.article-marketing.eu\\\/comunicatistampa\\\/il-make-up-da-sera-di-primavera\\\/#breadcrumb\"},\"inLanguage\":\"it-IT\",\"potentialAction\":[{\"@type\":\"ReadAction\",\"target\":[\"https:\\\/\\\/www.article-marketing.eu\\\/comunicatistampa\\\/il-make-up-da-sera-di-primavera\\\/\"]}]},{\"@type\":\"BreadcrumbList\",\"@id\":\"https:\\\/\\\/www.article-marketing.eu\\\/comunicatistampa\\\/il-make-up-da-sera-di-primavera\\\/#breadcrumb\",\"itemListElement\":[{\"@type\":\"ListItem\",\"position\":1,\"name\":\"Home\",\"item\":\"https:\\\/\\\/www.article-marketing.eu\\\/comunicatistampa\\\/\"},{\"@type\":\"ListItem\",\"position\":2,\"name\":\"Il make up da sera di primavera\"}]},{\"@type\":\"WebSite\",\"@id\":\"https:\\\/\\\/www.article-marketing.eu\\\/comunicatistampa\\\/#website\",\"url\":\"https:\\\/\\\/www.article-marketing.eu\\\/comunicatistampa\\\/\",\"name\":\"Article Marketing\",\"description\":\"article marketing &amp; press release\",\"potentialAction\":[{\"@type\":\"SearchAction\",\"target\":{\"@type\":\"EntryPoint\",\"urlTemplate\":\"https:\\\/\\\/www.article-marketing.eu\\\/comunicatistampa\\\/?s={search_term_string}\"},\"query-input\":{\"@type\":\"PropertyValueSpecification\",\"valueRequired\":true,\"valueName\":\"search_term_string\"}}],\"inLanguage\":\"it-IT\"},{\"@type\":\"Person\",\"@id\":\"https:\\\/\\\/www.article-marketing.eu\\\/comunicatistampa\\\/#\\\/schema\\\/person\\\/ac66fb21435b35ebf746d54ebc8d83e8\",\"name\":\"Skira\",\"image\":{\"@type\":\"ImageObject\",\"inLanguage\":\"it-IT\",\"@id\":\"https:\\\/\\\/secure.gravatar.com\\\/avatar\\\/96027df7e813f38b27b1ed6edfffa7ee09d3ee46e2ac7cd3ecc56a0d446d6775?s=96&d=mm&r=g\",\"url\":\"https:\\\/\\\/secure.gravatar.com\\\/avatar\\\/96027df7e813f38b27b1ed6edfffa7ee09d3ee46e2ac7cd3ecc56a0d446d6775?s=96&d=mm&r=g\",\"contentUrl\":\"https:\\\/\\\/secure.gravatar.com\\\/avatar\\\/96027df7e813f38b27b1ed6edfffa7ee09d3ee46e2ac7cd3ecc56a0d446d6775?s=96&d=mm&r=g\",\"caption\":\"Skira\"},\"url\":\"https:\\\/\\\/www.article-marketing.eu\\\/comunicatistampa\\\/author\\\/skira\\\/\"}]}<\/script>\n<!-- \/ Yoast SEO plugin. -->","yoast_head_json":{"title":"Il make up da sera di primavera - Article Marketing","robots":{"index":"index","follow":"follow","max-snippet":"max-snippet:-1","max-image-preview":"max-image-preview:large","max-video-preview":"max-video-preview:-1"},"canonical":"https:\/\/www.article-marketing.eu\/comunicatistampa\/il-make-up-da-sera-di-primavera\/","og_locale":"it_IT","og_type":"article","og_title":"Il make up da sera di primavera - Article Marketing","og_description":"Il make up di primavera dice la sua anche in versione by night. Anche per la sera, infatti, ci sono tendenze precise nel quadro pi\u00f9 generale del trucco della nuova stagione. Cos\u00ec, se dovessimo trascorrere una serata divertente all\u2019Art Caf\u00e8 a Roma o in qualsiasi altro locale alla moda della Capitale, sapremmo perfettamente come truccarci e qual \u00e8 lo stile giusto per essere glamour. Make up, le nuove tendenze AncheContinue reading...","og_url":"https:\/\/www.article-marketing.eu\/comunicatistampa\/il-make-up-da-sera-di-primavera\/","og_site_name":"Article Marketing","article_published_time":"2017-03-28T22:40:04+00:00","author":"Skira","twitter_card":"summary_large_image","twitter_misc":{"Scritto da":"Skira","Tempo di lettura stimato":"2 minuti"},"schema":{"@context":"https:\/\/schema.org","@graph":[{"@type":"Article","@id":"https:\/\/www.article-marketing.eu\/comunicatistampa\/il-make-up-da-sera-di-primavera\/#article","isPartOf":{"@id":"https:\/\/www.article-marketing.eu\/comunicatistampa\/il-make-up-da-sera-di-primavera\/"},"author":{"name":"Skira","@id":"https:\/\/www.article-marketing.eu\/comunicatistampa\/#\/schema\/person\/ac66fb21435b35ebf746d54ebc8d83e8"},"headline":"Il make up da sera di primavera","datePublished":"2017-03-28T22:40:04+00:00","mainEntityOfPage":{"@id":"https:\/\/www.article-marketing.eu\/comunicatistampa\/il-make-up-da-sera-di-primavera\/"},"wordCount":440,"commentCount":0,"keywords":["eventi","feste roma","locali","Roma"],"articleSection":["Salute e benessere"],"inLanguage":"it-IT","potentialAction":[{"@type":"CommentAction","name":"Comment","target":["https:\/\/www.article-marketing.eu\/comunicatistampa\/il-make-up-da-sera-di-primavera\/#respond"]}]},{"@type":"WebPage","@id":"https:\/\/www.article-marketing.eu\/comunicatistampa\/il-make-up-da-sera-di-primavera\/","url":"https:\/\/www.article-marketing.eu\/comunicatistampa\/il-make-up-da-sera-di-primavera\/","name":"Il make up da sera di primavera - Article Marketing","isPartOf":{"@id":"https:\/\/www.article-marketing.eu\/comunicatistampa\/#website"},"datePublished":"2017-03-28T22:40:04+00:00","author":{"@id":"https:\/\/www.article-marketing.eu\/comunicatistampa\/#\/schema\/person\/ac66fb21435b35ebf746d54ebc8d83e8"},"breadcrumb":{"@id":"https:\/\/www.article-marketing.eu\/comunicatistampa\/il-make-up-da-sera-di-primavera\/#breadcrumb"},"inLanguage":"it-IT","potentialAction":[{"@type":"ReadAction","target":["https:\/\/www.article-marketing.eu\/comunicatistampa\/il-make-up-da-sera-di-primavera\/"]}]},{"@type":"BreadcrumbList","@id":"https:\/\/www.article-marketing.eu\/comunicatistampa\/il-make-up-da-sera-di-primavera\/#breadcrumb","itemListElement":[{"@type":"ListItem","position":1,"name":"Home","item":"https:\/\/www.article-marketing.eu\/comunicatistampa\/"},{"@type":"ListItem","position":2,"name":"Il make up da sera di primavera"}]},{"@type":"WebSite","@id":"https:\/\/www.article-marketing.eu\/comunicatistampa\/#website","url":"https:\/\/www.article-marketing.eu\/comunicatistampa\/","name":"Article Marketing","description":"article marketing &amp; press release","potentialAction":[{"@type":"SearchAction","target":{"@type":"EntryPoint","urlTemplate":"https:\/\/www.article-marketing.eu\/comunicatistampa\/?s={search_term_string}"},"query-input":{"@type":"PropertyValueSpecification","valueRequired":true,"valueName":"search_term_string"}}],"inLanguage":"it-IT"},{"@type":"Person","@id":"https:\/\/www.article-marketing.eu\/comunicatistampa\/#\/schema\/person\/ac66fb21435b35ebf746d54ebc8d83e8","name":"Skira","image":{"@type":"ImageObject","inLanguage":"it-IT","@id":"https:\/\/secure.gravatar.com\/avatar\/96027df7e813f38b27b1ed6edfffa7ee09d3ee46e2ac7cd3ecc56a0d446d6775?s=96&d=mm&r=g","url":"https:\/\/secure.gravatar.com\/avatar\/96027df7e813f38b27b1ed6edfffa7ee09d3ee46e2ac7cd3ecc56a0d446d6775?s=96&d=mm&r=g","contentUrl":"https:\/\/secure.gravatar.com\/avatar\/96027df7e813f38b27b1ed6edfffa7ee09d3ee46e2ac7cd3ecc56a0d446d6775?s=96&d=mm&r=g","caption":"Skira"},"url":"https:\/\/www.article-marketing.eu\/comunicatistampa\/author\/skira\/"}]}},"_links":{"self":[{"href":"https:\/\/www.article-marketing.eu\/comunicatistampa\/wp-json\/wp\/v2\/posts\/1583","targetHints":{"allow":["GET"]}}],"collection":[{"href":"https:\/\/www.article-marketing.eu\/comunicatistampa\/wp-json\/wp\/v2\/posts"}],"about":[{"href":"https:\/\/www.article-marketing.eu\/comunicatistampa\/wp-json\/wp\/v2\/types\/post"}],"author":[{"embeddable":true,"href":"https:\/\/www.article-marketing.eu\/comunicatistampa\/wp-json\/wp\/v2\/users\/165"}],"replies":[{"embeddable":true,"href":"https:\/\/www.article-marketing.eu\/comunicatistampa\/wp-json\/wp\/v2\/comments?post=1583"}],"version-history":[{"count":2,"href":"https:\/\/www.article-marketing.eu\/comunicatistampa\/wp-json\/wp\/v2\/posts\/1583\/revisions"}],"predecessor-version":[{"id":1610,"href":"https:\/\/www.article-marketing.eu\/comunicatistampa\/wp-json\/wp\/v2\/posts\/1583\/revisions\/1610"}],"wp:attachment":[{"href":"https:\/\/www.article-marketing.eu\/comunicatistampa\/wp-json\/wp\/v2\/media?parent=1583"}],"wp:term":[{"taxonomy":"category","embeddable":true,"href":"https:\/\/www.article-marketing.eu\/comunicatistampa\/wp-json\/wp\/v2\/categories?post=1583"},{"taxonomy":"post_tag","embeddable":true,"href":"https:\/\/www.article-marketing.eu\/comunicatistampa\/wp-json\/wp\/v2\/tags?post=1583"}],"curies":[{"name":"wp","href":"https:\/\/api.w.org\/{rel}","templated":true}]}}