{"id":15844,"date":"2020-09-03T13:48:46","date_gmt":"2020-09-03T11:48:46","guid":{"rendered":"https:\/\/www.article-marketing.eu\/comunicatistampa\/?p=15844"},"modified":"2020-09-03T13:48:46","modified_gmt":"2020-09-03T11:48:46","slug":"medici-competenti-lavoro-e-sicurezza-ai-tempi-del-coronavirus","status":"publish","type":"post","link":"https:\/\/www.article-marketing.eu\/comunicatistampa\/medici-competenti-lavoro-e-sicurezza-ai-tempi-del-coronavirus\/","title":{"rendered":"Medici competenti: lavoro e sicurezza ai tempi del coronavirus"},"content":{"rendered":"<h2>Comunicato Stampa<\/h2>\n<h2><strong>Medici competenti: lavoro e sicurezza ai tempi del coronavirus<\/strong><\/h2>\n<p><strong><em>Si completa la ricerca condotta dall\u2019associazione AiFOS su \u201cLavoro, Sicurezza e Formazione ai tempi del Coronavirus\u201d. Un terzo e nuovo questionario raccoglier\u00e0 le risposte, le indicazioni e le problematiche dei medici competenti durante l\u2019emergenza COVID-19.<\/em><\/strong><\/p>\n<p>&nbsp;<\/p>\n<p>Il <strong>medico competente<\/strong><strong>,<\/strong> con riferimento a quanto normato dal Decreto legislativo 81\/2008, \u00e8 uno dei principali protagonisti delle strategie di prevenzione e tutela della salute e sicurezza dei lavoratori. Non solo ha il compito di effettuare la sorveglianza sanitaria e formulare il giudizio di idoneit\u00e0 dei lavoratori, ma collabora alla valutazione dei rischi, elemento portante della gestione della sicurezza in ogni luogo di lavoro.<\/p>\n<p>Negli ultimi mesi il nostro paese \u00e8 stato sconvolto dall&#8217;<strong>emergenza sanitaria COVID-19<\/strong>, una emergenza che ha colpito duramente anche il mondo del lavoro cambiando le strategie di prevenzione attraverso una serie di provvedimenti che hanno indotto persone e organizzazioni a cambiare, spesso radicalmente, abitudini e comportamenti.<\/p>\n<p>Se il ruolo del <strong>medico competente<\/strong> risulta di primo piano nella tutela della salute e sicurezza sul lavoro nell&#8217;ordinariet\u00e0 dello svolgimento delle attivit\u00e0 lavorative, esso \u2013 come ricorda la <strong>Circolare del Ministero della Salute n. 14915 del 29 aprile 2020<\/strong> \u2013 \u201c<em>si amplifica nell\u2019attuale momento di emergenza pandemica, periodo durante il quale egli va a confermare il proprio ruolo di \u2018consulente globale\u2019 del datore di lavoro<\/em>\u201d.<\/p>\n<p>&nbsp;<\/p>\n<p><strong>Qual \u00e8 la situazione attuale dei medici competenti in relazione all\u2019emergenza COVID-19? Quali sono le attivit\u00e0 svolte nelle aziende? Quali gli aspetti problematici da correggere o migliorare?<\/strong><\/p>\n<p><strong>\u00a0<\/strong><\/p>\n<p><strong>Lo sviluppo della ricerca su lavoro e sicurezza nell\u2019emergenza COVID-19<\/strong><\/p>\n<p>Per poter rispondere a queste domande e fornire nuovi dati sulla situazione nelle aziende in materia di emergenza COVID-19, l\u2019<strong>Associazione Italiana Formatori ed Operatori della Sicurezza sul Lavoro<\/strong> (AiFOS) ha arricchito la ricerca \u201c<strong>Lavoro, Sicurezza e Formazione ai tempi del Coronavirus \u2013 Rapporto AiFOS 2020<\/strong>\u201d \u2013 nata su impulso del Comitato Scientifico presieduto dall\u2019Ing. Marco Masi \u2013 attraverso un <strong>nuovo questionario<\/strong> dedicato alle attivit\u00e0 del <strong>medico competente<\/strong>.<\/p>\n<p>Ricordiamo che sono stati gi\u00e0 pubblicati e diffusi due diversi <strong>questionari \u2013 <\/strong>il primo per <strong>RSPP, consulenti, formatori e HSE manager<\/strong> e il secondo per <strong>coordinatori di cantiere<\/strong> &#8211; che comprendono domande e raccolte di dati, in forma anonima, su vari temi in materia di sicurezza durante l\u2019emergenza COVID-19. Pi\u00f9 di 500 professionisti hanno partecipato alla ricerca e inviato le risposte.<\/p>\n<p>&nbsp;<\/p>\n<p><strong>Il contenuto del questionario rivolto ai medici competenti<\/strong><\/p>\n<p>L\u2019Associazione <strong>AiFOS<\/strong>, in collaborazione con <strong>Co.Si.P.S.<\/strong> (Coordinamento Sindacale Professionisti della Sanit\u00e0) ha, dunque, deciso di implementare la ricerca sull\u2019emergenza <strong>COVID-19<\/strong> con un&#8217;indagine in 55 punti che viene proposta a tutti i <strong>medici competenti<\/strong>.<\/p>\n<p>&nbsp;<\/p>\n<p>Riprendiamo dal questionario alcune delle tante <strong>domande<\/strong> rivolte ai medici:<\/p>\n<ul>\n<li>Durante l\u2019emergenza \u00e8 stata interrotta l\u2019attivit\u00e0 di sorveglianza sanitaria? Sono proseguite le attivit\u00e0 per le prestazioni indifferibili?<\/li>\n<li>Sono state effettuate visite in &#8220;telemedicina&#8221;?<\/li>\n<li>Sono coinvolti nella segnalazione dei contatti per Covid-19?<\/li>\n<li>Sono stati sottoposti a tampone o test sierologico?<\/li>\n<li>Quali sono stati i rapporti intercorsi con ASL\/ATS?<\/li>\n<li>\u00c8 stata attivata la sorveglianza sanitaria eccezionale prevista dalla normativa pi\u00f9 recente? Quali sono le attivit\u00e0 relative alla tutela dei lavoratori potenzialmente \u201cfragili\u201d?<\/li>\n<li>Il medico competente \u00e8 stato sempre consultato in merito all&#8217;applicazione del protocollo condiviso per le aziende? Ed \u00e8 stato inserito nei \u201cComitati Covid\u201d previsti dal protocollo?<\/li>\n<\/ul>\n<p>&nbsp;<\/p>\n<p>In definitiva, si chiede agli operatori, la fase emergenziale COVID-19 ha portato, complessivamente, a una <strong>rivalutazione del ruolo<\/strong> e delle prerogative del medico competente?<\/p>\n<p><strong>\u00a0<\/strong><\/p>\n<p><strong>Il nuovo questionario e il Rapporto AiFOS 2020<\/strong><\/p>\n<p>Il <strong>Rapporto AiFOS 2020<\/strong> sar\u00e0 dedicato al <strong>lavoro, sicurezza e formazione ai tempi del coronavirus<\/strong> e raccoglier\u00e0 i risultati della ricerca che saranno poi adeguatamente presentati, commentati e analizzati in specifici incontri.<\/p>\n<p>&nbsp;<\/p>\n<p>Questo \u00e8 l\u2019indirizzo del nuovo questionario dedicato ai medici competenti:<\/p>\n<p><a href=\"http:\/\/bit.ly\/Indagine-Covid19-Medici-Competenti\">http:\/\/bit.ly\/Indagine-Covid19-Medici-Competenti<\/a><\/p>\n<p>&nbsp;<\/p>\n<p>Segnaliamo che tutti i dati raccolti nei questionari verranno elaborati e analizzati esclusivamente in forma anonima e aggregata &#8211; nel pieno rispetto della normativa sulla privacy &#8211; e non saranno riconducibili a singoli operatori o singole aziende.<\/p>\n<p>&nbsp;<\/p>\n<p>Per comprendere quale sia l\u2019impatto dell\u2019emergenza COVID-19 sulla sicurezza e sul ruolo dei medici competenti, invitiamo tutti i <strong>medici competenti<\/strong> a supportare la ricerca compilando i questionari e diffondendo il link anche ad altri colleghi per ampliare il campione rappresentativo.<\/p>\n<p>&nbsp;<\/p>\n<p>Chi volesse avere <strong>informazioni<\/strong> su come visionare, ricevere, utilizzare i questionari pu\u00f2 fare riferimento a AiFOS via Branze, 45 &#8211; 25123 Brescia c\/o CSMT, Universit\u00e0 degli Studi di Brescia tel.030.6595031 &#8211; fax 030.6595040 www.aifos.it &#8211; <a href=\"mailto:relazioniesterne@aifos.it\">relazioniesterne@aifos.it<\/a>.<\/p>\n<p><em>\u00a0<\/em><\/p>\n<p><em>\u00a0<\/em><\/p>\n<p><em>3 settembre 2020<\/em><\/p>\n<p>&nbsp;<\/p>\n<p>&nbsp;<\/p>\n<p>Ufficio Stampa di AiFOS<\/p>\n<p><a href=\"mailto:ufficiostampa@aifos.it\">ufficiostampa@aifos.it<\/a><\/p>\n<p>http:\/\/www.aifos.it\/<\/p>\n","protected":false},"excerpt":{"rendered":"<p>Comunicato Stampa Medici competenti: lavoro e sicurezza ai tempi del coronavirus Si completa la ricerca condotta dall\u2019associazione AiFOS su \u201cLavoro, Sicurezza e Formazione ai tempi del Coronavirus\u201d. Un terzo e nuovo questionario raccoglier\u00e0 le risposte, le indicazioni e le problematiche dei medici competenti durante l\u2019emergenza COVID-19. &nbsp; Il medico competente, con riferimento a quanto normato dal Decreto legislativo 81\/2008, \u00e8 uno dei principali protagonisti delle strategie di prevenzione e tutela<\/p>\n<p><a class=\"continue-reading\" href=\"https:\/\/www.article-marketing.eu\/comunicatistampa\/medici-competenti-lavoro-e-sicurezza-ai-tempi-del-coronavirus\/\">Continue reading&#8230;<\/a><\/p>\n","protected":false},"author":881,"featured_media":0,"comment_status":"open","ping_status":"open","sticky":false,"template":"","format":"standard","meta":{"_monsterinsights_skip_tracking":false,"_monsterinsights_sitenote_active":false,"_monsterinsights_sitenote_note":"","_monsterinsights_sitenote_category":0,"footnotes":""},"categories":[78,380,369,395],"tags":[3301,6572,3235,6573,6207,6571,721,6569,6211,6108,6209,6210,6024,6204,6568,6570,6574,6575,6576],"class_list":["post-15844","post","type-post","status-publish","format-standard","hentry","category-comunicati-stampa","category-internet","category-salute-e-benessere","category-web","tag-aifos","tag-applicazione-del-protocollo-condiviso-per-le-aziende","tag-brescia","tag-comitati-covid","tag-emergenza-sanitaria-covid-19","tag-lavoratori-fragili","tag-lavoro","tag-medici-competenti","tag-monitoraggio","tag-pandemia","tag-questionario","tag-rapporto-aifos-2020","tag-sars-cov-2","tag-sicurezza-e-formazione-ai-tempi-del-coronavirus","tag-sicurezza-e-formazione-ai-tempi-del-coronavirus-rapporto-aifos-2020","tag-sorveglianza-sanitaria","tag-sorveglianza-sanitaria-eccezionale","tag-tampone-o-test-sierologico","tag-telemedicina"],"yoast_head":"<!-- This site is optimized with the Yoast SEO plugin v27.3 - https:\/\/yoast.com\/product\/yoast-seo-wordpress\/ -->\n<title>Medici competenti: lavoro e sicurezza ai tempi del coronavirus - Article Marketing<\/title>\n<meta name=\"robots\" content=\"index, follow, max-snippet:-1, max-image-preview:large, max-video-preview:-1\" \/>\n<link rel=\"canonical\" href=\"https:\/\/www.article-marketing.eu\/comunicatistampa\/medici-competenti-lavoro-e-sicurezza-ai-tempi-del-coronavirus\/\" \/>\n<meta property=\"og:locale\" content=\"it_IT\" \/>\n<meta property=\"og:type\" content=\"article\" \/>\n<meta property=\"og:title\" content=\"Medici competenti: lavoro e sicurezza ai tempi del coronavirus - Article Marketing\" \/>\n<meta property=\"og:description\" content=\"Comunicato Stampa Medici competenti: lavoro e sicurezza ai tempi del coronavirus Si completa la ricerca condotta dall\u2019associazione AiFOS su \u201cLavoro, Sicurezza e Formazione ai tempi del Coronavirus\u201d. Un terzo e nuovo questionario raccoglier\u00e0 le risposte, le indicazioni e le problematiche dei medici competenti durante l\u2019emergenza COVID-19. &nbsp; Il medico competente, con riferimento a quanto normato dal Decreto legislativo 81\/2008, \u00e8 uno dei principali protagonisti delle strategie di prevenzione e tutelaContinue reading...\" \/>\n<meta property=\"og:url\" content=\"https:\/\/www.article-marketing.eu\/comunicatistampa\/medici-competenti-lavoro-e-sicurezza-ai-tempi-del-coronavirus\/\" \/>\n<meta property=\"og:site_name\" content=\"Article Marketing\" \/>\n<meta property=\"article:published_time\" content=\"2020-09-03T11:48:46+00:00\" \/>\n<meta name=\"author\" content=\"AIFUS\" \/>\n<meta name=\"twitter:card\" content=\"summary_large_image\" \/>\n<meta name=\"twitter:label1\" content=\"Scritto da\" \/>\n\t<meta name=\"twitter:data1\" content=\"AIFUS\" \/>\n\t<meta name=\"twitter:label2\" content=\"Tempo di lettura stimato\" \/>\n\t<meta name=\"twitter:data2\" content=\"4 minuti\" \/>\n<script type=\"application\/ld+json\" class=\"yoast-schema-graph\">{\"@context\":\"https:\\\/\\\/schema.org\",\"@graph\":[{\"@type\":\"Article\",\"@id\":\"https:\\\/\\\/www.article-marketing.eu\\\/comunicatistampa\\\/medici-competenti-lavoro-e-sicurezza-ai-tempi-del-coronavirus\\\/#article\",\"isPartOf\":{\"@id\":\"https:\\\/\\\/www.article-marketing.eu\\\/comunicatistampa\\\/medici-competenti-lavoro-e-sicurezza-ai-tempi-del-coronavirus\\\/\"},\"author\":{\"name\":\"AIFUS\",\"@id\":\"https:\\\/\\\/www.article-marketing.eu\\\/comunicatistampa\\\/#\\\/schema\\\/person\\\/d1985c4955ff71a05f49d68e3034b3cd\"},\"headline\":\"Medici competenti: lavoro e sicurezza ai tempi del coronavirus\",\"datePublished\":\"2020-09-03T11:48:46+00:00\",\"mainEntityOfPage\":{\"@id\":\"https:\\\/\\\/www.article-marketing.eu\\\/comunicatistampa\\\/medici-competenti-lavoro-e-sicurezza-ai-tempi-del-coronavirus\\\/\"},\"wordCount\":756,\"commentCount\":0,\"keywords\":[\"Aifos\",\"applicazione del protocollo condiviso per le aziende\",\"Brescia\",\"Comitati Covid\",\"emergenza sanitaria COVID-19\",\"lavoratori fragili\",\"lavoro\",\"Medici competenti\",\"monitoraggio\",\"pandemia\",\"questionario\",\"Rapporto AiFOS 2020\",\"SARS-CoV-2\",\"sicurezza e formazione ai tempi del coronavirus\",\"Sicurezza e Formazione ai tempi del Coronavirus \u2013 Rapporto AiFOS 2020\",\"sorveglianza sanitaria\",\"sorveglianza sanitaria eccezionale\",\"tampone o test sierologico\",\"telemedicina\"],\"articleSection\":[\"Comunicati stampa\",\"Internet\",\"Salute e benessere\",\"Web\"],\"inLanguage\":\"it-IT\",\"potentialAction\":[{\"@type\":\"CommentAction\",\"name\":\"Comment\",\"target\":[\"https:\\\/\\\/www.article-marketing.eu\\\/comunicatistampa\\\/medici-competenti-lavoro-e-sicurezza-ai-tempi-del-coronavirus\\\/#respond\"]}]},{\"@type\":\"WebPage\",\"@id\":\"https:\\\/\\\/www.article-marketing.eu\\\/comunicatistampa\\\/medici-competenti-lavoro-e-sicurezza-ai-tempi-del-coronavirus\\\/\",\"url\":\"https:\\\/\\\/www.article-marketing.eu\\\/comunicatistampa\\\/medici-competenti-lavoro-e-sicurezza-ai-tempi-del-coronavirus\\\/\",\"name\":\"Medici competenti: lavoro e sicurezza ai tempi del coronavirus - Article Marketing\",\"isPartOf\":{\"@id\":\"https:\\\/\\\/www.article-marketing.eu\\\/comunicatistampa\\\/#website\"},\"datePublished\":\"2020-09-03T11:48:46+00:00\",\"author\":{\"@id\":\"https:\\\/\\\/www.article-marketing.eu\\\/comunicatistampa\\\/#\\\/schema\\\/person\\\/d1985c4955ff71a05f49d68e3034b3cd\"},\"breadcrumb\":{\"@id\":\"https:\\\/\\\/www.article-marketing.eu\\\/comunicatistampa\\\/medici-competenti-lavoro-e-sicurezza-ai-tempi-del-coronavirus\\\/#breadcrumb\"},\"inLanguage\":\"it-IT\",\"potentialAction\":[{\"@type\":\"ReadAction\",\"target\":[\"https:\\\/\\\/www.article-marketing.eu\\\/comunicatistampa\\\/medici-competenti-lavoro-e-sicurezza-ai-tempi-del-coronavirus\\\/\"]}]},{\"@type\":\"BreadcrumbList\",\"@id\":\"https:\\\/\\\/www.article-marketing.eu\\\/comunicatistampa\\\/medici-competenti-lavoro-e-sicurezza-ai-tempi-del-coronavirus\\\/#breadcrumb\",\"itemListElement\":[{\"@type\":\"ListItem\",\"position\":1,\"name\":\"Home\",\"item\":\"https:\\\/\\\/www.article-marketing.eu\\\/comunicatistampa\\\/\"},{\"@type\":\"ListItem\",\"position\":2,\"name\":\"Medici competenti: lavoro e sicurezza ai tempi del coronavirus\"}]},{\"@type\":\"WebSite\",\"@id\":\"https:\\\/\\\/www.article-marketing.eu\\\/comunicatistampa\\\/#website\",\"url\":\"https:\\\/\\\/www.article-marketing.eu\\\/comunicatistampa\\\/\",\"name\":\"Article Marketing\",\"description\":\"article marketing &amp; press release\",\"potentialAction\":[{\"@type\":\"SearchAction\",\"target\":{\"@type\":\"EntryPoint\",\"urlTemplate\":\"https:\\\/\\\/www.article-marketing.eu\\\/comunicatistampa\\\/?s={search_term_string}\"},\"query-input\":{\"@type\":\"PropertyValueSpecification\",\"valueRequired\":true,\"valueName\":\"search_term_string\"}}],\"inLanguage\":\"it-IT\"},{\"@type\":\"Person\",\"@id\":\"https:\\\/\\\/www.article-marketing.eu\\\/comunicatistampa\\\/#\\\/schema\\\/person\\\/d1985c4955ff71a05f49d68e3034b3cd\",\"name\":\"AIFUS\",\"image\":{\"@type\":\"ImageObject\",\"inLanguage\":\"it-IT\",\"@id\":\"https:\\\/\\\/secure.gravatar.com\\\/avatar\\\/05cf2a2ba057667571308b94c84f00ff48766ffac95710a87491a9b3ddcee484?s=96&d=mm&r=g\",\"url\":\"https:\\\/\\\/secure.gravatar.com\\\/avatar\\\/05cf2a2ba057667571308b94c84f00ff48766ffac95710a87491a9b3ddcee484?s=96&d=mm&r=g\",\"contentUrl\":\"https:\\\/\\\/secure.gravatar.com\\\/avatar\\\/05cf2a2ba057667571308b94c84f00ff48766ffac95710a87491a9b3ddcee484?s=96&d=mm&r=g\",\"caption\":\"AIFUS\"},\"url\":\"https:\\\/\\\/www.article-marketing.eu\\\/comunicatistampa\\\/author\\\/aifus\\\/\"}]}<\/script>\n<!-- \/ Yoast SEO plugin. -->","yoast_head_json":{"title":"Medici competenti: lavoro e sicurezza ai tempi del coronavirus - Article Marketing","robots":{"index":"index","follow":"follow","max-snippet":"max-snippet:-1","max-image-preview":"max-image-preview:large","max-video-preview":"max-video-preview:-1"},"canonical":"https:\/\/www.article-marketing.eu\/comunicatistampa\/medici-competenti-lavoro-e-sicurezza-ai-tempi-del-coronavirus\/","og_locale":"it_IT","og_type":"article","og_title":"Medici competenti: lavoro e sicurezza ai tempi del coronavirus - Article Marketing","og_description":"Comunicato Stampa Medici competenti: lavoro e sicurezza ai tempi del coronavirus Si completa la ricerca condotta dall\u2019associazione AiFOS su \u201cLavoro, Sicurezza e Formazione ai tempi del Coronavirus\u201d. Un terzo e nuovo questionario raccoglier\u00e0 le risposte, le indicazioni e le problematiche dei medici competenti durante l\u2019emergenza COVID-19. &nbsp; Il medico competente, con riferimento a quanto normato dal Decreto legislativo 81\/2008, \u00e8 uno dei principali protagonisti delle strategie di prevenzione e tutelaContinue reading...","og_url":"https:\/\/www.article-marketing.eu\/comunicatistampa\/medici-competenti-lavoro-e-sicurezza-ai-tempi-del-coronavirus\/","og_site_name":"Article Marketing","article_published_time":"2020-09-03T11:48:46+00:00","author":"AIFUS","twitter_card":"summary_large_image","twitter_misc":{"Scritto da":"AIFUS","Tempo di lettura stimato":"4 minuti"},"schema":{"@context":"https:\/\/schema.org","@graph":[{"@type":"Article","@id":"https:\/\/www.article-marketing.eu\/comunicatistampa\/medici-competenti-lavoro-e-sicurezza-ai-tempi-del-coronavirus\/#article","isPartOf":{"@id":"https:\/\/www.article-marketing.eu\/comunicatistampa\/medici-competenti-lavoro-e-sicurezza-ai-tempi-del-coronavirus\/"},"author":{"name":"AIFUS","@id":"https:\/\/www.article-marketing.eu\/comunicatistampa\/#\/schema\/person\/d1985c4955ff71a05f49d68e3034b3cd"},"headline":"Medici competenti: lavoro e sicurezza ai tempi del coronavirus","datePublished":"2020-09-03T11:48:46+00:00","mainEntityOfPage":{"@id":"https:\/\/www.article-marketing.eu\/comunicatistampa\/medici-competenti-lavoro-e-sicurezza-ai-tempi-del-coronavirus\/"},"wordCount":756,"commentCount":0,"keywords":["Aifos","applicazione del protocollo condiviso per le aziende","Brescia","Comitati Covid","emergenza sanitaria COVID-19","lavoratori fragili","lavoro","Medici competenti","monitoraggio","pandemia","questionario","Rapporto AiFOS 2020","SARS-CoV-2","sicurezza e formazione ai tempi del coronavirus","Sicurezza e Formazione ai tempi del Coronavirus \u2013 Rapporto AiFOS 2020","sorveglianza sanitaria","sorveglianza sanitaria eccezionale","tampone o test sierologico","telemedicina"],"articleSection":["Comunicati stampa","Internet","Salute e benessere","Web"],"inLanguage":"it-IT","potentialAction":[{"@type":"CommentAction","name":"Comment","target":["https:\/\/www.article-marketing.eu\/comunicatistampa\/medici-competenti-lavoro-e-sicurezza-ai-tempi-del-coronavirus\/#respond"]}]},{"@type":"WebPage","@id":"https:\/\/www.article-marketing.eu\/comunicatistampa\/medici-competenti-lavoro-e-sicurezza-ai-tempi-del-coronavirus\/","url":"https:\/\/www.article-marketing.eu\/comunicatistampa\/medici-competenti-lavoro-e-sicurezza-ai-tempi-del-coronavirus\/","name":"Medici competenti: lavoro e sicurezza ai tempi del coronavirus - Article Marketing","isPartOf":{"@id":"https:\/\/www.article-marketing.eu\/comunicatistampa\/#website"},"datePublished":"2020-09-03T11:48:46+00:00","author":{"@id":"https:\/\/www.article-marketing.eu\/comunicatistampa\/#\/schema\/person\/d1985c4955ff71a05f49d68e3034b3cd"},"breadcrumb":{"@id":"https:\/\/www.article-marketing.eu\/comunicatistampa\/medici-competenti-lavoro-e-sicurezza-ai-tempi-del-coronavirus\/#breadcrumb"},"inLanguage":"it-IT","potentialAction":[{"@type":"ReadAction","target":["https:\/\/www.article-marketing.eu\/comunicatistampa\/medici-competenti-lavoro-e-sicurezza-ai-tempi-del-coronavirus\/"]}]},{"@type":"BreadcrumbList","@id":"https:\/\/www.article-marketing.eu\/comunicatistampa\/medici-competenti-lavoro-e-sicurezza-ai-tempi-del-coronavirus\/#breadcrumb","itemListElement":[{"@type":"ListItem","position":1,"name":"Home","item":"https:\/\/www.article-marketing.eu\/comunicatistampa\/"},{"@type":"ListItem","position":2,"name":"Medici competenti: lavoro e sicurezza ai tempi del coronavirus"}]},{"@type":"WebSite","@id":"https:\/\/www.article-marketing.eu\/comunicatistampa\/#website","url":"https:\/\/www.article-marketing.eu\/comunicatistampa\/","name":"Article Marketing","description":"article marketing &amp; press release","potentialAction":[{"@type":"SearchAction","target":{"@type":"EntryPoint","urlTemplate":"https:\/\/www.article-marketing.eu\/comunicatistampa\/?s={search_term_string}"},"query-input":{"@type":"PropertyValueSpecification","valueRequired":true,"valueName":"search_term_string"}}],"inLanguage":"it-IT"},{"@type":"Person","@id":"https:\/\/www.article-marketing.eu\/comunicatistampa\/#\/schema\/person\/d1985c4955ff71a05f49d68e3034b3cd","name":"AIFUS","image":{"@type":"ImageObject","inLanguage":"it-IT","@id":"https:\/\/secure.gravatar.com\/avatar\/05cf2a2ba057667571308b94c84f00ff48766ffac95710a87491a9b3ddcee484?s=96&d=mm&r=g","url":"https:\/\/secure.gravatar.com\/avatar\/05cf2a2ba057667571308b94c84f00ff48766ffac95710a87491a9b3ddcee484?s=96&d=mm&r=g","contentUrl":"https:\/\/secure.gravatar.com\/avatar\/05cf2a2ba057667571308b94c84f00ff48766ffac95710a87491a9b3ddcee484?s=96&d=mm&r=g","caption":"AIFUS"},"url":"https:\/\/www.article-marketing.eu\/comunicatistampa\/author\/aifus\/"}]}},"_links":{"self":[{"href":"https:\/\/www.article-marketing.eu\/comunicatistampa\/wp-json\/wp\/v2\/posts\/15844","targetHints":{"allow":["GET"]}}],"collection":[{"href":"https:\/\/www.article-marketing.eu\/comunicatistampa\/wp-json\/wp\/v2\/posts"}],"about":[{"href":"https:\/\/www.article-marketing.eu\/comunicatistampa\/wp-json\/wp\/v2\/types\/post"}],"author":[{"embeddable":true,"href":"https:\/\/www.article-marketing.eu\/comunicatistampa\/wp-json\/wp\/v2\/users\/881"}],"replies":[{"embeddable":true,"href":"https:\/\/www.article-marketing.eu\/comunicatistampa\/wp-json\/wp\/v2\/comments?post=15844"}],"version-history":[{"count":2,"href":"https:\/\/www.article-marketing.eu\/comunicatistampa\/wp-json\/wp\/v2\/posts\/15844\/revisions"}],"predecessor-version":[{"id":15856,"href":"https:\/\/www.article-marketing.eu\/comunicatistampa\/wp-json\/wp\/v2\/posts\/15844\/revisions\/15856"}],"wp:attachment":[{"href":"https:\/\/www.article-marketing.eu\/comunicatistampa\/wp-json\/wp\/v2\/media?parent=15844"}],"wp:term":[{"taxonomy":"category","embeddable":true,"href":"https:\/\/www.article-marketing.eu\/comunicatistampa\/wp-json\/wp\/v2\/categories?post=15844"},{"taxonomy":"post_tag","embeddable":true,"href":"https:\/\/www.article-marketing.eu\/comunicatistampa\/wp-json\/wp\/v2\/tags?post=15844"}],"curies":[{"name":"wp","href":"https:\/\/api.w.org\/{rel}","templated":true}]}}