{"id":15858,"date":"2020-09-03T18:33:05","date_gmt":"2020-09-03T16:33:05","guid":{"rendered":"https:\/\/www.article-marketing.eu\/comunicatistampa\/?p=15858"},"modified":"2020-09-03T18:33:05","modified_gmt":"2020-09-03T16:33:05","slug":"luniversita-di-bergamo-riparte-dal-lazzaretto-con-i-test-di-medicina","status":"publish","type":"post","link":"https:\/\/www.article-marketing.eu\/comunicatistampa\/luniversita-di-bergamo-riparte-dal-lazzaretto-con-i-test-di-medicina\/","title":{"rendered":"L&#8217;Universit\u00e0 di Bergamo riparte dal Lazzaretto con i test di Medicina"},"content":{"rendered":"<p style=\"font-weight: 400\"><strong>Al Lazzaretto di Bergamo spazi estesi e 800 banchi appositamente distanziati ospitano da oggi, 3 settembre, i test d\u2019ingresso di Medicina, dal 16 i test di Scienze della Formazione Primaria e dal 22 i test per gli insegnanti di sostegno. Attesa per il 30 settembre la cerimonia di consegna dei diplomi ai laureati nelle sessioni di marzo\/aprile e luglio 2020, in presenza del Ministro dell\u2019Universit\u00e0 e della Ricerca Gaetano Manfredi che ha detto: \u201cBergamo simbolo della crisi che abbiamo vissuto. Vogliamo dare il via alla ripartenza in una citt\u00e0 simbolo della lotta al Covid\u201d.<\/strong><\/p>\n<p style=\"font-weight: 400\">Con\u00a0<strong>744 candidati alla Facolt\u00e0 di Medicina<\/strong>, distanziati e in sicurezza al\u00a0<strong>Lazzaretto<\/strong>, luogo simbolico\u00a0che rappresenta una delle pagine pi\u00f9 difficili della storia, quando nel 1630 si diffuse la terribile epidemia che caus\u00f2 solo nel territorio orobico pi\u00f9 di 55 mila morti,\u00a0si apre oggi, gioved\u00ec 3 settembre, la cittadella dell\u2019Universit\u00e0 di Bergamo con un settembre ricco di appuntamenti accademici.<\/p>\n<p style=\"font-weight: 400\">L\u2019idea di adibire il quadrilatero storico di Piazzale Goisis a sede universitaria provvisoria \u00e8 venuta al Rettore\u00a0<strong>Remo Morzenti Pellegrini<\/strong>\u00a0che spiega:\u00a0<em>\u201cIl problema pi\u00f9 urgente da risolvere era appunto dove collocare gli iscritti al test di Medicina del 3 settembre, garantendo il distanziamento ma anche l&#8217;accessibilit\u00e0. Avendo gi\u00e0 in calendario una serie di iniziative per la ripresa dell&#8217;anno accademico, abbiamo deciso di partire da questa esigenza per ripensare gli altri appuntamenti in programma. L&#8217;Univer\u00adsita\u0300 e\u0300 chiamata oggi a ricordare l&#8217;importanza di tornare ad educare e a ricordare che la cono\u00adscenza e\u0300 lentezza, riflessione e pazienza. In questi mesi abbia\u00admo costruito un nuovo rapporto con gli studenti, dialogando con loro e ascoltando le loro espe\u00adrienze. I giovani hanno bisogno di essere accompagnati e la di\u00addattica a distanza da sola non ba\u00adsta, non solo per le Universit\u00e0\u201d.<\/em><\/p>\n<p style=\"font-weight: 400\"><strong>I test di Medicina del 3 settembre<\/strong>\u00a0fanno da apripista a una serie di appuntamenti e iniziative, tra cui i\u00a0<strong>test d\u2019ingresso di Scienze della Formazione Primaria<\/strong>\u00a0(16 settembre) e i\u00a0<strong>test preliminari<\/strong>\u00a0per l&#8217;accesso ai percorsi di formazione\u00a0<strong>per gli<\/strong>\u00a0<strong>insegnanti di sostegno di 1\u00b0 grado<\/strong>\u00a0(22, 24, 29 settembre e 1\u00b0 ottobre).<\/p>\n<p style=\"font-weight: 400\">Inoltre, per il\u00a0<strong>30 settembre<\/strong>\u00a0\u00e8 in programma la\u00a0<strong>cerimonia di consegna pubblica dei diplomi delle lauree<\/strong>\u00a0conseguite a distanza nel periodo tra marzo e luglio da circa 500 studenti, che avverr\u00e0\u00a0<strong>con la partecipazione del<\/strong>\u00a0<strong>Ministro dell\u2019Universit\u00e0 e della Ricerca Gaetano Manfredi<\/strong>\u00a0che nell\u2019occasione inaugurer\u00e0 l&#8217;anno accademico.<\/p>\n<p style=\"font-weight: 400\">Tra il 4 e il 16 settembre il Lazzaretto ospiter\u00e0 anche uno sportello informativo per i neo-iscritti e una postazione del Cus; mentre dal 22 al 29 saranno accolte le matricole dei corsi di laurea triennali, dipartimento per dipartimento. Due proposte indirizzate a chi ha da poco terminato il percorso di studi e a chi \u00e8 in procinto di iniziarlo.<\/p>\n<p style=\"font-weight: 400\">La volont\u00e0 di adottare temporaneamente il Lazzaretto come spazio universitario, resa possibile grazie alla collaborazione del Comune di Bergamo, manifesta l\u2019impegno di riprendere con sempre pi\u00f9 attivit\u00e0 e lezioni in presenza fisica, dove possibile, nel rispetto delle distanze imposte dalle norme anti Covid. Perch\u00e9 Bergamo non si arrende, anche quando si parla di istruzione.<\/p>\n","protected":false},"excerpt":{"rendered":"<p>Al Lazzaretto di Bergamo spazi estesi e 800 banchi appositamente distanziati ospitano da oggi, 3 settembre, i test d\u2019ingresso di Medicina, dal 16 i test di Scienze della Formazione Primaria e dal 22 i test per gli insegnanti di sostegno. Attesa per il 30 settembre la cerimonia di consegna dei diplomi ai laureati nelle sessioni di marzo\/aprile e luglio 2020, in presenza del Ministro dell\u2019Universit\u00e0 e della Ricerca Gaetano Manfredi<\/p>\n<p><a class=\"continue-reading\" href=\"https:\/\/www.article-marketing.eu\/comunicatistampa\/luniversita-di-bergamo-riparte-dal-lazzaretto-con-i-test-di-medicina\/\">Continue reading&#8230;<\/a><\/p>\n","protected":false},"author":1855,"featured_media":0,"comment_status":"open","ping_status":"open","sticky":false,"template":"","format":"standard","meta":{"_monsterinsights_skip_tracking":false,"_monsterinsights_sitenote_active":false,"_monsterinsights_sitenote_note":"","_monsterinsights_sitenote_category":0,"footnotes":""},"categories":[378],"tags":[6578,6579,4603,989],"class_list":["post-15858","post","type-post","status-publish","format-standard","hentry","category-istruzione","tag-lazzaretto","tag-testdingresso","tag-unibg","tag-universita"],"yoast_head":"<!-- This site is optimized with the Yoast SEO plugin v27.3 - https:\/\/yoast.com\/product\/yoast-seo-wordpress\/ -->\n<title>L&#039;Universit\u00e0 di Bergamo riparte dal Lazzaretto con i test di Medicina - Article Marketing<\/title>\n<meta name=\"robots\" content=\"index, follow, max-snippet:-1, max-image-preview:large, max-video-preview:-1\" \/>\n<link rel=\"canonical\" href=\"https:\/\/www.article-marketing.eu\/comunicatistampa\/luniversita-di-bergamo-riparte-dal-lazzaretto-con-i-test-di-medicina\/\" \/>\n<meta property=\"og:locale\" content=\"it_IT\" \/>\n<meta property=\"og:type\" content=\"article\" \/>\n<meta property=\"og:title\" content=\"L&#039;Universit\u00e0 di Bergamo riparte dal Lazzaretto con i test di Medicina - Article Marketing\" \/>\n<meta property=\"og:description\" content=\"Al Lazzaretto di Bergamo spazi estesi e 800 banchi appositamente distanziati ospitano da oggi, 3 settembre, i test d\u2019ingresso di Medicina, dal 16 i test di Scienze della Formazione Primaria e dal 22 i test per gli insegnanti di sostegno. Attesa per il 30 settembre la cerimonia di consegna dei diplomi ai laureati nelle sessioni di marzo\/aprile e luglio 2020, in presenza del Ministro dell\u2019Universit\u00e0 e della Ricerca Gaetano ManfrediContinue reading...\" \/>\n<meta property=\"og:url\" content=\"https:\/\/www.article-marketing.eu\/comunicatistampa\/luniversita-di-bergamo-riparte-dal-lazzaretto-con-i-test-di-medicina\/\" \/>\n<meta property=\"og:site_name\" content=\"Article Marketing\" \/>\n<meta property=\"article:published_time\" content=\"2020-09-03T16:33:05+00:00\" \/>\n<meta name=\"author\" content=\"Redaclem\" \/>\n<meta name=\"twitter:card\" content=\"summary_large_image\" \/>\n<meta name=\"twitter:label1\" content=\"Scritto da\" \/>\n\t<meta name=\"twitter:data1\" content=\"Redaclem\" \/>\n\t<meta name=\"twitter:label2\" content=\"Tempo di lettura stimato\" \/>\n\t<meta name=\"twitter:data2\" content=\"2 minuti\" \/>\n<script type=\"application\/ld+json\" class=\"yoast-schema-graph\">{\"@context\":\"https:\\\/\\\/schema.org\",\"@graph\":[{\"@type\":\"Article\",\"@id\":\"https:\\\/\\\/www.article-marketing.eu\\\/comunicatistampa\\\/luniversita-di-bergamo-riparte-dal-lazzaretto-con-i-test-di-medicina\\\/#article\",\"isPartOf\":{\"@id\":\"https:\\\/\\\/www.article-marketing.eu\\\/comunicatistampa\\\/luniversita-di-bergamo-riparte-dal-lazzaretto-con-i-test-di-medicina\\\/\"},\"author\":{\"name\":\"Redaclem\",\"@id\":\"https:\\\/\\\/www.article-marketing.eu\\\/comunicatistampa\\\/#\\\/schema\\\/person\\\/c0aa725eee5df8460e0adf901fde0c88\"},\"headline\":\"L&#8217;Universit\u00e0 di Bergamo riparte dal Lazzaretto con i test di Medicina\",\"datePublished\":\"2020-09-03T16:33:05+00:00\",\"mainEntityOfPage\":{\"@id\":\"https:\\\/\\\/www.article-marketing.eu\\\/comunicatistampa\\\/luniversita-di-bergamo-riparte-dal-lazzaretto-con-i-test-di-medicina\\\/\"},\"wordCount\":506,\"commentCount\":0,\"keywords\":[\"#lazzaretto\",\"#testdingresso\",\"#unibg\",\"universit\u00e0\"],\"articleSection\":[\"Istruzione\"],\"inLanguage\":\"it-IT\",\"potentialAction\":[{\"@type\":\"CommentAction\",\"name\":\"Comment\",\"target\":[\"https:\\\/\\\/www.article-marketing.eu\\\/comunicatistampa\\\/luniversita-di-bergamo-riparte-dal-lazzaretto-con-i-test-di-medicina\\\/#respond\"]}]},{\"@type\":\"WebPage\",\"@id\":\"https:\\\/\\\/www.article-marketing.eu\\\/comunicatistampa\\\/luniversita-di-bergamo-riparte-dal-lazzaretto-con-i-test-di-medicina\\\/\",\"url\":\"https:\\\/\\\/www.article-marketing.eu\\\/comunicatistampa\\\/luniversita-di-bergamo-riparte-dal-lazzaretto-con-i-test-di-medicina\\\/\",\"name\":\"L'Universit\u00e0 di Bergamo riparte dal Lazzaretto con i test di Medicina - Article Marketing\",\"isPartOf\":{\"@id\":\"https:\\\/\\\/www.article-marketing.eu\\\/comunicatistampa\\\/#website\"},\"datePublished\":\"2020-09-03T16:33:05+00:00\",\"author\":{\"@id\":\"https:\\\/\\\/www.article-marketing.eu\\\/comunicatistampa\\\/#\\\/schema\\\/person\\\/c0aa725eee5df8460e0adf901fde0c88\"},\"breadcrumb\":{\"@id\":\"https:\\\/\\\/www.article-marketing.eu\\\/comunicatistampa\\\/luniversita-di-bergamo-riparte-dal-lazzaretto-con-i-test-di-medicina\\\/#breadcrumb\"},\"inLanguage\":\"it-IT\",\"potentialAction\":[{\"@type\":\"ReadAction\",\"target\":[\"https:\\\/\\\/www.article-marketing.eu\\\/comunicatistampa\\\/luniversita-di-bergamo-riparte-dal-lazzaretto-con-i-test-di-medicina\\\/\"]}]},{\"@type\":\"BreadcrumbList\",\"@id\":\"https:\\\/\\\/www.article-marketing.eu\\\/comunicatistampa\\\/luniversita-di-bergamo-riparte-dal-lazzaretto-con-i-test-di-medicina\\\/#breadcrumb\",\"itemListElement\":[{\"@type\":\"ListItem\",\"position\":1,\"name\":\"Home\",\"item\":\"https:\\\/\\\/www.article-marketing.eu\\\/comunicatistampa\\\/\"},{\"@type\":\"ListItem\",\"position\":2,\"name\":\"L&#8217;Universit\u00e0 di Bergamo riparte dal Lazzaretto con i test di Medicina\"}]},{\"@type\":\"WebSite\",\"@id\":\"https:\\\/\\\/www.article-marketing.eu\\\/comunicatistampa\\\/#website\",\"url\":\"https:\\\/\\\/www.article-marketing.eu\\\/comunicatistampa\\\/\",\"name\":\"Article Marketing\",\"description\":\"article marketing &amp; press release\",\"potentialAction\":[{\"@type\":\"SearchAction\",\"target\":{\"@type\":\"EntryPoint\",\"urlTemplate\":\"https:\\\/\\\/www.article-marketing.eu\\\/comunicatistampa\\\/?s={search_term_string}\"},\"query-input\":{\"@type\":\"PropertyValueSpecification\",\"valueRequired\":true,\"valueName\":\"search_term_string\"}}],\"inLanguage\":\"it-IT\"},{\"@type\":\"Person\",\"@id\":\"https:\\\/\\\/www.article-marketing.eu\\\/comunicatistampa\\\/#\\\/schema\\\/person\\\/c0aa725eee5df8460e0adf901fde0c88\",\"name\":\"Redaclem\",\"image\":{\"@type\":\"ImageObject\",\"inLanguage\":\"it-IT\",\"@id\":\"https:\\\/\\\/secure.gravatar.com\\\/avatar\\\/4c7e41f332a0583344a91d7d39723533da9b2d0df7737c2d8c69553168c2191e?s=96&d=mm&r=g\",\"url\":\"https:\\\/\\\/secure.gravatar.com\\\/avatar\\\/4c7e41f332a0583344a91d7d39723533da9b2d0df7737c2d8c69553168c2191e?s=96&d=mm&r=g\",\"contentUrl\":\"https:\\\/\\\/secure.gravatar.com\\\/avatar\\\/4c7e41f332a0583344a91d7d39723533da9b2d0df7737c2d8c69553168c2191e?s=96&d=mm&r=g\",\"caption\":\"Redaclem\"},\"url\":\"https:\\\/\\\/www.article-marketing.eu\\\/comunicatistampa\\\/author\\\/redaclem\\\/\"}]}<\/script>\n<!-- \/ Yoast SEO plugin. -->","yoast_head_json":{"title":"L'Universit\u00e0 di Bergamo riparte dal Lazzaretto con i test di Medicina - Article Marketing","robots":{"index":"index","follow":"follow","max-snippet":"max-snippet:-1","max-image-preview":"max-image-preview:large","max-video-preview":"max-video-preview:-1"},"canonical":"https:\/\/www.article-marketing.eu\/comunicatistampa\/luniversita-di-bergamo-riparte-dal-lazzaretto-con-i-test-di-medicina\/","og_locale":"it_IT","og_type":"article","og_title":"L'Universit\u00e0 di Bergamo riparte dal Lazzaretto con i test di Medicina - Article Marketing","og_description":"Al Lazzaretto di Bergamo spazi estesi e 800 banchi appositamente distanziati ospitano da oggi, 3 settembre, i test d\u2019ingresso di Medicina, dal 16 i test di Scienze della Formazione Primaria e dal 22 i test per gli insegnanti di sostegno. Attesa per il 30 settembre la cerimonia di consegna dei diplomi ai laureati nelle sessioni di marzo\/aprile e luglio 2020, in presenza del Ministro dell\u2019Universit\u00e0 e della Ricerca Gaetano ManfrediContinue reading...","og_url":"https:\/\/www.article-marketing.eu\/comunicatistampa\/luniversita-di-bergamo-riparte-dal-lazzaretto-con-i-test-di-medicina\/","og_site_name":"Article Marketing","article_published_time":"2020-09-03T16:33:05+00:00","author":"Redaclem","twitter_card":"summary_large_image","twitter_misc":{"Scritto da":"Redaclem","Tempo di lettura stimato":"2 minuti"},"schema":{"@context":"https:\/\/schema.org","@graph":[{"@type":"Article","@id":"https:\/\/www.article-marketing.eu\/comunicatistampa\/luniversita-di-bergamo-riparte-dal-lazzaretto-con-i-test-di-medicina\/#article","isPartOf":{"@id":"https:\/\/www.article-marketing.eu\/comunicatistampa\/luniversita-di-bergamo-riparte-dal-lazzaretto-con-i-test-di-medicina\/"},"author":{"name":"Redaclem","@id":"https:\/\/www.article-marketing.eu\/comunicatistampa\/#\/schema\/person\/c0aa725eee5df8460e0adf901fde0c88"},"headline":"L&#8217;Universit\u00e0 di Bergamo riparte dal Lazzaretto con i test di Medicina","datePublished":"2020-09-03T16:33:05+00:00","mainEntityOfPage":{"@id":"https:\/\/www.article-marketing.eu\/comunicatistampa\/luniversita-di-bergamo-riparte-dal-lazzaretto-con-i-test-di-medicina\/"},"wordCount":506,"commentCount":0,"keywords":["#lazzaretto","#testdingresso","#unibg","universit\u00e0"],"articleSection":["Istruzione"],"inLanguage":"it-IT","potentialAction":[{"@type":"CommentAction","name":"Comment","target":["https:\/\/www.article-marketing.eu\/comunicatistampa\/luniversita-di-bergamo-riparte-dal-lazzaretto-con-i-test-di-medicina\/#respond"]}]},{"@type":"WebPage","@id":"https:\/\/www.article-marketing.eu\/comunicatistampa\/luniversita-di-bergamo-riparte-dal-lazzaretto-con-i-test-di-medicina\/","url":"https:\/\/www.article-marketing.eu\/comunicatistampa\/luniversita-di-bergamo-riparte-dal-lazzaretto-con-i-test-di-medicina\/","name":"L'Universit\u00e0 di Bergamo riparte dal Lazzaretto con i test di Medicina - Article Marketing","isPartOf":{"@id":"https:\/\/www.article-marketing.eu\/comunicatistampa\/#website"},"datePublished":"2020-09-03T16:33:05+00:00","author":{"@id":"https:\/\/www.article-marketing.eu\/comunicatistampa\/#\/schema\/person\/c0aa725eee5df8460e0adf901fde0c88"},"breadcrumb":{"@id":"https:\/\/www.article-marketing.eu\/comunicatistampa\/luniversita-di-bergamo-riparte-dal-lazzaretto-con-i-test-di-medicina\/#breadcrumb"},"inLanguage":"it-IT","potentialAction":[{"@type":"ReadAction","target":["https:\/\/www.article-marketing.eu\/comunicatistampa\/luniversita-di-bergamo-riparte-dal-lazzaretto-con-i-test-di-medicina\/"]}]},{"@type":"BreadcrumbList","@id":"https:\/\/www.article-marketing.eu\/comunicatistampa\/luniversita-di-bergamo-riparte-dal-lazzaretto-con-i-test-di-medicina\/#breadcrumb","itemListElement":[{"@type":"ListItem","position":1,"name":"Home","item":"https:\/\/www.article-marketing.eu\/comunicatistampa\/"},{"@type":"ListItem","position":2,"name":"L&#8217;Universit\u00e0 di Bergamo riparte dal Lazzaretto con i test di Medicina"}]},{"@type":"WebSite","@id":"https:\/\/www.article-marketing.eu\/comunicatistampa\/#website","url":"https:\/\/www.article-marketing.eu\/comunicatistampa\/","name":"Article Marketing","description":"article marketing &amp; press release","potentialAction":[{"@type":"SearchAction","target":{"@type":"EntryPoint","urlTemplate":"https:\/\/www.article-marketing.eu\/comunicatistampa\/?s={search_term_string}"},"query-input":{"@type":"PropertyValueSpecification","valueRequired":true,"valueName":"search_term_string"}}],"inLanguage":"it-IT"},{"@type":"Person","@id":"https:\/\/www.article-marketing.eu\/comunicatistampa\/#\/schema\/person\/c0aa725eee5df8460e0adf901fde0c88","name":"Redaclem","image":{"@type":"ImageObject","inLanguage":"it-IT","@id":"https:\/\/secure.gravatar.com\/avatar\/4c7e41f332a0583344a91d7d39723533da9b2d0df7737c2d8c69553168c2191e?s=96&d=mm&r=g","url":"https:\/\/secure.gravatar.com\/avatar\/4c7e41f332a0583344a91d7d39723533da9b2d0df7737c2d8c69553168c2191e?s=96&d=mm&r=g","contentUrl":"https:\/\/secure.gravatar.com\/avatar\/4c7e41f332a0583344a91d7d39723533da9b2d0df7737c2d8c69553168c2191e?s=96&d=mm&r=g","caption":"Redaclem"},"url":"https:\/\/www.article-marketing.eu\/comunicatistampa\/author\/redaclem\/"}]}},"_links":{"self":[{"href":"https:\/\/www.article-marketing.eu\/comunicatistampa\/wp-json\/wp\/v2\/posts\/15858","targetHints":{"allow":["GET"]}}],"collection":[{"href":"https:\/\/www.article-marketing.eu\/comunicatistampa\/wp-json\/wp\/v2\/posts"}],"about":[{"href":"https:\/\/www.article-marketing.eu\/comunicatistampa\/wp-json\/wp\/v2\/types\/post"}],"author":[{"embeddable":true,"href":"https:\/\/www.article-marketing.eu\/comunicatistampa\/wp-json\/wp\/v2\/users\/1855"}],"replies":[{"embeddable":true,"href":"https:\/\/www.article-marketing.eu\/comunicatistampa\/wp-json\/wp\/v2\/comments?post=15858"}],"version-history":[{"count":1,"href":"https:\/\/www.article-marketing.eu\/comunicatistampa\/wp-json\/wp\/v2\/posts\/15858\/revisions"}],"predecessor-version":[{"id":15859,"href":"https:\/\/www.article-marketing.eu\/comunicatistampa\/wp-json\/wp\/v2\/posts\/15858\/revisions\/15859"}],"wp:attachment":[{"href":"https:\/\/www.article-marketing.eu\/comunicatistampa\/wp-json\/wp\/v2\/media?parent=15858"}],"wp:term":[{"taxonomy":"category","embeddable":true,"href":"https:\/\/www.article-marketing.eu\/comunicatistampa\/wp-json\/wp\/v2\/categories?post=15858"},{"taxonomy":"post_tag","embeddable":true,"href":"https:\/\/www.article-marketing.eu\/comunicatistampa\/wp-json\/wp\/v2\/tags?post=15858"}],"curies":[{"name":"wp","href":"https:\/\/api.w.org\/{rel}","templated":true}]}}