{"id":15894,"date":"2020-09-08T20:02:58","date_gmt":"2020-09-08T18:02:58","guid":{"rendered":"https:\/\/www.article-marketing.eu\/comunicatistampa\/?p=15894"},"modified":"2020-09-08T20:02:58","modified_gmt":"2020-09-08T18:02:58","slug":"crei-rinnova-la-propria-immagine-e-guarda-allestero-grazie-al-nuovo-sito-multilingua","status":"publish","type":"post","link":"https:\/\/www.article-marketing.eu\/comunicatistampa\/crei-rinnova-la-propria-immagine-e-guarda-allestero-grazie-al-nuovo-sito-multilingua\/","title":{"rendered":"Crei rinnova la propria immagine e guarda all\u2019estero grazie al nuovo sito multilingua"},"content":{"rendered":"<p align=\"JUSTIFY\"><em><span style=\"font-family: Verdana, serif;\"><span style=\"font-size: large;\">Per espandersi sul mercato estero l\u2019azienda bolognese ha lanciato la nuova piattaforma digitale, con layout facile e intuitivo e tanti contenuti tecnici per comunicare al meglio la propria eccellenza<\/span><\/span><\/em><\/p>\n<p align=\"JUSTIFY\"><span style=\"font-family: Verdana, serif;\"><span style=\"font-size: medium;\"><b>Dopo 50 anni di storia<\/b><\/span><\/span><span style=\"font-family: Verdana, serif;\"><span style=\"font-size: medium;\"> e di successi all\u2019insegna di soluzioni customizzate per i settori del packaging, della plastica, della ceramica e del food&amp;beverage, <\/span><\/span><span style=\"font-family: Verdana, serif;\"><span style=\"font-size: medium;\"><b>Crei continua a investire sul futuro<\/b><\/span><\/span><span style=\"font-family: Verdana, serif;\"><span style=\"font-size: medium;\"> con l\u2019obiettivo di consolidare la propria presenza sul mercato italiano e affermarsi su quello estero. <\/span><\/span><span style=\"font-family: Verdana, serif;\"><span style=\"font-size: medium;\"><b>Per tale ragione l\u2019azienda<\/b><\/span><\/span><span style=\"font-family: Verdana, serif;\"><span style=\"font-size: medium;\"> bolognese specializzata nella progettazione di riscaldatori, sonde di temperatura e sistemi scaldanti high tech, <\/span><\/span><span style=\"font-family: Verdana, serif;\"><span style=\"font-size: medium;\"><b>ha deciso di rinnovare la propria immagine <\/b><\/span><\/span><span style=\"font-family: Verdana, serif;\"><span style=\"font-size: medium;\">attraverso<\/span><\/span><b> <\/b><span style=\"font-family: Verdana, serif;\"><span style=\"font-size: medium;\">un nuovo sito web multilingua (<\/span><\/span><a href=\"https:\/\/creiheaters.it\/\"><span style=\"color: #0000ff;\"><span style=\"font-family: Times New Roman, serif;\"><span style=\"font-size: medium;\"><span lang=\"it-IT\"><u>https:\/\/creiheaters.it\/<\/u><\/span><\/span><\/span><\/span><\/a><span style=\"font-family: Times New Roman, serif;\"><span style=\"font-size: medium;\"><span lang=\"it-IT\">). <\/span><\/span><\/span><\/p>\n<p align=\"JUSTIFY\"><span style=\"font-family: Verdana, serif;\"><span style=\"font-size: medium;\"><b>La piattaforma<\/b><\/span><\/span><span style=\"font-family: Verdana, serif;\"><span style=\"font-size: medium;\">, gi\u00e0 online, si presenta con <\/span><\/span><span style=\"font-family: Verdana, serif;\"><span style=\"font-size: medium;\"><b>un layout facile e intuitivo<\/b><\/span><\/span><span style=\"font-family: Verdana, serif;\"><span style=\"font-size: medium;\">, pensato<\/span><\/span><span style=\"font-family: Verdana, serif;\"><span style=\"font-size: medium;\"><b> per<\/b><\/span><\/span><span style=\"font-family: Verdana, serif;\"><span style=\"font-size: medium;\"> rendere fruibili i contenuti del sito e <\/span><\/span><span style=\"font-family: Verdana, serif;\"><span style=\"font-size: medium;\"><b>permettere a qualsiasi tipologia di utente di comprendere<\/b><\/span><\/span><span style=\"font-family: Verdana, serif;\"><span style=\"font-size: medium;\"> i plus e <\/span><\/span><span style=\"font-family: Verdana, serif;\"><span style=\"font-size: medium;\"><b>le eccellenze che hanno reso Crei un partner di riferimento<\/b><\/span><\/span><span style=\"font-family: Verdana, serif;\"><span style=\"font-size: medium;\"> per aziende di differenti settori: dal packaging alla plastica, dall\u2019hot runner alla gomma, fino alla ceramica e al food&amp;beverage. A questo fine il nuovo sito mette a disposizione di tutti le <\/span><\/span><span style=\"font-family: Verdana, serif;\"><span style=\"font-size: medium;\"><b>case history aziendali<\/b><\/span><\/span><span style=\"font-family: Verdana, serif;\"><span style=\"font-size: medium;\"> pi\u00f9 rappresentative per settore, prova tangibile di un vasto know-how in continua evoluzione e della capacit\u00e0 di Crei di fornire soluzioni specifiche in diversi campi di applicazione. A queste si aggiungono anche sezioni pi\u00f9 specifiche dove consultare nel dettaglio <\/span><\/span><span style=\"font-family: Verdana, serif;\"><span style=\"font-size: medium;\"><b>le schede prodotto<\/b><\/span><\/span><span style=\"font-family: Verdana, serif;\"><span style=\"font-size: medium;\"> e, infine, uno spazio dedicato alla pubblicazione delle news pi\u00f9 significative dell\u2019azienda. <\/span><\/span><\/p>\n<p align=\"JUSTIFY\"><a name=\"_GoBack\"><\/a> <span style=\"font-family: Verdana, serif;\"><span style=\"font-size: medium;\"><b>Il sito<\/b><\/span><\/span><span style=\"font-family: Verdana, serif;\"><span style=\"font-size: medium;\">, al momento disponibile in lingua italiana, <\/span><\/span><span style=\"font-family: Verdana, serif;\"><span style=\"font-size: medium;\"><b>sar\u00e0 presto online anche nella versione multilingua<\/b><\/span><\/span><span style=\"font-family: Verdana, serif;\"><span style=\"font-size: medium;\"> con l\u2019obiettivo di rafforzare la posizione di Crei sul mercato estero e trasmettere, anche oltre confine, i valori del proprio made in Italy, amplificando il processo di internazionalizzazione che vede Crei impegnata in diversi Paesi. <\/span><\/span><span style=\"font-family: Verdana, serif;\"><span style=\"font-size: medium;\"><b>Customizzazione estrema, approccio orientato alle specifiche esigenze del cliente e velocit\u00e0 di esecuzione<\/b><\/span><\/span><span style=\"font-family: Verdana, serif;\"><span style=\"font-size: medium;\">: sono queste le plusvalenze che hanno segnato la storia dell\u2019azienda bolognese che, dal 1969 ad oggi, ha costruito la propria esperienza e sviluppato le proprie competenze <\/span><\/span><span style=\"font-family: Verdana, serif;\"><span style=\"font-size: medium;\"><b>attraverso la collaborazione<\/b><\/span><\/span><span style=\"font-family: Verdana, serif;\"><span style=\"font-size: medium;\"> continua <\/span><\/span><span style=\"font-family: Verdana, serif;\"><span style=\"font-size: medium;\"><b>con importanti imprese produttrici di macchine automatiche per il confezionamento industriale e l\u2019imballaggio<\/b><\/span><\/span><span style=\"font-family: Verdana, serif;\"><span style=\"font-size: medium;\"> di prodotti alimentari, farmaceutici, cosmetici e tabacco. <\/span><\/span><\/p>\n<p align=\"JUSTIFY\"><span style=\"font-family: Verdana, serif;\"><span style=\"font-size: medium;\">https:\/\/creiheaters.it\/<\/span><\/span><\/p>\n","protected":false},"excerpt":{"rendered":"<p>Per espandersi sul mercato estero l\u2019azienda bolognese ha lanciato la nuova piattaforma digitale, con layout facile e intuitivo e tanti contenuti tecnici per comunicare al meglio la propria eccellenza Dopo 50 anni di storia e di successi all\u2019insegna di soluzioni customizzate per i settori del packaging, della plastica, della ceramica e del food&amp;beverage, Crei continua a investire sul futuro con l\u2019obiettivo di consolidare la propria presenza sul mercato italiano e<\/p>\n<p><a class=\"continue-reading\" href=\"https:\/\/www.article-marketing.eu\/comunicatistampa\/crei-rinnova-la-propria-immagine-e-guarda-allestero-grazie-al-nuovo-sito-multilingua\/\">Continue reading&#8230;<\/a><\/p>\n","protected":false},"author":397,"featured_media":0,"comment_status":"open","ping_status":"open","sticky":false,"template":"","format":"standard","meta":{"_monsterinsights_skip_tracking":false,"_monsterinsights_sitenote_active":false,"_monsterinsights_sitenote_note":"","_monsterinsights_sitenote_category":0,"footnotes":""},"categories":[78],"tags":[6596,5817,6597,6600,6598,6599],"class_list":["post-15894","post","type-post","status-publish","format-standard","hentry","category-comunicati-stampa","tag-crei-bologna","tag-crei-heaters","tag-crei-nuovo-sito","tag-crei-sistemi-scaldanti","tag-crei-sito-multilingua","tag-crei-sonde-di-temperatura"],"yoast_head":"<!-- This site is optimized with the Yoast SEO plugin v27.3 - https:\/\/yoast.com\/product\/yoast-seo-wordpress\/ -->\n<title>Crei rinnova la propria immagine e guarda all\u2019estero grazie al nuovo sito multilingua - Article Marketing<\/title>\n<meta name=\"robots\" content=\"index, follow, max-snippet:-1, max-image-preview:large, max-video-preview:-1\" \/>\n<link rel=\"canonical\" href=\"https:\/\/www.article-marketing.eu\/comunicatistampa\/crei-rinnova-la-propria-immagine-e-guarda-allestero-grazie-al-nuovo-sito-multilingua\/\" \/>\n<meta property=\"og:locale\" content=\"it_IT\" \/>\n<meta property=\"og:type\" content=\"article\" \/>\n<meta property=\"og:title\" content=\"Crei rinnova la propria immagine e guarda all\u2019estero grazie al nuovo sito multilingua - Article Marketing\" \/>\n<meta property=\"og:description\" content=\"Per espandersi sul mercato estero l\u2019azienda bolognese ha lanciato la nuova piattaforma digitale, con layout facile e intuitivo e tanti contenuti tecnici per comunicare al meglio la propria eccellenza Dopo 50 anni di storia e di successi all\u2019insegna di soluzioni customizzate per i settori del packaging, della plastica, della ceramica e del food&amp;beverage, Crei continua a investire sul futuro con l\u2019obiettivo di consolidare la propria presenza sul mercato italiano eContinue reading...\" \/>\n<meta property=\"og:url\" content=\"https:\/\/www.article-marketing.eu\/comunicatistampa\/crei-rinnova-la-propria-immagine-e-guarda-allestero-grazie-al-nuovo-sito-multilingua\/\" \/>\n<meta property=\"og:site_name\" content=\"Article Marketing\" \/>\n<meta property=\"article:published_time\" content=\"2020-09-08T18:02:58+00:00\" \/>\n<meta name=\"author\" content=\"Borderline Agency\" \/>\n<meta name=\"twitter:card\" content=\"summary_large_image\" \/>\n<meta name=\"twitter:label1\" content=\"Scritto da\" \/>\n\t<meta name=\"twitter:data1\" content=\"Borderline Agency\" \/>\n\t<meta name=\"twitter:label2\" content=\"Tempo di lettura stimato\" \/>\n\t<meta name=\"twitter:data2\" content=\"2 minuti\" \/>\n<script type=\"application\/ld+json\" class=\"yoast-schema-graph\">{\"@context\":\"https:\\\/\\\/schema.org\",\"@graph\":[{\"@type\":\"Article\",\"@id\":\"https:\\\/\\\/www.article-marketing.eu\\\/comunicatistampa\\\/crei-rinnova-la-propria-immagine-e-guarda-allestero-grazie-al-nuovo-sito-multilingua\\\/#article\",\"isPartOf\":{\"@id\":\"https:\\\/\\\/www.article-marketing.eu\\\/comunicatistampa\\\/crei-rinnova-la-propria-immagine-e-guarda-allestero-grazie-al-nuovo-sito-multilingua\\\/\"},\"author\":{\"name\":\"Borderline Agency\",\"@id\":\"https:\\\/\\\/www.article-marketing.eu\\\/comunicatistampa\\\/#\\\/schema\\\/person\\\/1c4ab1c7aad84347e26e78235da6ff1b\"},\"headline\":\"Crei rinnova la propria immagine e guarda all\u2019estero grazie al nuovo sito multilingua\",\"datePublished\":\"2020-09-08T18:02:58+00:00\",\"mainEntityOfPage\":{\"@id\":\"https:\\\/\\\/www.article-marketing.eu\\\/comunicatistampa\\\/crei-rinnova-la-propria-immagine-e-guarda-allestero-grazie-al-nuovo-sito-multilingua\\\/\"},\"wordCount\":379,\"commentCount\":0,\"keywords\":[\"Crei Bologna\",\"Crei heaters\",\"Crei nuovo sito\",\"Crei sistemi scaldanti\",\"Crei sito multilingua\",\"Crei sonde di temperatura\"],\"articleSection\":[\"Comunicati stampa\"],\"inLanguage\":\"it-IT\",\"potentialAction\":[{\"@type\":\"CommentAction\",\"name\":\"Comment\",\"target\":[\"https:\\\/\\\/www.article-marketing.eu\\\/comunicatistampa\\\/crei-rinnova-la-propria-immagine-e-guarda-allestero-grazie-al-nuovo-sito-multilingua\\\/#respond\"]}]},{\"@type\":\"WebPage\",\"@id\":\"https:\\\/\\\/www.article-marketing.eu\\\/comunicatistampa\\\/crei-rinnova-la-propria-immagine-e-guarda-allestero-grazie-al-nuovo-sito-multilingua\\\/\",\"url\":\"https:\\\/\\\/www.article-marketing.eu\\\/comunicatistampa\\\/crei-rinnova-la-propria-immagine-e-guarda-allestero-grazie-al-nuovo-sito-multilingua\\\/\",\"name\":\"Crei rinnova la propria immagine e guarda all\u2019estero grazie al nuovo sito multilingua - Article Marketing\",\"isPartOf\":{\"@id\":\"https:\\\/\\\/www.article-marketing.eu\\\/comunicatistampa\\\/#website\"},\"datePublished\":\"2020-09-08T18:02:58+00:00\",\"author\":{\"@id\":\"https:\\\/\\\/www.article-marketing.eu\\\/comunicatistampa\\\/#\\\/schema\\\/person\\\/1c4ab1c7aad84347e26e78235da6ff1b\"},\"breadcrumb\":{\"@id\":\"https:\\\/\\\/www.article-marketing.eu\\\/comunicatistampa\\\/crei-rinnova-la-propria-immagine-e-guarda-allestero-grazie-al-nuovo-sito-multilingua\\\/#breadcrumb\"},\"inLanguage\":\"it-IT\",\"potentialAction\":[{\"@type\":\"ReadAction\",\"target\":[\"https:\\\/\\\/www.article-marketing.eu\\\/comunicatistampa\\\/crei-rinnova-la-propria-immagine-e-guarda-allestero-grazie-al-nuovo-sito-multilingua\\\/\"]}]},{\"@type\":\"BreadcrumbList\",\"@id\":\"https:\\\/\\\/www.article-marketing.eu\\\/comunicatistampa\\\/crei-rinnova-la-propria-immagine-e-guarda-allestero-grazie-al-nuovo-sito-multilingua\\\/#breadcrumb\",\"itemListElement\":[{\"@type\":\"ListItem\",\"position\":1,\"name\":\"Home\",\"item\":\"https:\\\/\\\/www.article-marketing.eu\\\/comunicatistampa\\\/\"},{\"@type\":\"ListItem\",\"position\":2,\"name\":\"Crei rinnova la propria immagine e guarda all\u2019estero grazie al nuovo sito multilingua\"}]},{\"@type\":\"WebSite\",\"@id\":\"https:\\\/\\\/www.article-marketing.eu\\\/comunicatistampa\\\/#website\",\"url\":\"https:\\\/\\\/www.article-marketing.eu\\\/comunicatistampa\\\/\",\"name\":\"Article Marketing\",\"description\":\"article marketing &amp; press release\",\"potentialAction\":[{\"@type\":\"SearchAction\",\"target\":{\"@type\":\"EntryPoint\",\"urlTemplate\":\"https:\\\/\\\/www.article-marketing.eu\\\/comunicatistampa\\\/?s={search_term_string}\"},\"query-input\":{\"@type\":\"PropertyValueSpecification\",\"valueRequired\":true,\"valueName\":\"search_term_string\"}}],\"inLanguage\":\"it-IT\"},{\"@type\":\"Person\",\"@id\":\"https:\\\/\\\/www.article-marketing.eu\\\/comunicatistampa\\\/#\\\/schema\\\/person\\\/1c4ab1c7aad84347e26e78235da6ff1b\",\"name\":\"Borderline Agency\",\"image\":{\"@type\":\"ImageObject\",\"inLanguage\":\"it-IT\",\"@id\":\"https:\\\/\\\/secure.gravatar.com\\\/avatar\\\/741fa053101610cb0be7dc835c116926549ae4ae2142ff35eac04d78fda61461?s=96&d=mm&r=g\",\"url\":\"https:\\\/\\\/secure.gravatar.com\\\/avatar\\\/741fa053101610cb0be7dc835c116926549ae4ae2142ff35eac04d78fda61461?s=96&d=mm&r=g\",\"contentUrl\":\"https:\\\/\\\/secure.gravatar.com\\\/avatar\\\/741fa053101610cb0be7dc835c116926549ae4ae2142ff35eac04d78fda61461?s=96&d=mm&r=g\",\"caption\":\"Borderline Agency\"},\"url\":\"https:\\\/\\\/www.article-marketing.eu\\\/comunicatistampa\\\/author\\\/borderline-agency\\\/\"}]}<\/script>\n<!-- \/ Yoast SEO plugin. -->","yoast_head_json":{"title":"Crei rinnova la propria immagine e guarda all\u2019estero grazie al nuovo sito multilingua - Article Marketing","robots":{"index":"index","follow":"follow","max-snippet":"max-snippet:-1","max-image-preview":"max-image-preview:large","max-video-preview":"max-video-preview:-1"},"canonical":"https:\/\/www.article-marketing.eu\/comunicatistampa\/crei-rinnova-la-propria-immagine-e-guarda-allestero-grazie-al-nuovo-sito-multilingua\/","og_locale":"it_IT","og_type":"article","og_title":"Crei rinnova la propria immagine e guarda all\u2019estero grazie al nuovo sito multilingua - Article Marketing","og_description":"Per espandersi sul mercato estero l\u2019azienda bolognese ha lanciato la nuova piattaforma digitale, con layout facile e intuitivo e tanti contenuti tecnici per comunicare al meglio la propria eccellenza Dopo 50 anni di storia e di successi all\u2019insegna di soluzioni customizzate per i settori del packaging, della plastica, della ceramica e del food&amp;beverage, Crei continua a investire sul futuro con l\u2019obiettivo di consolidare la propria presenza sul mercato italiano eContinue reading...","og_url":"https:\/\/www.article-marketing.eu\/comunicatistampa\/crei-rinnova-la-propria-immagine-e-guarda-allestero-grazie-al-nuovo-sito-multilingua\/","og_site_name":"Article Marketing","article_published_time":"2020-09-08T18:02:58+00:00","author":"Borderline Agency","twitter_card":"summary_large_image","twitter_misc":{"Scritto da":"Borderline Agency","Tempo di lettura stimato":"2 minuti"},"schema":{"@context":"https:\/\/schema.org","@graph":[{"@type":"Article","@id":"https:\/\/www.article-marketing.eu\/comunicatistampa\/crei-rinnova-la-propria-immagine-e-guarda-allestero-grazie-al-nuovo-sito-multilingua\/#article","isPartOf":{"@id":"https:\/\/www.article-marketing.eu\/comunicatistampa\/crei-rinnova-la-propria-immagine-e-guarda-allestero-grazie-al-nuovo-sito-multilingua\/"},"author":{"name":"Borderline Agency","@id":"https:\/\/www.article-marketing.eu\/comunicatistampa\/#\/schema\/person\/1c4ab1c7aad84347e26e78235da6ff1b"},"headline":"Crei rinnova la propria immagine e guarda all\u2019estero grazie al nuovo sito multilingua","datePublished":"2020-09-08T18:02:58+00:00","mainEntityOfPage":{"@id":"https:\/\/www.article-marketing.eu\/comunicatistampa\/crei-rinnova-la-propria-immagine-e-guarda-allestero-grazie-al-nuovo-sito-multilingua\/"},"wordCount":379,"commentCount":0,"keywords":["Crei Bologna","Crei heaters","Crei nuovo sito","Crei sistemi scaldanti","Crei sito multilingua","Crei sonde di temperatura"],"articleSection":["Comunicati stampa"],"inLanguage":"it-IT","potentialAction":[{"@type":"CommentAction","name":"Comment","target":["https:\/\/www.article-marketing.eu\/comunicatistampa\/crei-rinnova-la-propria-immagine-e-guarda-allestero-grazie-al-nuovo-sito-multilingua\/#respond"]}]},{"@type":"WebPage","@id":"https:\/\/www.article-marketing.eu\/comunicatistampa\/crei-rinnova-la-propria-immagine-e-guarda-allestero-grazie-al-nuovo-sito-multilingua\/","url":"https:\/\/www.article-marketing.eu\/comunicatistampa\/crei-rinnova-la-propria-immagine-e-guarda-allestero-grazie-al-nuovo-sito-multilingua\/","name":"Crei rinnova la propria immagine e guarda all\u2019estero grazie al nuovo sito multilingua - Article Marketing","isPartOf":{"@id":"https:\/\/www.article-marketing.eu\/comunicatistampa\/#website"},"datePublished":"2020-09-08T18:02:58+00:00","author":{"@id":"https:\/\/www.article-marketing.eu\/comunicatistampa\/#\/schema\/person\/1c4ab1c7aad84347e26e78235da6ff1b"},"breadcrumb":{"@id":"https:\/\/www.article-marketing.eu\/comunicatistampa\/crei-rinnova-la-propria-immagine-e-guarda-allestero-grazie-al-nuovo-sito-multilingua\/#breadcrumb"},"inLanguage":"it-IT","potentialAction":[{"@type":"ReadAction","target":["https:\/\/www.article-marketing.eu\/comunicatistampa\/crei-rinnova-la-propria-immagine-e-guarda-allestero-grazie-al-nuovo-sito-multilingua\/"]}]},{"@type":"BreadcrumbList","@id":"https:\/\/www.article-marketing.eu\/comunicatistampa\/crei-rinnova-la-propria-immagine-e-guarda-allestero-grazie-al-nuovo-sito-multilingua\/#breadcrumb","itemListElement":[{"@type":"ListItem","position":1,"name":"Home","item":"https:\/\/www.article-marketing.eu\/comunicatistampa\/"},{"@type":"ListItem","position":2,"name":"Crei rinnova la propria immagine e guarda all\u2019estero grazie al nuovo sito multilingua"}]},{"@type":"WebSite","@id":"https:\/\/www.article-marketing.eu\/comunicatistampa\/#website","url":"https:\/\/www.article-marketing.eu\/comunicatistampa\/","name":"Article Marketing","description":"article marketing &amp; press release","potentialAction":[{"@type":"SearchAction","target":{"@type":"EntryPoint","urlTemplate":"https:\/\/www.article-marketing.eu\/comunicatistampa\/?s={search_term_string}"},"query-input":{"@type":"PropertyValueSpecification","valueRequired":true,"valueName":"search_term_string"}}],"inLanguage":"it-IT"},{"@type":"Person","@id":"https:\/\/www.article-marketing.eu\/comunicatistampa\/#\/schema\/person\/1c4ab1c7aad84347e26e78235da6ff1b","name":"Borderline Agency","image":{"@type":"ImageObject","inLanguage":"it-IT","@id":"https:\/\/secure.gravatar.com\/avatar\/741fa053101610cb0be7dc835c116926549ae4ae2142ff35eac04d78fda61461?s=96&d=mm&r=g","url":"https:\/\/secure.gravatar.com\/avatar\/741fa053101610cb0be7dc835c116926549ae4ae2142ff35eac04d78fda61461?s=96&d=mm&r=g","contentUrl":"https:\/\/secure.gravatar.com\/avatar\/741fa053101610cb0be7dc835c116926549ae4ae2142ff35eac04d78fda61461?s=96&d=mm&r=g","caption":"Borderline Agency"},"url":"https:\/\/www.article-marketing.eu\/comunicatistampa\/author\/borderline-agency\/"}]}},"_links":{"self":[{"href":"https:\/\/www.article-marketing.eu\/comunicatistampa\/wp-json\/wp\/v2\/posts\/15894","targetHints":{"allow":["GET"]}}],"collection":[{"href":"https:\/\/www.article-marketing.eu\/comunicatistampa\/wp-json\/wp\/v2\/posts"}],"about":[{"href":"https:\/\/www.article-marketing.eu\/comunicatistampa\/wp-json\/wp\/v2\/types\/post"}],"author":[{"embeddable":true,"href":"https:\/\/www.article-marketing.eu\/comunicatistampa\/wp-json\/wp\/v2\/users\/397"}],"replies":[{"embeddable":true,"href":"https:\/\/www.article-marketing.eu\/comunicatistampa\/wp-json\/wp\/v2\/comments?post=15894"}],"version-history":[{"count":2,"href":"https:\/\/www.article-marketing.eu\/comunicatistampa\/wp-json\/wp\/v2\/posts\/15894\/revisions"}],"predecessor-version":[{"id":15902,"href":"https:\/\/www.article-marketing.eu\/comunicatistampa\/wp-json\/wp\/v2\/posts\/15894\/revisions\/15902"}],"wp:attachment":[{"href":"https:\/\/www.article-marketing.eu\/comunicatistampa\/wp-json\/wp\/v2\/media?parent=15894"}],"wp:term":[{"taxonomy":"category","embeddable":true,"href":"https:\/\/www.article-marketing.eu\/comunicatistampa\/wp-json\/wp\/v2\/categories?post=15894"},{"taxonomy":"post_tag","embeddable":true,"href":"https:\/\/www.article-marketing.eu\/comunicatistampa\/wp-json\/wp\/v2\/tags?post=15894"}],"curies":[{"name":"wp","href":"https:\/\/api.w.org\/{rel}","templated":true}]}}