{"id":15897,"date":"2020-09-08T20:03:16","date_gmt":"2020-09-08T18:03:16","guid":{"rendered":"https:\/\/www.article-marketing.eu\/comunicatistampa\/?p=15897"},"modified":"2020-09-08T20:03:16","modified_gmt":"2020-09-08T18:03:16","slug":"scuola-25-milioni-di-alunni-cambieranno-mezzo-di-trasporto","status":"publish","type":"post","link":"https:\/\/www.article-marketing.eu\/comunicatistampa\/scuola-25-milioni-di-alunni-cambieranno-mezzo-di-trasporto\/","title":{"rendered":"Scuola: 2,5 milioni di alunni cambieranno mezzo di trasporto"},"content":{"rendered":"<p>Paura del Covid, orari di ingresso scaglionati, mezzi pubblici con capacit\u00e0 ridotta: a pochi giorni dall\u2019inizio della scuola, la <strong>mobilit\u00e0 degli studenti<\/strong> rimane uno dei nodi pi\u00f9 critici e le oggettive difficolt\u00e0 organizzative costringeranno <strong>milioni di famiglie<\/strong> a ripensare il modo in cui portare i figli a scuola. Un cambiamento radicale fotografato dall\u2019indagine commissionata da <a href=\"https:\/\/www.facile.it\/\"><strong>Facile.it<\/strong><\/a> a <em>mUp research<\/em> e <em>Norstat<\/em>, realizzata su un campione rappresentativo* di famiglie italiane con figli dai 2 ai 18 anni, dalla quale emerge che quest\u2019anno quasi <strong>1 alunno su 3<\/strong>, pari a circa <strong>2,5 milioni di bambini e ragazzi <\/strong>(29,8%) cambier\u00e0, del tutto o in parte, <strong>mezzo di trasporto<\/strong> per il tragitto casa-scuola.<\/p>\n<p><strong>Aumenta il trasporto privato, diminuisce l\u2019uso di mezzi pubblici<\/strong><\/p>\n<p>Se fra chi cambier\u00e0 mezzo di trasporto il 50% ha dichiarato di farlo per paura del Covid, a livello generale, forse anche per praticit\u00e0 o mancanza di alternative, faranno comunque ricorso all\u2019uso di un <strong>mezzo proprio<\/strong> <strong>6 alunni su 10<\/strong> (57%), pari a <strong>circa <\/strong><strong>4.820.000<\/strong>\u00a0di bambini e ragazzi, che quest\u2019anno raggiungeranno la <strong>scuola in auto o moto<\/strong>. Il dato \u00e8 ancor pi\u00f9 significativo se si considera che lo scorso anno, ad usare questo tipo di mezzo era il 50,2% degli scolari.<\/p>\n<p>A fare le spese di questo cambiamento, oltre al traffico cittadino e all\u2019inquinamento dell\u2019aria, sar\u00e0 il <strong>trasporto pubblico<\/strong>. Cala il numero di alunni che hanno intenzione di utilizzare <strong>autobus o tram; <\/strong>alla ripartenza delle lezioni lo far\u00e0 solo il <strong>14,9%<\/strong>, erano il 16,7% lo scorso anno.<\/p>\n<p>Ancora meno, circa il 2%, quelli che sceglieranno la <strong>metropolitana<\/strong> o il <strong>treno<\/strong>. In diminuzione anche il numero di alunni che utilizzeranno servizi quali lo <strong>scuolabus<\/strong>; il 5,2%, degli alunni quest\u2019anno, mentre lo scorso anno erano il 7,6%<\/p>\n<p>In leggero aumento coloro che hanno scelto di <strong>recarsi a scuola a piedi<\/strong>; lo faranno il 31,7% degli studenti, pari a quasi 2,7 milioni di ragazzi, erano il 31,1%, lo scorso anno.<\/p>\n<p>Il cambio di abitudini riguarder\u00e0, in particolare, i ragazzi iscritti alla <strong>scuola secondaria<\/strong>, sia di primo grado (il 35,8% degli studenti cambier\u00e0 il modo di coprire il tragitto casa\/scuola), sia di secondo grado (43,4%).<\/p>\n<p>A spingere per il cambiamento saranno soprattutto le mamme (30,5%) e i genitori residenti nel Centro Italia (33,4%).<\/p>\n<p><strong>Quasi 1 milione di famiglie cambier\u00e0 mezzo per paura del Covid <\/strong><\/p>\n<p>Secondo le dichiarazioni raccolte, la ragione principale per cui molte <strong>famiglie cambieranno modalit\u00e0 di trasporto \u00e8 proprio la paura del Covid; <\/strong>tra gli intervistati che modificheranno le loro abitudini di trasporto, 1 su 2 (50%), pari a circa 875mila nuclei, ha preso questa scelta per evitare di esporre i figli ad un possibile rischio contagio. Ad essere pi\u00f9 preoccupati della malattia sono i genitori residenti al Sud e nelle Isole, dove la percentuale arriva al 55,9%.<\/p>\n<p>Per oltre mezzo milione di famiglie (30,1% del campione intervistato), invece, la ragione del cambiamento \u00e8 legata all\u2019orario<strong> di ingresso scaglionato adottato dalla scuola<\/strong>, mentre il 24,1% ha scelto di rivedere le modalit\u00e0 di trasporto per motivi organizzativi interni al nucleo.<\/p>\n<p><strong>2 famiglie su 3 preoccupate per la mobilit\u00e0<\/strong><\/p>\n<p>La preoccupazione per il tragitto casa-scuola \u00e8 condivisa anche da chi non cambier\u00e0 mezzo di trasporto; tra le famiglie alle prese con il ritorno sui banchi, <strong>2 su 3, <\/strong>pari a 3,5 milioni di nuclei,<strong> hanno dichiarato di essere in apprensione<\/strong> (66,2%) per il percorso.<\/p>\n<p>Ad essere pi\u00f9 preoccupate, ancora una volta, risultano essere le <strong>mamme <\/strong>(<strong>67,6%<\/strong> vs il 64,4% rilevato tra i pap\u00e0), ma anche i genitori con et\u00e0 compresa tra i <strong>55 e i 64 anni<\/strong>, tra i quali la percentuale di chi ha dichiarato di essere spaventato arriva addirittura all\u201980,3%.<\/p>\n<p>Ad essere pi\u00f9 preoccupati sono i genitori dei ragazzi che frequentano la scuola <strong>secondaria di primo grado<\/strong> (72,7%) e di <strong>secondo grado<\/strong> (78,2%), quelle dove solitamente i ragazzi si recano da soli e dove, nel tragitto casa-scuola, i genitori non possono vigilare sul rispetto delle misure di contenimento del contagio.<\/p>\n<p>Guardando alle risposte su base territoriale emerge che l\u2019inquietudine \u00e8 diffusa in tutto il Paese in modo abbastanza omogeneo, anche se spicca un dato: le famiglie pi\u00f9 preoccupate per il tragitto casa-scuola dei figli risultano essere quelle residenti al <strong>Sud e nelle Isole<\/strong>, dove la percentuale raggiunge<strong> il 70,5%<\/strong>. A pesare maggiormente su questi rispondenti potrebbe essere stato, da un lato, un trasporto pubblico non sempre efficiente e la presenza di distanze lunghe da percorre per raggiungere la scuola, dall\u2019altro la nascita di nuovi focolai che nelle ultime settimane, almeno mediaticamente, hanno coinvolto maggiormente alcune aree del Meridione.<\/p>\n<p><strong>\u00a0<\/strong><\/p>\n<p><strong>\u00a0<\/strong><\/p>\n<p><em>\u00a0<\/em><\/p>\n<p><em>\u00a0<\/em><\/p>\n<p><em>* Metodologia: n. 1.010 interviste CAWI con un campione rappresentativo di individui aventi figli in et\u00e0 scolare (da 2 a 18 anni) sull\u2019intero territorio nazionale. Indagine condotta tra il 3 ed il 4 settembre 2020. <\/em><\/p>\n","protected":false},"excerpt":{"rendered":"<p>Paura del Covid, orari di ingresso scaglionati, mezzi pubblici con capacit\u00e0 ridotta: a pochi giorni dall\u2019inizio della scuola, la mobilit\u00e0 degli studenti rimane uno dei nodi pi\u00f9 critici e le oggettive difficolt\u00e0 organizzative costringeranno milioni di famiglie a ripensare il modo in cui portare i figli a scuola. Un cambiamento radicale fotografato dall\u2019indagine commissionata da Facile.it a mUp research e Norstat, realizzata su un campione rappresentativo* di famiglie italiane con<\/p>\n<p><a class=\"continue-reading\" href=\"https:\/\/www.article-marketing.eu\/comunicatistampa\/scuola-25-milioni-di-alunni-cambieranno-mezzo-di-trasporto\/\">Continue reading&#8230;<\/a><\/p>\n","protected":false},"author":62,"featured_media":0,"comment_status":"open","ping_status":"open","sticky":false,"template":"","format":"standard","meta":{"_monsterinsights_skip_tracking":false,"_monsterinsights_sitenote_active":false,"_monsterinsights_sitenote_note":"","_monsterinsights_sitenote_category":0,"footnotes":""},"categories":[378,362],"tags":[6602,1034,5812,555,6603,6601,988],"class_list":["post-15897","post","type-post","status-publish","format-standard","hentry","category-istruzione","category-societa","tag-alunni","tag-auto","tag-coronavirus","tag-facile-it","tag-mezzi-pubblici","tag-mobilita","tag-scuola"],"yoast_head":"<!-- This site is optimized with the Yoast SEO plugin v27.3 - https:\/\/yoast.com\/product\/yoast-seo-wordpress\/ -->\n<title>Scuola: 2,5 milioni di alunni cambieranno mezzo di trasporto - Article Marketing<\/title>\n<meta name=\"robots\" content=\"index, follow, max-snippet:-1, max-image-preview:large, max-video-preview:-1\" \/>\n<link rel=\"canonical\" href=\"https:\/\/www.article-marketing.eu\/comunicatistampa\/scuola-25-milioni-di-alunni-cambieranno-mezzo-di-trasporto\/\" \/>\n<meta property=\"og:locale\" content=\"it_IT\" \/>\n<meta property=\"og:type\" content=\"article\" \/>\n<meta property=\"og:title\" content=\"Scuola: 2,5 milioni di alunni cambieranno mezzo di trasporto - Article Marketing\" \/>\n<meta property=\"og:description\" content=\"Paura del Covid, orari di ingresso scaglionati, mezzi pubblici con capacit\u00e0 ridotta: a pochi giorni dall\u2019inizio della scuola, la mobilit\u00e0 degli studenti rimane uno dei nodi pi\u00f9 critici e le oggettive difficolt\u00e0 organizzative costringeranno milioni di famiglie a ripensare il modo in cui portare i figli a scuola. Un cambiamento radicale fotografato dall\u2019indagine commissionata da Facile.it a mUp research e Norstat, realizzata su un campione rappresentativo* di famiglie italiane conContinue reading...\" \/>\n<meta property=\"og:url\" content=\"https:\/\/www.article-marketing.eu\/comunicatistampa\/scuola-25-milioni-di-alunni-cambieranno-mezzo-di-trasporto\/\" \/>\n<meta property=\"og:site_name\" content=\"Article Marketing\" \/>\n<meta property=\"article:published_time\" content=\"2020-09-08T18:03:16+00:00\" \/>\n<meta name=\"author\" content=\"Facile.it\" \/>\n<meta name=\"twitter:card\" content=\"summary_large_image\" \/>\n<meta name=\"twitter:label1\" content=\"Scritto da\" \/>\n\t<meta name=\"twitter:data1\" content=\"Facile.it\" \/>\n\t<meta name=\"twitter:label2\" content=\"Tempo di lettura stimato\" \/>\n\t<meta name=\"twitter:data2\" content=\"4 minuti\" \/>\n<script type=\"application\/ld+json\" class=\"yoast-schema-graph\">{\"@context\":\"https:\\\/\\\/schema.org\",\"@graph\":[{\"@type\":\"Article\",\"@id\":\"https:\\\/\\\/www.article-marketing.eu\\\/comunicatistampa\\\/scuola-25-milioni-di-alunni-cambieranno-mezzo-di-trasporto\\\/#article\",\"isPartOf\":{\"@id\":\"https:\\\/\\\/www.article-marketing.eu\\\/comunicatistampa\\\/scuola-25-milioni-di-alunni-cambieranno-mezzo-di-trasporto\\\/\"},\"author\":{\"name\":\"Facile.it\",\"@id\":\"https:\\\/\\\/www.article-marketing.eu\\\/comunicatistampa\\\/#\\\/schema\\\/person\\\/1deca6d9e0cf173abfe76a90ef261a2a\"},\"headline\":\"Scuola: 2,5 milioni di alunni cambieranno mezzo di trasporto\",\"datePublished\":\"2020-09-08T18:03:16+00:00\",\"mainEntityOfPage\":{\"@id\":\"https:\\\/\\\/www.article-marketing.eu\\\/comunicatistampa\\\/scuola-25-milioni-di-alunni-cambieranno-mezzo-di-trasporto\\\/\"},\"wordCount\":747,\"commentCount\":0,\"keywords\":[\"alunni\",\"auto\",\"coronavirus\",\"facile.it\",\"mezzi pubblici\",\"mobilit\u00e0\",\"scuola\"],\"articleSection\":[\"Istruzione\",\"Societ\u00e0\"],\"inLanguage\":\"it-IT\",\"potentialAction\":[{\"@type\":\"CommentAction\",\"name\":\"Comment\",\"target\":[\"https:\\\/\\\/www.article-marketing.eu\\\/comunicatistampa\\\/scuola-25-milioni-di-alunni-cambieranno-mezzo-di-trasporto\\\/#respond\"]}]},{\"@type\":\"WebPage\",\"@id\":\"https:\\\/\\\/www.article-marketing.eu\\\/comunicatistampa\\\/scuola-25-milioni-di-alunni-cambieranno-mezzo-di-trasporto\\\/\",\"url\":\"https:\\\/\\\/www.article-marketing.eu\\\/comunicatistampa\\\/scuola-25-milioni-di-alunni-cambieranno-mezzo-di-trasporto\\\/\",\"name\":\"Scuola: 2,5 milioni di alunni cambieranno mezzo di trasporto - Article Marketing\",\"isPartOf\":{\"@id\":\"https:\\\/\\\/www.article-marketing.eu\\\/comunicatistampa\\\/#website\"},\"datePublished\":\"2020-09-08T18:03:16+00:00\",\"author\":{\"@id\":\"https:\\\/\\\/www.article-marketing.eu\\\/comunicatistampa\\\/#\\\/schema\\\/person\\\/1deca6d9e0cf173abfe76a90ef261a2a\"},\"breadcrumb\":{\"@id\":\"https:\\\/\\\/www.article-marketing.eu\\\/comunicatistampa\\\/scuola-25-milioni-di-alunni-cambieranno-mezzo-di-trasporto\\\/#breadcrumb\"},\"inLanguage\":\"it-IT\",\"potentialAction\":[{\"@type\":\"ReadAction\",\"target\":[\"https:\\\/\\\/www.article-marketing.eu\\\/comunicatistampa\\\/scuola-25-milioni-di-alunni-cambieranno-mezzo-di-trasporto\\\/\"]}]},{\"@type\":\"BreadcrumbList\",\"@id\":\"https:\\\/\\\/www.article-marketing.eu\\\/comunicatistampa\\\/scuola-25-milioni-di-alunni-cambieranno-mezzo-di-trasporto\\\/#breadcrumb\",\"itemListElement\":[{\"@type\":\"ListItem\",\"position\":1,\"name\":\"Home\",\"item\":\"https:\\\/\\\/www.article-marketing.eu\\\/comunicatistampa\\\/\"},{\"@type\":\"ListItem\",\"position\":2,\"name\":\"Scuola: 2,5 milioni di alunni cambieranno mezzo di trasporto\"}]},{\"@type\":\"WebSite\",\"@id\":\"https:\\\/\\\/www.article-marketing.eu\\\/comunicatistampa\\\/#website\",\"url\":\"https:\\\/\\\/www.article-marketing.eu\\\/comunicatistampa\\\/\",\"name\":\"Article Marketing\",\"description\":\"article marketing &amp; press release\",\"potentialAction\":[{\"@type\":\"SearchAction\",\"target\":{\"@type\":\"EntryPoint\",\"urlTemplate\":\"https:\\\/\\\/www.article-marketing.eu\\\/comunicatistampa\\\/?s={search_term_string}\"},\"query-input\":{\"@type\":\"PropertyValueSpecification\",\"valueRequired\":true,\"valueName\":\"search_term_string\"}}],\"inLanguage\":\"it-IT\"},{\"@type\":\"Person\",\"@id\":\"https:\\\/\\\/www.article-marketing.eu\\\/comunicatistampa\\\/#\\\/schema\\\/person\\\/1deca6d9e0cf173abfe76a90ef261a2a\",\"name\":\"Facile.it\",\"image\":{\"@type\":\"ImageObject\",\"inLanguage\":\"it-IT\",\"@id\":\"https:\\\/\\\/secure.gravatar.com\\\/avatar\\\/2623775dfcd174bde1a788a4bc028e9035747fa40886953f4954f56c45cf4b34?s=96&d=mm&r=g\",\"url\":\"https:\\\/\\\/secure.gravatar.com\\\/avatar\\\/2623775dfcd174bde1a788a4bc028e9035747fa40886953f4954f56c45cf4b34?s=96&d=mm&r=g\",\"contentUrl\":\"https:\\\/\\\/secure.gravatar.com\\\/avatar\\\/2623775dfcd174bde1a788a4bc028e9035747fa40886953f4954f56c45cf4b34?s=96&d=mm&r=g\",\"caption\":\"Facile.it\"},\"url\":\"https:\\\/\\\/www.article-marketing.eu\\\/comunicatistampa\\\/author\\\/facile-it\\\/\"}]}<\/script>\n<!-- \/ Yoast SEO plugin. -->","yoast_head_json":{"title":"Scuola: 2,5 milioni di alunni cambieranno mezzo di trasporto - Article Marketing","robots":{"index":"index","follow":"follow","max-snippet":"max-snippet:-1","max-image-preview":"max-image-preview:large","max-video-preview":"max-video-preview:-1"},"canonical":"https:\/\/www.article-marketing.eu\/comunicatistampa\/scuola-25-milioni-di-alunni-cambieranno-mezzo-di-trasporto\/","og_locale":"it_IT","og_type":"article","og_title":"Scuola: 2,5 milioni di alunni cambieranno mezzo di trasporto - Article Marketing","og_description":"Paura del Covid, orari di ingresso scaglionati, mezzi pubblici con capacit\u00e0 ridotta: a pochi giorni dall\u2019inizio della scuola, la mobilit\u00e0 degli studenti rimane uno dei nodi pi\u00f9 critici e le oggettive difficolt\u00e0 organizzative costringeranno milioni di famiglie a ripensare il modo in cui portare i figli a scuola. Un cambiamento radicale fotografato dall\u2019indagine commissionata da Facile.it a mUp research e Norstat, realizzata su un campione rappresentativo* di famiglie italiane conContinue reading...","og_url":"https:\/\/www.article-marketing.eu\/comunicatistampa\/scuola-25-milioni-di-alunni-cambieranno-mezzo-di-trasporto\/","og_site_name":"Article Marketing","article_published_time":"2020-09-08T18:03:16+00:00","author":"Facile.it","twitter_card":"summary_large_image","twitter_misc":{"Scritto da":"Facile.it","Tempo di lettura stimato":"4 minuti"},"schema":{"@context":"https:\/\/schema.org","@graph":[{"@type":"Article","@id":"https:\/\/www.article-marketing.eu\/comunicatistampa\/scuola-25-milioni-di-alunni-cambieranno-mezzo-di-trasporto\/#article","isPartOf":{"@id":"https:\/\/www.article-marketing.eu\/comunicatistampa\/scuola-25-milioni-di-alunni-cambieranno-mezzo-di-trasporto\/"},"author":{"name":"Facile.it","@id":"https:\/\/www.article-marketing.eu\/comunicatistampa\/#\/schema\/person\/1deca6d9e0cf173abfe76a90ef261a2a"},"headline":"Scuola: 2,5 milioni di alunni cambieranno mezzo di trasporto","datePublished":"2020-09-08T18:03:16+00:00","mainEntityOfPage":{"@id":"https:\/\/www.article-marketing.eu\/comunicatistampa\/scuola-25-milioni-di-alunni-cambieranno-mezzo-di-trasporto\/"},"wordCount":747,"commentCount":0,"keywords":["alunni","auto","coronavirus","facile.it","mezzi pubblici","mobilit\u00e0","scuola"],"articleSection":["Istruzione","Societ\u00e0"],"inLanguage":"it-IT","potentialAction":[{"@type":"CommentAction","name":"Comment","target":["https:\/\/www.article-marketing.eu\/comunicatistampa\/scuola-25-milioni-di-alunni-cambieranno-mezzo-di-trasporto\/#respond"]}]},{"@type":"WebPage","@id":"https:\/\/www.article-marketing.eu\/comunicatistampa\/scuola-25-milioni-di-alunni-cambieranno-mezzo-di-trasporto\/","url":"https:\/\/www.article-marketing.eu\/comunicatistampa\/scuola-25-milioni-di-alunni-cambieranno-mezzo-di-trasporto\/","name":"Scuola: 2,5 milioni di alunni cambieranno mezzo di trasporto - Article Marketing","isPartOf":{"@id":"https:\/\/www.article-marketing.eu\/comunicatistampa\/#website"},"datePublished":"2020-09-08T18:03:16+00:00","author":{"@id":"https:\/\/www.article-marketing.eu\/comunicatistampa\/#\/schema\/person\/1deca6d9e0cf173abfe76a90ef261a2a"},"breadcrumb":{"@id":"https:\/\/www.article-marketing.eu\/comunicatistampa\/scuola-25-milioni-di-alunni-cambieranno-mezzo-di-trasporto\/#breadcrumb"},"inLanguage":"it-IT","potentialAction":[{"@type":"ReadAction","target":["https:\/\/www.article-marketing.eu\/comunicatistampa\/scuola-25-milioni-di-alunni-cambieranno-mezzo-di-trasporto\/"]}]},{"@type":"BreadcrumbList","@id":"https:\/\/www.article-marketing.eu\/comunicatistampa\/scuola-25-milioni-di-alunni-cambieranno-mezzo-di-trasporto\/#breadcrumb","itemListElement":[{"@type":"ListItem","position":1,"name":"Home","item":"https:\/\/www.article-marketing.eu\/comunicatistampa\/"},{"@type":"ListItem","position":2,"name":"Scuola: 2,5 milioni di alunni cambieranno mezzo di trasporto"}]},{"@type":"WebSite","@id":"https:\/\/www.article-marketing.eu\/comunicatistampa\/#website","url":"https:\/\/www.article-marketing.eu\/comunicatistampa\/","name":"Article Marketing","description":"article marketing &amp; press release","potentialAction":[{"@type":"SearchAction","target":{"@type":"EntryPoint","urlTemplate":"https:\/\/www.article-marketing.eu\/comunicatistampa\/?s={search_term_string}"},"query-input":{"@type":"PropertyValueSpecification","valueRequired":true,"valueName":"search_term_string"}}],"inLanguage":"it-IT"},{"@type":"Person","@id":"https:\/\/www.article-marketing.eu\/comunicatistampa\/#\/schema\/person\/1deca6d9e0cf173abfe76a90ef261a2a","name":"Facile.it","image":{"@type":"ImageObject","inLanguage":"it-IT","@id":"https:\/\/secure.gravatar.com\/avatar\/2623775dfcd174bde1a788a4bc028e9035747fa40886953f4954f56c45cf4b34?s=96&d=mm&r=g","url":"https:\/\/secure.gravatar.com\/avatar\/2623775dfcd174bde1a788a4bc028e9035747fa40886953f4954f56c45cf4b34?s=96&d=mm&r=g","contentUrl":"https:\/\/secure.gravatar.com\/avatar\/2623775dfcd174bde1a788a4bc028e9035747fa40886953f4954f56c45cf4b34?s=96&d=mm&r=g","caption":"Facile.it"},"url":"https:\/\/www.article-marketing.eu\/comunicatistampa\/author\/facile-it\/"}]}},"_links":{"self":[{"href":"https:\/\/www.article-marketing.eu\/comunicatistampa\/wp-json\/wp\/v2\/posts\/15897","targetHints":{"allow":["GET"]}}],"collection":[{"href":"https:\/\/www.article-marketing.eu\/comunicatistampa\/wp-json\/wp\/v2\/posts"}],"about":[{"href":"https:\/\/www.article-marketing.eu\/comunicatistampa\/wp-json\/wp\/v2\/types\/post"}],"author":[{"embeddable":true,"href":"https:\/\/www.article-marketing.eu\/comunicatistampa\/wp-json\/wp\/v2\/users\/62"}],"replies":[{"embeddable":true,"href":"https:\/\/www.article-marketing.eu\/comunicatistampa\/wp-json\/wp\/v2\/comments?post=15897"}],"version-history":[{"count":2,"href":"https:\/\/www.article-marketing.eu\/comunicatistampa\/wp-json\/wp\/v2\/posts\/15897\/revisions"}],"predecessor-version":[{"id":15903,"href":"https:\/\/www.article-marketing.eu\/comunicatistampa\/wp-json\/wp\/v2\/posts\/15897\/revisions\/15903"}],"wp:attachment":[{"href":"https:\/\/www.article-marketing.eu\/comunicatistampa\/wp-json\/wp\/v2\/media?parent=15897"}],"wp:term":[{"taxonomy":"category","embeddable":true,"href":"https:\/\/www.article-marketing.eu\/comunicatistampa\/wp-json\/wp\/v2\/categories?post=15897"},{"taxonomy":"post_tag","embeddable":true,"href":"https:\/\/www.article-marketing.eu\/comunicatistampa\/wp-json\/wp\/v2\/tags?post=15897"}],"curies":[{"name":"wp","href":"https:\/\/api.w.org\/{rel}","templated":true}]}}