{"id":15912,"date":"2020-09-09T05:51:02","date_gmt":"2020-09-09T03:51:02","guid":{"rendered":"https:\/\/www.article-marketing.eu\/comunicatistampa\/?p=15912"},"modified":"2020-09-09T05:51:02","modified_gmt":"2020-09-09T03:51:02","slug":"insolite-visioni-la-passione-per-il-volo-bergamo-dallalto-un-dono-per-la-citta-che-rinasce-il-volume-fotografico-di-alex-persico","status":"publish","type":"post","link":"https:\/\/www.article-marketing.eu\/comunicatistampa\/insolite-visioni-la-passione-per-il-volo-bergamo-dallalto-un-dono-per-la-citta-che-rinasce-il-volume-fotografico-di-alex-persico\/","title":{"rendered":"\u201cInsolite visioni. La passione per il volo,  Bergamo dall\u2019alto.\u201d Un dono per la citt\u00e0 che rinasce: il volume fotografico di Alex Persico"},"content":{"rendered":"<p>Alto e basso. Ieri e oggi. Bianco e nero. \u00c8 una citt\u00e0 dalle plurime sfaccettature quella che emerge da \u00ab<strong>Insolite Visioni. La passione per il volo. Bergamo dall\u2019alto<\/strong>\u00bb, il volume fotografico edito da Grafica &amp; Arte firmato da\u00a0<strong>Alex Persico<\/strong>, fotografo specializzato in fotografie aeree, che in occasione del trentennale della sua carriera ha deciso di regalare a Bergamo un reportage inedito e profondo, dall\u2019alto valore simbolico. Il volume di Persico,\u00a0nelle librerie e sui principali siti di e-commerce,\u00a0cattura infatti l\u2019immagine di una Bergamo desiderosa di tornare alla normalit\u00e0 dopo essere stata travolta dall\u2019emergenza Covid-19.<\/p>\n<p>Ripresa con l\u2019uso di droni &#8211; strumento a cui Persico, iscritto al registro ENAC come operatore riconosciuto, si \u00e8 avvicinato fin dal 2010 -, Bergamo appare ancora pi\u00f9 autentica in questo suo scatto di rinascita<strong>. Una citt\u00e0 che dietro ogni tetto o facciata inneggia alla vita.\u00a0<\/strong>Il lavoro di Persico si realizza, infatti, per assonanze e contrapposizioni: immagini di edifici storici, immobili rispetto al passaggio del tempo, si alternano a quartieri in rapida trasformazione, che puntano veloci al futuro.<\/p>\n<p>Gli scatti sono stati realizzati in vari periodi dal 2010 ad oggi e ripropongono i paesaggi di un viaggio che inizia a partire dallo svincolo autostradale di Bergamo, da dove si biforcano due arterie che originano il grande anello della circonvallazione nel quale si intersecano le direttrici per l\u2019aeroporto e per il centro della citt\u00e0. La lettura fotografica parte dunque dalla periferia, raggiunge la stazione dei treni, prosegue verso il centro e Citt\u00e0 alta e scende lungo i borghi storici e le periferie industriali.<\/p>\n<p>Il volume si completa con una selezione di fotografie tratte dalla pubblicazione \u201c<strong>Bergamo dal cielo<\/strong>\u201d, realizzata tra il 1981 e il 1985 da Grafica &amp; Arte con le fotografie di Piero Orlandi, scatti nati da vertiginose riprese aeree, come si usava fare un tempo che dialogano con gli scatti realizzati con i droni. Una sperimentazione che trover\u00e0 ulteriore espressione in una mostra in programma per la primavera 2021.<\/p>\n<p><em>\u00abVolevo dedicare a Bergamo, citt\u00e0 che negli ultimi mesi ha dovuto affrontare una grande prova, un ricordo che, in un certo senso, fosse immortale, come solo la fotografia sa essere. Ho scelto cos\u00ec di intraprendere un viaggio ad altitudini elevate in cui, grazie alla tecnologia, la citt\u00e0 potesse mostrarsi con uno sguardo diverso. E mi sono accorto che \u00e8 proprio con questa visione dall\u2019alto che Bergamo si \u00e8 saputa rivelare molto di pi\u00f9 di quanto non faccia nella prospettiva orizzontale cui siamo solitamente abituati. Mi sono poi affidato all\u2019utilizzo della scala di grigi con cui ho amalgamato e sfumato il paesaggio. Il bianco e nero non solo ha definito i contorni, ma ha dato forma alle emozioni contrastanti che tutti noi abbiamo vissuto in questi mesi\u00bb &#8211;<\/em>\u00a0anticipa l\u2019autore,\u00a0<strong>Alex Persico<\/strong>.<\/p>\n<p>Il libro vuole quindi essere un modo per celebrare la bellezza e il fascino della citt\u00e0 di Bergamo con un occhio moderno, cogliendo le trasformazioni che in questi anni l\u2019hanno attraversata.<\/p>\n<p><strong>Facebook<\/strong>: <a href=\"https:\/\/www.facebook.com\/apfotografia.it\/?eid=ARAcWqlJ0Gy0dlNh57D3SZ9E6MEFq21CQlRHibAhOtDU15MByFiQBulsElj8Cd5m6O59fK98-w1nXYni&amp;timeline_context_item_type=intro_card_work&amp;timeline_context_item_source=1310989789&amp;fref=tag\">Alex Persico\u00a0<\/a><\/p>\n<p><strong>Instagram<\/strong>: <a href=\"https:\/\/www.instagram.com\/persicoalex\/\">persicoalex<\/a><\/p>\n<p><strong>Linkedin<\/strong>: <a href=\"https:\/\/it.linkedin.com\/in\/persico-alessandro-59093643\">Persico Alessandro<\/a><\/p>\n<p><strong>L\u2019autore<\/strong>\u00a0&#8211; Fotografo professionista fin dal 1990, Alex Persico lavora in maniera autonoma e fonda AP Fotografia, esito della pluriennale esperienza e della sua passione per l\u2019arte del fotografare. Al passo con i tempi, con le nuove tecnologie e il mutamento sociale, Alex abbraccia l\u2019era del digitale sfruttando tutte le sue possibilit\u00e0 fino a sviluppare progetti e lavori tecnologicamente avanzati, specializzandosi e diversificando la sua attivit\u00e0 in quattro ambiti: fotografia aerea, virtual tour 3D, shooting aziendali e fotografia d\u2019architettura. Il suo interesse per la tecnologia l\u2019ha portato ad esplorare le innumerevoli possibilit\u00e0 della fotografia aerea mediante l\u2019utilizzo del drone, uno strumento a cui Persico si \u00e8 avvicinato fin dal 2010, utilizzando SAPR autorizzati.<\/p>\n","protected":false},"excerpt":{"rendered":"<p>Alto e basso. Ieri e oggi. Bianco e nero. \u00c8 una citt\u00e0 dalle plurime sfaccettature quella che emerge da \u00abInsolite Visioni. La passione per il volo. Bergamo dall\u2019alto\u00bb, il volume fotografico edito da Grafica &amp; Arte firmato da\u00a0Alex Persico, fotografo specializzato in fotografie aeree, che in occasione del trentennale della sua carriera ha deciso di regalare a Bergamo un reportage inedito e profondo, dall\u2019alto valore simbolico. Il volume di Persico,\u00a0nelle<\/p>\n<p><a class=\"continue-reading\" href=\"https:\/\/www.article-marketing.eu\/comunicatistampa\/insolite-visioni-la-passione-per-il-volo-bergamo-dallalto-un-dono-per-la-citta-che-rinasce-il-volume-fotografico-di-alex-persico\/\">Continue reading&#8230;<\/a><\/p>\n","protected":false},"author":1855,"featured_media":0,"comment_status":"open","ping_status":"open","sticky":false,"template":"","format":"standard","meta":{"_monsterinsights_skip_tracking":false,"_monsterinsights_sitenote_active":false,"_monsterinsights_sitenote_note":"","_monsterinsights_sitenote_category":0,"footnotes":""},"categories":[407],"tags":[6604,6605,1628,516],"class_list":["post-15912","post","type-post","status-publish","format-standard","hentry","category-arte-e-cultura","tag-alexpersico","tag-libro","tag-bergamo","tag-fotografia"],"yoast_head":"<!-- This site is optimized with the Yoast SEO plugin v27.3 - https:\/\/yoast.com\/product\/yoast-seo-wordpress\/ -->\n<title>\u201cInsolite visioni. La passione per il volo, Bergamo dall\u2019alto.\u201d Un dono per la citt\u00e0 che rinasce: il volume fotografico di Alex Persico - Article Marketing<\/title>\n<meta name=\"robots\" content=\"index, follow, max-snippet:-1, max-image-preview:large, max-video-preview:-1\" \/>\n<link rel=\"canonical\" href=\"https:\/\/www.article-marketing.eu\/comunicatistampa\/insolite-visioni-la-passione-per-il-volo-bergamo-dallalto-un-dono-per-la-citta-che-rinasce-il-volume-fotografico-di-alex-persico\/\" \/>\n<meta property=\"og:locale\" content=\"it_IT\" \/>\n<meta property=\"og:type\" content=\"article\" \/>\n<meta property=\"og:title\" content=\"\u201cInsolite visioni. La passione per il volo, Bergamo dall\u2019alto.\u201d Un dono per la citt\u00e0 che rinasce: il volume fotografico di Alex Persico - Article Marketing\" \/>\n<meta property=\"og:description\" content=\"Alto e basso. Ieri e oggi. Bianco e nero. \u00c8 una citt\u00e0 dalle plurime sfaccettature quella che emerge da \u00abInsolite Visioni. La passione per il volo. Bergamo dall\u2019alto\u00bb, il volume fotografico edito da Grafica &amp; Arte firmato da\u00a0Alex Persico, fotografo specializzato in fotografie aeree, che in occasione del trentennale della sua carriera ha deciso di regalare a Bergamo un reportage inedito e profondo, dall\u2019alto valore simbolico. Il volume di Persico,\u00a0nelleContinue reading...\" \/>\n<meta property=\"og:url\" content=\"https:\/\/www.article-marketing.eu\/comunicatistampa\/insolite-visioni-la-passione-per-il-volo-bergamo-dallalto-un-dono-per-la-citta-che-rinasce-il-volume-fotografico-di-alex-persico\/\" \/>\n<meta property=\"og:site_name\" content=\"Article Marketing\" \/>\n<meta property=\"article:published_time\" content=\"2020-09-09T03:51:02+00:00\" \/>\n<meta name=\"author\" content=\"Redaclem\" \/>\n<meta name=\"twitter:card\" content=\"summary_large_image\" \/>\n<meta name=\"twitter:label1\" content=\"Scritto da\" \/>\n\t<meta name=\"twitter:data1\" content=\"Redaclem\" \/>\n\t<meta name=\"twitter:label2\" content=\"Tempo di lettura stimato\" \/>\n\t<meta name=\"twitter:data2\" content=\"3 minuti\" \/>\n<script type=\"application\/ld+json\" class=\"yoast-schema-graph\">{\"@context\":\"https:\\\/\\\/schema.org\",\"@graph\":[{\"@type\":\"Article\",\"@id\":\"https:\\\/\\\/www.article-marketing.eu\\\/comunicatistampa\\\/insolite-visioni-la-passione-per-il-volo-bergamo-dallalto-un-dono-per-la-citta-che-rinasce-il-volume-fotografico-di-alex-persico\\\/#article\",\"isPartOf\":{\"@id\":\"https:\\\/\\\/www.article-marketing.eu\\\/comunicatistampa\\\/insolite-visioni-la-passione-per-il-volo-bergamo-dallalto-un-dono-per-la-citta-che-rinasce-il-volume-fotografico-di-alex-persico\\\/\"},\"author\":{\"name\":\"Redaclem\",\"@id\":\"https:\\\/\\\/www.article-marketing.eu\\\/comunicatistampa\\\/#\\\/schema\\\/person\\\/c0aa725eee5df8460e0adf901fde0c88\"},\"headline\":\"\u201cInsolite visioni. La passione per il volo, Bergamo dall\u2019alto.\u201d Un dono per la citt\u00e0 che rinasce: il volume fotografico di Alex Persico\",\"datePublished\":\"2020-09-09T03:51:02+00:00\",\"mainEntityOfPage\":{\"@id\":\"https:\\\/\\\/www.article-marketing.eu\\\/comunicatistampa\\\/insolite-visioni-la-passione-per-il-volo-bergamo-dallalto-un-dono-per-la-citta-che-rinasce-il-volume-fotografico-di-alex-persico\\\/\"},\"wordCount\":637,\"commentCount\":0,\"keywords\":[\"#alexpersico\",\"#libro\",\"Bergamo\",\"Fotografia\"],\"articleSection\":[\"Arte e cultura\"],\"inLanguage\":\"it-IT\",\"potentialAction\":[{\"@type\":\"CommentAction\",\"name\":\"Comment\",\"target\":[\"https:\\\/\\\/www.article-marketing.eu\\\/comunicatistampa\\\/insolite-visioni-la-passione-per-il-volo-bergamo-dallalto-un-dono-per-la-citta-che-rinasce-il-volume-fotografico-di-alex-persico\\\/#respond\"]}]},{\"@type\":\"WebPage\",\"@id\":\"https:\\\/\\\/www.article-marketing.eu\\\/comunicatistampa\\\/insolite-visioni-la-passione-per-il-volo-bergamo-dallalto-un-dono-per-la-citta-che-rinasce-il-volume-fotografico-di-alex-persico\\\/\",\"url\":\"https:\\\/\\\/www.article-marketing.eu\\\/comunicatistampa\\\/insolite-visioni-la-passione-per-il-volo-bergamo-dallalto-un-dono-per-la-citta-che-rinasce-il-volume-fotografico-di-alex-persico\\\/\",\"name\":\"\u201cInsolite visioni. La passione per il volo, Bergamo dall\u2019alto.\u201d Un dono per la citt\u00e0 che rinasce: il volume fotografico di Alex Persico - Article Marketing\",\"isPartOf\":{\"@id\":\"https:\\\/\\\/www.article-marketing.eu\\\/comunicatistampa\\\/#website\"},\"datePublished\":\"2020-09-09T03:51:02+00:00\",\"author\":{\"@id\":\"https:\\\/\\\/www.article-marketing.eu\\\/comunicatistampa\\\/#\\\/schema\\\/person\\\/c0aa725eee5df8460e0adf901fde0c88\"},\"breadcrumb\":{\"@id\":\"https:\\\/\\\/www.article-marketing.eu\\\/comunicatistampa\\\/insolite-visioni-la-passione-per-il-volo-bergamo-dallalto-un-dono-per-la-citta-che-rinasce-il-volume-fotografico-di-alex-persico\\\/#breadcrumb\"},\"inLanguage\":\"it-IT\",\"potentialAction\":[{\"@type\":\"ReadAction\",\"target\":[\"https:\\\/\\\/www.article-marketing.eu\\\/comunicatistampa\\\/insolite-visioni-la-passione-per-il-volo-bergamo-dallalto-un-dono-per-la-citta-che-rinasce-il-volume-fotografico-di-alex-persico\\\/\"]}]},{\"@type\":\"BreadcrumbList\",\"@id\":\"https:\\\/\\\/www.article-marketing.eu\\\/comunicatistampa\\\/insolite-visioni-la-passione-per-il-volo-bergamo-dallalto-un-dono-per-la-citta-che-rinasce-il-volume-fotografico-di-alex-persico\\\/#breadcrumb\",\"itemListElement\":[{\"@type\":\"ListItem\",\"position\":1,\"name\":\"Home\",\"item\":\"https:\\\/\\\/www.article-marketing.eu\\\/comunicatistampa\\\/\"},{\"@type\":\"ListItem\",\"position\":2,\"name\":\"\u201cInsolite visioni. La passione per il volo, Bergamo dall\u2019alto.\u201d Un dono per la citt\u00e0 che rinasce: il volume fotografico di Alex Persico\"}]},{\"@type\":\"WebSite\",\"@id\":\"https:\\\/\\\/www.article-marketing.eu\\\/comunicatistampa\\\/#website\",\"url\":\"https:\\\/\\\/www.article-marketing.eu\\\/comunicatistampa\\\/\",\"name\":\"Article Marketing\",\"description\":\"article marketing &amp; press release\",\"potentialAction\":[{\"@type\":\"SearchAction\",\"target\":{\"@type\":\"EntryPoint\",\"urlTemplate\":\"https:\\\/\\\/www.article-marketing.eu\\\/comunicatistampa\\\/?s={search_term_string}\"},\"query-input\":{\"@type\":\"PropertyValueSpecification\",\"valueRequired\":true,\"valueName\":\"search_term_string\"}}],\"inLanguage\":\"it-IT\"},{\"@type\":\"Person\",\"@id\":\"https:\\\/\\\/www.article-marketing.eu\\\/comunicatistampa\\\/#\\\/schema\\\/person\\\/c0aa725eee5df8460e0adf901fde0c88\",\"name\":\"Redaclem\",\"image\":{\"@type\":\"ImageObject\",\"inLanguage\":\"it-IT\",\"@id\":\"https:\\\/\\\/secure.gravatar.com\\\/avatar\\\/4c7e41f332a0583344a91d7d39723533da9b2d0df7737c2d8c69553168c2191e?s=96&d=mm&r=g\",\"url\":\"https:\\\/\\\/secure.gravatar.com\\\/avatar\\\/4c7e41f332a0583344a91d7d39723533da9b2d0df7737c2d8c69553168c2191e?s=96&d=mm&r=g\",\"contentUrl\":\"https:\\\/\\\/secure.gravatar.com\\\/avatar\\\/4c7e41f332a0583344a91d7d39723533da9b2d0df7737c2d8c69553168c2191e?s=96&d=mm&r=g\",\"caption\":\"Redaclem\"},\"url\":\"https:\\\/\\\/www.article-marketing.eu\\\/comunicatistampa\\\/author\\\/redaclem\\\/\"}]}<\/script>\n<!-- \/ Yoast SEO plugin. -->","yoast_head_json":{"title":"\u201cInsolite visioni. La passione per il volo, Bergamo dall\u2019alto.\u201d Un dono per la citt\u00e0 che rinasce: il volume fotografico di Alex Persico - Article Marketing","robots":{"index":"index","follow":"follow","max-snippet":"max-snippet:-1","max-image-preview":"max-image-preview:large","max-video-preview":"max-video-preview:-1"},"canonical":"https:\/\/www.article-marketing.eu\/comunicatistampa\/insolite-visioni-la-passione-per-il-volo-bergamo-dallalto-un-dono-per-la-citta-che-rinasce-il-volume-fotografico-di-alex-persico\/","og_locale":"it_IT","og_type":"article","og_title":"\u201cInsolite visioni. La passione per il volo, Bergamo dall\u2019alto.\u201d Un dono per la citt\u00e0 che rinasce: il volume fotografico di Alex Persico - Article Marketing","og_description":"Alto e basso. Ieri e oggi. Bianco e nero. \u00c8 una citt\u00e0 dalle plurime sfaccettature quella che emerge da \u00abInsolite Visioni. La passione per il volo. Bergamo dall\u2019alto\u00bb, il volume fotografico edito da Grafica &amp; Arte firmato da\u00a0Alex Persico, fotografo specializzato in fotografie aeree, che in occasione del trentennale della sua carriera ha deciso di regalare a Bergamo un reportage inedito e profondo, dall\u2019alto valore simbolico. Il volume di Persico,\u00a0nelleContinue reading...","og_url":"https:\/\/www.article-marketing.eu\/comunicatistampa\/insolite-visioni-la-passione-per-il-volo-bergamo-dallalto-un-dono-per-la-citta-che-rinasce-il-volume-fotografico-di-alex-persico\/","og_site_name":"Article Marketing","article_published_time":"2020-09-09T03:51:02+00:00","author":"Redaclem","twitter_card":"summary_large_image","twitter_misc":{"Scritto da":"Redaclem","Tempo di lettura stimato":"3 minuti"},"schema":{"@context":"https:\/\/schema.org","@graph":[{"@type":"Article","@id":"https:\/\/www.article-marketing.eu\/comunicatistampa\/insolite-visioni-la-passione-per-il-volo-bergamo-dallalto-un-dono-per-la-citta-che-rinasce-il-volume-fotografico-di-alex-persico\/#article","isPartOf":{"@id":"https:\/\/www.article-marketing.eu\/comunicatistampa\/insolite-visioni-la-passione-per-il-volo-bergamo-dallalto-un-dono-per-la-citta-che-rinasce-il-volume-fotografico-di-alex-persico\/"},"author":{"name":"Redaclem","@id":"https:\/\/www.article-marketing.eu\/comunicatistampa\/#\/schema\/person\/c0aa725eee5df8460e0adf901fde0c88"},"headline":"\u201cInsolite visioni. La passione per il volo, Bergamo dall\u2019alto.\u201d Un dono per la citt\u00e0 che rinasce: il volume fotografico di Alex Persico","datePublished":"2020-09-09T03:51:02+00:00","mainEntityOfPage":{"@id":"https:\/\/www.article-marketing.eu\/comunicatistampa\/insolite-visioni-la-passione-per-il-volo-bergamo-dallalto-un-dono-per-la-citta-che-rinasce-il-volume-fotografico-di-alex-persico\/"},"wordCount":637,"commentCount":0,"keywords":["#alexpersico","#libro","Bergamo","Fotografia"],"articleSection":["Arte e cultura"],"inLanguage":"it-IT","potentialAction":[{"@type":"CommentAction","name":"Comment","target":["https:\/\/www.article-marketing.eu\/comunicatistampa\/insolite-visioni-la-passione-per-il-volo-bergamo-dallalto-un-dono-per-la-citta-che-rinasce-il-volume-fotografico-di-alex-persico\/#respond"]}]},{"@type":"WebPage","@id":"https:\/\/www.article-marketing.eu\/comunicatistampa\/insolite-visioni-la-passione-per-il-volo-bergamo-dallalto-un-dono-per-la-citta-che-rinasce-il-volume-fotografico-di-alex-persico\/","url":"https:\/\/www.article-marketing.eu\/comunicatistampa\/insolite-visioni-la-passione-per-il-volo-bergamo-dallalto-un-dono-per-la-citta-che-rinasce-il-volume-fotografico-di-alex-persico\/","name":"\u201cInsolite visioni. La passione per il volo, Bergamo dall\u2019alto.\u201d Un dono per la citt\u00e0 che rinasce: il volume fotografico di Alex Persico - Article Marketing","isPartOf":{"@id":"https:\/\/www.article-marketing.eu\/comunicatistampa\/#website"},"datePublished":"2020-09-09T03:51:02+00:00","author":{"@id":"https:\/\/www.article-marketing.eu\/comunicatistampa\/#\/schema\/person\/c0aa725eee5df8460e0adf901fde0c88"},"breadcrumb":{"@id":"https:\/\/www.article-marketing.eu\/comunicatistampa\/insolite-visioni-la-passione-per-il-volo-bergamo-dallalto-un-dono-per-la-citta-che-rinasce-il-volume-fotografico-di-alex-persico\/#breadcrumb"},"inLanguage":"it-IT","potentialAction":[{"@type":"ReadAction","target":["https:\/\/www.article-marketing.eu\/comunicatistampa\/insolite-visioni-la-passione-per-il-volo-bergamo-dallalto-un-dono-per-la-citta-che-rinasce-il-volume-fotografico-di-alex-persico\/"]}]},{"@type":"BreadcrumbList","@id":"https:\/\/www.article-marketing.eu\/comunicatistampa\/insolite-visioni-la-passione-per-il-volo-bergamo-dallalto-un-dono-per-la-citta-che-rinasce-il-volume-fotografico-di-alex-persico\/#breadcrumb","itemListElement":[{"@type":"ListItem","position":1,"name":"Home","item":"https:\/\/www.article-marketing.eu\/comunicatistampa\/"},{"@type":"ListItem","position":2,"name":"\u201cInsolite visioni. La passione per il volo, Bergamo dall\u2019alto.\u201d Un dono per la citt\u00e0 che rinasce: il volume fotografico di Alex Persico"}]},{"@type":"WebSite","@id":"https:\/\/www.article-marketing.eu\/comunicatistampa\/#website","url":"https:\/\/www.article-marketing.eu\/comunicatistampa\/","name":"Article Marketing","description":"article marketing &amp; press release","potentialAction":[{"@type":"SearchAction","target":{"@type":"EntryPoint","urlTemplate":"https:\/\/www.article-marketing.eu\/comunicatistampa\/?s={search_term_string}"},"query-input":{"@type":"PropertyValueSpecification","valueRequired":true,"valueName":"search_term_string"}}],"inLanguage":"it-IT"},{"@type":"Person","@id":"https:\/\/www.article-marketing.eu\/comunicatistampa\/#\/schema\/person\/c0aa725eee5df8460e0adf901fde0c88","name":"Redaclem","image":{"@type":"ImageObject","inLanguage":"it-IT","@id":"https:\/\/secure.gravatar.com\/avatar\/4c7e41f332a0583344a91d7d39723533da9b2d0df7737c2d8c69553168c2191e?s=96&d=mm&r=g","url":"https:\/\/secure.gravatar.com\/avatar\/4c7e41f332a0583344a91d7d39723533da9b2d0df7737c2d8c69553168c2191e?s=96&d=mm&r=g","contentUrl":"https:\/\/secure.gravatar.com\/avatar\/4c7e41f332a0583344a91d7d39723533da9b2d0df7737c2d8c69553168c2191e?s=96&d=mm&r=g","caption":"Redaclem"},"url":"https:\/\/www.article-marketing.eu\/comunicatistampa\/author\/redaclem\/"}]}},"_links":{"self":[{"href":"https:\/\/www.article-marketing.eu\/comunicatistampa\/wp-json\/wp\/v2\/posts\/15912","targetHints":{"allow":["GET"]}}],"collection":[{"href":"https:\/\/www.article-marketing.eu\/comunicatistampa\/wp-json\/wp\/v2\/posts"}],"about":[{"href":"https:\/\/www.article-marketing.eu\/comunicatistampa\/wp-json\/wp\/v2\/types\/post"}],"author":[{"embeddable":true,"href":"https:\/\/www.article-marketing.eu\/comunicatistampa\/wp-json\/wp\/v2\/users\/1855"}],"replies":[{"embeddable":true,"href":"https:\/\/www.article-marketing.eu\/comunicatistampa\/wp-json\/wp\/v2\/comments?post=15912"}],"version-history":[{"count":2,"href":"https:\/\/www.article-marketing.eu\/comunicatistampa\/wp-json\/wp\/v2\/posts\/15912\/revisions"}],"predecessor-version":[{"id":15916,"href":"https:\/\/www.article-marketing.eu\/comunicatistampa\/wp-json\/wp\/v2\/posts\/15912\/revisions\/15916"}],"wp:attachment":[{"href":"https:\/\/www.article-marketing.eu\/comunicatistampa\/wp-json\/wp\/v2\/media?parent=15912"}],"wp:term":[{"taxonomy":"category","embeddable":true,"href":"https:\/\/www.article-marketing.eu\/comunicatistampa\/wp-json\/wp\/v2\/categories?post=15912"},{"taxonomy":"post_tag","embeddable":true,"href":"https:\/\/www.article-marketing.eu\/comunicatistampa\/wp-json\/wp\/v2\/tags?post=15912"}],"curies":[{"name":"wp","href":"https:\/\/api.w.org\/{rel}","templated":true}]}}