{"id":15935,"date":"2020-09-10T03:57:57","date_gmt":"2020-09-10T01:57:57","guid":{"rendered":"https:\/\/www.article-marketing.eu\/comunicatistampa\/?p=15935"},"modified":"2020-09-10T03:57:57","modified_gmt":"2020-09-10T01:57:57","slug":"la-fantasia-della-carita-opere-di-fabio-agliardi","status":"publish","type":"post","link":"https:\/\/www.article-marketing.eu\/comunicatistampa\/la-fantasia-della-carita-opere-di-fabio-agliardi\/","title":{"rendered":"La fantasia della Carit\u00e0: opere di Fabio Agliardi"},"content":{"rendered":"<p>Lo scorso 12 giugno \u2013 data originariamente prevista per l\u2019inaugurazione a Palazzo Creberg della mostra <em>La fantasia della Carit\u00e0 <\/em>\u2013 \u00e8 stato pubblicato sui canali social della Fondazione il suggestivo video che consente la visita virtuale alla esposizione delle opere di FabioAgliardi.<\/p>\n<p>Da oltre dieci anni Fondazione Creberg ha ideato e realizzato un progetto culturale che ha come obiettivo la sensibilizzazione del pubblico \u2013 attraverso esposizioni artistiche itineranti che approfondiscono tematiche che riguardano la persona umana e l\u2019ambiente circostante \u2013 collaborando con artisti contemporanei.<\/p>\n<p>In stretta correlazione con i Curatori (Angelo Piazzoli, Segretario Generale di Fondazione Creberg, e Tarcisio Tironi, Direttore del MACS di Romano di Lombardia), Fabio Agliardi ha realizzato quindici pannelli (150&#215;150 cm) dedicati al tema della misericordia. Nelle tele sono raffigurate le sette opere di misericordia corporale e le sette opere di misericordia spirituale, mentre il quindicesimo dipinto raffigura \u201cLa cura della Casa Comune\u201d, innovativa opera di misericordia delineata da Papa Francesco nel suo messaggio del 1\u00b0 settembre 2016 per la giornata mondiale dipreghiera per la cura del Creato. In tutti i dipinti sono state inserite rappresentazioni di luoghi o monumenti della citt\u00e0 di Bergamo e della provincia, selezionati dall\u2019artista per meglio esplicitare ilmessaggio.<\/p>\n<p>A causa delle restrizioni sanitarie, la mostra <em>La fantasia della Carit\u00e0 <\/em>non \u00e8 stata allestita nel Salone Principale di Palazzo Creberg; come gi\u00e0 evidenziato in premessa, dal 12 giugno 2020 \u00e8 stato pubblicato, sul sito (<a href=\"http:\/\/www.fondazionecreberg.it\/\">www.fondazionecreberg.it<\/a>) e sui canali social della Fondazione, un video che consente una accurata visita virtuale.<\/p>\n<p>Ora \u2013 grazie alla collaborazione della Fondazione Credito Bergamasco con il M.A.C.S. di Romano di Lombardia, con Grumello Arte e con la Parrocchia di Sant\u2019 Andrea in Citt\u00e0 Alta \u2013 l\u2019esposizione sar\u00e0 resa visibile al pubblico, dal vivo, riprendendo l\u2019esperienza itinerante nel pieno rispetto delle normative sanitarie vigenti. Presso le sedi di mostra sar\u00e0 distribuito gratuitamente ai visitatori il catalogo edito dalla Fondazione, il cui PDF sar\u00e0 comunque visibile e scaricabile dal sito di Fondazione Creberg a partire dal 18 settembre 2020.<\/p>\n<p>La prima tappa si terr\u00e0 a Romano di Lombardia presso la Basilica di San Defendente (19 settembre \u2013 11 ottobre) con presentazione il giorno 19 settembre alle ore 17.30.<\/p>\n<p>Seguir\u00e0 poi Grumello del Monte presso la Chiesa SS. Trinit\u00e0 (17 ottobre \u2013 15 novembre) con presentazione il giorno 17 ottobre alle ore 16.00 nella Chiesa Parrocchiale.<\/p>\n<p>L\u2019ultima tappa sar\u00e0 in Bergamo Alta presso la Chiesa di Sant\u2019Andrea (28 novembre \u201320 dicembre), con presentazione il giorno 27 novembre alle ore 18.00.<\/p>\n<p>Grazie alla sensibilit\u00e0 della famiglia dell\u2019artista \u2013 che ha dato seguito ad una intesa verbale intercorsa a suo tempo tra Fabio Agliardi e il Segretario Generale della Fondazione \u2013 le quindici opere sono state acquisite da Fondazione Creberg che, al termine del percorso espositivo itinerante, ne far\u00e0 dono ad enti e associazioni del territorio che, a giudizio della Fondazione stessa, ne siano particolarmente meritevoli o per esercizio di una particolare opera di misericordia (raffigurata nel dipinto donato) o per rilevanza del ruolo sociale e civile svolto nella comunit\u00e0.<\/p>\n<p>Mediante questo ulteriore gesto la Fondazione intende ricordare adeguatamente la figura di Fabio Agliardi, scomparso il 13 aprile 2020, Luned\u00ec dell&#8217;Angelo, non superando gravi complicazioni derivanti da infezione da virus Covid 19; egli\u00a0rappresenta dunque una delle vittime della terribile epidemia che cos\u00ec duramente ha colpito Bergamo e i nostriterritori.<\/p>\n<p>\u00ab<em>La mostra \u201cLa fantasia della Carit\u00e0\u201d <\/em>\u2013 evidenzia Angelo Piazzoli \u2013 <em>intende ricordare la persona e l&#8217;attivit\u00e0 di Fabio Agliardi attraverso quindici opere, monumentali e intense, che mai avremmo pensato avrebbero costituito un mirabile testamento spirituale e artistico; la loro donazione a formazioni sociali e la loro collocazione in luoghi pubblici lascer\u00e0 un segno diffuso della mostra e dei suoi intenti culturali in localit\u00e0 del territorio ove le opere di carit\u00e0 vengono quotidianamente declinate nella vita reale\u00bb.<\/em><\/p>\n<p><em>\u00a0<\/em><\/p>\n","protected":false},"excerpt":{"rendered":"<p>Lo scorso 12 giugno \u2013 data originariamente prevista per l\u2019inaugurazione a Palazzo Creberg della mostra La fantasia della Carit\u00e0 \u2013 \u00e8 stato pubblicato sui canali social della Fondazione il suggestivo video che consente la visita virtuale alla esposizione delle opere di FabioAgliardi. Da oltre dieci anni Fondazione Creberg ha ideato e realizzato un progetto culturale che ha come obiettivo la sensibilizzazione del pubblico \u2013 attraverso esposizioni artistiche itineranti che approfondiscono<\/p>\n<p><a class=\"continue-reading\" href=\"https:\/\/www.article-marketing.eu\/comunicatistampa\/la-fantasia-della-carita-opere-di-fabio-agliardi\/\">Continue reading&#8230;<\/a><\/p>\n","protected":false},"author":1855,"featured_media":0,"comment_status":"open","ping_status":"open","sticky":false,"template":"","format":"standard","meta":{"_monsterinsights_skip_tracking":false,"_monsterinsights_sitenote_active":false,"_monsterinsights_sitenote_note":"","_monsterinsights_sitenote_category":0,"footnotes":""},"categories":[392],"tags":[6620],"class_list":["post-15935","post","type-post","status-publish","format-standard","hentry","category-eventi","tag-creberg-lafantasiadellacarita-mostra-arte"],"yoast_head":"<!-- This site is optimized with the Yoast SEO plugin v27.3 - https:\/\/yoast.com\/product\/yoast-seo-wordpress\/ -->\n<title>La fantasia della Carit\u00e0: opere di Fabio Agliardi - Article Marketing<\/title>\n<meta name=\"robots\" content=\"index, follow, max-snippet:-1, max-image-preview:large, max-video-preview:-1\" \/>\n<link rel=\"canonical\" href=\"https:\/\/www.article-marketing.eu\/comunicatistampa\/la-fantasia-della-carita-opere-di-fabio-agliardi\/\" \/>\n<meta property=\"og:locale\" content=\"it_IT\" \/>\n<meta property=\"og:type\" content=\"article\" \/>\n<meta property=\"og:title\" content=\"La fantasia della Carit\u00e0: opere di Fabio Agliardi - Article Marketing\" \/>\n<meta property=\"og:description\" content=\"Lo scorso 12 giugno \u2013 data originariamente prevista per l\u2019inaugurazione a Palazzo Creberg della mostra La fantasia della Carit\u00e0 \u2013 \u00e8 stato pubblicato sui canali social della Fondazione il suggestivo video che consente la visita virtuale alla esposizione delle opere di FabioAgliardi. Da oltre dieci anni Fondazione Creberg ha ideato e realizzato un progetto culturale che ha come obiettivo la sensibilizzazione del pubblico \u2013 attraverso esposizioni artistiche itineranti che approfondisconoContinue reading...\" \/>\n<meta property=\"og:url\" content=\"https:\/\/www.article-marketing.eu\/comunicatistampa\/la-fantasia-della-carita-opere-di-fabio-agliardi\/\" \/>\n<meta property=\"og:site_name\" content=\"Article Marketing\" \/>\n<meta property=\"article:published_time\" content=\"2020-09-10T01:57:57+00:00\" \/>\n<meta name=\"author\" content=\"Redaclem\" \/>\n<meta name=\"twitter:card\" content=\"summary_large_image\" \/>\n<meta name=\"twitter:label1\" content=\"Scritto da\" \/>\n\t<meta name=\"twitter:data1\" content=\"Redaclem\" \/>\n\t<meta name=\"twitter:label2\" content=\"Tempo di lettura stimato\" \/>\n\t<meta name=\"twitter:data2\" content=\"3 minuti\" \/>\n<script type=\"application\/ld+json\" class=\"yoast-schema-graph\">{\"@context\":\"https:\\\/\\\/schema.org\",\"@graph\":[{\"@type\":\"Article\",\"@id\":\"https:\\\/\\\/www.article-marketing.eu\\\/comunicatistampa\\\/la-fantasia-della-carita-opere-di-fabio-agliardi\\\/#article\",\"isPartOf\":{\"@id\":\"https:\\\/\\\/www.article-marketing.eu\\\/comunicatistampa\\\/la-fantasia-della-carita-opere-di-fabio-agliardi\\\/\"},\"author\":{\"name\":\"Redaclem\",\"@id\":\"https:\\\/\\\/www.article-marketing.eu\\\/comunicatistampa\\\/#\\\/schema\\\/person\\\/c0aa725eee5df8460e0adf901fde0c88\"},\"headline\":\"La fantasia della Carit\u00e0: opere di Fabio Agliardi\",\"datePublished\":\"2020-09-10T01:57:57+00:00\",\"mainEntityOfPage\":{\"@id\":\"https:\\\/\\\/www.article-marketing.eu\\\/comunicatistampa\\\/la-fantasia-della-carita-opere-di-fabio-agliardi\\\/\"},\"wordCount\":608,\"commentCount\":0,\"keywords\":[\"#creberg; #lafantasiadellacarit\u00e0; #mostra; #arte\"],\"articleSection\":[\"Eventi\"],\"inLanguage\":\"it-IT\",\"potentialAction\":[{\"@type\":\"CommentAction\",\"name\":\"Comment\",\"target\":[\"https:\\\/\\\/www.article-marketing.eu\\\/comunicatistampa\\\/la-fantasia-della-carita-opere-di-fabio-agliardi\\\/#respond\"]}]},{\"@type\":\"WebPage\",\"@id\":\"https:\\\/\\\/www.article-marketing.eu\\\/comunicatistampa\\\/la-fantasia-della-carita-opere-di-fabio-agliardi\\\/\",\"url\":\"https:\\\/\\\/www.article-marketing.eu\\\/comunicatistampa\\\/la-fantasia-della-carita-opere-di-fabio-agliardi\\\/\",\"name\":\"La fantasia della Carit\u00e0: opere di Fabio Agliardi - Article Marketing\",\"isPartOf\":{\"@id\":\"https:\\\/\\\/www.article-marketing.eu\\\/comunicatistampa\\\/#website\"},\"datePublished\":\"2020-09-10T01:57:57+00:00\",\"author\":{\"@id\":\"https:\\\/\\\/www.article-marketing.eu\\\/comunicatistampa\\\/#\\\/schema\\\/person\\\/c0aa725eee5df8460e0adf901fde0c88\"},\"breadcrumb\":{\"@id\":\"https:\\\/\\\/www.article-marketing.eu\\\/comunicatistampa\\\/la-fantasia-della-carita-opere-di-fabio-agliardi\\\/#breadcrumb\"},\"inLanguage\":\"it-IT\",\"potentialAction\":[{\"@type\":\"ReadAction\",\"target\":[\"https:\\\/\\\/www.article-marketing.eu\\\/comunicatistampa\\\/la-fantasia-della-carita-opere-di-fabio-agliardi\\\/\"]}]},{\"@type\":\"BreadcrumbList\",\"@id\":\"https:\\\/\\\/www.article-marketing.eu\\\/comunicatistampa\\\/la-fantasia-della-carita-opere-di-fabio-agliardi\\\/#breadcrumb\",\"itemListElement\":[{\"@type\":\"ListItem\",\"position\":1,\"name\":\"Home\",\"item\":\"https:\\\/\\\/www.article-marketing.eu\\\/comunicatistampa\\\/\"},{\"@type\":\"ListItem\",\"position\":2,\"name\":\"La fantasia della Carit\u00e0: opere di Fabio Agliardi\"}]},{\"@type\":\"WebSite\",\"@id\":\"https:\\\/\\\/www.article-marketing.eu\\\/comunicatistampa\\\/#website\",\"url\":\"https:\\\/\\\/www.article-marketing.eu\\\/comunicatistampa\\\/\",\"name\":\"Article Marketing\",\"description\":\"article marketing &amp; press release\",\"potentialAction\":[{\"@type\":\"SearchAction\",\"target\":{\"@type\":\"EntryPoint\",\"urlTemplate\":\"https:\\\/\\\/www.article-marketing.eu\\\/comunicatistampa\\\/?s={search_term_string}\"},\"query-input\":{\"@type\":\"PropertyValueSpecification\",\"valueRequired\":true,\"valueName\":\"search_term_string\"}}],\"inLanguage\":\"it-IT\"},{\"@type\":\"Person\",\"@id\":\"https:\\\/\\\/www.article-marketing.eu\\\/comunicatistampa\\\/#\\\/schema\\\/person\\\/c0aa725eee5df8460e0adf901fde0c88\",\"name\":\"Redaclem\",\"image\":{\"@type\":\"ImageObject\",\"inLanguage\":\"it-IT\",\"@id\":\"https:\\\/\\\/secure.gravatar.com\\\/avatar\\\/4c7e41f332a0583344a91d7d39723533da9b2d0df7737c2d8c69553168c2191e?s=96&d=mm&r=g\",\"url\":\"https:\\\/\\\/secure.gravatar.com\\\/avatar\\\/4c7e41f332a0583344a91d7d39723533da9b2d0df7737c2d8c69553168c2191e?s=96&d=mm&r=g\",\"contentUrl\":\"https:\\\/\\\/secure.gravatar.com\\\/avatar\\\/4c7e41f332a0583344a91d7d39723533da9b2d0df7737c2d8c69553168c2191e?s=96&d=mm&r=g\",\"caption\":\"Redaclem\"},\"url\":\"https:\\\/\\\/www.article-marketing.eu\\\/comunicatistampa\\\/author\\\/redaclem\\\/\"}]}<\/script>\n<!-- \/ Yoast SEO plugin. -->","yoast_head_json":{"title":"La fantasia della Carit\u00e0: opere di Fabio Agliardi - Article Marketing","robots":{"index":"index","follow":"follow","max-snippet":"max-snippet:-1","max-image-preview":"max-image-preview:large","max-video-preview":"max-video-preview:-1"},"canonical":"https:\/\/www.article-marketing.eu\/comunicatistampa\/la-fantasia-della-carita-opere-di-fabio-agliardi\/","og_locale":"it_IT","og_type":"article","og_title":"La fantasia della Carit\u00e0: opere di Fabio Agliardi - Article Marketing","og_description":"Lo scorso 12 giugno \u2013 data originariamente prevista per l\u2019inaugurazione a Palazzo Creberg della mostra La fantasia della Carit\u00e0 \u2013 \u00e8 stato pubblicato sui canali social della Fondazione il suggestivo video che consente la visita virtuale alla esposizione delle opere di FabioAgliardi. Da oltre dieci anni Fondazione Creberg ha ideato e realizzato un progetto culturale che ha come obiettivo la sensibilizzazione del pubblico \u2013 attraverso esposizioni artistiche itineranti che approfondisconoContinue reading...","og_url":"https:\/\/www.article-marketing.eu\/comunicatistampa\/la-fantasia-della-carita-opere-di-fabio-agliardi\/","og_site_name":"Article Marketing","article_published_time":"2020-09-10T01:57:57+00:00","author":"Redaclem","twitter_card":"summary_large_image","twitter_misc":{"Scritto da":"Redaclem","Tempo di lettura stimato":"3 minuti"},"schema":{"@context":"https:\/\/schema.org","@graph":[{"@type":"Article","@id":"https:\/\/www.article-marketing.eu\/comunicatistampa\/la-fantasia-della-carita-opere-di-fabio-agliardi\/#article","isPartOf":{"@id":"https:\/\/www.article-marketing.eu\/comunicatistampa\/la-fantasia-della-carita-opere-di-fabio-agliardi\/"},"author":{"name":"Redaclem","@id":"https:\/\/www.article-marketing.eu\/comunicatistampa\/#\/schema\/person\/c0aa725eee5df8460e0adf901fde0c88"},"headline":"La fantasia della Carit\u00e0: opere di Fabio Agliardi","datePublished":"2020-09-10T01:57:57+00:00","mainEntityOfPage":{"@id":"https:\/\/www.article-marketing.eu\/comunicatistampa\/la-fantasia-della-carita-opere-di-fabio-agliardi\/"},"wordCount":608,"commentCount":0,"keywords":["#creberg; #lafantasiadellacarit\u00e0; #mostra; #arte"],"articleSection":["Eventi"],"inLanguage":"it-IT","potentialAction":[{"@type":"CommentAction","name":"Comment","target":["https:\/\/www.article-marketing.eu\/comunicatistampa\/la-fantasia-della-carita-opere-di-fabio-agliardi\/#respond"]}]},{"@type":"WebPage","@id":"https:\/\/www.article-marketing.eu\/comunicatistampa\/la-fantasia-della-carita-opere-di-fabio-agliardi\/","url":"https:\/\/www.article-marketing.eu\/comunicatistampa\/la-fantasia-della-carita-opere-di-fabio-agliardi\/","name":"La fantasia della Carit\u00e0: opere di Fabio Agliardi - Article Marketing","isPartOf":{"@id":"https:\/\/www.article-marketing.eu\/comunicatistampa\/#website"},"datePublished":"2020-09-10T01:57:57+00:00","author":{"@id":"https:\/\/www.article-marketing.eu\/comunicatistampa\/#\/schema\/person\/c0aa725eee5df8460e0adf901fde0c88"},"breadcrumb":{"@id":"https:\/\/www.article-marketing.eu\/comunicatistampa\/la-fantasia-della-carita-opere-di-fabio-agliardi\/#breadcrumb"},"inLanguage":"it-IT","potentialAction":[{"@type":"ReadAction","target":["https:\/\/www.article-marketing.eu\/comunicatistampa\/la-fantasia-della-carita-opere-di-fabio-agliardi\/"]}]},{"@type":"BreadcrumbList","@id":"https:\/\/www.article-marketing.eu\/comunicatistampa\/la-fantasia-della-carita-opere-di-fabio-agliardi\/#breadcrumb","itemListElement":[{"@type":"ListItem","position":1,"name":"Home","item":"https:\/\/www.article-marketing.eu\/comunicatistampa\/"},{"@type":"ListItem","position":2,"name":"La fantasia della Carit\u00e0: opere di Fabio Agliardi"}]},{"@type":"WebSite","@id":"https:\/\/www.article-marketing.eu\/comunicatistampa\/#website","url":"https:\/\/www.article-marketing.eu\/comunicatistampa\/","name":"Article Marketing","description":"article marketing &amp; press release","potentialAction":[{"@type":"SearchAction","target":{"@type":"EntryPoint","urlTemplate":"https:\/\/www.article-marketing.eu\/comunicatistampa\/?s={search_term_string}"},"query-input":{"@type":"PropertyValueSpecification","valueRequired":true,"valueName":"search_term_string"}}],"inLanguage":"it-IT"},{"@type":"Person","@id":"https:\/\/www.article-marketing.eu\/comunicatistampa\/#\/schema\/person\/c0aa725eee5df8460e0adf901fde0c88","name":"Redaclem","image":{"@type":"ImageObject","inLanguage":"it-IT","@id":"https:\/\/secure.gravatar.com\/avatar\/4c7e41f332a0583344a91d7d39723533da9b2d0df7737c2d8c69553168c2191e?s=96&d=mm&r=g","url":"https:\/\/secure.gravatar.com\/avatar\/4c7e41f332a0583344a91d7d39723533da9b2d0df7737c2d8c69553168c2191e?s=96&d=mm&r=g","contentUrl":"https:\/\/secure.gravatar.com\/avatar\/4c7e41f332a0583344a91d7d39723533da9b2d0df7737c2d8c69553168c2191e?s=96&d=mm&r=g","caption":"Redaclem"},"url":"https:\/\/www.article-marketing.eu\/comunicatistampa\/author\/redaclem\/"}]}},"_links":{"self":[{"href":"https:\/\/www.article-marketing.eu\/comunicatistampa\/wp-json\/wp\/v2\/posts\/15935","targetHints":{"allow":["GET"]}}],"collection":[{"href":"https:\/\/www.article-marketing.eu\/comunicatistampa\/wp-json\/wp\/v2\/posts"}],"about":[{"href":"https:\/\/www.article-marketing.eu\/comunicatistampa\/wp-json\/wp\/v2\/types\/post"}],"author":[{"embeddable":true,"href":"https:\/\/www.article-marketing.eu\/comunicatistampa\/wp-json\/wp\/v2\/users\/1855"}],"replies":[{"embeddable":true,"href":"https:\/\/www.article-marketing.eu\/comunicatistampa\/wp-json\/wp\/v2\/comments?post=15935"}],"version-history":[{"count":2,"href":"https:\/\/www.article-marketing.eu\/comunicatistampa\/wp-json\/wp\/v2\/posts\/15935\/revisions"}],"predecessor-version":[{"id":15945,"href":"https:\/\/www.article-marketing.eu\/comunicatistampa\/wp-json\/wp\/v2\/posts\/15935\/revisions\/15945"}],"wp:attachment":[{"href":"https:\/\/www.article-marketing.eu\/comunicatistampa\/wp-json\/wp\/v2\/media?parent=15935"}],"wp:term":[{"taxonomy":"category","embeddable":true,"href":"https:\/\/www.article-marketing.eu\/comunicatistampa\/wp-json\/wp\/v2\/categories?post=15935"},{"taxonomy":"post_tag","embeddable":true,"href":"https:\/\/www.article-marketing.eu\/comunicatistampa\/wp-json\/wp\/v2\/tags?post=15935"}],"curies":[{"name":"wp","href":"https:\/\/api.w.org\/{rel}","templated":true}]}}