{"id":15969,"date":"2020-09-12T00:02:44","date_gmt":"2020-09-11T22:02:44","guid":{"rendered":"https:\/\/www.article-marketing.eu\/comunicatistampa\/?p=15969"},"modified":"2020-09-12T00:02:44","modified_gmt":"2020-09-11T22:02:44","slug":"scuola-in-piemonte-157-000-alunni-cambieranno-mezzo-di-trasporto","status":"publish","type":"post","link":"https:\/\/www.article-marketing.eu\/comunicatistampa\/scuola-in-piemonte-157-000-alunni-cambieranno-mezzo-di-trasporto\/","title":{"rendered":"Scuola: in Piemonte 157.000 alunni cambieranno mezzo di trasporto"},"content":{"rendered":"<p>Paura del Covid, orari di ingresso scaglionati, mezzi pubblici con capacit\u00e0 ridotta: a pochi giorni dall\u2019inizio della scuola, la <strong>mobilit\u00e0 degli studenti<\/strong> rimane uno dei nodi pi\u00f9 critici e molte <strong>famiglie piemontesi<\/strong> dovranno ripensare il modo in cui portare i figli a scuola. Secondo l\u2019indagine commissionata da <a href=\"https:\/\/www.facile.it\/\"><strong>Facile.it<\/strong><\/a> a <em>mUp research<\/em> e <em>Norstat<\/em>, realizzata su un campione rappresentativo* di famiglie italiane con figli dai 2 ai 18 anni, quest\u2019anno in Piemonte pi\u00f9 di <strong>1 alunno su 4<\/strong>, pari a circa <strong>157.000 bambini e ragazzi <\/strong>(<strong>27%<\/strong>) cambier\u00e0, del tutto o in parte, <strong>mezzo di trasporto<\/strong> per il tragitto casa-scuola.<\/p>\n<p><strong>Come si sposteranno gli alunni piemontesi<\/strong><\/p>\n<p>Guardando ai dati relativi al Piemonte emerge che, se fra chi cambier\u00e0 mezzo di trasporto il 61% ha dichiarato di farlo per paura del Covid, a livello generale, forse anche per praticit\u00e0 o mancanza di alternative, <strong>pi\u00f9 di<\/strong> <strong>1 alunno su 2 <\/strong>(53,3%), pari a <strong>circa <\/strong><strong>310.000<\/strong> bambini e ragazzi, raggiungeranno la <strong>scuola in auto, moto o scooter<\/strong>. Il dato \u00e8 ancor pi\u00f9 significativo se si considera che lo scorso anno, ad usare questo tipo di mezzo era il 45,9% degli scolari.<\/p>\n<p>Se, da un lato, aumentano coloro che opteranno per un mezzo privato, dall\u2019altro, a farne le spese, oltre al traffico cittadino e all\u2019inquinamento dell\u2019aria, sar\u00e0 il <strong>trasporto pubblico<\/strong>. Diminuisce il numero di alunni piemontesi che hanno intenzione di utilizzare <strong>autobus o tram; <\/strong>alla ripartenza delle lezioni lo far\u00e0 solo il <strong>16,4%<\/strong>, erano il 19,7% lo scorso anno.<\/p>\n<p>Rimaste stabile la quota di alunni che si affideranno a servizi quali lo scuolabus (4,9%).<\/p>\n<p>Buona notizia, invece, l\u2019aumento di coloro che hanno scelto di <strong>spostarsi a piedi<\/strong>; lo far\u00e0 il 40,2% degli studenti, pari ad oltre 230.000 ragazzi; era il 36,9% lo scorso anno.<\/p>\n<p><strong>Perch\u00e9 si cambia: paura del Covid<\/strong><\/p>\n<p>Se si guarda alle famiglie piemontesi che cambieranno modalit\u00e0 di trasporto, la ragione principale risulta essere <strong>la paura del Covid<\/strong>; il 61% dei nuclei intervistati ha dichiarato che sceglier\u00e0 un altro mezzo di trasporto proprio per evitare di esporre i figli ad un possibile rischio contagio.<\/p>\n<p>La paura del contagio stacca nettamente altre due ragioni che, seppur marginalmente, condizioneranno alcune famiglie piemontesi: il 18% ha ammesso che cambier\u00e0 mezzo a causa dell\u2019orario<strong> di ingresso scaglionato adottato dalla scuola<\/strong> e altrettanti hanno dichiarato di cambiare per <strong>motivi organizzativi interni alla famiglia.<\/strong><\/p>\n<p>Il tragitto casa-scuola preoccupa per\u00f2 anche i piemontesi che non cambieranno mezzo di trasporto; pi\u00f9 di 6 famiglie su 10 (62%), <strong>hanno comunque dichiarato di essere in apprensione<\/strong> per il percorso.<\/p>\n<p>&nbsp;<\/p>\n<p><em>\u00a0<\/em><\/p>\n<p><em>* Metodologia: n. 1.010 interviste CAWI con un campione rappresentativo di individui aventi figli in et\u00e0 scolare (da 2 a 18 anni) sull\u2019intero territorio nazionale. Indagine condotta tra il 3 ed il 4 settembre 2020. <\/em><\/p>\n","protected":false},"excerpt":{"rendered":"<p>Paura del Covid, orari di ingresso scaglionati, mezzi pubblici con capacit\u00e0 ridotta: a pochi giorni dall\u2019inizio della scuola, la mobilit\u00e0 degli studenti rimane uno dei nodi pi\u00f9 critici e molte famiglie piemontesi dovranno ripensare il modo in cui portare i figli a scuola. Secondo l\u2019indagine commissionata da Facile.it a mUp research e Norstat, realizzata su un campione rappresentativo* di famiglie italiane con figli dai 2 ai 18 anni, quest\u2019anno in<\/p>\n<p><a class=\"continue-reading\" href=\"https:\/\/www.article-marketing.eu\/comunicatistampa\/scuola-in-piemonte-157-000-alunni-cambieranno-mezzo-di-trasporto\/\">Continue reading&#8230;<\/a><\/p>\n","protected":false},"author":62,"featured_media":0,"comment_status":"open","ping_status":"open","sticky":false,"template":"","format":"standard","meta":{"_monsterinsights_skip_tracking":false,"_monsterinsights_sitenote_active":false,"_monsterinsights_sitenote_note":"","_monsterinsights_sitenote_category":0,"footnotes":""},"categories":[378,362],"tags":[6082,555,6601,3544,988],"class_list":["post-15969","post","type-post","status-publish","format-standard","hentry","category-istruzione","category-societa","tag-covid","tag-facile-it","tag-mobilita","tag-piemonte","tag-scuola"],"yoast_head":"<!-- This site is optimized with the Yoast SEO plugin v27.3 - https:\/\/yoast.com\/product\/yoast-seo-wordpress\/ -->\n<title>Scuola: in Piemonte 157.000 alunni cambieranno mezzo di trasporto - Article Marketing<\/title>\n<meta name=\"robots\" content=\"index, follow, max-snippet:-1, max-image-preview:large, max-video-preview:-1\" \/>\n<link rel=\"canonical\" href=\"https:\/\/www.article-marketing.eu\/comunicatistampa\/scuola-in-piemonte-157-000-alunni-cambieranno-mezzo-di-trasporto\/\" \/>\n<meta property=\"og:locale\" content=\"it_IT\" \/>\n<meta property=\"og:type\" content=\"article\" \/>\n<meta property=\"og:title\" content=\"Scuola: in Piemonte 157.000 alunni cambieranno mezzo di trasporto - Article Marketing\" \/>\n<meta property=\"og:description\" content=\"Paura del Covid, orari di ingresso scaglionati, mezzi pubblici con capacit\u00e0 ridotta: a pochi giorni dall\u2019inizio della scuola, la mobilit\u00e0 degli studenti rimane uno dei nodi pi\u00f9 critici e molte famiglie piemontesi dovranno ripensare il modo in cui portare i figli a scuola. Secondo l\u2019indagine commissionata da Facile.it a mUp research e Norstat, realizzata su un campione rappresentativo* di famiglie italiane con figli dai 2 ai 18 anni, quest\u2019anno inContinue reading...\" \/>\n<meta property=\"og:url\" content=\"https:\/\/www.article-marketing.eu\/comunicatistampa\/scuola-in-piemonte-157-000-alunni-cambieranno-mezzo-di-trasporto\/\" \/>\n<meta property=\"og:site_name\" content=\"Article Marketing\" \/>\n<meta property=\"article:published_time\" content=\"2020-09-11T22:02:44+00:00\" \/>\n<meta name=\"author\" content=\"Facile.it\" \/>\n<meta name=\"twitter:card\" content=\"summary_large_image\" \/>\n<meta name=\"twitter:label1\" content=\"Scritto da\" \/>\n\t<meta name=\"twitter:data1\" content=\"Facile.it\" \/>\n\t<meta name=\"twitter:label2\" content=\"Tempo di lettura stimato\" \/>\n\t<meta name=\"twitter:data2\" content=\"2 minuti\" \/>\n<script type=\"application\/ld+json\" class=\"yoast-schema-graph\">{\"@context\":\"https:\\\/\\\/schema.org\",\"@graph\":[{\"@type\":\"Article\",\"@id\":\"https:\\\/\\\/www.article-marketing.eu\\\/comunicatistampa\\\/scuola-in-piemonte-157-000-alunni-cambieranno-mezzo-di-trasporto\\\/#article\",\"isPartOf\":{\"@id\":\"https:\\\/\\\/www.article-marketing.eu\\\/comunicatistampa\\\/scuola-in-piemonte-157-000-alunni-cambieranno-mezzo-di-trasporto\\\/\"},\"author\":{\"name\":\"Facile.it\",\"@id\":\"https:\\\/\\\/www.article-marketing.eu\\\/comunicatistampa\\\/#\\\/schema\\\/person\\\/1deca6d9e0cf173abfe76a90ef261a2a\"},\"headline\":\"Scuola: in Piemonte 157.000 alunni cambieranno mezzo di trasporto\",\"datePublished\":\"2020-09-11T22:02:44+00:00\",\"mainEntityOfPage\":{\"@id\":\"https:\\\/\\\/www.article-marketing.eu\\\/comunicatistampa\\\/scuola-in-piemonte-157-000-alunni-cambieranno-mezzo-di-trasporto\\\/\"},\"wordCount\":438,\"commentCount\":0,\"keywords\":[\"#covid\",\"facile.it\",\"mobilit\u00e0\",\"PIemonte\",\"scuola\"],\"articleSection\":[\"Istruzione\",\"Societ\u00e0\"],\"inLanguage\":\"it-IT\",\"potentialAction\":[{\"@type\":\"CommentAction\",\"name\":\"Comment\",\"target\":[\"https:\\\/\\\/www.article-marketing.eu\\\/comunicatistampa\\\/scuola-in-piemonte-157-000-alunni-cambieranno-mezzo-di-trasporto\\\/#respond\"]}]},{\"@type\":\"WebPage\",\"@id\":\"https:\\\/\\\/www.article-marketing.eu\\\/comunicatistampa\\\/scuola-in-piemonte-157-000-alunni-cambieranno-mezzo-di-trasporto\\\/\",\"url\":\"https:\\\/\\\/www.article-marketing.eu\\\/comunicatistampa\\\/scuola-in-piemonte-157-000-alunni-cambieranno-mezzo-di-trasporto\\\/\",\"name\":\"Scuola: in Piemonte 157.000 alunni cambieranno mezzo di trasporto - Article Marketing\",\"isPartOf\":{\"@id\":\"https:\\\/\\\/www.article-marketing.eu\\\/comunicatistampa\\\/#website\"},\"datePublished\":\"2020-09-11T22:02:44+00:00\",\"author\":{\"@id\":\"https:\\\/\\\/www.article-marketing.eu\\\/comunicatistampa\\\/#\\\/schema\\\/person\\\/1deca6d9e0cf173abfe76a90ef261a2a\"},\"breadcrumb\":{\"@id\":\"https:\\\/\\\/www.article-marketing.eu\\\/comunicatistampa\\\/scuola-in-piemonte-157-000-alunni-cambieranno-mezzo-di-trasporto\\\/#breadcrumb\"},\"inLanguage\":\"it-IT\",\"potentialAction\":[{\"@type\":\"ReadAction\",\"target\":[\"https:\\\/\\\/www.article-marketing.eu\\\/comunicatistampa\\\/scuola-in-piemonte-157-000-alunni-cambieranno-mezzo-di-trasporto\\\/\"]}]},{\"@type\":\"BreadcrumbList\",\"@id\":\"https:\\\/\\\/www.article-marketing.eu\\\/comunicatistampa\\\/scuola-in-piemonte-157-000-alunni-cambieranno-mezzo-di-trasporto\\\/#breadcrumb\",\"itemListElement\":[{\"@type\":\"ListItem\",\"position\":1,\"name\":\"Home\",\"item\":\"https:\\\/\\\/www.article-marketing.eu\\\/comunicatistampa\\\/\"},{\"@type\":\"ListItem\",\"position\":2,\"name\":\"Scuola: in Piemonte 157.000 alunni cambieranno mezzo di trasporto\"}]},{\"@type\":\"WebSite\",\"@id\":\"https:\\\/\\\/www.article-marketing.eu\\\/comunicatistampa\\\/#website\",\"url\":\"https:\\\/\\\/www.article-marketing.eu\\\/comunicatistampa\\\/\",\"name\":\"Article Marketing\",\"description\":\"article marketing &amp; press release\",\"potentialAction\":[{\"@type\":\"SearchAction\",\"target\":{\"@type\":\"EntryPoint\",\"urlTemplate\":\"https:\\\/\\\/www.article-marketing.eu\\\/comunicatistampa\\\/?s={search_term_string}\"},\"query-input\":{\"@type\":\"PropertyValueSpecification\",\"valueRequired\":true,\"valueName\":\"search_term_string\"}}],\"inLanguage\":\"it-IT\"},{\"@type\":\"Person\",\"@id\":\"https:\\\/\\\/www.article-marketing.eu\\\/comunicatistampa\\\/#\\\/schema\\\/person\\\/1deca6d9e0cf173abfe76a90ef261a2a\",\"name\":\"Facile.it\",\"image\":{\"@type\":\"ImageObject\",\"inLanguage\":\"it-IT\",\"@id\":\"https:\\\/\\\/secure.gravatar.com\\\/avatar\\\/2623775dfcd174bde1a788a4bc028e9035747fa40886953f4954f56c45cf4b34?s=96&d=mm&r=g\",\"url\":\"https:\\\/\\\/secure.gravatar.com\\\/avatar\\\/2623775dfcd174bde1a788a4bc028e9035747fa40886953f4954f56c45cf4b34?s=96&d=mm&r=g\",\"contentUrl\":\"https:\\\/\\\/secure.gravatar.com\\\/avatar\\\/2623775dfcd174bde1a788a4bc028e9035747fa40886953f4954f56c45cf4b34?s=96&d=mm&r=g\",\"caption\":\"Facile.it\"},\"url\":\"https:\\\/\\\/www.article-marketing.eu\\\/comunicatistampa\\\/author\\\/facile-it\\\/\"}]}<\/script>\n<!-- \/ Yoast SEO plugin. -->","yoast_head_json":{"title":"Scuola: in Piemonte 157.000 alunni cambieranno mezzo di trasporto - Article Marketing","robots":{"index":"index","follow":"follow","max-snippet":"max-snippet:-1","max-image-preview":"max-image-preview:large","max-video-preview":"max-video-preview:-1"},"canonical":"https:\/\/www.article-marketing.eu\/comunicatistampa\/scuola-in-piemonte-157-000-alunni-cambieranno-mezzo-di-trasporto\/","og_locale":"it_IT","og_type":"article","og_title":"Scuola: in Piemonte 157.000 alunni cambieranno mezzo di trasporto - Article Marketing","og_description":"Paura del Covid, orari di ingresso scaglionati, mezzi pubblici con capacit\u00e0 ridotta: a pochi giorni dall\u2019inizio della scuola, la mobilit\u00e0 degli studenti rimane uno dei nodi pi\u00f9 critici e molte famiglie piemontesi dovranno ripensare il modo in cui portare i figli a scuola. Secondo l\u2019indagine commissionata da Facile.it a mUp research e Norstat, realizzata su un campione rappresentativo* di famiglie italiane con figli dai 2 ai 18 anni, quest\u2019anno inContinue reading...","og_url":"https:\/\/www.article-marketing.eu\/comunicatistampa\/scuola-in-piemonte-157-000-alunni-cambieranno-mezzo-di-trasporto\/","og_site_name":"Article Marketing","article_published_time":"2020-09-11T22:02:44+00:00","author":"Facile.it","twitter_card":"summary_large_image","twitter_misc":{"Scritto da":"Facile.it","Tempo di lettura stimato":"2 minuti"},"schema":{"@context":"https:\/\/schema.org","@graph":[{"@type":"Article","@id":"https:\/\/www.article-marketing.eu\/comunicatistampa\/scuola-in-piemonte-157-000-alunni-cambieranno-mezzo-di-trasporto\/#article","isPartOf":{"@id":"https:\/\/www.article-marketing.eu\/comunicatistampa\/scuola-in-piemonte-157-000-alunni-cambieranno-mezzo-di-trasporto\/"},"author":{"name":"Facile.it","@id":"https:\/\/www.article-marketing.eu\/comunicatistampa\/#\/schema\/person\/1deca6d9e0cf173abfe76a90ef261a2a"},"headline":"Scuola: in Piemonte 157.000 alunni cambieranno mezzo di trasporto","datePublished":"2020-09-11T22:02:44+00:00","mainEntityOfPage":{"@id":"https:\/\/www.article-marketing.eu\/comunicatistampa\/scuola-in-piemonte-157-000-alunni-cambieranno-mezzo-di-trasporto\/"},"wordCount":438,"commentCount":0,"keywords":["#covid","facile.it","mobilit\u00e0","PIemonte","scuola"],"articleSection":["Istruzione","Societ\u00e0"],"inLanguage":"it-IT","potentialAction":[{"@type":"CommentAction","name":"Comment","target":["https:\/\/www.article-marketing.eu\/comunicatistampa\/scuola-in-piemonte-157-000-alunni-cambieranno-mezzo-di-trasporto\/#respond"]}]},{"@type":"WebPage","@id":"https:\/\/www.article-marketing.eu\/comunicatistampa\/scuola-in-piemonte-157-000-alunni-cambieranno-mezzo-di-trasporto\/","url":"https:\/\/www.article-marketing.eu\/comunicatistampa\/scuola-in-piemonte-157-000-alunni-cambieranno-mezzo-di-trasporto\/","name":"Scuola: in Piemonte 157.000 alunni cambieranno mezzo di trasporto - Article Marketing","isPartOf":{"@id":"https:\/\/www.article-marketing.eu\/comunicatistampa\/#website"},"datePublished":"2020-09-11T22:02:44+00:00","author":{"@id":"https:\/\/www.article-marketing.eu\/comunicatistampa\/#\/schema\/person\/1deca6d9e0cf173abfe76a90ef261a2a"},"breadcrumb":{"@id":"https:\/\/www.article-marketing.eu\/comunicatistampa\/scuola-in-piemonte-157-000-alunni-cambieranno-mezzo-di-trasporto\/#breadcrumb"},"inLanguage":"it-IT","potentialAction":[{"@type":"ReadAction","target":["https:\/\/www.article-marketing.eu\/comunicatistampa\/scuola-in-piemonte-157-000-alunni-cambieranno-mezzo-di-trasporto\/"]}]},{"@type":"BreadcrumbList","@id":"https:\/\/www.article-marketing.eu\/comunicatistampa\/scuola-in-piemonte-157-000-alunni-cambieranno-mezzo-di-trasporto\/#breadcrumb","itemListElement":[{"@type":"ListItem","position":1,"name":"Home","item":"https:\/\/www.article-marketing.eu\/comunicatistampa\/"},{"@type":"ListItem","position":2,"name":"Scuola: in Piemonte 157.000 alunni cambieranno mezzo di trasporto"}]},{"@type":"WebSite","@id":"https:\/\/www.article-marketing.eu\/comunicatistampa\/#website","url":"https:\/\/www.article-marketing.eu\/comunicatistampa\/","name":"Article Marketing","description":"article marketing &amp; press release","potentialAction":[{"@type":"SearchAction","target":{"@type":"EntryPoint","urlTemplate":"https:\/\/www.article-marketing.eu\/comunicatistampa\/?s={search_term_string}"},"query-input":{"@type":"PropertyValueSpecification","valueRequired":true,"valueName":"search_term_string"}}],"inLanguage":"it-IT"},{"@type":"Person","@id":"https:\/\/www.article-marketing.eu\/comunicatistampa\/#\/schema\/person\/1deca6d9e0cf173abfe76a90ef261a2a","name":"Facile.it","image":{"@type":"ImageObject","inLanguage":"it-IT","@id":"https:\/\/secure.gravatar.com\/avatar\/2623775dfcd174bde1a788a4bc028e9035747fa40886953f4954f56c45cf4b34?s=96&d=mm&r=g","url":"https:\/\/secure.gravatar.com\/avatar\/2623775dfcd174bde1a788a4bc028e9035747fa40886953f4954f56c45cf4b34?s=96&d=mm&r=g","contentUrl":"https:\/\/secure.gravatar.com\/avatar\/2623775dfcd174bde1a788a4bc028e9035747fa40886953f4954f56c45cf4b34?s=96&d=mm&r=g","caption":"Facile.it"},"url":"https:\/\/www.article-marketing.eu\/comunicatistampa\/author\/facile-it\/"}]}},"_links":{"self":[{"href":"https:\/\/www.article-marketing.eu\/comunicatistampa\/wp-json\/wp\/v2\/posts\/15969","targetHints":{"allow":["GET"]}}],"collection":[{"href":"https:\/\/www.article-marketing.eu\/comunicatistampa\/wp-json\/wp\/v2\/posts"}],"about":[{"href":"https:\/\/www.article-marketing.eu\/comunicatistampa\/wp-json\/wp\/v2\/types\/post"}],"author":[{"embeddable":true,"href":"https:\/\/www.article-marketing.eu\/comunicatistampa\/wp-json\/wp\/v2\/users\/62"}],"replies":[{"embeddable":true,"href":"https:\/\/www.article-marketing.eu\/comunicatistampa\/wp-json\/wp\/v2\/comments?post=15969"}],"version-history":[{"count":2,"href":"https:\/\/www.article-marketing.eu\/comunicatistampa\/wp-json\/wp\/v2\/posts\/15969\/revisions"}],"predecessor-version":[{"id":15976,"href":"https:\/\/www.article-marketing.eu\/comunicatistampa\/wp-json\/wp\/v2\/posts\/15969\/revisions\/15976"}],"wp:attachment":[{"href":"https:\/\/www.article-marketing.eu\/comunicatistampa\/wp-json\/wp\/v2\/media?parent=15969"}],"wp:term":[{"taxonomy":"category","embeddable":true,"href":"https:\/\/www.article-marketing.eu\/comunicatistampa\/wp-json\/wp\/v2\/categories?post=15969"},{"taxonomy":"post_tag","embeddable":true,"href":"https:\/\/www.article-marketing.eu\/comunicatistampa\/wp-json\/wp\/v2\/tags?post=15969"}],"curies":[{"name":"wp","href":"https:\/\/api.w.org\/{rel}","templated":true}]}}