{"id":15984,"date":"2020-09-14T20:10:11","date_gmt":"2020-09-14T18:10:11","guid":{"rendered":"https:\/\/www.article-marketing.eu\/comunicatistampa\/?p=15984"},"modified":"2020-09-14T20:10:11","modified_gmt":"2020-09-14T18:10:11","slug":"cheesemine-al-via-la-stagionatura-dei-formaggi-nelle-miniere-di-dossena","status":"publish","type":"post","link":"https:\/\/www.article-marketing.eu\/comunicatistampa\/cheesemine-al-via-la-stagionatura-dei-formaggi-nelle-miniere-di-dossena\/","title":{"rendered":"&#8220;CheeseMine&#8221;, al via la stagionatura dei formaggi nelle miniere di Dossena"},"content":{"rendered":"<p>\u00c8 stato presentato sabato 12 settembre a Dossena, uno dei borghi pi\u00f9 autentici della Lombardia, il progetto \u201cCheeseMine. Percorso di sperimentazione della stagionatura dei formaggi nelle miniere di Dossena\u201d, attraverso cui la rete dei partner \u2013 6 aziende agricole locali, Istituto di Scienze delle Produzioni Alimentari del Consiglio Nazionale delle Ricerche (ISPA \u2013 CNR), I Rais Societ\u00e0 Cooperativa di Comunit\u00e0 e Universit\u00e0 degli Studi di Milano (DEFENS, DISAA) \u2013 intende sperimentare una nuova soluzione per la stagionatura dei formaggi da attuare nelle miniere di Dossena, recentemente riaperte al pubblico a scopo turistico.<\/p>\n<p>L\u2019Assessore all\u2019Agricoltura, Alimentazione e Sistemi Verdi di Regione Lombardia Fabio Rolfi, dopo aver visitato le miniere, ha dichiarato: \u201cLe caratteristiche sensoriali della stagionatura in miniera, diverse da quelle delle stesse produzioni stagionate nelle celle aziendali, fornirebbero un\u2019importante opportunit\u00e0 di differenziazione della produzione casearia, tagliando i costi aziendali e riconoscendo un valore aggiunto al prodotto, che diviene cos\u00ec fortemente identitario. \u2013 spiega l\u2019assessore Rolfi \u2013 L\u2019innovazione comporta cambiamenti che, se ben programmati come in questo caso, non possono far altro che apportare benefici all\u2019ecosistema locale, ad aziende e cittadini\u201d.<\/p>\n<p>Il percorso di valorizzazione delle produzioni casearie tipiche punta a tre obiettivi: l\u2019innovazione del processo produttivo in una logica partecipativa, la valorizzazione dei prodotti tipici per la tutela di ambiente e territorio e infine il contributo alla mitigazione ai cambiamenti climatici conservando le strutture produttive di alta montagna. La speranza \u00e8 che sempre pi\u00f9 aziende aderiscano al progetto, incentivate anche dalle divulgazioni scientifiche che documenteranno i risultati raggiunti nel corso del tempo.<\/p>\n<p>\u201cIl progetto CheeseMine nasce dalla sollecitazione di alcuni produttori che hanno individuato nella stagionatura in miniera l\u2019opportunit\u00e0 di valorizzare i loro formaggi. Il percorso che abbiamo intrapreso parte quindi dalla scelta dei formaggi del territorio che meglio si prestano alla stagionatura in miniera e fornir\u00e0 elementi analitici per la valorizzazione dei prodotti, tra cui lo studio del microbiota di crosta, le caratteristiche compositive e il profilo aromatico dichiara Milena Brasca, Primo Ricercatore dell\u2019Istituto di Scienze delle Produzioni Alimentari del Consiglio Nazionale delle Ricerche (ISPA-CNR)&#8221;.<\/p>\n<p>\u201cNella sua prima fase, il progetto \u00e8 stato indirizzato allo studio di processi di caseificazione che consentissero di ottenere formaggi idonei alla stagionatura nelle miniere di Dossena. Sono stati redatti tre Disciplinari di produzione di formaggi, due da latte vaccino e uno da latte di capra, le cui caratteristiche chimiche, nutrizionali e sensoriali saranno conferite dalle peculiarit\u00e0 delle condizioni ambientali delle miniere di Dossena, dichiara Stefano Cattaneo, Ricercatore del Dipartimento di Scienze per gli Alimenti, la Nutrizione e l\u2019Ambiente dell\u2019Universit\u00e0 degli Studi di Milano\u201d.<\/p>\n<p>\u201cPer la realizzazione del progetto Cheesemine sono state valutate le caratteristiche aziendali e la produzione dei foraggi da prati e pascoli locali, che garantiscano il collegamento con il territorio di Dossena e la capacit\u00e0 di sostenere produzioni zootecniche tipiche, oltre alla necessit\u00e0 di aprirsi ad innovazioni sostenibili, dichiara Alberto Tamburini, Professore del Dipartimento di Scienze Agrarie e Ambientali dell\u2019Universit\u00e0 degli Studi di Milano\u201d.<\/p>\n<p>\u201cCheeseMine nasce con l\u2019intento di non fermarsi ai partner di partenza, ma punta a espandersi con il tempo, coinvolgendo sempre pi\u00f9 realt\u00e0. \u2013 commenta il sindaco di Dossena Fabio Bonzi, che ha patrocinato l\u2019iniziativa \u2013 La particolarit\u00e0 del territorio di Dossena, ricco di miniere, \u00e8 un forte incentivo a sfruttare al meglio le risorse naturali che abbiamo a disposizione, sempre nel rispetto dell\u2019ambiente, per dare alle nostre eccellenze gastronomiche e aziende locali il riconoscimento che meritano\u201d.<\/p>\n<p>\u201cTale iniziativa rappresenta il primo step di un percorso di valorizzazione delle produzioni casearie tipiche; persegue, pertanto, l\u2019obiettivo ultimo di salvaguardare non solo il territorio e i suoi abitanti ma anche le pratiche agricole quali elementi di attrattivit\u00e0 e resilienza. \u2013 dichiara Patrizio Musitelli, Direttore GAL Valle Brembana 2020 \u2013 GAL Valle Brembana 2020 ha assunto il ruolo di Innovation Broker, coordinando i lavori e le relazioni tra i soggetti del partenariato e i network nazionali e europei\u201d.<\/p>\n<p>La realizzazione dell\u2019iniziativa CheeseMine, della durata di 30 mesi e che vedr\u00e0 i primi risultati il prossimo anno, \u00e8 resa possibile grazie al finanziamento ottenuto da Regione Lombardia in risposta all&#8217;approvazione del progetto presentato dal gruppo operativo, coordinato da GAL Valle Brembana 2020.<\/p>\n","protected":false},"excerpt":{"rendered":"<p>\u00c8 stato presentato sabato 12 settembre a Dossena, uno dei borghi pi\u00f9 autentici della Lombardia, il progetto \u201cCheeseMine. Percorso di sperimentazione della stagionatura dei formaggi nelle miniere di Dossena\u201d, attraverso cui la rete dei partner \u2013 6 aziende agricole locali, Istituto di Scienze delle Produzioni Alimentari del Consiglio Nazionale delle Ricerche (ISPA \u2013 CNR), I Rais Societ\u00e0 Cooperativa di Comunit\u00e0 e Universit\u00e0 degli Studi di Milano (DEFENS, DISAA) \u2013 intende<\/p>\n<p><a class=\"continue-reading\" href=\"https:\/\/www.article-marketing.eu\/comunicatistampa\/cheesemine-al-via-la-stagionatura-dei-formaggi-nelle-miniere-di-dossena\/\">Continue reading&#8230;<\/a><\/p>\n","protected":false},"author":1855,"featured_media":0,"comment_status":"open","ping_status":"open","sticky":false,"template":"","format":"standard","meta":{"_monsterinsights_skip_tracking":false,"_monsterinsights_sitenote_active":false,"_monsterinsights_sitenote_note":"","_monsterinsights_sitenote_category":0,"footnotes":""},"categories":[392,393],"tags":[6450,6637,6638,1987],"class_list":["post-15984","post","type-post","status-publish","format-standard","hentry","category-eventi","category-prodotti","tag-dossena","tag-miniere","tag-stagionatura","tag-formaggi"],"yoast_head":"<!-- This site is optimized with the Yoast SEO plugin v27.3 - https:\/\/yoast.com\/product\/yoast-seo-wordpress\/ -->\n<title>&quot;CheeseMine&quot;, al via la stagionatura dei formaggi nelle miniere di Dossena - Article Marketing<\/title>\n<meta name=\"robots\" content=\"index, follow, max-snippet:-1, max-image-preview:large, max-video-preview:-1\" \/>\n<link rel=\"canonical\" href=\"https:\/\/www.article-marketing.eu\/comunicatistampa\/cheesemine-al-via-la-stagionatura-dei-formaggi-nelle-miniere-di-dossena\/\" \/>\n<meta property=\"og:locale\" content=\"it_IT\" \/>\n<meta property=\"og:type\" content=\"article\" \/>\n<meta property=\"og:title\" content=\"&quot;CheeseMine&quot;, al via la stagionatura dei formaggi nelle miniere di Dossena - Article Marketing\" \/>\n<meta property=\"og:description\" content=\"\u00c8 stato presentato sabato 12 settembre a Dossena, uno dei borghi pi\u00f9 autentici della Lombardia, il progetto \u201cCheeseMine. Percorso di sperimentazione della stagionatura dei formaggi nelle miniere di Dossena\u201d, attraverso cui la rete dei partner \u2013 6 aziende agricole locali, Istituto di Scienze delle Produzioni Alimentari del Consiglio Nazionale delle Ricerche (ISPA \u2013 CNR), I Rais Societ\u00e0 Cooperativa di Comunit\u00e0 e Universit\u00e0 degli Studi di Milano (DEFENS, DISAA) \u2013 intendeContinue reading...\" \/>\n<meta property=\"og:url\" content=\"https:\/\/www.article-marketing.eu\/comunicatistampa\/cheesemine-al-via-la-stagionatura-dei-formaggi-nelle-miniere-di-dossena\/\" \/>\n<meta property=\"og:site_name\" content=\"Article Marketing\" \/>\n<meta property=\"article:published_time\" content=\"2020-09-14T18:10:11+00:00\" \/>\n<meta name=\"author\" content=\"Redaclem\" \/>\n<meta name=\"twitter:card\" content=\"summary_large_image\" \/>\n<meta name=\"twitter:label1\" content=\"Scritto da\" \/>\n\t<meta name=\"twitter:data1\" content=\"Redaclem\" \/>\n\t<meta name=\"twitter:label2\" content=\"Tempo di lettura stimato\" \/>\n\t<meta name=\"twitter:data2\" content=\"3 minuti\" \/>\n<script type=\"application\/ld+json\" class=\"yoast-schema-graph\">{\"@context\":\"https:\\\/\\\/schema.org\",\"@graph\":[{\"@type\":\"Article\",\"@id\":\"https:\\\/\\\/www.article-marketing.eu\\\/comunicatistampa\\\/cheesemine-al-via-la-stagionatura-dei-formaggi-nelle-miniere-di-dossena\\\/#article\",\"isPartOf\":{\"@id\":\"https:\\\/\\\/www.article-marketing.eu\\\/comunicatistampa\\\/cheesemine-al-via-la-stagionatura-dei-formaggi-nelle-miniere-di-dossena\\\/\"},\"author\":{\"name\":\"Redaclem\",\"@id\":\"https:\\\/\\\/www.article-marketing.eu\\\/comunicatistampa\\\/#\\\/schema\\\/person\\\/c0aa725eee5df8460e0adf901fde0c88\"},\"headline\":\"&#8220;CheeseMine&#8221;, al via la stagionatura dei formaggi nelle miniere di Dossena\",\"datePublished\":\"2020-09-14T18:10:11+00:00\",\"mainEntityOfPage\":{\"@id\":\"https:\\\/\\\/www.article-marketing.eu\\\/comunicatistampa\\\/cheesemine-al-via-la-stagionatura-dei-formaggi-nelle-miniere-di-dossena\\\/\"},\"wordCount\":688,\"commentCount\":0,\"keywords\":[\"#dossena\",\"#miniere\",\"#stagionatura\",\"formaggi\"],\"articleSection\":[\"Eventi\",\"Prodotti\"],\"inLanguage\":\"it-IT\",\"potentialAction\":[{\"@type\":\"CommentAction\",\"name\":\"Comment\",\"target\":[\"https:\\\/\\\/www.article-marketing.eu\\\/comunicatistampa\\\/cheesemine-al-via-la-stagionatura-dei-formaggi-nelle-miniere-di-dossena\\\/#respond\"]}]},{\"@type\":\"WebPage\",\"@id\":\"https:\\\/\\\/www.article-marketing.eu\\\/comunicatistampa\\\/cheesemine-al-via-la-stagionatura-dei-formaggi-nelle-miniere-di-dossena\\\/\",\"url\":\"https:\\\/\\\/www.article-marketing.eu\\\/comunicatistampa\\\/cheesemine-al-via-la-stagionatura-dei-formaggi-nelle-miniere-di-dossena\\\/\",\"name\":\"\\\"CheeseMine\\\", al via la stagionatura dei formaggi nelle miniere di Dossena - Article Marketing\",\"isPartOf\":{\"@id\":\"https:\\\/\\\/www.article-marketing.eu\\\/comunicatistampa\\\/#website\"},\"datePublished\":\"2020-09-14T18:10:11+00:00\",\"author\":{\"@id\":\"https:\\\/\\\/www.article-marketing.eu\\\/comunicatistampa\\\/#\\\/schema\\\/person\\\/c0aa725eee5df8460e0adf901fde0c88\"},\"breadcrumb\":{\"@id\":\"https:\\\/\\\/www.article-marketing.eu\\\/comunicatistampa\\\/cheesemine-al-via-la-stagionatura-dei-formaggi-nelle-miniere-di-dossena\\\/#breadcrumb\"},\"inLanguage\":\"it-IT\",\"potentialAction\":[{\"@type\":\"ReadAction\",\"target\":[\"https:\\\/\\\/www.article-marketing.eu\\\/comunicatistampa\\\/cheesemine-al-via-la-stagionatura-dei-formaggi-nelle-miniere-di-dossena\\\/\"]}]},{\"@type\":\"BreadcrumbList\",\"@id\":\"https:\\\/\\\/www.article-marketing.eu\\\/comunicatistampa\\\/cheesemine-al-via-la-stagionatura-dei-formaggi-nelle-miniere-di-dossena\\\/#breadcrumb\",\"itemListElement\":[{\"@type\":\"ListItem\",\"position\":1,\"name\":\"Home\",\"item\":\"https:\\\/\\\/www.article-marketing.eu\\\/comunicatistampa\\\/\"},{\"@type\":\"ListItem\",\"position\":2,\"name\":\"&#8220;CheeseMine&#8221;, al via la stagionatura dei formaggi nelle miniere di Dossena\"}]},{\"@type\":\"WebSite\",\"@id\":\"https:\\\/\\\/www.article-marketing.eu\\\/comunicatistampa\\\/#website\",\"url\":\"https:\\\/\\\/www.article-marketing.eu\\\/comunicatistampa\\\/\",\"name\":\"Article Marketing\",\"description\":\"article marketing &amp; press release\",\"potentialAction\":[{\"@type\":\"SearchAction\",\"target\":{\"@type\":\"EntryPoint\",\"urlTemplate\":\"https:\\\/\\\/www.article-marketing.eu\\\/comunicatistampa\\\/?s={search_term_string}\"},\"query-input\":{\"@type\":\"PropertyValueSpecification\",\"valueRequired\":true,\"valueName\":\"search_term_string\"}}],\"inLanguage\":\"it-IT\"},{\"@type\":\"Person\",\"@id\":\"https:\\\/\\\/www.article-marketing.eu\\\/comunicatistampa\\\/#\\\/schema\\\/person\\\/c0aa725eee5df8460e0adf901fde0c88\",\"name\":\"Redaclem\",\"image\":{\"@type\":\"ImageObject\",\"inLanguage\":\"it-IT\",\"@id\":\"https:\\\/\\\/secure.gravatar.com\\\/avatar\\\/4c7e41f332a0583344a91d7d39723533da9b2d0df7737c2d8c69553168c2191e?s=96&d=mm&r=g\",\"url\":\"https:\\\/\\\/secure.gravatar.com\\\/avatar\\\/4c7e41f332a0583344a91d7d39723533da9b2d0df7737c2d8c69553168c2191e?s=96&d=mm&r=g\",\"contentUrl\":\"https:\\\/\\\/secure.gravatar.com\\\/avatar\\\/4c7e41f332a0583344a91d7d39723533da9b2d0df7737c2d8c69553168c2191e?s=96&d=mm&r=g\",\"caption\":\"Redaclem\"},\"url\":\"https:\\\/\\\/www.article-marketing.eu\\\/comunicatistampa\\\/author\\\/redaclem\\\/\"}]}<\/script>\n<!-- \/ Yoast SEO plugin. -->","yoast_head_json":{"title":"\"CheeseMine\", al via la stagionatura dei formaggi nelle miniere di Dossena - Article Marketing","robots":{"index":"index","follow":"follow","max-snippet":"max-snippet:-1","max-image-preview":"max-image-preview:large","max-video-preview":"max-video-preview:-1"},"canonical":"https:\/\/www.article-marketing.eu\/comunicatistampa\/cheesemine-al-via-la-stagionatura-dei-formaggi-nelle-miniere-di-dossena\/","og_locale":"it_IT","og_type":"article","og_title":"\"CheeseMine\", al via la stagionatura dei formaggi nelle miniere di Dossena - Article Marketing","og_description":"\u00c8 stato presentato sabato 12 settembre a Dossena, uno dei borghi pi\u00f9 autentici della Lombardia, il progetto \u201cCheeseMine. Percorso di sperimentazione della stagionatura dei formaggi nelle miniere di Dossena\u201d, attraverso cui la rete dei partner \u2013 6 aziende agricole locali, Istituto di Scienze delle Produzioni Alimentari del Consiglio Nazionale delle Ricerche (ISPA \u2013 CNR), I Rais Societ\u00e0 Cooperativa di Comunit\u00e0 e Universit\u00e0 degli Studi di Milano (DEFENS, DISAA) \u2013 intendeContinue reading...","og_url":"https:\/\/www.article-marketing.eu\/comunicatistampa\/cheesemine-al-via-la-stagionatura-dei-formaggi-nelle-miniere-di-dossena\/","og_site_name":"Article Marketing","article_published_time":"2020-09-14T18:10:11+00:00","author":"Redaclem","twitter_card":"summary_large_image","twitter_misc":{"Scritto da":"Redaclem","Tempo di lettura stimato":"3 minuti"},"schema":{"@context":"https:\/\/schema.org","@graph":[{"@type":"Article","@id":"https:\/\/www.article-marketing.eu\/comunicatistampa\/cheesemine-al-via-la-stagionatura-dei-formaggi-nelle-miniere-di-dossena\/#article","isPartOf":{"@id":"https:\/\/www.article-marketing.eu\/comunicatistampa\/cheesemine-al-via-la-stagionatura-dei-formaggi-nelle-miniere-di-dossena\/"},"author":{"name":"Redaclem","@id":"https:\/\/www.article-marketing.eu\/comunicatistampa\/#\/schema\/person\/c0aa725eee5df8460e0adf901fde0c88"},"headline":"&#8220;CheeseMine&#8221;, al via la stagionatura dei formaggi nelle miniere di Dossena","datePublished":"2020-09-14T18:10:11+00:00","mainEntityOfPage":{"@id":"https:\/\/www.article-marketing.eu\/comunicatistampa\/cheesemine-al-via-la-stagionatura-dei-formaggi-nelle-miniere-di-dossena\/"},"wordCount":688,"commentCount":0,"keywords":["#dossena","#miniere","#stagionatura","formaggi"],"articleSection":["Eventi","Prodotti"],"inLanguage":"it-IT","potentialAction":[{"@type":"CommentAction","name":"Comment","target":["https:\/\/www.article-marketing.eu\/comunicatistampa\/cheesemine-al-via-la-stagionatura-dei-formaggi-nelle-miniere-di-dossena\/#respond"]}]},{"@type":"WebPage","@id":"https:\/\/www.article-marketing.eu\/comunicatistampa\/cheesemine-al-via-la-stagionatura-dei-formaggi-nelle-miniere-di-dossena\/","url":"https:\/\/www.article-marketing.eu\/comunicatistampa\/cheesemine-al-via-la-stagionatura-dei-formaggi-nelle-miniere-di-dossena\/","name":"\"CheeseMine\", al via la stagionatura dei formaggi nelle miniere di Dossena - Article Marketing","isPartOf":{"@id":"https:\/\/www.article-marketing.eu\/comunicatistampa\/#website"},"datePublished":"2020-09-14T18:10:11+00:00","author":{"@id":"https:\/\/www.article-marketing.eu\/comunicatistampa\/#\/schema\/person\/c0aa725eee5df8460e0adf901fde0c88"},"breadcrumb":{"@id":"https:\/\/www.article-marketing.eu\/comunicatistampa\/cheesemine-al-via-la-stagionatura-dei-formaggi-nelle-miniere-di-dossena\/#breadcrumb"},"inLanguage":"it-IT","potentialAction":[{"@type":"ReadAction","target":["https:\/\/www.article-marketing.eu\/comunicatistampa\/cheesemine-al-via-la-stagionatura-dei-formaggi-nelle-miniere-di-dossena\/"]}]},{"@type":"BreadcrumbList","@id":"https:\/\/www.article-marketing.eu\/comunicatistampa\/cheesemine-al-via-la-stagionatura-dei-formaggi-nelle-miniere-di-dossena\/#breadcrumb","itemListElement":[{"@type":"ListItem","position":1,"name":"Home","item":"https:\/\/www.article-marketing.eu\/comunicatistampa\/"},{"@type":"ListItem","position":2,"name":"&#8220;CheeseMine&#8221;, al via la stagionatura dei formaggi nelle miniere di Dossena"}]},{"@type":"WebSite","@id":"https:\/\/www.article-marketing.eu\/comunicatistampa\/#website","url":"https:\/\/www.article-marketing.eu\/comunicatistampa\/","name":"Article Marketing","description":"article marketing &amp; press release","potentialAction":[{"@type":"SearchAction","target":{"@type":"EntryPoint","urlTemplate":"https:\/\/www.article-marketing.eu\/comunicatistampa\/?s={search_term_string}"},"query-input":{"@type":"PropertyValueSpecification","valueRequired":true,"valueName":"search_term_string"}}],"inLanguage":"it-IT"},{"@type":"Person","@id":"https:\/\/www.article-marketing.eu\/comunicatistampa\/#\/schema\/person\/c0aa725eee5df8460e0adf901fde0c88","name":"Redaclem","image":{"@type":"ImageObject","inLanguage":"it-IT","@id":"https:\/\/secure.gravatar.com\/avatar\/4c7e41f332a0583344a91d7d39723533da9b2d0df7737c2d8c69553168c2191e?s=96&d=mm&r=g","url":"https:\/\/secure.gravatar.com\/avatar\/4c7e41f332a0583344a91d7d39723533da9b2d0df7737c2d8c69553168c2191e?s=96&d=mm&r=g","contentUrl":"https:\/\/secure.gravatar.com\/avatar\/4c7e41f332a0583344a91d7d39723533da9b2d0df7737c2d8c69553168c2191e?s=96&d=mm&r=g","caption":"Redaclem"},"url":"https:\/\/www.article-marketing.eu\/comunicatistampa\/author\/redaclem\/"}]}},"_links":{"self":[{"href":"https:\/\/www.article-marketing.eu\/comunicatistampa\/wp-json\/wp\/v2\/posts\/15984","targetHints":{"allow":["GET"]}}],"collection":[{"href":"https:\/\/www.article-marketing.eu\/comunicatistampa\/wp-json\/wp\/v2\/posts"}],"about":[{"href":"https:\/\/www.article-marketing.eu\/comunicatistampa\/wp-json\/wp\/v2\/types\/post"}],"author":[{"embeddable":true,"href":"https:\/\/www.article-marketing.eu\/comunicatistampa\/wp-json\/wp\/v2\/users\/1855"}],"replies":[{"embeddable":true,"href":"https:\/\/www.article-marketing.eu\/comunicatistampa\/wp-json\/wp\/v2\/comments?post=15984"}],"version-history":[{"count":2,"href":"https:\/\/www.article-marketing.eu\/comunicatistampa\/wp-json\/wp\/v2\/posts\/15984\/revisions"}],"predecessor-version":[{"id":16001,"href":"https:\/\/www.article-marketing.eu\/comunicatistampa\/wp-json\/wp\/v2\/posts\/15984\/revisions\/16001"}],"wp:attachment":[{"href":"https:\/\/www.article-marketing.eu\/comunicatistampa\/wp-json\/wp\/v2\/media?parent=15984"}],"wp:term":[{"taxonomy":"category","embeddable":true,"href":"https:\/\/www.article-marketing.eu\/comunicatistampa\/wp-json\/wp\/v2\/categories?post=15984"},{"taxonomy":"post_tag","embeddable":true,"href":"https:\/\/www.article-marketing.eu\/comunicatistampa\/wp-json\/wp\/v2\/tags?post=15984"}],"curies":[{"name":"wp","href":"https:\/\/api.w.org\/{rel}","templated":true}]}}