{"id":15994,"date":"2020-09-15T04:07:27","date_gmt":"2020-09-15T02:07:27","guid":{"rendered":"https:\/\/www.article-marketing.eu\/comunicatistampa\/?p=15994"},"modified":"2020-09-15T04:07:27","modified_gmt":"2020-09-15T02:07:27","slug":"scuola-in-sicilia-230-000-alunni-cambieranno-mezzo-di-trasporto","status":"publish","type":"post","link":"https:\/\/www.article-marketing.eu\/comunicatistampa\/scuola-in-sicilia-230-000-alunni-cambieranno-mezzo-di-trasporto\/","title":{"rendered":"Scuola: in Sicilia 230.000 alunni cambieranno mezzo di trasporto"},"content":{"rendered":"<p>Paura del Covid, orari di ingresso scaglionati, mezzi pubblici con capacit\u00e0 ridotta: la campanella \u00e8 gi\u00e0 suonata in molte scuole, ma la <strong>mobilit\u00e0 degli studenti<\/strong> rimane uno dei nodi pi\u00f9 critici e molte <strong>famiglie siciliane<\/strong> dovranno ripensare il modo in cui portare i figli a scuola. Secondo l\u2019indagine commissionata da <a href=\"https:\/\/www.facile.it\/\"><strong>Facile.it<\/strong><\/a> a <em>mUp research<\/em> e <em>Norstat<\/em>, realizzata su un campione rappresentativo* di famiglie italiane con figli dai 2 ai 18 anni, quest\u2019anno in Sicilia quasi <strong>1 alunno su 3<\/strong>, pari a circa <strong>230.000 \u00a0bambini e ragazzi <\/strong>(<strong>30,6%<\/strong>) cambier\u00e0, del tutto o in parte, <strong>mezzo di trasporto<\/strong> per il tragitto casa-scuola.<\/p>\n<p><strong>Come si sposteranno gli alunni siciliani<\/strong><\/p>\n<p>Guardando ai dati relativi alla <strong>Sicilia<\/strong> emerge che, se fra chi cambier\u00e0 mezzo di trasporto il 58% ha dichiarato di farlo per paura del Covid, a livello generale, forse anche per praticit\u00e0 o mancanza di alternative, <strong>pi\u00f9 di<\/strong> <strong>7 alunni su 10<\/strong> (70,2%), pari a <strong>circa <\/strong><strong>530.000<\/strong> bambini e ragazzi, raggiungeranno la <strong>scuola in auto, moto o scooter<\/strong>. Il dato \u00e8 ancor pi\u00f9 significativo se si considera che lo scorso anno, ad usare questi mezzi, era il 62,9% degli scolari.<\/p>\n<p>Se, da un lato, aumentano coloro che opteranno per un mezzo privato, dall\u2019altro, a farne le spese, oltre al traffico cittadino e all\u2019inquinamento dell\u2019aria, sar\u00e0 il <strong>trasporto pubblico<\/strong>. Diminuisce il numero di alunni siciliani che hanno intenzione di utilizzare <strong>autobus o tram; <\/strong>alla ripartenza delle lezioni lo far\u00e0 l\u2019<strong>8,9%<\/strong>, erano il 12,9% lo scorso anno. La percentuale di chi si affider\u00e0 al trasporto pubblico risulta nettamente inferiore a quella nazionale (15%); ad incidere sul dato, probabilmente, un servizio pubblico non sempre efficiente e, pi\u00f9 in generale, una minore fiducia da parte delle famiglie.<\/p>\n<p>E se il 2% si sposter\u00e0 in <strong>treno o metro<\/strong>, gli alunni che si affideranno a servizi quali lo <strong>scuolabus<\/strong> saranno il <strong>2,4%<\/strong>, percentuale in <strong>netto calo<\/strong> rispetto a quella dello scorso anno (7,3%).<\/p>\n<p>Buona notizia, invece, l\u2019aumento, seppur lieve, di coloro che hanno scelto di <strong>spostarsi a piedi<\/strong>; lo faranno il 27,4% degli studenti, pari a circa 207.000 alunni; erano il 26,6%, lo scorso anno.<\/p>\n<p><strong>Perch\u00e9 si cambia: paura del Covid <\/strong><\/p>\n<p>Se si guarda alle famiglie siciliane che cambieranno modalit\u00e0 di trasporto, la ragione principale risulta essere <strong>la paura del Covid<\/strong>; il 58% dei nuclei intervistati ha dichiarato che sceglier\u00e0 un altro mezzo di trasporto proprio per evitare di esporre i figli ad un possibile rischio contagio.<\/p>\n<p>La paura del contagio batte un\u2019altra problematica sentita dalle famiglie siciliane: il 29% ha ammesso che cambier\u00e0 mezzo a causa dell\u2019orario<strong> di ingresso scaglionato adottato dalla scuola.<\/strong><\/p>\n<p>Il 24%, infine, ha scelto di rivedere le modalit\u00e0 di trasporto per motivi organizzativi interni alla famiglia.<\/p>\n<p>Il tragitto casa-scuola preoccupa per\u00f2 anche i siciliani che non cambieranno mezzo di trasporto; quasi 7 famiglie su 10 (68%), <strong>hanno comunque dichiarato di essere in apprensione<\/strong> per il percorso.<\/p>\n<p><strong>\u00a0<\/strong><\/p>\n<p><strong>\u00a0<\/strong><\/p>\n<p><em>\u00a0<\/em><\/p>\n<p><em>\u00a0<\/em><\/p>\n<p><em>* Metodologia: n. 1.010 interviste CAWI con un campione rappresentativo di individui aventi figli in et\u00e0 scolare (da 2 a 18 anni) sull\u2019intero territorio nazionale. Indagine condotta tra il 3 ed il 4 settembre 2020. <\/em><\/p>\n","protected":false},"excerpt":{"rendered":"<p>Paura del Covid, orari di ingresso scaglionati, mezzi pubblici con capacit\u00e0 ridotta: la campanella \u00e8 gi\u00e0 suonata in molte scuole, ma la mobilit\u00e0 degli studenti rimane uno dei nodi pi\u00f9 critici e molte famiglie siciliane dovranno ripensare il modo in cui portare i figli a scuola. Secondo l\u2019indagine commissionata da Facile.it a mUp research e Norstat, realizzata su un campione rappresentativo* di famiglie italiane con figli dai 2 ai 18<\/p>\n<p><a class=\"continue-reading\" href=\"https:\/\/www.article-marketing.eu\/comunicatistampa\/scuola-in-sicilia-230-000-alunni-cambieranno-mezzo-di-trasporto\/\">Continue reading&#8230;<\/a><\/p>\n","protected":false},"author":62,"featured_media":0,"comment_status":"open","ping_status":"open","sticky":false,"template":"","format":"standard","meta":{"_monsterinsights_skip_tracking":false,"_monsterinsights_sitenote_active":false,"_monsterinsights_sitenote_note":"","_monsterinsights_sitenote_category":0,"footnotes":""},"categories":[378,362],"tags":[6082,555,6643,6601,988,906],"class_list":["post-15994","post","type-post","status-publish","format-standard","hentry","category-istruzione","category-societa","tag-covid","tag-facile-it","tag-mezzi-di-trasporto","tag-mobilita","tag-scuola","tag-sicilia"],"yoast_head":"<!-- This site is optimized with the Yoast SEO plugin v27.3 - https:\/\/yoast.com\/product\/yoast-seo-wordpress\/ -->\n<title>Scuola: in Sicilia 230.000 alunni cambieranno mezzo di trasporto - Article Marketing<\/title>\n<meta name=\"robots\" content=\"index, follow, max-snippet:-1, max-image-preview:large, max-video-preview:-1\" \/>\n<link rel=\"canonical\" href=\"https:\/\/www.article-marketing.eu\/comunicatistampa\/scuola-in-sicilia-230-000-alunni-cambieranno-mezzo-di-trasporto\/\" \/>\n<meta property=\"og:locale\" content=\"it_IT\" \/>\n<meta property=\"og:type\" content=\"article\" \/>\n<meta property=\"og:title\" content=\"Scuola: in Sicilia 230.000 alunni cambieranno mezzo di trasporto - Article Marketing\" \/>\n<meta property=\"og:description\" content=\"Paura del Covid, orari di ingresso scaglionati, mezzi pubblici con capacit\u00e0 ridotta: la campanella \u00e8 gi\u00e0 suonata in molte scuole, ma la mobilit\u00e0 degli studenti rimane uno dei nodi pi\u00f9 critici e molte famiglie siciliane dovranno ripensare il modo in cui portare i figli a scuola. Secondo l\u2019indagine commissionata da Facile.it a mUp research e Norstat, realizzata su un campione rappresentativo* di famiglie italiane con figli dai 2 ai 18Continue reading...\" \/>\n<meta property=\"og:url\" content=\"https:\/\/www.article-marketing.eu\/comunicatistampa\/scuola-in-sicilia-230-000-alunni-cambieranno-mezzo-di-trasporto\/\" \/>\n<meta property=\"og:site_name\" content=\"Article Marketing\" \/>\n<meta property=\"article:published_time\" content=\"2020-09-15T02:07:27+00:00\" \/>\n<meta name=\"author\" content=\"Facile.it\" \/>\n<meta name=\"twitter:card\" content=\"summary_large_image\" \/>\n<meta name=\"twitter:label1\" content=\"Scritto da\" \/>\n\t<meta name=\"twitter:data1\" content=\"Facile.it\" \/>\n\t<meta name=\"twitter:label2\" content=\"Tempo di lettura stimato\" \/>\n\t<meta name=\"twitter:data2\" content=\"2 minuti\" \/>\n<script type=\"application\/ld+json\" class=\"yoast-schema-graph\">{\"@context\":\"https:\\\/\\\/schema.org\",\"@graph\":[{\"@type\":\"Article\",\"@id\":\"https:\\\/\\\/www.article-marketing.eu\\\/comunicatistampa\\\/scuola-in-sicilia-230-000-alunni-cambieranno-mezzo-di-trasporto\\\/#article\",\"isPartOf\":{\"@id\":\"https:\\\/\\\/www.article-marketing.eu\\\/comunicatistampa\\\/scuola-in-sicilia-230-000-alunni-cambieranno-mezzo-di-trasporto\\\/\"},\"author\":{\"name\":\"Facile.it\",\"@id\":\"https:\\\/\\\/www.article-marketing.eu\\\/comunicatistampa\\\/#\\\/schema\\\/person\\\/1deca6d9e0cf173abfe76a90ef261a2a\"},\"headline\":\"Scuola: in Sicilia 230.000 alunni cambieranno mezzo di trasporto\",\"datePublished\":\"2020-09-15T02:07:27+00:00\",\"mainEntityOfPage\":{\"@id\":\"https:\\\/\\\/www.article-marketing.eu\\\/comunicatistampa\\\/scuola-in-sicilia-230-000-alunni-cambieranno-mezzo-di-trasporto\\\/\"},\"wordCount\":489,\"commentCount\":0,\"keywords\":[\"#covid\",\"facile.it\",\"mezzi di trasporto\",\"mobilit\u00e0\",\"scuola\",\"Sicilia\"],\"articleSection\":[\"Istruzione\",\"Societ\u00e0\"],\"inLanguage\":\"it-IT\",\"potentialAction\":[{\"@type\":\"CommentAction\",\"name\":\"Comment\",\"target\":[\"https:\\\/\\\/www.article-marketing.eu\\\/comunicatistampa\\\/scuola-in-sicilia-230-000-alunni-cambieranno-mezzo-di-trasporto\\\/#respond\"]}]},{\"@type\":\"WebPage\",\"@id\":\"https:\\\/\\\/www.article-marketing.eu\\\/comunicatistampa\\\/scuola-in-sicilia-230-000-alunni-cambieranno-mezzo-di-trasporto\\\/\",\"url\":\"https:\\\/\\\/www.article-marketing.eu\\\/comunicatistampa\\\/scuola-in-sicilia-230-000-alunni-cambieranno-mezzo-di-trasporto\\\/\",\"name\":\"Scuola: in Sicilia 230.000 alunni cambieranno mezzo di trasporto - Article Marketing\",\"isPartOf\":{\"@id\":\"https:\\\/\\\/www.article-marketing.eu\\\/comunicatistampa\\\/#website\"},\"datePublished\":\"2020-09-15T02:07:27+00:00\",\"author\":{\"@id\":\"https:\\\/\\\/www.article-marketing.eu\\\/comunicatistampa\\\/#\\\/schema\\\/person\\\/1deca6d9e0cf173abfe76a90ef261a2a\"},\"breadcrumb\":{\"@id\":\"https:\\\/\\\/www.article-marketing.eu\\\/comunicatistampa\\\/scuola-in-sicilia-230-000-alunni-cambieranno-mezzo-di-trasporto\\\/#breadcrumb\"},\"inLanguage\":\"it-IT\",\"potentialAction\":[{\"@type\":\"ReadAction\",\"target\":[\"https:\\\/\\\/www.article-marketing.eu\\\/comunicatistampa\\\/scuola-in-sicilia-230-000-alunni-cambieranno-mezzo-di-trasporto\\\/\"]}]},{\"@type\":\"BreadcrumbList\",\"@id\":\"https:\\\/\\\/www.article-marketing.eu\\\/comunicatistampa\\\/scuola-in-sicilia-230-000-alunni-cambieranno-mezzo-di-trasporto\\\/#breadcrumb\",\"itemListElement\":[{\"@type\":\"ListItem\",\"position\":1,\"name\":\"Home\",\"item\":\"https:\\\/\\\/www.article-marketing.eu\\\/comunicatistampa\\\/\"},{\"@type\":\"ListItem\",\"position\":2,\"name\":\"Scuola: in Sicilia 230.000 alunni cambieranno mezzo di trasporto\"}]},{\"@type\":\"WebSite\",\"@id\":\"https:\\\/\\\/www.article-marketing.eu\\\/comunicatistampa\\\/#website\",\"url\":\"https:\\\/\\\/www.article-marketing.eu\\\/comunicatistampa\\\/\",\"name\":\"Article Marketing\",\"description\":\"article marketing &amp; press release\",\"potentialAction\":[{\"@type\":\"SearchAction\",\"target\":{\"@type\":\"EntryPoint\",\"urlTemplate\":\"https:\\\/\\\/www.article-marketing.eu\\\/comunicatistampa\\\/?s={search_term_string}\"},\"query-input\":{\"@type\":\"PropertyValueSpecification\",\"valueRequired\":true,\"valueName\":\"search_term_string\"}}],\"inLanguage\":\"it-IT\"},{\"@type\":\"Person\",\"@id\":\"https:\\\/\\\/www.article-marketing.eu\\\/comunicatistampa\\\/#\\\/schema\\\/person\\\/1deca6d9e0cf173abfe76a90ef261a2a\",\"name\":\"Facile.it\",\"image\":{\"@type\":\"ImageObject\",\"inLanguage\":\"it-IT\",\"@id\":\"https:\\\/\\\/secure.gravatar.com\\\/avatar\\\/2623775dfcd174bde1a788a4bc028e9035747fa40886953f4954f56c45cf4b34?s=96&d=mm&r=g\",\"url\":\"https:\\\/\\\/secure.gravatar.com\\\/avatar\\\/2623775dfcd174bde1a788a4bc028e9035747fa40886953f4954f56c45cf4b34?s=96&d=mm&r=g\",\"contentUrl\":\"https:\\\/\\\/secure.gravatar.com\\\/avatar\\\/2623775dfcd174bde1a788a4bc028e9035747fa40886953f4954f56c45cf4b34?s=96&d=mm&r=g\",\"caption\":\"Facile.it\"},\"url\":\"https:\\\/\\\/www.article-marketing.eu\\\/comunicatistampa\\\/author\\\/facile-it\\\/\"}]}<\/script>\n<!-- \/ Yoast SEO plugin. -->","yoast_head_json":{"title":"Scuola: in Sicilia 230.000 alunni cambieranno mezzo di trasporto - Article Marketing","robots":{"index":"index","follow":"follow","max-snippet":"max-snippet:-1","max-image-preview":"max-image-preview:large","max-video-preview":"max-video-preview:-1"},"canonical":"https:\/\/www.article-marketing.eu\/comunicatistampa\/scuola-in-sicilia-230-000-alunni-cambieranno-mezzo-di-trasporto\/","og_locale":"it_IT","og_type":"article","og_title":"Scuola: in Sicilia 230.000 alunni cambieranno mezzo di trasporto - Article Marketing","og_description":"Paura del Covid, orari di ingresso scaglionati, mezzi pubblici con capacit\u00e0 ridotta: la campanella \u00e8 gi\u00e0 suonata in molte scuole, ma la mobilit\u00e0 degli studenti rimane uno dei nodi pi\u00f9 critici e molte famiglie siciliane dovranno ripensare il modo in cui portare i figli a scuola. Secondo l\u2019indagine commissionata da Facile.it a mUp research e Norstat, realizzata su un campione rappresentativo* di famiglie italiane con figli dai 2 ai 18Continue reading...","og_url":"https:\/\/www.article-marketing.eu\/comunicatistampa\/scuola-in-sicilia-230-000-alunni-cambieranno-mezzo-di-trasporto\/","og_site_name":"Article Marketing","article_published_time":"2020-09-15T02:07:27+00:00","author":"Facile.it","twitter_card":"summary_large_image","twitter_misc":{"Scritto da":"Facile.it","Tempo di lettura stimato":"2 minuti"},"schema":{"@context":"https:\/\/schema.org","@graph":[{"@type":"Article","@id":"https:\/\/www.article-marketing.eu\/comunicatistampa\/scuola-in-sicilia-230-000-alunni-cambieranno-mezzo-di-trasporto\/#article","isPartOf":{"@id":"https:\/\/www.article-marketing.eu\/comunicatistampa\/scuola-in-sicilia-230-000-alunni-cambieranno-mezzo-di-trasporto\/"},"author":{"name":"Facile.it","@id":"https:\/\/www.article-marketing.eu\/comunicatistampa\/#\/schema\/person\/1deca6d9e0cf173abfe76a90ef261a2a"},"headline":"Scuola: in Sicilia 230.000 alunni cambieranno mezzo di trasporto","datePublished":"2020-09-15T02:07:27+00:00","mainEntityOfPage":{"@id":"https:\/\/www.article-marketing.eu\/comunicatistampa\/scuola-in-sicilia-230-000-alunni-cambieranno-mezzo-di-trasporto\/"},"wordCount":489,"commentCount":0,"keywords":["#covid","facile.it","mezzi di trasporto","mobilit\u00e0","scuola","Sicilia"],"articleSection":["Istruzione","Societ\u00e0"],"inLanguage":"it-IT","potentialAction":[{"@type":"CommentAction","name":"Comment","target":["https:\/\/www.article-marketing.eu\/comunicatistampa\/scuola-in-sicilia-230-000-alunni-cambieranno-mezzo-di-trasporto\/#respond"]}]},{"@type":"WebPage","@id":"https:\/\/www.article-marketing.eu\/comunicatistampa\/scuola-in-sicilia-230-000-alunni-cambieranno-mezzo-di-trasporto\/","url":"https:\/\/www.article-marketing.eu\/comunicatistampa\/scuola-in-sicilia-230-000-alunni-cambieranno-mezzo-di-trasporto\/","name":"Scuola: in Sicilia 230.000 alunni cambieranno mezzo di trasporto - Article Marketing","isPartOf":{"@id":"https:\/\/www.article-marketing.eu\/comunicatistampa\/#website"},"datePublished":"2020-09-15T02:07:27+00:00","author":{"@id":"https:\/\/www.article-marketing.eu\/comunicatistampa\/#\/schema\/person\/1deca6d9e0cf173abfe76a90ef261a2a"},"breadcrumb":{"@id":"https:\/\/www.article-marketing.eu\/comunicatistampa\/scuola-in-sicilia-230-000-alunni-cambieranno-mezzo-di-trasporto\/#breadcrumb"},"inLanguage":"it-IT","potentialAction":[{"@type":"ReadAction","target":["https:\/\/www.article-marketing.eu\/comunicatistampa\/scuola-in-sicilia-230-000-alunni-cambieranno-mezzo-di-trasporto\/"]}]},{"@type":"BreadcrumbList","@id":"https:\/\/www.article-marketing.eu\/comunicatistampa\/scuola-in-sicilia-230-000-alunni-cambieranno-mezzo-di-trasporto\/#breadcrumb","itemListElement":[{"@type":"ListItem","position":1,"name":"Home","item":"https:\/\/www.article-marketing.eu\/comunicatistampa\/"},{"@type":"ListItem","position":2,"name":"Scuola: in Sicilia 230.000 alunni cambieranno mezzo di trasporto"}]},{"@type":"WebSite","@id":"https:\/\/www.article-marketing.eu\/comunicatistampa\/#website","url":"https:\/\/www.article-marketing.eu\/comunicatistampa\/","name":"Article Marketing","description":"article marketing &amp; press release","potentialAction":[{"@type":"SearchAction","target":{"@type":"EntryPoint","urlTemplate":"https:\/\/www.article-marketing.eu\/comunicatistampa\/?s={search_term_string}"},"query-input":{"@type":"PropertyValueSpecification","valueRequired":true,"valueName":"search_term_string"}}],"inLanguage":"it-IT"},{"@type":"Person","@id":"https:\/\/www.article-marketing.eu\/comunicatistampa\/#\/schema\/person\/1deca6d9e0cf173abfe76a90ef261a2a","name":"Facile.it","image":{"@type":"ImageObject","inLanguage":"it-IT","@id":"https:\/\/secure.gravatar.com\/avatar\/2623775dfcd174bde1a788a4bc028e9035747fa40886953f4954f56c45cf4b34?s=96&d=mm&r=g","url":"https:\/\/secure.gravatar.com\/avatar\/2623775dfcd174bde1a788a4bc028e9035747fa40886953f4954f56c45cf4b34?s=96&d=mm&r=g","contentUrl":"https:\/\/secure.gravatar.com\/avatar\/2623775dfcd174bde1a788a4bc028e9035747fa40886953f4954f56c45cf4b34?s=96&d=mm&r=g","caption":"Facile.it"},"url":"https:\/\/www.article-marketing.eu\/comunicatistampa\/author\/facile-it\/"}]}},"_links":{"self":[{"href":"https:\/\/www.article-marketing.eu\/comunicatistampa\/wp-json\/wp\/v2\/posts\/15994","targetHints":{"allow":["GET"]}}],"collection":[{"href":"https:\/\/www.article-marketing.eu\/comunicatistampa\/wp-json\/wp\/v2\/posts"}],"about":[{"href":"https:\/\/www.article-marketing.eu\/comunicatistampa\/wp-json\/wp\/v2\/types\/post"}],"author":[{"embeddable":true,"href":"https:\/\/www.article-marketing.eu\/comunicatistampa\/wp-json\/wp\/v2\/users\/62"}],"replies":[{"embeddable":true,"href":"https:\/\/www.article-marketing.eu\/comunicatistampa\/wp-json\/wp\/v2\/comments?post=15994"}],"version-history":[{"count":2,"href":"https:\/\/www.article-marketing.eu\/comunicatistampa\/wp-json\/wp\/v2\/posts\/15994\/revisions"}],"predecessor-version":[{"id":16009,"href":"https:\/\/www.article-marketing.eu\/comunicatistampa\/wp-json\/wp\/v2\/posts\/15994\/revisions\/16009"}],"wp:attachment":[{"href":"https:\/\/www.article-marketing.eu\/comunicatistampa\/wp-json\/wp\/v2\/media?parent=15994"}],"wp:term":[{"taxonomy":"category","embeddable":true,"href":"https:\/\/www.article-marketing.eu\/comunicatistampa\/wp-json\/wp\/v2\/categories?post=15994"},{"taxonomy":"post_tag","embeddable":true,"href":"https:\/\/www.article-marketing.eu\/comunicatistampa\/wp-json\/wp\/v2\/tags?post=15994"}],"curies":[{"name":"wp","href":"https:\/\/api.w.org\/{rel}","templated":true}]}}