{"id":16022,"date":"2020-09-17T09:36:22","date_gmt":"2020-09-17T07:36:22","guid":{"rendered":"https:\/\/www.article-marketing.eu\/comunicatistampa\/?p=16022"},"modified":"2020-09-17T09:36:22","modified_gmt":"2020-09-17T07:36:22","slug":"i-nostri-cani-e-la-loro-cuccia","status":"publish","type":"post","link":"https:\/\/www.article-marketing.eu\/comunicatistampa\/i-nostri-cani-e-la-loro-cuccia\/","title":{"rendered":"I nostri cani e la loro cuccia"},"content":{"rendered":"<p>Chi ha un cane sa quanto la cuccia sia importante per il proprio amico a quattro zampe. Le cucce sono il luogo dove il nostro peloso pu\u00f2 riposarsi e rifugiarsi, un luogo di <strong>relax<\/strong> dove l\u2019animale si deve sentire protetto e a proprio agio. La scelta della giusta <strong>cuccia<\/strong> \u00e8 quindi di fondamentale importanza e non pu\u00f2 avvenire con leggerezza. Per questo motivo e per dimostrare al nostro cane quanto lo amiamo, cosa ne pensate di scegliere per il vostro caro animale domestico una <a href=\"https:\/\/www.cucciolotta.com\/2018\/10\/26\/cucce-design-cani\/\">cuccia di design<\/a>?<\/p>\n<h2>Ce n\u2019\u00e8 per tutti i gusti<\/h2>\n<p>Qualunque sia la razza o la taglia del vostro cane, ci saranno sicuramente delle cucce adatte a lui o a lei. Di varie dimensioni e colori, le <strong>cucce di design<\/strong> sono progettate appositamente sia per rendere pi\u00f9 comoda la vita al proprio cane che per stupire eventuali ospiti. Se per voi la bellezza e la qualit\u00e0 dei materiali \u00e8 importante e amate la moda, allora la scelta di una cuccia di design per il vostro cucciolo di casa \u00e8 d\u2019obbligo. Anche i cani infatti amano la comodit\u00e0 e la bellezza, e di sicuro sapranno apprezzare l\u2019aspetto gradevole della propria cuccia. Oggigiorno sempre pi\u00f9 persone sono consapevoli del fatto che fido sia un vero e proprio componente della famiglia e che, in quanto tale, ha il diritto di avere una bella cuccia e di ricevere le giuste attenzioni. Andiamo ora a vedere quali possono essere gli accorgimenti che \u00e8 necessario adottare quando ci si accinge a scegliere una <strong>cuccia di design<\/strong> per il proprio cane.<\/p>\n<h2>Come scegliere la cuccia<\/h2>\n<p>Bisogna per\u00f2 specificare che la scelta di una cuccia di design non \u00e8 spesso facile, in quanto spesso i rivenditori di cucce di design hanno un\u2019ampia gamma di <strong>cucce<\/strong> tra cui scegliere. La grande variet\u00e0 di scelta spesso rende difficile prendere una decisione. Per questo motivo \u00e8 importante considerare determinati fattori per essere sicuri di scegliere la cuccia di design giusta per il proprio cane. Prima di tutto bisogna considerare le esigenze del cane e andare a scegliere la cuccia che potrebbe essere pi\u00f9 comoda per lui. Se infatti il cane \u00e8 di taglia grossa non \u00e8 pratico scegliere una cuccia che di fatto non gli permette di stare comodo. Bisogna poi pensare alla <strong>personalit\u00e0<\/strong> del proprio cane. Le cucce di design sono oggetti unici e spesso personalizzabili. Se apportare qualche modifica \u00e8 possibile, sarebbe opportuno andare a personalizzare la cuccia, in modo che quest\u2019ultima risulti un ricordo unico e un regalo fatto appositamente per il cane. Successivamente, \u00e8 un bene pensare a come la<strong> cuccia<\/strong> potrebbe apparire nella vostra casa. E\u2019 infatti consigliato scegliere una cuccia che si adatti allo stile dell\u2019arredamento circostante. Se quindi avete una casa arredata secondo uno stile classico e sobrio non \u00e8 magari consigliata una <strong>cuccia di design<\/strong> dai colori molto sgargianti e viceversa. Bisogna poi affidarsi a rivenditori seri che possano garantire una cuccia di design originale e di buona qualit\u00e0<\/p>\n","protected":false},"excerpt":{"rendered":"<p>Chi ha un cane sa quanto la cuccia sia importante per il proprio amico a quattro zampe. Le cucce sono il luogo dove il nostro peloso pu\u00f2 riposarsi e rifugiarsi, un luogo di relax dove l\u2019animale si deve sentire protetto e a proprio agio. La scelta della giusta cuccia \u00e8 quindi di fondamentale importanza e non pu\u00f2 avvenire con leggerezza. Per questo motivo e per dimostrare al nostro cane quanto<\/p>\n<p><a class=\"continue-reading\" href=\"https:\/\/www.article-marketing.eu\/comunicatistampa\/i-nostri-cani-e-la-loro-cuccia\/\">Continue reading&#8230;<\/a><\/p>\n","protected":false},"author":2797,"featured_media":0,"comment_status":"open","ping_status":"open","sticky":false,"template":"","format":"standard","meta":{"_monsterinsights_skip_tracking":false,"_monsterinsights_sitenote_active":false,"_monsterinsights_sitenote_note":"","_monsterinsights_sitenote_category":0,"footnotes":""},"categories":[403],"tags":[6652,6653,6654],"class_list":["post-16022","post","type-post","status-publish","format-standard","hentry","category-casa","tag-cucce-design","tag-cucce-per-cani","tag-cucce-per-cani-di-qualita"],"yoast_head":"<!-- This site is optimized with the Yoast SEO plugin v27.3 - https:\/\/yoast.com\/product\/yoast-seo-wordpress\/ -->\n<title>I nostri cani e la loro cuccia - Article Marketing<\/title>\n<meta name=\"robots\" content=\"index, follow, max-snippet:-1, max-image-preview:large, max-video-preview:-1\" \/>\n<link rel=\"canonical\" href=\"https:\/\/www.article-marketing.eu\/comunicatistampa\/i-nostri-cani-e-la-loro-cuccia\/\" \/>\n<meta property=\"og:locale\" content=\"it_IT\" \/>\n<meta property=\"og:type\" content=\"article\" \/>\n<meta property=\"og:title\" content=\"I nostri cani e la loro cuccia - Article Marketing\" \/>\n<meta property=\"og:description\" content=\"Chi ha un cane sa quanto la cuccia sia importante per il proprio amico a quattro zampe. Le cucce sono il luogo dove il nostro peloso pu\u00f2 riposarsi e rifugiarsi, un luogo di relax dove l\u2019animale si deve sentire protetto e a proprio agio. La scelta della giusta cuccia \u00e8 quindi di fondamentale importanza e non pu\u00f2 avvenire con leggerezza. Per questo motivo e per dimostrare al nostro cane quantoContinue reading...\" \/>\n<meta property=\"og:url\" content=\"https:\/\/www.article-marketing.eu\/comunicatistampa\/i-nostri-cani-e-la-loro-cuccia\/\" \/>\n<meta property=\"og:site_name\" content=\"Article Marketing\" \/>\n<meta property=\"article:published_time\" content=\"2020-09-17T07:36:22+00:00\" \/>\n<meta name=\"author\" content=\"Marica Alecci\" \/>\n<meta name=\"twitter:card\" content=\"summary_large_image\" \/>\n<meta name=\"twitter:label1\" content=\"Scritto da\" \/>\n\t<meta name=\"twitter:data1\" content=\"Marica Alecci\" \/>\n\t<meta name=\"twitter:label2\" content=\"Tempo di lettura stimato\" \/>\n\t<meta name=\"twitter:data2\" content=\"2 minuti\" \/>\n<script type=\"application\/ld+json\" class=\"yoast-schema-graph\">{\"@context\":\"https:\\\/\\\/schema.org\",\"@graph\":[{\"@type\":\"Article\",\"@id\":\"https:\\\/\\\/www.article-marketing.eu\\\/comunicatistampa\\\/i-nostri-cani-e-la-loro-cuccia\\\/#article\",\"isPartOf\":{\"@id\":\"https:\\\/\\\/www.article-marketing.eu\\\/comunicatistampa\\\/i-nostri-cani-e-la-loro-cuccia\\\/\"},\"author\":{\"name\":\"Marica Alecci\",\"@id\":\"https:\\\/\\\/www.article-marketing.eu\\\/comunicatistampa\\\/#\\\/schema\\\/person\\\/06281ff13ae2a69b1cc77b4cfee84ca7\"},\"headline\":\"I nostri cani e la loro cuccia\",\"datePublished\":\"2020-09-17T07:36:22+00:00\",\"mainEntityOfPage\":{\"@id\":\"https:\\\/\\\/www.article-marketing.eu\\\/comunicatistampa\\\/i-nostri-cani-e-la-loro-cuccia\\\/\"},\"wordCount\":491,\"commentCount\":0,\"keywords\":[\"Cucce design\",\"cucce per cani\",\"cucce per cani di qualit\u00e0\"],\"articleSection\":[\"Casa\"],\"inLanguage\":\"it-IT\",\"potentialAction\":[{\"@type\":\"CommentAction\",\"name\":\"Comment\",\"target\":[\"https:\\\/\\\/www.article-marketing.eu\\\/comunicatistampa\\\/i-nostri-cani-e-la-loro-cuccia\\\/#respond\"]}]},{\"@type\":\"WebPage\",\"@id\":\"https:\\\/\\\/www.article-marketing.eu\\\/comunicatistampa\\\/i-nostri-cani-e-la-loro-cuccia\\\/\",\"url\":\"https:\\\/\\\/www.article-marketing.eu\\\/comunicatistampa\\\/i-nostri-cani-e-la-loro-cuccia\\\/\",\"name\":\"I nostri cani e la loro cuccia - Article Marketing\",\"isPartOf\":{\"@id\":\"https:\\\/\\\/www.article-marketing.eu\\\/comunicatistampa\\\/#website\"},\"datePublished\":\"2020-09-17T07:36:22+00:00\",\"author\":{\"@id\":\"https:\\\/\\\/www.article-marketing.eu\\\/comunicatistampa\\\/#\\\/schema\\\/person\\\/06281ff13ae2a69b1cc77b4cfee84ca7\"},\"breadcrumb\":{\"@id\":\"https:\\\/\\\/www.article-marketing.eu\\\/comunicatistampa\\\/i-nostri-cani-e-la-loro-cuccia\\\/#breadcrumb\"},\"inLanguage\":\"it-IT\",\"potentialAction\":[{\"@type\":\"ReadAction\",\"target\":[\"https:\\\/\\\/www.article-marketing.eu\\\/comunicatistampa\\\/i-nostri-cani-e-la-loro-cuccia\\\/\"]}]},{\"@type\":\"BreadcrumbList\",\"@id\":\"https:\\\/\\\/www.article-marketing.eu\\\/comunicatistampa\\\/i-nostri-cani-e-la-loro-cuccia\\\/#breadcrumb\",\"itemListElement\":[{\"@type\":\"ListItem\",\"position\":1,\"name\":\"Home\",\"item\":\"https:\\\/\\\/www.article-marketing.eu\\\/comunicatistampa\\\/\"},{\"@type\":\"ListItem\",\"position\":2,\"name\":\"I nostri cani e la loro cuccia\"}]},{\"@type\":\"WebSite\",\"@id\":\"https:\\\/\\\/www.article-marketing.eu\\\/comunicatistampa\\\/#website\",\"url\":\"https:\\\/\\\/www.article-marketing.eu\\\/comunicatistampa\\\/\",\"name\":\"Article Marketing\",\"description\":\"article marketing &amp; press release\",\"potentialAction\":[{\"@type\":\"SearchAction\",\"target\":{\"@type\":\"EntryPoint\",\"urlTemplate\":\"https:\\\/\\\/www.article-marketing.eu\\\/comunicatistampa\\\/?s={search_term_string}\"},\"query-input\":{\"@type\":\"PropertyValueSpecification\",\"valueRequired\":true,\"valueName\":\"search_term_string\"}}],\"inLanguage\":\"it-IT\"},{\"@type\":\"Person\",\"@id\":\"https:\\\/\\\/www.article-marketing.eu\\\/comunicatistampa\\\/#\\\/schema\\\/person\\\/06281ff13ae2a69b1cc77b4cfee84ca7\",\"name\":\"Marica Alecci\",\"image\":{\"@type\":\"ImageObject\",\"inLanguage\":\"it-IT\",\"@id\":\"https:\\\/\\\/secure.gravatar.com\\\/avatar\\\/7c7728f1f9860d6406a73e2873a027276a6d50f9a897d69b838a10203b7ee2dd?s=96&d=mm&r=g\",\"url\":\"https:\\\/\\\/secure.gravatar.com\\\/avatar\\\/7c7728f1f9860d6406a73e2873a027276a6d50f9a897d69b838a10203b7ee2dd?s=96&d=mm&r=g\",\"contentUrl\":\"https:\\\/\\\/secure.gravatar.com\\\/avatar\\\/7c7728f1f9860d6406a73e2873a027276a6d50f9a897d69b838a10203b7ee2dd?s=96&d=mm&r=g\",\"caption\":\"Marica Alecci\"},\"url\":\"https:\\\/\\\/www.article-marketing.eu\\\/comunicatistampa\\\/author\\\/marica-alecci\\\/\"}]}<\/script>\n<!-- \/ Yoast SEO plugin. -->","yoast_head_json":{"title":"I nostri cani e la loro cuccia - Article Marketing","robots":{"index":"index","follow":"follow","max-snippet":"max-snippet:-1","max-image-preview":"max-image-preview:large","max-video-preview":"max-video-preview:-1"},"canonical":"https:\/\/www.article-marketing.eu\/comunicatistampa\/i-nostri-cani-e-la-loro-cuccia\/","og_locale":"it_IT","og_type":"article","og_title":"I nostri cani e la loro cuccia - Article Marketing","og_description":"Chi ha un cane sa quanto la cuccia sia importante per il proprio amico a quattro zampe. Le cucce sono il luogo dove il nostro peloso pu\u00f2 riposarsi e rifugiarsi, un luogo di relax dove l\u2019animale si deve sentire protetto e a proprio agio. La scelta della giusta cuccia \u00e8 quindi di fondamentale importanza e non pu\u00f2 avvenire con leggerezza. Per questo motivo e per dimostrare al nostro cane quantoContinue reading...","og_url":"https:\/\/www.article-marketing.eu\/comunicatistampa\/i-nostri-cani-e-la-loro-cuccia\/","og_site_name":"Article Marketing","article_published_time":"2020-09-17T07:36:22+00:00","author":"Marica Alecci","twitter_card":"summary_large_image","twitter_misc":{"Scritto da":"Marica Alecci","Tempo di lettura stimato":"2 minuti"},"schema":{"@context":"https:\/\/schema.org","@graph":[{"@type":"Article","@id":"https:\/\/www.article-marketing.eu\/comunicatistampa\/i-nostri-cani-e-la-loro-cuccia\/#article","isPartOf":{"@id":"https:\/\/www.article-marketing.eu\/comunicatistampa\/i-nostri-cani-e-la-loro-cuccia\/"},"author":{"name":"Marica Alecci","@id":"https:\/\/www.article-marketing.eu\/comunicatistampa\/#\/schema\/person\/06281ff13ae2a69b1cc77b4cfee84ca7"},"headline":"I nostri cani e la loro cuccia","datePublished":"2020-09-17T07:36:22+00:00","mainEntityOfPage":{"@id":"https:\/\/www.article-marketing.eu\/comunicatistampa\/i-nostri-cani-e-la-loro-cuccia\/"},"wordCount":491,"commentCount":0,"keywords":["Cucce design","cucce per cani","cucce per cani di qualit\u00e0"],"articleSection":["Casa"],"inLanguage":"it-IT","potentialAction":[{"@type":"CommentAction","name":"Comment","target":["https:\/\/www.article-marketing.eu\/comunicatistampa\/i-nostri-cani-e-la-loro-cuccia\/#respond"]}]},{"@type":"WebPage","@id":"https:\/\/www.article-marketing.eu\/comunicatistampa\/i-nostri-cani-e-la-loro-cuccia\/","url":"https:\/\/www.article-marketing.eu\/comunicatistampa\/i-nostri-cani-e-la-loro-cuccia\/","name":"I nostri cani e la loro cuccia - Article Marketing","isPartOf":{"@id":"https:\/\/www.article-marketing.eu\/comunicatistampa\/#website"},"datePublished":"2020-09-17T07:36:22+00:00","author":{"@id":"https:\/\/www.article-marketing.eu\/comunicatistampa\/#\/schema\/person\/06281ff13ae2a69b1cc77b4cfee84ca7"},"breadcrumb":{"@id":"https:\/\/www.article-marketing.eu\/comunicatistampa\/i-nostri-cani-e-la-loro-cuccia\/#breadcrumb"},"inLanguage":"it-IT","potentialAction":[{"@type":"ReadAction","target":["https:\/\/www.article-marketing.eu\/comunicatistampa\/i-nostri-cani-e-la-loro-cuccia\/"]}]},{"@type":"BreadcrumbList","@id":"https:\/\/www.article-marketing.eu\/comunicatistampa\/i-nostri-cani-e-la-loro-cuccia\/#breadcrumb","itemListElement":[{"@type":"ListItem","position":1,"name":"Home","item":"https:\/\/www.article-marketing.eu\/comunicatistampa\/"},{"@type":"ListItem","position":2,"name":"I nostri cani e la loro cuccia"}]},{"@type":"WebSite","@id":"https:\/\/www.article-marketing.eu\/comunicatistampa\/#website","url":"https:\/\/www.article-marketing.eu\/comunicatistampa\/","name":"Article Marketing","description":"article marketing &amp; press release","potentialAction":[{"@type":"SearchAction","target":{"@type":"EntryPoint","urlTemplate":"https:\/\/www.article-marketing.eu\/comunicatistampa\/?s={search_term_string}"},"query-input":{"@type":"PropertyValueSpecification","valueRequired":true,"valueName":"search_term_string"}}],"inLanguage":"it-IT"},{"@type":"Person","@id":"https:\/\/www.article-marketing.eu\/comunicatistampa\/#\/schema\/person\/06281ff13ae2a69b1cc77b4cfee84ca7","name":"Marica Alecci","image":{"@type":"ImageObject","inLanguage":"it-IT","@id":"https:\/\/secure.gravatar.com\/avatar\/7c7728f1f9860d6406a73e2873a027276a6d50f9a897d69b838a10203b7ee2dd?s=96&d=mm&r=g","url":"https:\/\/secure.gravatar.com\/avatar\/7c7728f1f9860d6406a73e2873a027276a6d50f9a897d69b838a10203b7ee2dd?s=96&d=mm&r=g","contentUrl":"https:\/\/secure.gravatar.com\/avatar\/7c7728f1f9860d6406a73e2873a027276a6d50f9a897d69b838a10203b7ee2dd?s=96&d=mm&r=g","caption":"Marica Alecci"},"url":"https:\/\/www.article-marketing.eu\/comunicatistampa\/author\/marica-alecci\/"}]}},"_links":{"self":[{"href":"https:\/\/www.article-marketing.eu\/comunicatistampa\/wp-json\/wp\/v2\/posts\/16022","targetHints":{"allow":["GET"]}}],"collection":[{"href":"https:\/\/www.article-marketing.eu\/comunicatistampa\/wp-json\/wp\/v2\/posts"}],"about":[{"href":"https:\/\/www.article-marketing.eu\/comunicatistampa\/wp-json\/wp\/v2\/types\/post"}],"author":[{"embeddable":true,"href":"https:\/\/www.article-marketing.eu\/comunicatistampa\/wp-json\/wp\/v2\/users\/2797"}],"replies":[{"embeddable":true,"href":"https:\/\/www.article-marketing.eu\/comunicatistampa\/wp-json\/wp\/v2\/comments?post=16022"}],"version-history":[{"count":2,"href":"https:\/\/www.article-marketing.eu\/comunicatistampa\/wp-json\/wp\/v2\/posts\/16022\/revisions"}],"predecessor-version":[{"id":16029,"href":"https:\/\/www.article-marketing.eu\/comunicatistampa\/wp-json\/wp\/v2\/posts\/16022\/revisions\/16029"}],"wp:attachment":[{"href":"https:\/\/www.article-marketing.eu\/comunicatistampa\/wp-json\/wp\/v2\/media?parent=16022"}],"wp:term":[{"taxonomy":"category","embeddable":true,"href":"https:\/\/www.article-marketing.eu\/comunicatistampa\/wp-json\/wp\/v2\/categories?post=16022"},{"taxonomy":"post_tag","embeddable":true,"href":"https:\/\/www.article-marketing.eu\/comunicatistampa\/wp-json\/wp\/v2\/tags?post=16022"}],"curies":[{"name":"wp","href":"https:\/\/api.w.org\/{rel}","templated":true}]}}