{"id":16037,"date":"2020-09-17T12:58:18","date_gmt":"2020-09-17T10:58:18","guid":{"rendered":"https:\/\/www.article-marketing.eu\/comunicatistampa\/?p=16037"},"modified":"2020-09-17T12:58:18","modified_gmt":"2020-09-17T10:58:18","slug":"la-valutazione-e-la-gestione-delle-emergenze-in-azienda","status":"publish","type":"post","link":"https:\/\/www.article-marketing.eu\/comunicatistampa\/la-valutazione-e-la-gestione-delle-emergenze-in-azienda\/","title":{"rendered":"La valutazione e la gestione delle emergenze in azienda"},"content":{"rendered":"<h2>Comunicato Stampa<\/h2>\n<h2>La valutazione e la gestione delle emergenze in azienda<\/h2>\n<p><strong><em>Il 16 ottobre 2020 si terr\u00e0 a Brescia un corso di formazione per la valutazione e gestione delle emergenze e per acquisire la capacit\u00e0 previsionale degli eventi negativi in azienda e nel territorio.<\/em><\/strong><\/p>\n<p>&nbsp;<\/p>\n<p>In tutti i luoghi di lavoro la <strong>valutazione e gestione delle emergenze<\/strong> sono attivit\u00e0 molto importanti che, se svolte correttamente e da operatori idoneamente formati, sono in grado di prevenire o, eventualmente, ridurre i danni alla salute e sicurezza dei lavoratori e all\u2019integrit\u00e0 degli impianti aziendali dipendenti da \u201cdisastri\u201d naturali o da emergenze causate dall\u2019uomo.<\/p>\n<p>Partendo dalla constatazione che \u201cprevenire \u00e8 meglio che curare\u201d ogni azienda e ogni territorio deve riflettere su quali siano gli strumenti pi\u00f9 idonei per affrontare le emergenze e per formare con efficacia il proprio personale riguardo alla loro valutazione e gestione.<\/p>\n<p><strong>\u00a0<\/strong><\/p>\n<p><strong>Il corso di formazione per la valutazione e gestione delle emergenze<\/strong><\/p>\n<p>Per fornire agli operatori idonee competenze in materia di gestione delle emergenze, l\u2019<strong>Associazione Italiana Formatori ed Operatori della Sicurezza sul Lavoro<\/strong> (AiFOS) organizza per il <strong>16 ottobre 2020 <\/strong>a <strong>Brescia<\/strong> un corso di 8 ore dal titolo \u201c<strong>Se l&#8217;avessi saputo prima &#8211; valutazione e gestione delle emergenze in azienda<\/strong>\u201d.<\/p>\n<p>Il corso si pone l\u2019obiettivo di far acquisire la capacit\u00e0 previsionale degli eventi negativi in azienda e nel territorio, avendo a disposizione un metodo per poterli misurare.<\/p>\n<p>Al termine del percorso formativo il discente conoscer\u00e0 il concetto di vulnerabilit\u00e0 e sar\u00e0 in grado di applicarlo nei contesti in cui opera.<\/p>\n<p>&nbsp;<\/p>\n<p>I docenti del nuovo corso in presenza:<\/p>\n<ul>\n<li><strong>Gregorio Barberi<\/strong>: formatore esperto in gestione delle emergenze<\/li>\n<li><strong>Massimiliano Longhi<\/strong>: emergency manager in ambito antincendio e nel settore prevenzione, pianificazione e gestione delle emergenze<\/li>\n<\/ul>\n<p>&nbsp;<\/p>\n<p><strong>La valutazione dei danni e gli strumenti offerti dalla tecnologia<\/strong><\/p>\n<p>Le cause dei rischi conseguenti alle <strong>emergenze<\/strong> possono essere molte e varie. I rischi non dipendono solo dalla possibilit\u00e0 che un eventuale evento catastrofico si verifichi, ma anche dalla <strong>vulnerabilit\u00e0<\/strong> dell\u2019area esposta e dal livello di antropizzazione del territorio esposto.<\/p>\n<p>Per affrontare il problema correlato a <strong>emergenze ed eventi catastrofici<\/strong> ogni insediamento dovrebbe valutare innanzi tutto la pericolosit\u00e0 del territorio relativamente ai rischi ai quali \u00e8 esposto. \u00c8 poi possibile anche applicare precise metodologie statistiche ai dati ottenuti, magari determinando gli intervalli di tempo in cui un fenomeno tende a riproporsi. E la stima dei danni prevedibili, secondo la vulnerabilit\u00e0 del territorio, consente di fare una valutazione complessiva del rischio cui una comunit\u00e0 \u00e8 esposta.<\/p>\n<p>La <strong>scienza<\/strong> e la <strong>tecnologia<\/strong> possono poi offrire utili strumenti per migliorare la preparazione e la risposta ai disastri naturali e a quelli causati dall\u2019uomo. In questo senso i <strong>sistemi di previsione e di allerta<\/strong> possono costituire un elemento essenziale per poter prendere le giuste decisioni: forniscono alle organizzazioni un tempo prezioso per intraprendere le misure di preparazione e per coordinare la gestione dell\u2019emergenza.<\/p>\n<p>&nbsp;<\/p>\n<p><strong>Il programma e le informazioni per il corso di formazione<\/strong><\/p>\n<p>Per fornire idonee competenze su questi temi si tiene il corso di 8 ore in presenza \u201c<strong>Se l&#8217;avessi saputo prima &#8211; valutazione e gestione delle emergenze in azienda<\/strong>\u201d che avr\u00e0 luogo il <strong>16 ottobre 2020 <\/strong>a <strong>Brescia<\/strong> dalle 9.00 alle 13.00 e dalle 14.00 alle 18.00 presso AiFOS Service in via Branze 45, c\/o CSMT, Universit\u00e0 degli studi di Brescia.<\/p>\n<p>&nbsp;<\/p>\n<p>Questi gli <strong>argomenti<\/strong> affrontati durante il corso:<\/p>\n<ul>\n<li>scienza dei disastri: disastri e catastrofi<\/li>\n<li>le cause e la memoria storica, quale fondamento della cultura del rischio<\/li>\n<li>valutare e parametrare il rischio (casi pratici contestualizzati in azienda)<\/li>\n<li>la misurazione del rischio: come e perch\u00e9 saper misurarlo<\/li>\n<li>il concetto di vulnerabilit\u00e0<\/li>\n<li>comunicazione interna (verso i colleghi) ed esterna (verso il pubblico): casi studio e modalit\u00e0 di attuazione<\/li>\n<li>comunicazione istituzionale verso il 112 e i mass media: tempistiche, modalit\u00e0, esempi<\/li>\n<li>comunicazione non verbale: come attuarla in azienda e con quali specificit\u00e0 (esempi pratici). Gli &#8220;script&#8221; e i &#8220;frame&#8221;. I &#8220;landmark&#8221;.<\/li>\n<\/ul>\n<p>&nbsp;<\/p>\n<p>La partecipazione al corso vale come 8 ore di <strong>aggiornamento<\/strong> per RSPP\/ASPP, Formatori qualificati (area 2) e Coordinatori alla sicurezza. Il corso \u00e8 valido anche ai fini della formazione specifica prevista per il Manager HSE (UNI 11720:2018 \u2013 area tecnica in materia di sicurezza sul lavoro) e ai fini della formazione necessaria per l&#8217;iscrizione al Registro Consulenti AiFOS (Legge 4\/2013).<\/p>\n<p>&nbsp;<\/p>\n<p>Per avere informazioni e iscriversi al corso \u00e8 possibile utilizzare questo link: <a href=\"https:\/\/aifos.org\/home\/formazione\/corsi-qualificati\/rischi-specifici\/rischi-specifici\/se_l_avessi_saputo_prima_-_valutazione_e_gestione_delle_emergenze_in_azienda\">https:\/\/aifos.org\/home\/formazione\/corsi-qualificati\/rischi-specifici\/rischi-specifici\/se_l_avessi_saputo_prima_-_valutazione_e_gestione_delle_emergenze_in_azienda<\/a><\/p>\n<p>&nbsp;<\/p>\n<p>&nbsp;<\/p>\n<p>Per informazioni:<\/p>\n<p><strong>Sede nazionale AiFOS<\/strong> &#8211; via Branze, 45 &#8211; 25123 Brescia c\/o CSMT, Universit\u00e0 degli Studi di Brescia &#8211; tel.030.6595035 &#8211; fax 030.6595040 <a href=\"http:\/\/www.aifos.it\">www.aifos.it<\/a> \u00a0&#8211; <a href=\"mailto:info@aifos.it\">info@aifos.it<\/a> &#8211; formarsi@aifos.it<\/p>\n<p>&nbsp;<\/p>\n<p>&nbsp;<\/p>\n<p><em>17 settembre 2020 <\/em><\/p>\n<p>&nbsp;<\/p>\n<p>Ufficio Stampa di AiFOS<\/p>\n<p>ufficiostampa@aifos.it<\/p>\n<p>http:\/\/www.aifos.it\/<\/p>\n","protected":false},"excerpt":{"rendered":"<p>Comunicato Stampa La valutazione e la gestione delle emergenze in azienda Il 16 ottobre 2020 si terr\u00e0 a Brescia un corso di formazione per la valutazione e gestione delle emergenze e per acquisire la capacit\u00e0 previsionale degli eventi negativi in azienda e nel territorio. &nbsp; In tutti i luoghi di lavoro la valutazione e gestione delle emergenze sono attivit\u00e0 molto importanti che, se svolte correttamente e da operatori idoneamente formati,<\/p>\n<p><a class=\"continue-reading\" href=\"https:\/\/www.article-marketing.eu\/comunicatistampa\/la-valutazione-e-la-gestione-delle-emergenze-in-azienda\/\">Continue reading&#8230;<\/a><\/p>\n","protected":false},"author":881,"featured_media":0,"comment_status":"open","ping_status":"open","sticky":false,"template":"","format":"standard","meta":{"_monsterinsights_skip_tracking":false,"_monsterinsights_sitenote_active":false,"_monsterinsights_sitenote_note":"","_monsterinsights_sitenote_category":0,"footnotes":""},"categories":[78,379,386,378],"tags":[3301,3235,6661,5812,1016,6662,5913,6658,6663,193,6625,6660,6656,6659,2903,6657],"class_list":["post-16037","post","type-post","status-publish","format-standard","hentry","category-comunicati-stampa","category-corsi","category-economia-e-lavoro","category-istruzione","tag-aifos","tag-brescia","tag-concetto-di-vulnerabilita","tag-coronavirus","tag-corsi","tag-cultura-del-rischio","tag-d-lgs-n-81-2008","tag-emergenze-ed-eventi-catastrofici","tag-evento-catastrofico","tag-formazione","tag-formazione-in-presenza","tag-scienza-dei-disastri","tag-se-lavessi-saputo-prima-valutazione-e-gestione-delle-emergenze-in-azienda","tag-sistemi-di-previsione-e-di-allerta","tag-terremoto","tag-valutazione-e-gestione-delle-emergenze"],"yoast_head":"<!-- This site is optimized with the Yoast SEO plugin v27.3 - https:\/\/yoast.com\/product\/yoast-seo-wordpress\/ -->\n<title>La valutazione e la gestione delle emergenze in azienda - Article Marketing<\/title>\n<meta name=\"robots\" content=\"index, follow, max-snippet:-1, max-image-preview:large, max-video-preview:-1\" \/>\n<link rel=\"canonical\" href=\"https:\/\/www.article-marketing.eu\/comunicatistampa\/la-valutazione-e-la-gestione-delle-emergenze-in-azienda\/\" \/>\n<meta property=\"og:locale\" content=\"it_IT\" \/>\n<meta property=\"og:type\" content=\"article\" \/>\n<meta property=\"og:title\" content=\"La valutazione e la gestione delle emergenze in azienda - Article Marketing\" \/>\n<meta property=\"og:description\" content=\"Comunicato Stampa La valutazione e la gestione delle emergenze in azienda Il 16 ottobre 2020 si terr\u00e0 a Brescia un corso di formazione per la valutazione e gestione delle emergenze e per acquisire la capacit\u00e0 previsionale degli eventi negativi in azienda e nel territorio. &nbsp; In tutti i luoghi di lavoro la valutazione e gestione delle emergenze sono attivit\u00e0 molto importanti che, se svolte correttamente e da operatori idoneamente formati,Continue reading...\" \/>\n<meta property=\"og:url\" content=\"https:\/\/www.article-marketing.eu\/comunicatistampa\/la-valutazione-e-la-gestione-delle-emergenze-in-azienda\/\" \/>\n<meta property=\"og:site_name\" content=\"Article Marketing\" \/>\n<meta property=\"article:published_time\" content=\"2020-09-17T10:58:18+00:00\" \/>\n<meta name=\"author\" content=\"AIFUS\" \/>\n<meta name=\"twitter:card\" content=\"summary_large_image\" \/>\n<meta name=\"twitter:label1\" content=\"Scritto da\" \/>\n\t<meta name=\"twitter:data1\" content=\"AIFUS\" \/>\n\t<meta name=\"twitter:label2\" content=\"Tempo di lettura stimato\" \/>\n\t<meta name=\"twitter:data2\" content=\"4 minuti\" \/>\n<script type=\"application\/ld+json\" class=\"yoast-schema-graph\">{\"@context\":\"https:\\\/\\\/schema.org\",\"@graph\":[{\"@type\":\"Article\",\"@id\":\"https:\\\/\\\/www.article-marketing.eu\\\/comunicatistampa\\\/la-valutazione-e-la-gestione-delle-emergenze-in-azienda\\\/#article\",\"isPartOf\":{\"@id\":\"https:\\\/\\\/www.article-marketing.eu\\\/comunicatistampa\\\/la-valutazione-e-la-gestione-delle-emergenze-in-azienda\\\/\"},\"author\":{\"name\":\"AIFUS\",\"@id\":\"https:\\\/\\\/www.article-marketing.eu\\\/comunicatistampa\\\/#\\\/schema\\\/person\\\/d1985c4955ff71a05f49d68e3034b3cd\"},\"headline\":\"La valutazione e la gestione delle emergenze in azienda\",\"datePublished\":\"2020-09-17T10:58:18+00:00\",\"mainEntityOfPage\":{\"@id\":\"https:\\\/\\\/www.article-marketing.eu\\\/comunicatistampa\\\/la-valutazione-e-la-gestione-delle-emergenze-in-azienda\\\/\"},\"wordCount\":779,\"commentCount\":0,\"keywords\":[\"Aifos\",\"Brescia\",\"concetto di vulnerabilit\u00e0\",\"coronavirus\",\"corsi\",\"cultura del rischio\",\"D.Lgs. n. 81\\\/2008\",\"emergenze ed eventi catastrofici\",\"evento catastrofico\",\"formazione\",\"formazione in presenza\",\"scienza dei disastri\",\"Se l'avessi saputo prima - valutazione e gestione delle emergenze in azienda\",\"sistemi di previsione e di allerta\",\"terremoto\",\"valutazione e gestione delle emergenze\"],\"articleSection\":[\"Comunicati stampa\",\"Corsi\",\"Economia e lavoro\",\"Istruzione\"],\"inLanguage\":\"it-IT\",\"potentialAction\":[{\"@type\":\"CommentAction\",\"name\":\"Comment\",\"target\":[\"https:\\\/\\\/www.article-marketing.eu\\\/comunicatistampa\\\/la-valutazione-e-la-gestione-delle-emergenze-in-azienda\\\/#respond\"]}]},{\"@type\":\"WebPage\",\"@id\":\"https:\\\/\\\/www.article-marketing.eu\\\/comunicatistampa\\\/la-valutazione-e-la-gestione-delle-emergenze-in-azienda\\\/\",\"url\":\"https:\\\/\\\/www.article-marketing.eu\\\/comunicatistampa\\\/la-valutazione-e-la-gestione-delle-emergenze-in-azienda\\\/\",\"name\":\"La valutazione e la gestione delle emergenze in azienda - Article Marketing\",\"isPartOf\":{\"@id\":\"https:\\\/\\\/www.article-marketing.eu\\\/comunicatistampa\\\/#website\"},\"datePublished\":\"2020-09-17T10:58:18+00:00\",\"author\":{\"@id\":\"https:\\\/\\\/www.article-marketing.eu\\\/comunicatistampa\\\/#\\\/schema\\\/person\\\/d1985c4955ff71a05f49d68e3034b3cd\"},\"breadcrumb\":{\"@id\":\"https:\\\/\\\/www.article-marketing.eu\\\/comunicatistampa\\\/la-valutazione-e-la-gestione-delle-emergenze-in-azienda\\\/#breadcrumb\"},\"inLanguage\":\"it-IT\",\"potentialAction\":[{\"@type\":\"ReadAction\",\"target\":[\"https:\\\/\\\/www.article-marketing.eu\\\/comunicatistampa\\\/la-valutazione-e-la-gestione-delle-emergenze-in-azienda\\\/\"]}]},{\"@type\":\"BreadcrumbList\",\"@id\":\"https:\\\/\\\/www.article-marketing.eu\\\/comunicatistampa\\\/la-valutazione-e-la-gestione-delle-emergenze-in-azienda\\\/#breadcrumb\",\"itemListElement\":[{\"@type\":\"ListItem\",\"position\":1,\"name\":\"Home\",\"item\":\"https:\\\/\\\/www.article-marketing.eu\\\/comunicatistampa\\\/\"},{\"@type\":\"ListItem\",\"position\":2,\"name\":\"La valutazione e la gestione delle emergenze in azienda\"}]},{\"@type\":\"WebSite\",\"@id\":\"https:\\\/\\\/www.article-marketing.eu\\\/comunicatistampa\\\/#website\",\"url\":\"https:\\\/\\\/www.article-marketing.eu\\\/comunicatistampa\\\/\",\"name\":\"Article Marketing\",\"description\":\"article marketing &amp; press release\",\"potentialAction\":[{\"@type\":\"SearchAction\",\"target\":{\"@type\":\"EntryPoint\",\"urlTemplate\":\"https:\\\/\\\/www.article-marketing.eu\\\/comunicatistampa\\\/?s={search_term_string}\"},\"query-input\":{\"@type\":\"PropertyValueSpecification\",\"valueRequired\":true,\"valueName\":\"search_term_string\"}}],\"inLanguage\":\"it-IT\"},{\"@type\":\"Person\",\"@id\":\"https:\\\/\\\/www.article-marketing.eu\\\/comunicatistampa\\\/#\\\/schema\\\/person\\\/d1985c4955ff71a05f49d68e3034b3cd\",\"name\":\"AIFUS\",\"image\":{\"@type\":\"ImageObject\",\"inLanguage\":\"it-IT\",\"@id\":\"https:\\\/\\\/secure.gravatar.com\\\/avatar\\\/05cf2a2ba057667571308b94c84f00ff48766ffac95710a87491a9b3ddcee484?s=96&d=mm&r=g\",\"url\":\"https:\\\/\\\/secure.gravatar.com\\\/avatar\\\/05cf2a2ba057667571308b94c84f00ff48766ffac95710a87491a9b3ddcee484?s=96&d=mm&r=g\",\"contentUrl\":\"https:\\\/\\\/secure.gravatar.com\\\/avatar\\\/05cf2a2ba057667571308b94c84f00ff48766ffac95710a87491a9b3ddcee484?s=96&d=mm&r=g\",\"caption\":\"AIFUS\"},\"url\":\"https:\\\/\\\/www.article-marketing.eu\\\/comunicatistampa\\\/author\\\/aifus\\\/\"}]}<\/script>\n<!-- \/ Yoast SEO plugin. -->","yoast_head_json":{"title":"La valutazione e la gestione delle emergenze in azienda - Article Marketing","robots":{"index":"index","follow":"follow","max-snippet":"max-snippet:-1","max-image-preview":"max-image-preview:large","max-video-preview":"max-video-preview:-1"},"canonical":"https:\/\/www.article-marketing.eu\/comunicatistampa\/la-valutazione-e-la-gestione-delle-emergenze-in-azienda\/","og_locale":"it_IT","og_type":"article","og_title":"La valutazione e la gestione delle emergenze in azienda - Article Marketing","og_description":"Comunicato Stampa La valutazione e la gestione delle emergenze in azienda Il 16 ottobre 2020 si terr\u00e0 a Brescia un corso di formazione per la valutazione e gestione delle emergenze e per acquisire la capacit\u00e0 previsionale degli eventi negativi in azienda e nel territorio. &nbsp; In tutti i luoghi di lavoro la valutazione e gestione delle emergenze sono attivit\u00e0 molto importanti che, se svolte correttamente e da operatori idoneamente formati,Continue reading...","og_url":"https:\/\/www.article-marketing.eu\/comunicatistampa\/la-valutazione-e-la-gestione-delle-emergenze-in-azienda\/","og_site_name":"Article Marketing","article_published_time":"2020-09-17T10:58:18+00:00","author":"AIFUS","twitter_card":"summary_large_image","twitter_misc":{"Scritto da":"AIFUS","Tempo di lettura stimato":"4 minuti"},"schema":{"@context":"https:\/\/schema.org","@graph":[{"@type":"Article","@id":"https:\/\/www.article-marketing.eu\/comunicatistampa\/la-valutazione-e-la-gestione-delle-emergenze-in-azienda\/#article","isPartOf":{"@id":"https:\/\/www.article-marketing.eu\/comunicatistampa\/la-valutazione-e-la-gestione-delle-emergenze-in-azienda\/"},"author":{"name":"AIFUS","@id":"https:\/\/www.article-marketing.eu\/comunicatistampa\/#\/schema\/person\/d1985c4955ff71a05f49d68e3034b3cd"},"headline":"La valutazione e la gestione delle emergenze in azienda","datePublished":"2020-09-17T10:58:18+00:00","mainEntityOfPage":{"@id":"https:\/\/www.article-marketing.eu\/comunicatistampa\/la-valutazione-e-la-gestione-delle-emergenze-in-azienda\/"},"wordCount":779,"commentCount":0,"keywords":["Aifos","Brescia","concetto di vulnerabilit\u00e0","coronavirus","corsi","cultura del rischio","D.Lgs. n. 81\/2008","emergenze ed eventi catastrofici","evento catastrofico","formazione","formazione in presenza","scienza dei disastri","Se l'avessi saputo prima - valutazione e gestione delle emergenze in azienda","sistemi di previsione e di allerta","terremoto","valutazione e gestione delle emergenze"],"articleSection":["Comunicati stampa","Corsi","Economia e lavoro","Istruzione"],"inLanguage":"it-IT","potentialAction":[{"@type":"CommentAction","name":"Comment","target":["https:\/\/www.article-marketing.eu\/comunicatistampa\/la-valutazione-e-la-gestione-delle-emergenze-in-azienda\/#respond"]}]},{"@type":"WebPage","@id":"https:\/\/www.article-marketing.eu\/comunicatistampa\/la-valutazione-e-la-gestione-delle-emergenze-in-azienda\/","url":"https:\/\/www.article-marketing.eu\/comunicatistampa\/la-valutazione-e-la-gestione-delle-emergenze-in-azienda\/","name":"La valutazione e la gestione delle emergenze in azienda - Article Marketing","isPartOf":{"@id":"https:\/\/www.article-marketing.eu\/comunicatistampa\/#website"},"datePublished":"2020-09-17T10:58:18+00:00","author":{"@id":"https:\/\/www.article-marketing.eu\/comunicatistampa\/#\/schema\/person\/d1985c4955ff71a05f49d68e3034b3cd"},"breadcrumb":{"@id":"https:\/\/www.article-marketing.eu\/comunicatistampa\/la-valutazione-e-la-gestione-delle-emergenze-in-azienda\/#breadcrumb"},"inLanguage":"it-IT","potentialAction":[{"@type":"ReadAction","target":["https:\/\/www.article-marketing.eu\/comunicatistampa\/la-valutazione-e-la-gestione-delle-emergenze-in-azienda\/"]}]},{"@type":"BreadcrumbList","@id":"https:\/\/www.article-marketing.eu\/comunicatistampa\/la-valutazione-e-la-gestione-delle-emergenze-in-azienda\/#breadcrumb","itemListElement":[{"@type":"ListItem","position":1,"name":"Home","item":"https:\/\/www.article-marketing.eu\/comunicatistampa\/"},{"@type":"ListItem","position":2,"name":"La valutazione e la gestione delle emergenze in azienda"}]},{"@type":"WebSite","@id":"https:\/\/www.article-marketing.eu\/comunicatistampa\/#website","url":"https:\/\/www.article-marketing.eu\/comunicatistampa\/","name":"Article Marketing","description":"article marketing &amp; press release","potentialAction":[{"@type":"SearchAction","target":{"@type":"EntryPoint","urlTemplate":"https:\/\/www.article-marketing.eu\/comunicatistampa\/?s={search_term_string}"},"query-input":{"@type":"PropertyValueSpecification","valueRequired":true,"valueName":"search_term_string"}}],"inLanguage":"it-IT"},{"@type":"Person","@id":"https:\/\/www.article-marketing.eu\/comunicatistampa\/#\/schema\/person\/d1985c4955ff71a05f49d68e3034b3cd","name":"AIFUS","image":{"@type":"ImageObject","inLanguage":"it-IT","@id":"https:\/\/secure.gravatar.com\/avatar\/05cf2a2ba057667571308b94c84f00ff48766ffac95710a87491a9b3ddcee484?s=96&d=mm&r=g","url":"https:\/\/secure.gravatar.com\/avatar\/05cf2a2ba057667571308b94c84f00ff48766ffac95710a87491a9b3ddcee484?s=96&d=mm&r=g","contentUrl":"https:\/\/secure.gravatar.com\/avatar\/05cf2a2ba057667571308b94c84f00ff48766ffac95710a87491a9b3ddcee484?s=96&d=mm&r=g","caption":"AIFUS"},"url":"https:\/\/www.article-marketing.eu\/comunicatistampa\/author\/aifus\/"}]}},"_links":{"self":[{"href":"https:\/\/www.article-marketing.eu\/comunicatistampa\/wp-json\/wp\/v2\/posts\/16037","targetHints":{"allow":["GET"]}}],"collection":[{"href":"https:\/\/www.article-marketing.eu\/comunicatistampa\/wp-json\/wp\/v2\/posts"}],"about":[{"href":"https:\/\/www.article-marketing.eu\/comunicatistampa\/wp-json\/wp\/v2\/types\/post"}],"author":[{"embeddable":true,"href":"https:\/\/www.article-marketing.eu\/comunicatistampa\/wp-json\/wp\/v2\/users\/881"}],"replies":[{"embeddable":true,"href":"https:\/\/www.article-marketing.eu\/comunicatistampa\/wp-json\/wp\/v2\/comments?post=16037"}],"version-history":[{"count":2,"href":"https:\/\/www.article-marketing.eu\/comunicatistampa\/wp-json\/wp\/v2\/posts\/16037\/revisions"}],"predecessor-version":[{"id":16040,"href":"https:\/\/www.article-marketing.eu\/comunicatistampa\/wp-json\/wp\/v2\/posts\/16037\/revisions\/16040"}],"wp:attachment":[{"href":"https:\/\/www.article-marketing.eu\/comunicatistampa\/wp-json\/wp\/v2\/media?parent=16037"}],"wp:term":[{"taxonomy":"category","embeddable":true,"href":"https:\/\/www.article-marketing.eu\/comunicatistampa\/wp-json\/wp\/v2\/categories?post=16037"},{"taxonomy":"post_tag","embeddable":true,"href":"https:\/\/www.article-marketing.eu\/comunicatistampa\/wp-json\/wp\/v2\/tags?post=16037"}],"curies":[{"name":"wp","href":"https:\/\/api.w.org\/{rel}","templated":true}]}}