{"id":16086,"date":"2020-09-21T18:06:13","date_gmt":"2020-09-21T16:06:13","guid":{"rendered":"https:\/\/www.article-marketing.eu\/comunicatistampa\/?p=16086"},"modified":"2020-09-21T18:06:13","modified_gmt":"2020-09-21T16:06:13","slug":"torna-il-progetto-attivita-fisica-adattata-afa-over-65-ripartenza-in-sicurezza-dopo-lemergenza-covid-19","status":"publish","type":"post","link":"https:\/\/www.article-marketing.eu\/comunicatistampa\/torna-il-progetto-attivita-fisica-adattata-afa-over-65-ripartenza-in-sicurezza-dopo-lemergenza-covid-19\/","title":{"rendered":"Torna il progetto Attivit\u00e0 Fisica Adattata (AFA) over 65: ripartenza in sicurezza dopo l\u2019emergenza Covid-19"},"content":{"rendered":"<p>Dopo lo stop forzato, dovuto all\u2019emergenza da Covid-19 e al conseguente lockdown, torna il progetto AFA (Attivit\u00e0 Fisica Adattata) OVER 65, coordinato dall\u2019Universit\u00e0 degli Studi di Bergamo e dal CUS Bergamo in collaborazione con numerosi enti territoriali della provincia bergamasca, tra cui diversi Comuni e associazioni, Ats Bergamo e Ordine dei Medici Chirurghi e degli Odontoiatri di Bergamo. Progetto che in realt\u00e0 non si \u00e8 mai fermato del tutto: nei mesi dell\u2019emergenza, i trainer seguivano a distanza \u2013 con video e schede di esercizi \u2013 gli utenti iscritti al programma, aiutandoli non solo sul piano fisico ma anche dal punto di vista mentale e psicologico.<\/p>\n<p>L\u2019AFA OVER 65 \u00e8 infatti un progetto di <strong>ginnastica preventiva adattata per persone over 65<\/strong>, utile per combattere sedentariet\u00e0 e fastidi fisici, ma anche per socializzare, promuovere uno stile di vita sano e per prevenire le cadute grazie a esercizi mirati studiati dai trainer del Cus Bergamo che due volte a settimana guidano corsi di ginnastica nei Comuni della provincia.<\/p>\n<p>Nonostante l\u2019emergenza da Covid-19, ad oggi <strong>sono 35 i comuni aderenti<\/strong> al progetto (altri 8 sono al lavoro per risolvere problematiche organizzative), che inizier\u00e0 ufficialmente il 14 settembre (anche se in diversi comuni partir\u00e0 a met\u00e0 ottobre per adeguamento degli spazi). Numerose le novit\u00e0 introdotte per rispettare le prescrizioni anti Covid: in ogni sede \u00e8 stato infatti istituito un protocollo ad hoc che tiene conto degli spazi e delle diverse attrezzature presenti. Per garantire la sicurezza degli utenti, che per et\u00e0 e patologie rientrano nella fascia pi\u00f9 a rischio, dovr\u00e0 essere assicurata la distanza di 2,5 metri gli uni dagli altri, postazioni predefinite per una ginnastica \u201csul posto\u201d e l\u2019igienizzazione delle attrezzature e delle postazioni utilizzate.<\/p>\n<p><em>\u201cLa ripartenza di questo progetto \u00e8 un importante segnale di ripresa e attenzione verso una categoria che negli ultimi mesi \u00e8 stata duramente colpita dall\u2019emergenza Covid-19. Un\u2019emergenza che non \u00e8 ancora finita ma che come Universit\u00e0 di Bergamo stiamo affrontando con grande attenzione, prudenza e con una grande voglia di normalit\u00e0. Le modalit\u00e0 di applicazione dell\u2019Attivit\u00e0 Motoria Preventiva Adattata saranno sicuramente diverse ma garantiranno ai nostri anziani momenti di attivit\u00e0 fisica e in molti casi conforto dalla solitudine in totale sicurezza. Questo ci spinge a proseguire in questo percorso che negli anni ha raccolto sempre pi\u00f9 adesioni e rientra a pieno titolo nella cosiddetta terza missione dell\u2019Universit\u00e0, ovvero essere parte integrante del territorio, della comunit\u00e0, della nostra provincia\u201d<\/em> spiega <strong>Remo Morzenti Pellegrini, Rettore dell&#8217;Universit\u00e0 degli Studi di Bergamo.<\/strong><\/p>\n<p><em>\u201cNelle ultime settimane, tutti gli attori protagonisti hanno lavorato con grande impegno per permettere la ripartenza in totale sicurezza dei corsi. Ad oggi possiamo confermare che l\u2019attivit\u00e0 riprende nella maggior parte delle sedi (circa l\u201980%), in ognuna delle quali abbiamo stabilito protocolli di sicurezza personalizzati. Abbiamo ripensato a tutti i corsi cos\u00ec da evitare contatti ravvicinati e garantire una distanza anche superiore rispetto a quella prevista dalla legge. Le modalit\u00e0 saranno differenti ma non lo spirito con cui ci approcciamo ad un obiettivo importantissimo: invogliare gli over 65 a fare attivit\u00e0 motoria, meglio se in compagnia. Un obiettivo oggi pi\u00f9 che mai fondamentale dopo lunghi mesi di inattivit\u00e0, paura e \u2013 spesso \u2013 solitudine\u201d <\/em>racconta <strong>Stefano Tomelleri, Presidente del Comitato per lo sport universitario di Unibg<\/strong><strong><em>.<\/em><\/strong><\/p>\n<p><strong><em>\u00a0<\/em><\/strong><em>\u00abA causa dell\u2019emergenza da coronavirus siamo stati per lunghi periodi in casa. I rischi per la salute psico-fisica legati all\u2019inattivit\u00e0 riguardano tutti, ma in particolare sono maggiormente esposte le persone anziane \u2013 <\/em>dichiara <strong>Massimo Giupponi, Direttore Generale di ATS <em>Bergamo<\/em><\/strong><em> \u2013 per questo il progetto di attivit\u00e0 fisica adattata over 65, ormai consolidato e attivo in diversi comuni del nostro territorio, rappresenta in questo particolare momento uno strumento concreto per affrontare il ritorno alla normalit\u00e0 mettendo in primo piano la prevenzione, garantendo costantemente i protocolli per il contenimento del contagio da covid-19\u00bb<\/em><\/p>\n<p><strong><em>\u00a0<\/em><\/strong>\u00ab<em>Il lockdown ha costretto la popolazione anziana e fragile a un pesante isolamento sotto il profilo fisico e psicologico. La ripresa dell\u2019 \u201cAttivit\u00e0 Fisica Adattata\u201d assume quindi in questo momento un importante significato, sia sul piano pratico che su quello simbolico. \u00c8 il segnale della nostra capacit\u00e0 di adattarci alla convivenza con il virus, convivenza che sar\u00e0 ancora lunga, ma che non dovr\u00e0 fermarci e in particolare non dovr\u00e0 limitare le possibilit\u00e0 di miglioramento sociale e fisico delle persone pi\u00f9 fragili. L\u2019Ordine dei Medici Chirurghi e degli Odontoiatri di Bergamo \u2013 <\/em>commenta <strong>il presidente Guido Marinoni<\/strong><em> &#8211; \u00e8 orgoglioso di essere partner di questa iniziativa, che ha contribuito a promuovere sin dall\u2019inizio e che ora rappresenta un importante presidio per la popolazione anziana, la pi\u00f9 dolorosamente colpita dalla pandemia<\/em>\u00bb<\/p>\n<p><strong>ATTIVIT\u00c0 E COSTI<\/strong> \u2013 Il costo previsto \u00e8 di <strong>14 euro mensili<\/strong>, nei quali rientrano i maggiori oneri previsti per l\u2019adeguamento dovuto all\u2019emergenza Covid-19. Il corso \u00e8 rivolto a uomini e donne ultrasessantacinquenni al di sotto dei normali valori di forza ed equilibrio, con conseguenti limitazioni nella loro autonomia. Scopo del progetto \u00e8 infatti evitare l\u2019invecchiamento precoce, migliorare forza ed equilibrio grazie a semplici esercizi che favoriscono il controllo e la gestione delle capacit\u00e0 del singolo individuo. <strong>Chiunque sia interessato e desideri iscriversi, pu\u00f2 informarsi presso il proprio comune o tramite le associazioni partner.<\/strong><\/p>\n<p><strong>I COMUNI &#8211; <\/strong>I comuni presso i quali sono attualmente attivi i corsi di ginnastica preventiva adattata sono Albino, Antegnate, Arcene, Azzano S. Paolo, Bagnatica, Bergamo (ATS e CONI), Brusaporto, Ciserano, Cividate, Comun Nuovo, Curno, Dalmine, Gaverina Terme, Grassobbio, Lallio, Levate, Montello, Mornico al Serio, Mozzo, Orio al Serio, Osio Sopra, Palosco, Pedrengo, Ponteranica, Pumenengo, Romano di Lombardia, S. Paolo d\u2019Argon, Sarnico, Seriate, Spirano, Stezzano, Telgate, Trescore Balneario e Treviglio.<\/p>\n<p><em>\u00a0<\/em><strong>Per attivare un corso nel proprio comune<\/strong> \u00e8 sufficiente rivolgersi al CUS Bergamo: <u>accademia@cusbergamo.it<\/u> \u2013 tel.: 3404945775.<\/p>\n<p>&nbsp;<\/p>\n","protected":false},"excerpt":{"rendered":"<p>Dopo lo stop forzato, dovuto all\u2019emergenza da Covid-19 e al conseguente lockdown, torna il progetto AFA (Attivit\u00e0 Fisica Adattata) OVER 65, coordinato dall\u2019Universit\u00e0 degli Studi di Bergamo e dal CUS Bergamo in collaborazione con numerosi enti territoriali della provincia bergamasca, tra cui diversi Comuni e associazioni, Ats Bergamo e Ordine dei Medici Chirurghi e degli Odontoiatri di Bergamo. Progetto che in realt\u00e0 non si \u00e8 mai fermato del tutto: nei<\/p>\n<p><a class=\"continue-reading\" href=\"https:\/\/www.article-marketing.eu\/comunicatistampa\/torna-il-progetto-attivita-fisica-adattata-afa-over-65-ripartenza-in-sicurezza-dopo-lemergenza-covid-19\/\">Continue reading&#8230;<\/a><\/p>\n","protected":false},"author":1855,"featured_media":0,"comment_status":"open","ping_status":"open","sticky":false,"template":"","format":"standard","meta":{"_monsterinsights_skip_tracking":false,"_monsterinsights_sitenote_active":false,"_monsterinsights_sitenote_note":"","_monsterinsights_sitenote_category":0,"footnotes":""},"categories":[369,373],"tags":[6676,6675,4603],"class_list":["post-16086","post","type-post","status-publish","format-standard","hentry","category-salute-e-benessere","category-sport","tag-afaover65","tag-cusbergamo","tag-unibg"],"yoast_head":"<!-- This site is optimized with the Yoast SEO plugin v27.3 - https:\/\/yoast.com\/product\/yoast-seo-wordpress\/ -->\n<title>Torna il progetto Attivit\u00e0 Fisica Adattata (AFA) over 65: ripartenza in sicurezza dopo l\u2019emergenza Covid-19 - Article Marketing<\/title>\n<meta name=\"robots\" content=\"index, follow, max-snippet:-1, max-image-preview:large, max-video-preview:-1\" \/>\n<link rel=\"canonical\" href=\"https:\/\/www.article-marketing.eu\/comunicatistampa\/torna-il-progetto-attivita-fisica-adattata-afa-over-65-ripartenza-in-sicurezza-dopo-lemergenza-covid-19\/\" \/>\n<meta property=\"og:locale\" content=\"it_IT\" \/>\n<meta property=\"og:type\" content=\"article\" \/>\n<meta property=\"og:title\" content=\"Torna il progetto Attivit\u00e0 Fisica Adattata (AFA) over 65: ripartenza in sicurezza dopo l\u2019emergenza Covid-19 - Article Marketing\" \/>\n<meta property=\"og:description\" content=\"Dopo lo stop forzato, dovuto all\u2019emergenza da Covid-19 e al conseguente lockdown, torna il progetto AFA (Attivit\u00e0 Fisica Adattata) OVER 65, coordinato dall\u2019Universit\u00e0 degli Studi di Bergamo e dal CUS Bergamo in collaborazione con numerosi enti territoriali della provincia bergamasca, tra cui diversi Comuni e associazioni, Ats Bergamo e Ordine dei Medici Chirurghi e degli Odontoiatri di Bergamo. Progetto che in realt\u00e0 non si \u00e8 mai fermato del tutto: neiContinue reading...\" \/>\n<meta property=\"og:url\" content=\"https:\/\/www.article-marketing.eu\/comunicatistampa\/torna-il-progetto-attivita-fisica-adattata-afa-over-65-ripartenza-in-sicurezza-dopo-lemergenza-covid-19\/\" \/>\n<meta property=\"og:site_name\" content=\"Article Marketing\" \/>\n<meta property=\"article:published_time\" content=\"2020-09-21T16:06:13+00:00\" \/>\n<meta name=\"author\" content=\"Redaclem\" \/>\n<meta name=\"twitter:card\" content=\"summary_large_image\" \/>\n<meta name=\"twitter:label1\" content=\"Scritto da\" \/>\n\t<meta name=\"twitter:data1\" content=\"Redaclem\" \/>\n\t<meta name=\"twitter:label2\" content=\"Tempo di lettura stimato\" \/>\n\t<meta name=\"twitter:data2\" content=\"5 minuti\" \/>\n<script type=\"application\/ld+json\" class=\"yoast-schema-graph\">{\"@context\":\"https:\\\/\\\/schema.org\",\"@graph\":[{\"@type\":\"Article\",\"@id\":\"https:\\\/\\\/www.article-marketing.eu\\\/comunicatistampa\\\/torna-il-progetto-attivita-fisica-adattata-afa-over-65-ripartenza-in-sicurezza-dopo-lemergenza-covid-19\\\/#article\",\"isPartOf\":{\"@id\":\"https:\\\/\\\/www.article-marketing.eu\\\/comunicatistampa\\\/torna-il-progetto-attivita-fisica-adattata-afa-over-65-ripartenza-in-sicurezza-dopo-lemergenza-covid-19\\\/\"},\"author\":{\"name\":\"Redaclem\",\"@id\":\"https:\\\/\\\/www.article-marketing.eu\\\/comunicatistampa\\\/#\\\/schema\\\/person\\\/c0aa725eee5df8460e0adf901fde0c88\"},\"headline\":\"Torna il progetto Attivit\u00e0 Fisica Adattata (AFA) over 65: ripartenza in sicurezza dopo l\u2019emergenza Covid-19\",\"datePublished\":\"2020-09-21T16:06:13+00:00\",\"mainEntityOfPage\":{\"@id\":\"https:\\\/\\\/www.article-marketing.eu\\\/comunicatistampa\\\/torna-il-progetto-attivita-fisica-adattata-afa-over-65-ripartenza-in-sicurezza-dopo-lemergenza-covid-19\\\/\"},\"wordCount\":942,\"commentCount\":0,\"keywords\":[\"#afaover65\",\"#cusbergamo\",\"#unibg\"],\"articleSection\":[\"Salute e benessere\",\"Sport\"],\"inLanguage\":\"it-IT\",\"potentialAction\":[{\"@type\":\"CommentAction\",\"name\":\"Comment\",\"target\":[\"https:\\\/\\\/www.article-marketing.eu\\\/comunicatistampa\\\/torna-il-progetto-attivita-fisica-adattata-afa-over-65-ripartenza-in-sicurezza-dopo-lemergenza-covid-19\\\/#respond\"]}]},{\"@type\":\"WebPage\",\"@id\":\"https:\\\/\\\/www.article-marketing.eu\\\/comunicatistampa\\\/torna-il-progetto-attivita-fisica-adattata-afa-over-65-ripartenza-in-sicurezza-dopo-lemergenza-covid-19\\\/\",\"url\":\"https:\\\/\\\/www.article-marketing.eu\\\/comunicatistampa\\\/torna-il-progetto-attivita-fisica-adattata-afa-over-65-ripartenza-in-sicurezza-dopo-lemergenza-covid-19\\\/\",\"name\":\"Torna il progetto Attivit\u00e0 Fisica Adattata (AFA) over 65: ripartenza in sicurezza dopo l\u2019emergenza Covid-19 - Article Marketing\",\"isPartOf\":{\"@id\":\"https:\\\/\\\/www.article-marketing.eu\\\/comunicatistampa\\\/#website\"},\"datePublished\":\"2020-09-21T16:06:13+00:00\",\"author\":{\"@id\":\"https:\\\/\\\/www.article-marketing.eu\\\/comunicatistampa\\\/#\\\/schema\\\/person\\\/c0aa725eee5df8460e0adf901fde0c88\"},\"breadcrumb\":{\"@id\":\"https:\\\/\\\/www.article-marketing.eu\\\/comunicatistampa\\\/torna-il-progetto-attivita-fisica-adattata-afa-over-65-ripartenza-in-sicurezza-dopo-lemergenza-covid-19\\\/#breadcrumb\"},\"inLanguage\":\"it-IT\",\"potentialAction\":[{\"@type\":\"ReadAction\",\"target\":[\"https:\\\/\\\/www.article-marketing.eu\\\/comunicatistampa\\\/torna-il-progetto-attivita-fisica-adattata-afa-over-65-ripartenza-in-sicurezza-dopo-lemergenza-covid-19\\\/\"]}]},{\"@type\":\"BreadcrumbList\",\"@id\":\"https:\\\/\\\/www.article-marketing.eu\\\/comunicatistampa\\\/torna-il-progetto-attivita-fisica-adattata-afa-over-65-ripartenza-in-sicurezza-dopo-lemergenza-covid-19\\\/#breadcrumb\",\"itemListElement\":[{\"@type\":\"ListItem\",\"position\":1,\"name\":\"Home\",\"item\":\"https:\\\/\\\/www.article-marketing.eu\\\/comunicatistampa\\\/\"},{\"@type\":\"ListItem\",\"position\":2,\"name\":\"Torna il progetto Attivit\u00e0 Fisica Adattata (AFA) over 65: ripartenza in sicurezza dopo l\u2019emergenza Covid-19\"}]},{\"@type\":\"WebSite\",\"@id\":\"https:\\\/\\\/www.article-marketing.eu\\\/comunicatistampa\\\/#website\",\"url\":\"https:\\\/\\\/www.article-marketing.eu\\\/comunicatistampa\\\/\",\"name\":\"Article Marketing\",\"description\":\"article marketing &amp; press release\",\"potentialAction\":[{\"@type\":\"SearchAction\",\"target\":{\"@type\":\"EntryPoint\",\"urlTemplate\":\"https:\\\/\\\/www.article-marketing.eu\\\/comunicatistampa\\\/?s={search_term_string}\"},\"query-input\":{\"@type\":\"PropertyValueSpecification\",\"valueRequired\":true,\"valueName\":\"search_term_string\"}}],\"inLanguage\":\"it-IT\"},{\"@type\":\"Person\",\"@id\":\"https:\\\/\\\/www.article-marketing.eu\\\/comunicatistampa\\\/#\\\/schema\\\/person\\\/c0aa725eee5df8460e0adf901fde0c88\",\"name\":\"Redaclem\",\"image\":{\"@type\":\"ImageObject\",\"inLanguage\":\"it-IT\",\"@id\":\"https:\\\/\\\/secure.gravatar.com\\\/avatar\\\/4c7e41f332a0583344a91d7d39723533da9b2d0df7737c2d8c69553168c2191e?s=96&d=mm&r=g\",\"url\":\"https:\\\/\\\/secure.gravatar.com\\\/avatar\\\/4c7e41f332a0583344a91d7d39723533da9b2d0df7737c2d8c69553168c2191e?s=96&d=mm&r=g\",\"contentUrl\":\"https:\\\/\\\/secure.gravatar.com\\\/avatar\\\/4c7e41f332a0583344a91d7d39723533da9b2d0df7737c2d8c69553168c2191e?s=96&d=mm&r=g\",\"caption\":\"Redaclem\"},\"url\":\"https:\\\/\\\/www.article-marketing.eu\\\/comunicatistampa\\\/author\\\/redaclem\\\/\"}]}<\/script>\n<!-- \/ Yoast SEO plugin. -->","yoast_head_json":{"title":"Torna il progetto Attivit\u00e0 Fisica Adattata (AFA) over 65: ripartenza in sicurezza dopo l\u2019emergenza Covid-19 - Article Marketing","robots":{"index":"index","follow":"follow","max-snippet":"max-snippet:-1","max-image-preview":"max-image-preview:large","max-video-preview":"max-video-preview:-1"},"canonical":"https:\/\/www.article-marketing.eu\/comunicatistampa\/torna-il-progetto-attivita-fisica-adattata-afa-over-65-ripartenza-in-sicurezza-dopo-lemergenza-covid-19\/","og_locale":"it_IT","og_type":"article","og_title":"Torna il progetto Attivit\u00e0 Fisica Adattata (AFA) over 65: ripartenza in sicurezza dopo l\u2019emergenza Covid-19 - Article Marketing","og_description":"Dopo lo stop forzato, dovuto all\u2019emergenza da Covid-19 e al conseguente lockdown, torna il progetto AFA (Attivit\u00e0 Fisica Adattata) OVER 65, coordinato dall\u2019Universit\u00e0 degli Studi di Bergamo e dal CUS Bergamo in collaborazione con numerosi enti territoriali della provincia bergamasca, tra cui diversi Comuni e associazioni, Ats Bergamo e Ordine dei Medici Chirurghi e degli Odontoiatri di Bergamo. Progetto che in realt\u00e0 non si \u00e8 mai fermato del tutto: neiContinue reading...","og_url":"https:\/\/www.article-marketing.eu\/comunicatistampa\/torna-il-progetto-attivita-fisica-adattata-afa-over-65-ripartenza-in-sicurezza-dopo-lemergenza-covid-19\/","og_site_name":"Article Marketing","article_published_time":"2020-09-21T16:06:13+00:00","author":"Redaclem","twitter_card":"summary_large_image","twitter_misc":{"Scritto da":"Redaclem","Tempo di lettura stimato":"5 minuti"},"schema":{"@context":"https:\/\/schema.org","@graph":[{"@type":"Article","@id":"https:\/\/www.article-marketing.eu\/comunicatistampa\/torna-il-progetto-attivita-fisica-adattata-afa-over-65-ripartenza-in-sicurezza-dopo-lemergenza-covid-19\/#article","isPartOf":{"@id":"https:\/\/www.article-marketing.eu\/comunicatistampa\/torna-il-progetto-attivita-fisica-adattata-afa-over-65-ripartenza-in-sicurezza-dopo-lemergenza-covid-19\/"},"author":{"name":"Redaclem","@id":"https:\/\/www.article-marketing.eu\/comunicatistampa\/#\/schema\/person\/c0aa725eee5df8460e0adf901fde0c88"},"headline":"Torna il progetto Attivit\u00e0 Fisica Adattata (AFA) over 65: ripartenza in sicurezza dopo l\u2019emergenza Covid-19","datePublished":"2020-09-21T16:06:13+00:00","mainEntityOfPage":{"@id":"https:\/\/www.article-marketing.eu\/comunicatistampa\/torna-il-progetto-attivita-fisica-adattata-afa-over-65-ripartenza-in-sicurezza-dopo-lemergenza-covid-19\/"},"wordCount":942,"commentCount":0,"keywords":["#afaover65","#cusbergamo","#unibg"],"articleSection":["Salute e benessere","Sport"],"inLanguage":"it-IT","potentialAction":[{"@type":"CommentAction","name":"Comment","target":["https:\/\/www.article-marketing.eu\/comunicatistampa\/torna-il-progetto-attivita-fisica-adattata-afa-over-65-ripartenza-in-sicurezza-dopo-lemergenza-covid-19\/#respond"]}]},{"@type":"WebPage","@id":"https:\/\/www.article-marketing.eu\/comunicatistampa\/torna-il-progetto-attivita-fisica-adattata-afa-over-65-ripartenza-in-sicurezza-dopo-lemergenza-covid-19\/","url":"https:\/\/www.article-marketing.eu\/comunicatistampa\/torna-il-progetto-attivita-fisica-adattata-afa-over-65-ripartenza-in-sicurezza-dopo-lemergenza-covid-19\/","name":"Torna il progetto Attivit\u00e0 Fisica Adattata (AFA) over 65: ripartenza in sicurezza dopo l\u2019emergenza Covid-19 - Article Marketing","isPartOf":{"@id":"https:\/\/www.article-marketing.eu\/comunicatistampa\/#website"},"datePublished":"2020-09-21T16:06:13+00:00","author":{"@id":"https:\/\/www.article-marketing.eu\/comunicatistampa\/#\/schema\/person\/c0aa725eee5df8460e0adf901fde0c88"},"breadcrumb":{"@id":"https:\/\/www.article-marketing.eu\/comunicatistampa\/torna-il-progetto-attivita-fisica-adattata-afa-over-65-ripartenza-in-sicurezza-dopo-lemergenza-covid-19\/#breadcrumb"},"inLanguage":"it-IT","potentialAction":[{"@type":"ReadAction","target":["https:\/\/www.article-marketing.eu\/comunicatistampa\/torna-il-progetto-attivita-fisica-adattata-afa-over-65-ripartenza-in-sicurezza-dopo-lemergenza-covid-19\/"]}]},{"@type":"BreadcrumbList","@id":"https:\/\/www.article-marketing.eu\/comunicatistampa\/torna-il-progetto-attivita-fisica-adattata-afa-over-65-ripartenza-in-sicurezza-dopo-lemergenza-covid-19\/#breadcrumb","itemListElement":[{"@type":"ListItem","position":1,"name":"Home","item":"https:\/\/www.article-marketing.eu\/comunicatistampa\/"},{"@type":"ListItem","position":2,"name":"Torna il progetto Attivit\u00e0 Fisica Adattata (AFA) over 65: ripartenza in sicurezza dopo l\u2019emergenza Covid-19"}]},{"@type":"WebSite","@id":"https:\/\/www.article-marketing.eu\/comunicatistampa\/#website","url":"https:\/\/www.article-marketing.eu\/comunicatistampa\/","name":"Article Marketing","description":"article marketing &amp; press release","potentialAction":[{"@type":"SearchAction","target":{"@type":"EntryPoint","urlTemplate":"https:\/\/www.article-marketing.eu\/comunicatistampa\/?s={search_term_string}"},"query-input":{"@type":"PropertyValueSpecification","valueRequired":true,"valueName":"search_term_string"}}],"inLanguage":"it-IT"},{"@type":"Person","@id":"https:\/\/www.article-marketing.eu\/comunicatistampa\/#\/schema\/person\/c0aa725eee5df8460e0adf901fde0c88","name":"Redaclem","image":{"@type":"ImageObject","inLanguage":"it-IT","@id":"https:\/\/secure.gravatar.com\/avatar\/4c7e41f332a0583344a91d7d39723533da9b2d0df7737c2d8c69553168c2191e?s=96&d=mm&r=g","url":"https:\/\/secure.gravatar.com\/avatar\/4c7e41f332a0583344a91d7d39723533da9b2d0df7737c2d8c69553168c2191e?s=96&d=mm&r=g","contentUrl":"https:\/\/secure.gravatar.com\/avatar\/4c7e41f332a0583344a91d7d39723533da9b2d0df7737c2d8c69553168c2191e?s=96&d=mm&r=g","caption":"Redaclem"},"url":"https:\/\/www.article-marketing.eu\/comunicatistampa\/author\/redaclem\/"}]}},"_links":{"self":[{"href":"https:\/\/www.article-marketing.eu\/comunicatistampa\/wp-json\/wp\/v2\/posts\/16086","targetHints":{"allow":["GET"]}}],"collection":[{"href":"https:\/\/www.article-marketing.eu\/comunicatistampa\/wp-json\/wp\/v2\/posts"}],"about":[{"href":"https:\/\/www.article-marketing.eu\/comunicatistampa\/wp-json\/wp\/v2\/types\/post"}],"author":[{"embeddable":true,"href":"https:\/\/www.article-marketing.eu\/comunicatistampa\/wp-json\/wp\/v2\/users\/1855"}],"replies":[{"embeddable":true,"href":"https:\/\/www.article-marketing.eu\/comunicatistampa\/wp-json\/wp\/v2\/comments?post=16086"}],"version-history":[{"count":2,"href":"https:\/\/www.article-marketing.eu\/comunicatistampa\/wp-json\/wp\/v2\/posts\/16086\/revisions"}],"predecessor-version":[{"id":16098,"href":"https:\/\/www.article-marketing.eu\/comunicatistampa\/wp-json\/wp\/v2\/posts\/16086\/revisions\/16098"}],"wp:attachment":[{"href":"https:\/\/www.article-marketing.eu\/comunicatistampa\/wp-json\/wp\/v2\/media?parent=16086"}],"wp:term":[{"taxonomy":"category","embeddable":true,"href":"https:\/\/www.article-marketing.eu\/comunicatistampa\/wp-json\/wp\/v2\/categories?post=16086"},{"taxonomy":"post_tag","embeddable":true,"href":"https:\/\/www.article-marketing.eu\/comunicatistampa\/wp-json\/wp\/v2\/tags?post=16086"}],"curies":[{"name":"wp","href":"https:\/\/api.w.org\/{rel}","templated":true}]}}