{"id":16110,"date":"2020-09-23T00:01:04","date_gmt":"2020-09-22T22:01:04","guid":{"rendered":"https:\/\/www.article-marketing.eu\/comunicatistampa\/?p=16110"},"modified":"2020-09-23T00:01:04","modified_gmt":"2020-09-22T22:01:04","slug":"prima-giornata-di-accoglienza-per-le-matricole-di-unibg-al-lazzaretto","status":"publish","type":"post","link":"https:\/\/www.article-marketing.eu\/comunicatistampa\/prima-giornata-di-accoglienza-per-le-matricole-di-unibg-al-lazzaretto\/","title":{"rendered":"Prima giornata di accoglienza per le matricole di UniBg al Lazzaretto"},"content":{"rendered":"<p>Sono stati accolti stamattina, marted\u00ec 22 settembre, presso la \u201ccittadella accademica\u201d del <strong>Lazzaretto di Bergamo<\/strong>, allestita per garantire sicurezza e accessibilit\u00e0 nel rispetto delle norme anti-Covid, i <strong>neoiscritti <\/strong>ai corsi di laurea in<strong> Giurisprudenza <\/strong>e in<strong> Diritto per l\u2019impresa nazionale e internazionale <\/strong>dell\u2019<strong>Universit\u00e0 degli studi di Bergamo<\/strong>.<\/p>\n<p>Dopo una breve panoramica sulla struttura universitaria \u00e8 intervenuto il <strong>rettore Remo Morzenti Pellegrini<\/strong>, che ha salutato pi\u00f9 di 100 matricole augurando loro un buon inizio: <em>\u201cPartono oggi, con i corsi di laurea in Giurisprudenza e in Diritto per l\u2019impresa nazionale e internazionale, le giornate dedicate all\u2019accoglienza dei neoiscritti all\u2019Universit\u00e0 degli studi di Bergamo. A voi studenti va il mio augurio di iniziare al meglio la carriera universitaria, senza mai perdere la positivit\u00e0 e l\u2019entusiasmo che contraddistinguono la vostra giovane et\u00e0: \u00e8 nei momenti di sconforto, come quelli che tutti noi abbiamo attraversato negli ultimi mesi, che \u00e8 importante perseverare e alimentare la speranza\u201d.<\/em><\/p>\n<p>Sono poi intervenuti il <strong>direttore del dipartimento di Giurisprudenza<\/strong>,<strong> prof.ssa Elisabetta Bani<\/strong>, il <strong>presidente del corso di laurea triennale in Diritto per l&#8217;impresa nazionale e internazionale, prof.ssa Mariacarla Giorgetti<\/strong> e il <strong>presidente del corso di laurea magistrale a ciclo unico in Giurisprudenza, prof. Roberto Pucella<\/strong>, illustrando i contenuti principali dei corsi.<\/p>\n<p>Infine il <strong>dott. Cristiano Poletti dell\u2019ufficio comunicazione<\/strong> ha fornito ai neoiscritti indicazioni su come<strong> reperire le informazioni importanti<\/strong> per iniziare al meglio la carriera accademica e su come <strong>navigare il sito in modo efficace<\/strong>, oltre agli aggiornamenti in materia di <strong>sicurezza sanitaria<\/strong> per prevenire la diffusione di Covid-19 in universit\u00e0.<\/p>\n<p>In programma nei prossimi giorni, <strong>fino a venerd\u00ec 2 ottobre<\/strong>, le giornate di accoglienza delle matricole iscritte ai corsi degli altri dipartimenti.<\/p>\n<p>Per informazioni <a href=\"http:\/\/www.unibg.it\">www.unibg.it<\/a><\/p>\n<table>\n<tbody>\n<tr>\n<td width=\"623\"><strong><u>PROGRAMMA PRESENTAZIONE CORSI<br \/>\n<\/u><\/strong>Mercoled\u00ec 23 settembre ore 10:\u00a0corso di laurea in Lettere e corso di laurea in Filosofia<br \/>\nMercoled\u00ec 23.09.20 ore 14: corso di laurea in Scienze della comunicazione<br \/>\nGioved\u00ec 24.09.20 ore 10: corso di laurea in Lingue e letterature straniere moderne<br \/>\nVenerd\u00ec 25.09.20 ore 10: corso di laurea in Economia aziendale<br \/>\nVenerd\u00ec 25.09.20 ore 14: corso di laurea in Economia<br \/>\nSabato 26.09.2020\u00a0ore 10: corso di laurea in Scienze motorie e sportive e corso di laurea in Scienze dell&#8217;educazione<br \/>\nLuned\u00ec 28.09.20 ore 10: corso di laurea in Ingegneria meccanica\u00a0e corso di laurea in Ingegneria delle tecnologie per l&#8217;edilizia<br \/>\nLuned\u00ec 28.09.20 ore 14: corso di laurea in Ingegneria delle tecnologie per la salute, corso di laurea in Ingegneria gestionale, corso di laurea in Ingegneria informatica<br \/>\nVenerd\u00ec 2.10.20 ore 10: corso di laurea in Scienze della formazione primaria\u00a0e Scienze psicologiche<\/td>\n<\/tr>\n<\/tbody>\n<\/table>\n<p>&nbsp;<\/p>\n<p>&nbsp;<\/p>\n","protected":false},"excerpt":{"rendered":"<p>Sono stati accolti stamattina, marted\u00ec 22 settembre, presso la \u201ccittadella accademica\u201d del Lazzaretto di Bergamo, allestita per garantire sicurezza e accessibilit\u00e0 nel rispetto delle norme anti-Covid, i neoiscritti ai corsi di laurea in Giurisprudenza e in Diritto per l\u2019impresa nazionale e internazionale dell\u2019Universit\u00e0 degli studi di Bergamo. Dopo una breve panoramica sulla struttura universitaria \u00e8 intervenuto il rettore Remo Morzenti Pellegrini, che ha salutato pi\u00f9 di 100 matricole augurando loro<\/p>\n<p><a class=\"continue-reading\" href=\"https:\/\/www.article-marketing.eu\/comunicatistampa\/prima-giornata-di-accoglienza-per-le-matricole-di-unibg-al-lazzaretto\/\">Continue reading&#8230;<\/a><\/p>\n","protected":false},"author":1855,"featured_media":0,"comment_status":"open","ping_status":"open","sticky":false,"template":"","format":"standard","meta":{"_monsterinsights_skip_tracking":false,"_monsterinsights_sitenote_active":false,"_monsterinsights_sitenote_note":"","_monsterinsights_sitenote_category":0,"footnotes":""},"categories":[407,379,392,378],"tags":[6578,6683,4603,1628],"class_list":["post-16110","post","type-post","status-publish","format-standard","hentry","category-arte-e-cultura","category-corsi","category-eventi","category-istruzione","tag-lazzaretto","tag-matricole","tag-unibg","tag-bergamo"],"yoast_head":"<!-- This site is optimized with the Yoast SEO plugin v27.3 - https:\/\/yoast.com\/product\/yoast-seo-wordpress\/ -->\n<title>Prima giornata di accoglienza per le matricole di UniBg al Lazzaretto - Article Marketing<\/title>\n<meta name=\"robots\" content=\"index, follow, max-snippet:-1, max-image-preview:large, max-video-preview:-1\" \/>\n<link rel=\"canonical\" href=\"https:\/\/www.article-marketing.eu\/comunicatistampa\/prima-giornata-di-accoglienza-per-le-matricole-di-unibg-al-lazzaretto\/\" \/>\n<meta property=\"og:locale\" content=\"it_IT\" \/>\n<meta property=\"og:type\" content=\"article\" \/>\n<meta property=\"og:title\" content=\"Prima giornata di accoglienza per le matricole di UniBg al Lazzaretto - Article Marketing\" \/>\n<meta property=\"og:description\" content=\"Sono stati accolti stamattina, marted\u00ec 22 settembre, presso la \u201ccittadella accademica\u201d del Lazzaretto di Bergamo, allestita per garantire sicurezza e accessibilit\u00e0 nel rispetto delle norme anti-Covid, i neoiscritti ai corsi di laurea in Giurisprudenza e in Diritto per l\u2019impresa nazionale e internazionale dell\u2019Universit\u00e0 degli studi di Bergamo. Dopo una breve panoramica sulla struttura universitaria \u00e8 intervenuto il rettore Remo Morzenti Pellegrini, che ha salutato pi\u00f9 di 100 matricole augurando loroContinue reading...\" \/>\n<meta property=\"og:url\" content=\"https:\/\/www.article-marketing.eu\/comunicatistampa\/prima-giornata-di-accoglienza-per-le-matricole-di-unibg-al-lazzaretto\/\" \/>\n<meta property=\"og:site_name\" content=\"Article Marketing\" \/>\n<meta property=\"article:published_time\" content=\"2020-09-22T22:01:04+00:00\" \/>\n<meta name=\"author\" content=\"Redaclem\" \/>\n<meta name=\"twitter:card\" content=\"summary_large_image\" \/>\n<meta name=\"twitter:label1\" content=\"Scritto da\" \/>\n\t<meta name=\"twitter:data1\" content=\"Redaclem\" \/>\n\t<meta name=\"twitter:label2\" content=\"Tempo di lettura stimato\" \/>\n\t<meta name=\"twitter:data2\" content=\"2 minuti\" \/>\n<script type=\"application\/ld+json\" class=\"yoast-schema-graph\">{\"@context\":\"https:\\\/\\\/schema.org\",\"@graph\":[{\"@type\":\"Article\",\"@id\":\"https:\\\/\\\/www.article-marketing.eu\\\/comunicatistampa\\\/prima-giornata-di-accoglienza-per-le-matricole-di-unibg-al-lazzaretto\\\/#article\",\"isPartOf\":{\"@id\":\"https:\\\/\\\/www.article-marketing.eu\\\/comunicatistampa\\\/prima-giornata-di-accoglienza-per-le-matricole-di-unibg-al-lazzaretto\\\/\"},\"author\":{\"name\":\"Redaclem\",\"@id\":\"https:\\\/\\\/www.article-marketing.eu\\\/comunicatistampa\\\/#\\\/schema\\\/person\\\/c0aa725eee5df8460e0adf901fde0c88\"},\"headline\":\"Prima giornata di accoglienza per le matricole di UniBg al Lazzaretto\",\"datePublished\":\"2020-09-22T22:01:04+00:00\",\"mainEntityOfPage\":{\"@id\":\"https:\\\/\\\/www.article-marketing.eu\\\/comunicatistampa\\\/prima-giornata-di-accoglienza-per-le-matricole-di-unibg-al-lazzaretto\\\/\"},\"wordCount\":419,\"commentCount\":0,\"keywords\":[\"#lazzaretto\",\"#matricole\",\"#unibg\",\"Bergamo\"],\"articleSection\":[\"Arte e cultura\",\"Corsi\",\"Eventi\",\"Istruzione\"],\"inLanguage\":\"it-IT\",\"potentialAction\":[{\"@type\":\"CommentAction\",\"name\":\"Comment\",\"target\":[\"https:\\\/\\\/www.article-marketing.eu\\\/comunicatistampa\\\/prima-giornata-di-accoglienza-per-le-matricole-di-unibg-al-lazzaretto\\\/#respond\"]}]},{\"@type\":\"WebPage\",\"@id\":\"https:\\\/\\\/www.article-marketing.eu\\\/comunicatistampa\\\/prima-giornata-di-accoglienza-per-le-matricole-di-unibg-al-lazzaretto\\\/\",\"url\":\"https:\\\/\\\/www.article-marketing.eu\\\/comunicatistampa\\\/prima-giornata-di-accoglienza-per-le-matricole-di-unibg-al-lazzaretto\\\/\",\"name\":\"Prima giornata di accoglienza per le matricole di UniBg al Lazzaretto - Article Marketing\",\"isPartOf\":{\"@id\":\"https:\\\/\\\/www.article-marketing.eu\\\/comunicatistampa\\\/#website\"},\"datePublished\":\"2020-09-22T22:01:04+00:00\",\"author\":{\"@id\":\"https:\\\/\\\/www.article-marketing.eu\\\/comunicatistampa\\\/#\\\/schema\\\/person\\\/c0aa725eee5df8460e0adf901fde0c88\"},\"breadcrumb\":{\"@id\":\"https:\\\/\\\/www.article-marketing.eu\\\/comunicatistampa\\\/prima-giornata-di-accoglienza-per-le-matricole-di-unibg-al-lazzaretto\\\/#breadcrumb\"},\"inLanguage\":\"it-IT\",\"potentialAction\":[{\"@type\":\"ReadAction\",\"target\":[\"https:\\\/\\\/www.article-marketing.eu\\\/comunicatistampa\\\/prima-giornata-di-accoglienza-per-le-matricole-di-unibg-al-lazzaretto\\\/\"]}]},{\"@type\":\"BreadcrumbList\",\"@id\":\"https:\\\/\\\/www.article-marketing.eu\\\/comunicatistampa\\\/prima-giornata-di-accoglienza-per-le-matricole-di-unibg-al-lazzaretto\\\/#breadcrumb\",\"itemListElement\":[{\"@type\":\"ListItem\",\"position\":1,\"name\":\"Home\",\"item\":\"https:\\\/\\\/www.article-marketing.eu\\\/comunicatistampa\\\/\"},{\"@type\":\"ListItem\",\"position\":2,\"name\":\"Prima giornata di accoglienza per le matricole di UniBg al Lazzaretto\"}]},{\"@type\":\"WebSite\",\"@id\":\"https:\\\/\\\/www.article-marketing.eu\\\/comunicatistampa\\\/#website\",\"url\":\"https:\\\/\\\/www.article-marketing.eu\\\/comunicatistampa\\\/\",\"name\":\"Article Marketing\",\"description\":\"article marketing &amp; press release\",\"potentialAction\":[{\"@type\":\"SearchAction\",\"target\":{\"@type\":\"EntryPoint\",\"urlTemplate\":\"https:\\\/\\\/www.article-marketing.eu\\\/comunicatistampa\\\/?s={search_term_string}\"},\"query-input\":{\"@type\":\"PropertyValueSpecification\",\"valueRequired\":true,\"valueName\":\"search_term_string\"}}],\"inLanguage\":\"it-IT\"},{\"@type\":\"Person\",\"@id\":\"https:\\\/\\\/www.article-marketing.eu\\\/comunicatistampa\\\/#\\\/schema\\\/person\\\/c0aa725eee5df8460e0adf901fde0c88\",\"name\":\"Redaclem\",\"image\":{\"@type\":\"ImageObject\",\"inLanguage\":\"it-IT\",\"@id\":\"https:\\\/\\\/secure.gravatar.com\\\/avatar\\\/4c7e41f332a0583344a91d7d39723533da9b2d0df7737c2d8c69553168c2191e?s=96&d=mm&r=g\",\"url\":\"https:\\\/\\\/secure.gravatar.com\\\/avatar\\\/4c7e41f332a0583344a91d7d39723533da9b2d0df7737c2d8c69553168c2191e?s=96&d=mm&r=g\",\"contentUrl\":\"https:\\\/\\\/secure.gravatar.com\\\/avatar\\\/4c7e41f332a0583344a91d7d39723533da9b2d0df7737c2d8c69553168c2191e?s=96&d=mm&r=g\",\"caption\":\"Redaclem\"},\"url\":\"https:\\\/\\\/www.article-marketing.eu\\\/comunicatistampa\\\/author\\\/redaclem\\\/\"}]}<\/script>\n<!-- \/ Yoast SEO plugin. -->","yoast_head_json":{"title":"Prima giornata di accoglienza per le matricole di UniBg al Lazzaretto - Article Marketing","robots":{"index":"index","follow":"follow","max-snippet":"max-snippet:-1","max-image-preview":"max-image-preview:large","max-video-preview":"max-video-preview:-1"},"canonical":"https:\/\/www.article-marketing.eu\/comunicatistampa\/prima-giornata-di-accoglienza-per-le-matricole-di-unibg-al-lazzaretto\/","og_locale":"it_IT","og_type":"article","og_title":"Prima giornata di accoglienza per le matricole di UniBg al Lazzaretto - Article Marketing","og_description":"Sono stati accolti stamattina, marted\u00ec 22 settembre, presso la \u201ccittadella accademica\u201d del Lazzaretto di Bergamo, allestita per garantire sicurezza e accessibilit\u00e0 nel rispetto delle norme anti-Covid, i neoiscritti ai corsi di laurea in Giurisprudenza e in Diritto per l\u2019impresa nazionale e internazionale dell\u2019Universit\u00e0 degli studi di Bergamo. Dopo una breve panoramica sulla struttura universitaria \u00e8 intervenuto il rettore Remo Morzenti Pellegrini, che ha salutato pi\u00f9 di 100 matricole augurando loroContinue reading...","og_url":"https:\/\/www.article-marketing.eu\/comunicatistampa\/prima-giornata-di-accoglienza-per-le-matricole-di-unibg-al-lazzaretto\/","og_site_name":"Article Marketing","article_published_time":"2020-09-22T22:01:04+00:00","author":"Redaclem","twitter_card":"summary_large_image","twitter_misc":{"Scritto da":"Redaclem","Tempo di lettura stimato":"2 minuti"},"schema":{"@context":"https:\/\/schema.org","@graph":[{"@type":"Article","@id":"https:\/\/www.article-marketing.eu\/comunicatistampa\/prima-giornata-di-accoglienza-per-le-matricole-di-unibg-al-lazzaretto\/#article","isPartOf":{"@id":"https:\/\/www.article-marketing.eu\/comunicatistampa\/prima-giornata-di-accoglienza-per-le-matricole-di-unibg-al-lazzaretto\/"},"author":{"name":"Redaclem","@id":"https:\/\/www.article-marketing.eu\/comunicatistampa\/#\/schema\/person\/c0aa725eee5df8460e0adf901fde0c88"},"headline":"Prima giornata di accoglienza per le matricole di UniBg al Lazzaretto","datePublished":"2020-09-22T22:01:04+00:00","mainEntityOfPage":{"@id":"https:\/\/www.article-marketing.eu\/comunicatistampa\/prima-giornata-di-accoglienza-per-le-matricole-di-unibg-al-lazzaretto\/"},"wordCount":419,"commentCount":0,"keywords":["#lazzaretto","#matricole","#unibg","Bergamo"],"articleSection":["Arte e cultura","Corsi","Eventi","Istruzione"],"inLanguage":"it-IT","potentialAction":[{"@type":"CommentAction","name":"Comment","target":["https:\/\/www.article-marketing.eu\/comunicatistampa\/prima-giornata-di-accoglienza-per-le-matricole-di-unibg-al-lazzaretto\/#respond"]}]},{"@type":"WebPage","@id":"https:\/\/www.article-marketing.eu\/comunicatistampa\/prima-giornata-di-accoglienza-per-le-matricole-di-unibg-al-lazzaretto\/","url":"https:\/\/www.article-marketing.eu\/comunicatistampa\/prima-giornata-di-accoglienza-per-le-matricole-di-unibg-al-lazzaretto\/","name":"Prima giornata di accoglienza per le matricole di UniBg al Lazzaretto - Article Marketing","isPartOf":{"@id":"https:\/\/www.article-marketing.eu\/comunicatistampa\/#website"},"datePublished":"2020-09-22T22:01:04+00:00","author":{"@id":"https:\/\/www.article-marketing.eu\/comunicatistampa\/#\/schema\/person\/c0aa725eee5df8460e0adf901fde0c88"},"breadcrumb":{"@id":"https:\/\/www.article-marketing.eu\/comunicatistampa\/prima-giornata-di-accoglienza-per-le-matricole-di-unibg-al-lazzaretto\/#breadcrumb"},"inLanguage":"it-IT","potentialAction":[{"@type":"ReadAction","target":["https:\/\/www.article-marketing.eu\/comunicatistampa\/prima-giornata-di-accoglienza-per-le-matricole-di-unibg-al-lazzaretto\/"]}]},{"@type":"BreadcrumbList","@id":"https:\/\/www.article-marketing.eu\/comunicatistampa\/prima-giornata-di-accoglienza-per-le-matricole-di-unibg-al-lazzaretto\/#breadcrumb","itemListElement":[{"@type":"ListItem","position":1,"name":"Home","item":"https:\/\/www.article-marketing.eu\/comunicatistampa\/"},{"@type":"ListItem","position":2,"name":"Prima giornata di accoglienza per le matricole di UniBg al Lazzaretto"}]},{"@type":"WebSite","@id":"https:\/\/www.article-marketing.eu\/comunicatistampa\/#website","url":"https:\/\/www.article-marketing.eu\/comunicatistampa\/","name":"Article Marketing","description":"article marketing &amp; press release","potentialAction":[{"@type":"SearchAction","target":{"@type":"EntryPoint","urlTemplate":"https:\/\/www.article-marketing.eu\/comunicatistampa\/?s={search_term_string}"},"query-input":{"@type":"PropertyValueSpecification","valueRequired":true,"valueName":"search_term_string"}}],"inLanguage":"it-IT"},{"@type":"Person","@id":"https:\/\/www.article-marketing.eu\/comunicatistampa\/#\/schema\/person\/c0aa725eee5df8460e0adf901fde0c88","name":"Redaclem","image":{"@type":"ImageObject","inLanguage":"it-IT","@id":"https:\/\/secure.gravatar.com\/avatar\/4c7e41f332a0583344a91d7d39723533da9b2d0df7737c2d8c69553168c2191e?s=96&d=mm&r=g","url":"https:\/\/secure.gravatar.com\/avatar\/4c7e41f332a0583344a91d7d39723533da9b2d0df7737c2d8c69553168c2191e?s=96&d=mm&r=g","contentUrl":"https:\/\/secure.gravatar.com\/avatar\/4c7e41f332a0583344a91d7d39723533da9b2d0df7737c2d8c69553168c2191e?s=96&d=mm&r=g","caption":"Redaclem"},"url":"https:\/\/www.article-marketing.eu\/comunicatistampa\/author\/redaclem\/"}]}},"_links":{"self":[{"href":"https:\/\/www.article-marketing.eu\/comunicatistampa\/wp-json\/wp\/v2\/posts\/16110","targetHints":{"allow":["GET"]}}],"collection":[{"href":"https:\/\/www.article-marketing.eu\/comunicatistampa\/wp-json\/wp\/v2\/posts"}],"about":[{"href":"https:\/\/www.article-marketing.eu\/comunicatistampa\/wp-json\/wp\/v2\/types\/post"}],"author":[{"embeddable":true,"href":"https:\/\/www.article-marketing.eu\/comunicatistampa\/wp-json\/wp\/v2\/users\/1855"}],"replies":[{"embeddable":true,"href":"https:\/\/www.article-marketing.eu\/comunicatistampa\/wp-json\/wp\/v2\/comments?post=16110"}],"version-history":[{"count":2,"href":"https:\/\/www.article-marketing.eu\/comunicatistampa\/wp-json\/wp\/v2\/posts\/16110\/revisions"}],"predecessor-version":[{"id":16120,"href":"https:\/\/www.article-marketing.eu\/comunicatistampa\/wp-json\/wp\/v2\/posts\/16110\/revisions\/16120"}],"wp:attachment":[{"href":"https:\/\/www.article-marketing.eu\/comunicatistampa\/wp-json\/wp\/v2\/media?parent=16110"}],"wp:term":[{"taxonomy":"category","embeddable":true,"href":"https:\/\/www.article-marketing.eu\/comunicatistampa\/wp-json\/wp\/v2\/categories?post=16110"},{"taxonomy":"post_tag","embeddable":true,"href":"https:\/\/www.article-marketing.eu\/comunicatistampa\/wp-json\/wp\/v2\/tags?post=16110"}],"curies":[{"name":"wp","href":"https:\/\/api.w.org\/{rel}","templated":true}]}}