{"id":16159,"date":"2020-09-24T19:29:30","date_gmt":"2020-09-24T17:29:30","guid":{"rendered":"https:\/\/www.article-marketing.eu\/comunicatistampa\/?p=16159"},"modified":"2020-09-24T19:29:30","modified_gmt":"2020-09-24T17:29:30","slug":"rc-familiare-lha-usata-il-28-di-chi-ha-sottoscritto-una-polizza-fra-marzo-e-giugno","status":"publish","type":"post","link":"https:\/\/www.article-marketing.eu\/comunicatistampa\/rc-familiare-lha-usata-il-28-di-chi-ha-sottoscritto-una-polizza-fra-marzo-e-giugno\/","title":{"rendered":"RC familiare: l\u2019ha usata il 28% di chi ha sottoscritto una polizza fra marzo e giugno"},"content":{"rendered":"<p>Il 16 febbraio 2020 \u00e8 entrata in vigore la cosiddetta <strong>RC familiare<\/strong>, ovvero la norma che d\u00e0 ai membri di una stessa famiglia la possibilit\u00e0 di utilizzare per le polizze auto e moto la classe di merito pi\u00f9 favorevole maturata su un qualsiasi veicolo del nucleo. Numeri alla mano sono molti gli italiani che ne hanno approfittato tanto che, secondo l\u2019indagine condotta per <a href=\"https:\/\/www.facile.it\/\"><strong>Facile.it<\/strong><\/a> da <em>mUp Research<\/em> e <em>Norstat<\/em><em>*<\/em>, fra chi ha rinnovato o sottoscritto polizze auto o moto nel periodo marzo-giugno 2020, quasi <strong>1 rispondente su 3<\/strong> (28%), pari a circa 2,4 milioni di famiglie, ha dichiarato di <strong>aver sottoscritto o rinnovato una polizza <\/strong>in questo modo.<\/p>\n<p>Analizzando i dati a livello territoriale emerge che, tra coloro che hanno sottoscritto una polizza tra marzo e giugno, sono stati soprattutto i residenti del <strong>Sud e delle isole<\/strong> ad aver fatto ricorso all\u2019Rc familiare (<strong>31,6%<\/strong>), seguiti, a breve distanza, dagli abitanti del Nord Est (<strong>29,3%<\/strong>). Meno propensi ad usufruire della nuova norma sono stati, invece, i rispondenti del Nord Ovest: tra questi solo il <strong>22%<\/strong> ha dichiarato di averla utilizzata.<\/p>\n<p>Il vantaggio offerto dalla norma \u00e8 massimo soprattutto per i neopatentati e infatti, guardando alle fasce anagrafiche di chi ha sottoscritto una polizza tra marzo e giugno, il <strong>46,9%<\/strong> degli assicurati con un\u2019et\u00e0 compresa tra <strong>18 e 24 anni<\/strong> ha dichiarato di aver utilizzato l\u2019RC familiare. Al contrario sono i pi\u00f9 anziani ad aver usufruito meno di questa opportunit\u00e0: solo <strong>l\u201911,5%<\/strong> degli adulti con et\u00e0 compresa tra i <strong>65 e i 74 anni<\/strong>.<\/p>\n<p>Chi ha dichiarato di aver approfittato dell\u2019RC familiare, nella maggior parte dei casi lo ha fatto su veicoli gi\u00e0 presenti nel nucleo familiare, trasferendo la classe di merito da<strong> auto ad auto <\/strong>(<strong>46,3%<\/strong>) e da <strong>auto a moto<\/strong> o viceversa (<strong>45,3%<\/strong>); solo nell\u2018<strong>8,4%<\/strong> dei casi la norma \u00e8 stata usata per assicurare un mezzo a due o quattro ruote acquistato per la prima volta.<\/p>\n<p><em>\u00a0<\/em><\/p>\n<p><em>\u00a0<\/em><\/p>\n<p><em>* Metodologia: n. 1.009 interviste CAWI con un campione rappresentativo della popolazione adulta, in et\u00e0 18-74 anni, sull\u2019intero territorio nazionale. Indagine condotta tra il 13 e il 15 luglio 2020. <\/em><\/p>\n","protected":false},"excerpt":{"rendered":"<p>Il 16 febbraio 2020 \u00e8 entrata in vigore la cosiddetta RC familiare, ovvero la norma che d\u00e0 ai membri di una stessa famiglia la possibilit\u00e0 di utilizzare per le polizze auto e moto la classe di merito pi\u00f9 favorevole maturata su un qualsiasi veicolo del nucleo. Numeri alla mano sono molti gli italiani che ne hanno approfittato tanto che, secondo l\u2019indagine condotta per Facile.it da mUp Research e Norstat*, fra<\/p>\n<p><a class=\"continue-reading\" href=\"https:\/\/www.article-marketing.eu\/comunicatistampa\/rc-familiare-lha-usata-il-28-di-chi-ha-sottoscritto-una-polizza-fra-marzo-e-giugno\/\">Continue reading&#8230;<\/a><\/p>\n","protected":false},"author":62,"featured_media":0,"comment_status":"open","ping_status":"open","sticky":false,"template":"","format":"standard","meta":{"_monsterinsights_skip_tracking":false,"_monsterinsights_sitenote_active":false,"_monsterinsights_sitenote_note":"","_monsterinsights_sitenote_category":0,"footnotes":""},"categories":[386,374],"tags":[1441,1034,555,868,662,6719],"class_list":["post-16159","post","type-post","status-publish","format-standard","hentry","category-economia-e-lavoro","category-motori","tag-assicurazione","tag-auto","tag-facile-it","tag-moto","tag-rc-auto","tag-rc-familiare"],"yoast_head":"<!-- This site is optimized with the Yoast SEO plugin v27.3 - https:\/\/yoast.com\/product\/yoast-seo-wordpress\/ -->\n<title>RC familiare: l\u2019ha usata il 28% di chi ha sottoscritto una polizza fra marzo e giugno - Article Marketing<\/title>\n<meta name=\"robots\" content=\"index, follow, max-snippet:-1, max-image-preview:large, max-video-preview:-1\" \/>\n<link rel=\"canonical\" href=\"https:\/\/www.article-marketing.eu\/comunicatistampa\/rc-familiare-lha-usata-il-28-di-chi-ha-sottoscritto-una-polizza-fra-marzo-e-giugno\/\" \/>\n<meta property=\"og:locale\" content=\"it_IT\" \/>\n<meta property=\"og:type\" content=\"article\" \/>\n<meta property=\"og:title\" content=\"RC familiare: l\u2019ha usata il 28% di chi ha sottoscritto una polizza fra marzo e giugno - Article Marketing\" \/>\n<meta property=\"og:description\" content=\"Il 16 febbraio 2020 \u00e8 entrata in vigore la cosiddetta RC familiare, ovvero la norma che d\u00e0 ai membri di una stessa famiglia la possibilit\u00e0 di utilizzare per le polizze auto e moto la classe di merito pi\u00f9 favorevole maturata su un qualsiasi veicolo del nucleo. Numeri alla mano sono molti gli italiani che ne hanno approfittato tanto che, secondo l\u2019indagine condotta per Facile.it da mUp Research e Norstat*, fraContinue reading...\" \/>\n<meta property=\"og:url\" content=\"https:\/\/www.article-marketing.eu\/comunicatistampa\/rc-familiare-lha-usata-il-28-di-chi-ha-sottoscritto-una-polizza-fra-marzo-e-giugno\/\" \/>\n<meta property=\"og:site_name\" content=\"Article Marketing\" \/>\n<meta property=\"article:published_time\" content=\"2020-09-24T17:29:30+00:00\" \/>\n<meta name=\"author\" content=\"Facile.it\" \/>\n<meta name=\"twitter:card\" content=\"summary_large_image\" \/>\n<meta name=\"twitter:label1\" content=\"Scritto da\" \/>\n\t<meta name=\"twitter:data1\" content=\"Facile.it\" \/>\n\t<meta name=\"twitter:label2\" content=\"Tempo di lettura stimato\" \/>\n\t<meta name=\"twitter:data2\" content=\"2 minuti\" \/>\n<script type=\"application\/ld+json\" class=\"yoast-schema-graph\">{\"@context\":\"https:\\\/\\\/schema.org\",\"@graph\":[{\"@type\":\"Article\",\"@id\":\"https:\\\/\\\/www.article-marketing.eu\\\/comunicatistampa\\\/rc-familiare-lha-usata-il-28-di-chi-ha-sottoscritto-una-polizza-fra-marzo-e-giugno\\\/#article\",\"isPartOf\":{\"@id\":\"https:\\\/\\\/www.article-marketing.eu\\\/comunicatistampa\\\/rc-familiare-lha-usata-il-28-di-chi-ha-sottoscritto-una-polizza-fra-marzo-e-giugno\\\/\"},\"author\":{\"name\":\"Facile.it\",\"@id\":\"https:\\\/\\\/www.article-marketing.eu\\\/comunicatistampa\\\/#\\\/schema\\\/person\\\/1deca6d9e0cf173abfe76a90ef261a2a\"},\"headline\":\"RC familiare: l\u2019ha usata il 28% di chi ha sottoscritto una polizza fra marzo e giugno\",\"datePublished\":\"2020-09-24T17:29:30+00:00\",\"mainEntityOfPage\":{\"@id\":\"https:\\\/\\\/www.article-marketing.eu\\\/comunicatistampa\\\/rc-familiare-lha-usata-il-28-di-chi-ha-sottoscritto-una-polizza-fra-marzo-e-giugno\\\/\"},\"wordCount\":344,\"commentCount\":0,\"keywords\":[\"assicurazione\",\"auto\",\"facile.it\",\"moto\",\"rc auto\",\"Rc familiare\"],\"articleSection\":[\"Economia e lavoro\",\"Motori\"],\"inLanguage\":\"it-IT\",\"potentialAction\":[{\"@type\":\"CommentAction\",\"name\":\"Comment\",\"target\":[\"https:\\\/\\\/www.article-marketing.eu\\\/comunicatistampa\\\/rc-familiare-lha-usata-il-28-di-chi-ha-sottoscritto-una-polizza-fra-marzo-e-giugno\\\/#respond\"]}]},{\"@type\":\"WebPage\",\"@id\":\"https:\\\/\\\/www.article-marketing.eu\\\/comunicatistampa\\\/rc-familiare-lha-usata-il-28-di-chi-ha-sottoscritto-una-polizza-fra-marzo-e-giugno\\\/\",\"url\":\"https:\\\/\\\/www.article-marketing.eu\\\/comunicatistampa\\\/rc-familiare-lha-usata-il-28-di-chi-ha-sottoscritto-una-polizza-fra-marzo-e-giugno\\\/\",\"name\":\"RC familiare: l\u2019ha usata il 28% di chi ha sottoscritto una polizza fra marzo e giugno - Article Marketing\",\"isPartOf\":{\"@id\":\"https:\\\/\\\/www.article-marketing.eu\\\/comunicatistampa\\\/#website\"},\"datePublished\":\"2020-09-24T17:29:30+00:00\",\"author\":{\"@id\":\"https:\\\/\\\/www.article-marketing.eu\\\/comunicatistampa\\\/#\\\/schema\\\/person\\\/1deca6d9e0cf173abfe76a90ef261a2a\"},\"breadcrumb\":{\"@id\":\"https:\\\/\\\/www.article-marketing.eu\\\/comunicatistampa\\\/rc-familiare-lha-usata-il-28-di-chi-ha-sottoscritto-una-polizza-fra-marzo-e-giugno\\\/#breadcrumb\"},\"inLanguage\":\"it-IT\",\"potentialAction\":[{\"@type\":\"ReadAction\",\"target\":[\"https:\\\/\\\/www.article-marketing.eu\\\/comunicatistampa\\\/rc-familiare-lha-usata-il-28-di-chi-ha-sottoscritto-una-polizza-fra-marzo-e-giugno\\\/\"]}]},{\"@type\":\"BreadcrumbList\",\"@id\":\"https:\\\/\\\/www.article-marketing.eu\\\/comunicatistampa\\\/rc-familiare-lha-usata-il-28-di-chi-ha-sottoscritto-una-polizza-fra-marzo-e-giugno\\\/#breadcrumb\",\"itemListElement\":[{\"@type\":\"ListItem\",\"position\":1,\"name\":\"Home\",\"item\":\"https:\\\/\\\/www.article-marketing.eu\\\/comunicatistampa\\\/\"},{\"@type\":\"ListItem\",\"position\":2,\"name\":\"RC familiare: l\u2019ha usata il 28% di chi ha sottoscritto una polizza fra marzo e giugno\"}]},{\"@type\":\"WebSite\",\"@id\":\"https:\\\/\\\/www.article-marketing.eu\\\/comunicatistampa\\\/#website\",\"url\":\"https:\\\/\\\/www.article-marketing.eu\\\/comunicatistampa\\\/\",\"name\":\"Article Marketing\",\"description\":\"article marketing &amp; press release\",\"potentialAction\":[{\"@type\":\"SearchAction\",\"target\":{\"@type\":\"EntryPoint\",\"urlTemplate\":\"https:\\\/\\\/www.article-marketing.eu\\\/comunicatistampa\\\/?s={search_term_string}\"},\"query-input\":{\"@type\":\"PropertyValueSpecification\",\"valueRequired\":true,\"valueName\":\"search_term_string\"}}],\"inLanguage\":\"it-IT\"},{\"@type\":\"Person\",\"@id\":\"https:\\\/\\\/www.article-marketing.eu\\\/comunicatistampa\\\/#\\\/schema\\\/person\\\/1deca6d9e0cf173abfe76a90ef261a2a\",\"name\":\"Facile.it\",\"image\":{\"@type\":\"ImageObject\",\"inLanguage\":\"it-IT\",\"@id\":\"https:\\\/\\\/secure.gravatar.com\\\/avatar\\\/2623775dfcd174bde1a788a4bc028e9035747fa40886953f4954f56c45cf4b34?s=96&d=mm&r=g\",\"url\":\"https:\\\/\\\/secure.gravatar.com\\\/avatar\\\/2623775dfcd174bde1a788a4bc028e9035747fa40886953f4954f56c45cf4b34?s=96&d=mm&r=g\",\"contentUrl\":\"https:\\\/\\\/secure.gravatar.com\\\/avatar\\\/2623775dfcd174bde1a788a4bc028e9035747fa40886953f4954f56c45cf4b34?s=96&d=mm&r=g\",\"caption\":\"Facile.it\"},\"url\":\"https:\\\/\\\/www.article-marketing.eu\\\/comunicatistampa\\\/author\\\/facile-it\\\/\"}]}<\/script>\n<!-- \/ Yoast SEO plugin. -->","yoast_head_json":{"title":"RC familiare: l\u2019ha usata il 28% di chi ha sottoscritto una polizza fra marzo e giugno - Article Marketing","robots":{"index":"index","follow":"follow","max-snippet":"max-snippet:-1","max-image-preview":"max-image-preview:large","max-video-preview":"max-video-preview:-1"},"canonical":"https:\/\/www.article-marketing.eu\/comunicatistampa\/rc-familiare-lha-usata-il-28-di-chi-ha-sottoscritto-una-polizza-fra-marzo-e-giugno\/","og_locale":"it_IT","og_type":"article","og_title":"RC familiare: l\u2019ha usata il 28% di chi ha sottoscritto una polizza fra marzo e giugno - Article Marketing","og_description":"Il 16 febbraio 2020 \u00e8 entrata in vigore la cosiddetta RC familiare, ovvero la norma che d\u00e0 ai membri di una stessa famiglia la possibilit\u00e0 di utilizzare per le polizze auto e moto la classe di merito pi\u00f9 favorevole maturata su un qualsiasi veicolo del nucleo. Numeri alla mano sono molti gli italiani che ne hanno approfittato tanto che, secondo l\u2019indagine condotta per Facile.it da mUp Research e Norstat*, fraContinue reading...","og_url":"https:\/\/www.article-marketing.eu\/comunicatistampa\/rc-familiare-lha-usata-il-28-di-chi-ha-sottoscritto-una-polizza-fra-marzo-e-giugno\/","og_site_name":"Article Marketing","article_published_time":"2020-09-24T17:29:30+00:00","author":"Facile.it","twitter_card":"summary_large_image","twitter_misc":{"Scritto da":"Facile.it","Tempo di lettura stimato":"2 minuti"},"schema":{"@context":"https:\/\/schema.org","@graph":[{"@type":"Article","@id":"https:\/\/www.article-marketing.eu\/comunicatistampa\/rc-familiare-lha-usata-il-28-di-chi-ha-sottoscritto-una-polizza-fra-marzo-e-giugno\/#article","isPartOf":{"@id":"https:\/\/www.article-marketing.eu\/comunicatistampa\/rc-familiare-lha-usata-il-28-di-chi-ha-sottoscritto-una-polizza-fra-marzo-e-giugno\/"},"author":{"name":"Facile.it","@id":"https:\/\/www.article-marketing.eu\/comunicatistampa\/#\/schema\/person\/1deca6d9e0cf173abfe76a90ef261a2a"},"headline":"RC familiare: l\u2019ha usata il 28% di chi ha sottoscritto una polizza fra marzo e giugno","datePublished":"2020-09-24T17:29:30+00:00","mainEntityOfPage":{"@id":"https:\/\/www.article-marketing.eu\/comunicatistampa\/rc-familiare-lha-usata-il-28-di-chi-ha-sottoscritto-una-polizza-fra-marzo-e-giugno\/"},"wordCount":344,"commentCount":0,"keywords":["assicurazione","auto","facile.it","moto","rc auto","Rc familiare"],"articleSection":["Economia e lavoro","Motori"],"inLanguage":"it-IT","potentialAction":[{"@type":"CommentAction","name":"Comment","target":["https:\/\/www.article-marketing.eu\/comunicatistampa\/rc-familiare-lha-usata-il-28-di-chi-ha-sottoscritto-una-polizza-fra-marzo-e-giugno\/#respond"]}]},{"@type":"WebPage","@id":"https:\/\/www.article-marketing.eu\/comunicatistampa\/rc-familiare-lha-usata-il-28-di-chi-ha-sottoscritto-una-polizza-fra-marzo-e-giugno\/","url":"https:\/\/www.article-marketing.eu\/comunicatistampa\/rc-familiare-lha-usata-il-28-di-chi-ha-sottoscritto-una-polizza-fra-marzo-e-giugno\/","name":"RC familiare: l\u2019ha usata il 28% di chi ha sottoscritto una polizza fra marzo e giugno - Article Marketing","isPartOf":{"@id":"https:\/\/www.article-marketing.eu\/comunicatistampa\/#website"},"datePublished":"2020-09-24T17:29:30+00:00","author":{"@id":"https:\/\/www.article-marketing.eu\/comunicatistampa\/#\/schema\/person\/1deca6d9e0cf173abfe76a90ef261a2a"},"breadcrumb":{"@id":"https:\/\/www.article-marketing.eu\/comunicatistampa\/rc-familiare-lha-usata-il-28-di-chi-ha-sottoscritto-una-polizza-fra-marzo-e-giugno\/#breadcrumb"},"inLanguage":"it-IT","potentialAction":[{"@type":"ReadAction","target":["https:\/\/www.article-marketing.eu\/comunicatistampa\/rc-familiare-lha-usata-il-28-di-chi-ha-sottoscritto-una-polizza-fra-marzo-e-giugno\/"]}]},{"@type":"BreadcrumbList","@id":"https:\/\/www.article-marketing.eu\/comunicatistampa\/rc-familiare-lha-usata-il-28-di-chi-ha-sottoscritto-una-polizza-fra-marzo-e-giugno\/#breadcrumb","itemListElement":[{"@type":"ListItem","position":1,"name":"Home","item":"https:\/\/www.article-marketing.eu\/comunicatistampa\/"},{"@type":"ListItem","position":2,"name":"RC familiare: l\u2019ha usata il 28% di chi ha sottoscritto una polizza fra marzo e giugno"}]},{"@type":"WebSite","@id":"https:\/\/www.article-marketing.eu\/comunicatistampa\/#website","url":"https:\/\/www.article-marketing.eu\/comunicatistampa\/","name":"Article Marketing","description":"article marketing &amp; press release","potentialAction":[{"@type":"SearchAction","target":{"@type":"EntryPoint","urlTemplate":"https:\/\/www.article-marketing.eu\/comunicatistampa\/?s={search_term_string}"},"query-input":{"@type":"PropertyValueSpecification","valueRequired":true,"valueName":"search_term_string"}}],"inLanguage":"it-IT"},{"@type":"Person","@id":"https:\/\/www.article-marketing.eu\/comunicatistampa\/#\/schema\/person\/1deca6d9e0cf173abfe76a90ef261a2a","name":"Facile.it","image":{"@type":"ImageObject","inLanguage":"it-IT","@id":"https:\/\/secure.gravatar.com\/avatar\/2623775dfcd174bde1a788a4bc028e9035747fa40886953f4954f56c45cf4b34?s=96&d=mm&r=g","url":"https:\/\/secure.gravatar.com\/avatar\/2623775dfcd174bde1a788a4bc028e9035747fa40886953f4954f56c45cf4b34?s=96&d=mm&r=g","contentUrl":"https:\/\/secure.gravatar.com\/avatar\/2623775dfcd174bde1a788a4bc028e9035747fa40886953f4954f56c45cf4b34?s=96&d=mm&r=g","caption":"Facile.it"},"url":"https:\/\/www.article-marketing.eu\/comunicatistampa\/author\/facile-it\/"}]}},"_links":{"self":[{"href":"https:\/\/www.article-marketing.eu\/comunicatistampa\/wp-json\/wp\/v2\/posts\/16159","targetHints":{"allow":["GET"]}}],"collection":[{"href":"https:\/\/www.article-marketing.eu\/comunicatistampa\/wp-json\/wp\/v2\/posts"}],"about":[{"href":"https:\/\/www.article-marketing.eu\/comunicatistampa\/wp-json\/wp\/v2\/types\/post"}],"author":[{"embeddable":true,"href":"https:\/\/www.article-marketing.eu\/comunicatistampa\/wp-json\/wp\/v2\/users\/62"}],"replies":[{"embeddable":true,"href":"https:\/\/www.article-marketing.eu\/comunicatistampa\/wp-json\/wp\/v2\/comments?post=16159"}],"version-history":[{"count":2,"href":"https:\/\/www.article-marketing.eu\/comunicatistampa\/wp-json\/wp\/v2\/posts\/16159\/revisions"}],"predecessor-version":[{"id":16172,"href":"https:\/\/www.article-marketing.eu\/comunicatistampa\/wp-json\/wp\/v2\/posts\/16159\/revisions\/16172"}],"wp:attachment":[{"href":"https:\/\/www.article-marketing.eu\/comunicatistampa\/wp-json\/wp\/v2\/media?parent=16159"}],"wp:term":[{"taxonomy":"category","embeddable":true,"href":"https:\/\/www.article-marketing.eu\/comunicatistampa\/wp-json\/wp\/v2\/categories?post=16159"},{"taxonomy":"post_tag","embeddable":true,"href":"https:\/\/www.article-marketing.eu\/comunicatistampa\/wp-json\/wp\/v2\/tags?post=16159"}],"curies":[{"name":"wp","href":"https:\/\/api.w.org\/{rel}","templated":true}]}}