{"id":16190,"date":"2020-09-28T23:18:53","date_gmt":"2020-09-28T21:18:53","guid":{"rendered":"https:\/\/www.article-marketing.eu\/comunicatistampa\/?p=16190"},"modified":"2020-12-08T21:08:21","modified_gmt":"2020-12-08T20:08:21","slug":"radical-chic-il-collante-ironico-tra-i-rolex-e-marx","status":"publish","type":"post","link":"https:\/\/www.article-marketing.eu\/comunicatistampa\/radical-chic-il-collante-ironico-tra-i-rolex-e-marx\/","title":{"rendered":"Radical chic, il collante ironico tra i Rolex e Marx"},"content":{"rendered":"<p style=\"text-align: center;\"><strong><i>il cantautore Riccardo Trovato presenta il suo nuovo singolo\u00a0<\/i><\/strong><\/p>\n<p><img loading=\"lazy\" decoding=\"async\" class=\"aligncenter\" src=\"https:\/\/www.joyfreepress.com\/wp-content\/uploads\/2020\/09\/Cover-Radical-Chic.jpg\" width=\"428\" height=\"428\" \/><\/p>\n<p><b>Radical chic<\/b> \u00e8 il secondo lavoro solista di <b>Riccardo Trovato<\/b>.<br \/>\nAnche questa volta l&#8217;ironia \u00e8 il perno su cui si regge il testo della canzone, che mostra sonorit\u00e0 vagamente funk punk o dance punk fine anni 70, pur non mancando, quale filo conduttore delle produzioni del cantautore siciliano, quel retrogusto classic rock.<\/p>\n<p>Tutte le tracce del brano sono state suonate e registrate dal cantautore, ad eccezione della batteria, suonata da <b>Herry Found<\/b> (batterista dei Karbonica).<br \/>\nQuesta volta si ironizza sulla cosiddetta sinistra al caviale, il borghese andato a male, meglio noto come Radical chic.<\/p>\n<p>Il cantautore ha maturato l&#8217;idea del brano, osservando i frequentatori di alcuni locali e di alcune zone di diverse citt\u00e0. Si da ormai per scontato, ma in realt\u00e0 \u00e8 davvero curioso come una stessa tipologia di persone, possa comportarsi in modo cos\u00ec identico e palesemente contraddittorio con il proprio status sociale, a volte al sol fine di essere alla moda, o per inconfessati scopi personali. Riflettendoci, osservando i \u201cradical chic\u201d, appare buffo come essi palesino in ogni modo una cultura sedicentemente superiore a quella di chi non appartiene ai loro circuiti sociali e culturali, se vogliamo creando pure un paradossale razzismo culturale e di chiusura, deleteria al reale progresso sociale. \u00c9 altrettanto buffo, come essi sfoggiando rolex, auto di lusso e carte di credito di ogni tipo, possano sostenere idee radicali.<\/p>\n<p>In un mondo in cui l&#8217;apparenza vince sulla sostanza, ci sono anche loro, ma perch\u00e9 non riderci un po&#8217; su e non scriverci pure una canzone?<br \/>\nForse \u00e8 giunto il tempo di abbattere tutti i muri e riportare la sostanza al centro di tutto. Radical chic \u00e8 un modo per dire: \u201cquelli diversi da voi, non sono mica tutti scemi!\u201d.<\/p>\n<p><img loading=\"lazy\" decoding=\"async\" class=\"aligncenter\" src=\"https:\/\/diffusionimusicali.altervista.org\/wp-content\/uploads\/2020\/09\/Foto-Riccardo-.jpg\" width=\"537\" height=\"752\" \/><\/p>\n<p><b>Riccardo Trovato <\/b>\u00e8 un cantautore siciliano, classe 1985, per oltre una decade, autore, compositore e voce dei <b>Karbonica<\/b>, band con cui ha registrato due album e con cui ha condiviso il palco in svariate manifestazioni ed eventi a livello nazionale. Nel 2020 inizia il suo percorso solista, con la pubblicazione del brano \u201c<b>La maskerina<\/b>\u201d, associato all&#8217;omonimo videoclip, che ottiene subito un buon riscontro sul web, nonch\u00e9 feedback positivo da diverse emittenti radiofoniche italiane. La sua musica affonda le radici nel classic rock, non priva di contaminazioni varie, frutto di un percorso artistico altrettanto vario, iniziato nel 2004 e in continua evoluzione.<\/p>\n<p><b>Facebook<\/b><br \/>\n<a href=\"https:\/\/www.facebook.com\/RiccardoTrovatoOfficialPage\/\" rel=\"nofollow\">https:\/\/www.facebook.com\/RiccardoTrovatoOfficialPage\/<\/a><br \/>\n<b>You Tube<br \/>\n<\/b><a href=\"https:\/\/www.youtube.com\/channel\/UCu-yfbZTqKowQ8M7w_6kekA\">https:\/\/www.youtube.com\/channel\/UCu-yfbZTqKowQ8M7w_6kekA<\/a><br \/>\n<b>Spotify<\/b><br \/>\n<a href=\"https:\/\/open.spotify.com\/artist\/0tu30jxIks97N5xE4qez6s?si=T3jVv-UTRWK5rFQ6Rqx_KQ\" rel=\"nofollow\">https:\/\/open.spotify.com\/artist\/0tu30jxIks97N5xE4qez6s?si=T3jVv-UTRWK5rFQ6Rqx_KQ<\/a><\/p>\n<p><b><i>Press, radio, Tv Agency<br \/>\nDCOD Communication By GB Play<br \/>\n<\/i><\/b>promoradio@dcodcommunication.it<br \/>\npromostampa@dcodcommunication.it<\/p>\n","protected":false},"excerpt":{"rendered":"<p>il cantautore Riccardo Trovato presenta il suo nuovo singolo\u00a0 Radical chic \u00e8 il secondo lavoro solista di Riccardo Trovato. Anche questa volta l&#8217;ironia \u00e8 il perno su cui si regge il testo della canzone, che mostra sonorit\u00e0 vagamente funk punk o dance punk fine anni 70, pur non mancando, quale filo conduttore delle produzioni del cantautore siciliano, quel retrogusto classic rock. Tutte le tracce del brano sono state suonate e<\/p>\n<p><a class=\"continue-reading\" href=\"https:\/\/www.article-marketing.eu\/comunicatistampa\/radical-chic-il-collante-ironico-tra-i-rolex-e-marx\/\">Continue reading&#8230;<\/a><\/p>\n","protected":false},"author":1680,"featured_media":0,"comment_status":"open","ping_status":"open","sticky":false,"template":"","format":"standard","meta":{"_monsterinsights_skip_tracking":false,"_monsterinsights_sitenote_active":false,"_monsterinsights_sitenote_note":"","_monsterinsights_sitenote_category":0,"footnotes":""},"categories":[6466,411],"tags":[4172,6732,2874,6731],"class_list":["post-16190","post","type-post","status-publish","format-standard","hentry","category-_r04","category-musica","tag-news","tag-radical-chic","tag-radio","tag-riccardo-trovato"],"yoast_head":"<!-- This site is optimized with the Yoast SEO plugin v27.3 - https:\/\/yoast.com\/product\/yoast-seo-wordpress\/ -->\n<title>Radical chic, il collante ironico tra i Rolex e Marx - Article Marketing<\/title>\n<meta name=\"robots\" content=\"index, follow, max-snippet:-1, max-image-preview:large, max-video-preview:-1\" \/>\n<link rel=\"canonical\" href=\"https:\/\/www.article-marketing.eu\/comunicatistampa\/radical-chic-il-collante-ironico-tra-i-rolex-e-marx\/\" \/>\n<meta property=\"og:locale\" content=\"it_IT\" \/>\n<meta property=\"og:type\" content=\"article\" \/>\n<meta property=\"og:title\" content=\"Radical chic, il collante ironico tra i Rolex e Marx - Article Marketing\" \/>\n<meta property=\"og:description\" content=\"il cantautore Riccardo Trovato presenta il suo nuovo singolo\u00a0 Radical chic \u00e8 il secondo lavoro solista di Riccardo Trovato. Anche questa volta l&#8217;ironia \u00e8 il perno su cui si regge il testo della canzone, che mostra sonorit\u00e0 vagamente funk punk o dance punk fine anni 70, pur non mancando, quale filo conduttore delle produzioni del cantautore siciliano, quel retrogusto classic rock. Tutte le tracce del brano sono state suonate eContinue reading...\" \/>\n<meta property=\"og:url\" content=\"https:\/\/www.article-marketing.eu\/comunicatistampa\/radical-chic-il-collante-ironico-tra-i-rolex-e-marx\/\" \/>\n<meta property=\"og:site_name\" content=\"Article Marketing\" \/>\n<meta property=\"article:published_time\" content=\"2020-09-28T21:18:53+00:00\" \/>\n<meta property=\"article:modified_time\" content=\"2020-12-08T20:08:21+00:00\" \/>\n<meta property=\"og:image\" content=\"https:\/\/www.joyfreepress.com\/wp-content\/uploads\/2020\/09\/Cover-Radical-Chic.jpg\" \/>\n<meta name=\"author\" content=\"Micro961\" \/>\n<meta name=\"twitter:card\" content=\"summary_large_image\" \/>\n<meta name=\"twitter:label1\" content=\"Scritto da\" \/>\n\t<meta name=\"twitter:data1\" content=\"Micro961\" \/>\n\t<meta name=\"twitter:label2\" content=\"Tempo di lettura stimato\" \/>\n\t<meta name=\"twitter:data2\" content=\"2 minuti\" \/>\n<script type=\"application\/ld+json\" class=\"yoast-schema-graph\">{\"@context\":\"https:\\\/\\\/schema.org\",\"@graph\":[{\"@type\":\"Article\",\"@id\":\"https:\\\/\\\/www.article-marketing.eu\\\/comunicatistampa\\\/radical-chic-il-collante-ironico-tra-i-rolex-e-marx\\\/#article\",\"isPartOf\":{\"@id\":\"https:\\\/\\\/www.article-marketing.eu\\\/comunicatistampa\\\/radical-chic-il-collante-ironico-tra-i-rolex-e-marx\\\/\"},\"author\":{\"name\":\"Micro961\",\"@id\":\"https:\\\/\\\/www.article-marketing.eu\\\/comunicatistampa\\\/#\\\/schema\\\/person\\\/9beeb909be59832a9bcbec84cb3786f5\"},\"headline\":\"Radical chic, il collante ironico tra i Rolex e Marx\",\"datePublished\":\"2020-09-28T21:18:53+00:00\",\"dateModified\":\"2020-12-08T20:08:21+00:00\",\"mainEntityOfPage\":{\"@id\":\"https:\\\/\\\/www.article-marketing.eu\\\/comunicatistampa\\\/radical-chic-il-collante-ironico-tra-i-rolex-e-marx\\\/\"},\"wordCount\":444,\"commentCount\":0,\"image\":{\"@id\":\"https:\\\/\\\/www.article-marketing.eu\\\/comunicatistampa\\\/radical-chic-il-collante-ironico-tra-i-rolex-e-marx\\\/#primaryimage\"},\"thumbnailUrl\":\"https:\\\/\\\/www.joyfreepress.com\\\/wp-content\\\/uploads\\\/2020\\\/09\\\/Cover-Radical-Chic.jpg\",\"keywords\":[\"News\",\"Radical Chic\",\"radio\",\"Riccardo Trovato\"],\"articleSection\":[\"_R04\",\"Musica\"],\"inLanguage\":\"it-IT\",\"potentialAction\":[{\"@type\":\"CommentAction\",\"name\":\"Comment\",\"target\":[\"https:\\\/\\\/www.article-marketing.eu\\\/comunicatistampa\\\/radical-chic-il-collante-ironico-tra-i-rolex-e-marx\\\/#respond\"]}]},{\"@type\":\"WebPage\",\"@id\":\"https:\\\/\\\/www.article-marketing.eu\\\/comunicatistampa\\\/radical-chic-il-collante-ironico-tra-i-rolex-e-marx\\\/\",\"url\":\"https:\\\/\\\/www.article-marketing.eu\\\/comunicatistampa\\\/radical-chic-il-collante-ironico-tra-i-rolex-e-marx\\\/\",\"name\":\"Radical chic, il collante ironico tra i Rolex e Marx - Article Marketing\",\"isPartOf\":{\"@id\":\"https:\\\/\\\/www.article-marketing.eu\\\/comunicatistampa\\\/#website\"},\"primaryImageOfPage\":{\"@id\":\"https:\\\/\\\/www.article-marketing.eu\\\/comunicatistampa\\\/radical-chic-il-collante-ironico-tra-i-rolex-e-marx\\\/#primaryimage\"},\"image\":{\"@id\":\"https:\\\/\\\/www.article-marketing.eu\\\/comunicatistampa\\\/radical-chic-il-collante-ironico-tra-i-rolex-e-marx\\\/#primaryimage\"},\"thumbnailUrl\":\"https:\\\/\\\/www.joyfreepress.com\\\/wp-content\\\/uploads\\\/2020\\\/09\\\/Cover-Radical-Chic.jpg\",\"datePublished\":\"2020-09-28T21:18:53+00:00\",\"dateModified\":\"2020-12-08T20:08:21+00:00\",\"author\":{\"@id\":\"https:\\\/\\\/www.article-marketing.eu\\\/comunicatistampa\\\/#\\\/schema\\\/person\\\/9beeb909be59832a9bcbec84cb3786f5\"},\"breadcrumb\":{\"@id\":\"https:\\\/\\\/www.article-marketing.eu\\\/comunicatistampa\\\/radical-chic-il-collante-ironico-tra-i-rolex-e-marx\\\/#breadcrumb\"},\"inLanguage\":\"it-IT\",\"potentialAction\":[{\"@type\":\"ReadAction\",\"target\":[\"https:\\\/\\\/www.article-marketing.eu\\\/comunicatistampa\\\/radical-chic-il-collante-ironico-tra-i-rolex-e-marx\\\/\"]}]},{\"@type\":\"ImageObject\",\"inLanguage\":\"it-IT\",\"@id\":\"https:\\\/\\\/www.article-marketing.eu\\\/comunicatistampa\\\/radical-chic-il-collante-ironico-tra-i-rolex-e-marx\\\/#primaryimage\",\"url\":\"https:\\\/\\\/www.joyfreepress.com\\\/wp-content\\\/uploads\\\/2020\\\/09\\\/Cover-Radical-Chic.jpg\",\"contentUrl\":\"https:\\\/\\\/www.joyfreepress.com\\\/wp-content\\\/uploads\\\/2020\\\/09\\\/Cover-Radical-Chic.jpg\"},{\"@type\":\"BreadcrumbList\",\"@id\":\"https:\\\/\\\/www.article-marketing.eu\\\/comunicatistampa\\\/radical-chic-il-collante-ironico-tra-i-rolex-e-marx\\\/#breadcrumb\",\"itemListElement\":[{\"@type\":\"ListItem\",\"position\":1,\"name\":\"Home\",\"item\":\"https:\\\/\\\/www.article-marketing.eu\\\/comunicatistampa\\\/\"},{\"@type\":\"ListItem\",\"position\":2,\"name\":\"Radical chic, il collante ironico tra i Rolex e Marx\"}]},{\"@type\":\"WebSite\",\"@id\":\"https:\\\/\\\/www.article-marketing.eu\\\/comunicatistampa\\\/#website\",\"url\":\"https:\\\/\\\/www.article-marketing.eu\\\/comunicatistampa\\\/\",\"name\":\"Article Marketing\",\"description\":\"article marketing &amp; press release\",\"potentialAction\":[{\"@type\":\"SearchAction\",\"target\":{\"@type\":\"EntryPoint\",\"urlTemplate\":\"https:\\\/\\\/www.article-marketing.eu\\\/comunicatistampa\\\/?s={search_term_string}\"},\"query-input\":{\"@type\":\"PropertyValueSpecification\",\"valueRequired\":true,\"valueName\":\"search_term_string\"}}],\"inLanguage\":\"it-IT\"},{\"@type\":\"Person\",\"@id\":\"https:\\\/\\\/www.article-marketing.eu\\\/comunicatistampa\\\/#\\\/schema\\\/person\\\/9beeb909be59832a9bcbec84cb3786f5\",\"name\":\"Micro961\",\"image\":{\"@type\":\"ImageObject\",\"inLanguage\":\"it-IT\",\"@id\":\"https:\\\/\\\/secure.gravatar.com\\\/avatar\\\/cd6f5864b85cc3687c05b2965bb186afcd70a2a89789a156c92a4f1d66e87827?s=96&d=mm&r=g\",\"url\":\"https:\\\/\\\/secure.gravatar.com\\\/avatar\\\/cd6f5864b85cc3687c05b2965bb186afcd70a2a89789a156c92a4f1d66e87827?s=96&d=mm&r=g\",\"contentUrl\":\"https:\\\/\\\/secure.gravatar.com\\\/avatar\\\/cd6f5864b85cc3687c05b2965bb186afcd70a2a89789a156c92a4f1d66e87827?s=96&d=mm&r=g\",\"caption\":\"Micro961\"},\"url\":\"https:\\\/\\\/www.article-marketing.eu\\\/comunicatistampa\\\/author\\\/micro961\\\/\"}]}<\/script>\n<!-- \/ Yoast SEO plugin. -->","yoast_head_json":{"title":"Radical chic, il collante ironico tra i Rolex e Marx - Article Marketing","robots":{"index":"index","follow":"follow","max-snippet":"max-snippet:-1","max-image-preview":"max-image-preview:large","max-video-preview":"max-video-preview:-1"},"canonical":"https:\/\/www.article-marketing.eu\/comunicatistampa\/radical-chic-il-collante-ironico-tra-i-rolex-e-marx\/","og_locale":"it_IT","og_type":"article","og_title":"Radical chic, il collante ironico tra i Rolex e Marx - Article Marketing","og_description":"il cantautore Riccardo Trovato presenta il suo nuovo singolo\u00a0 Radical chic \u00e8 il secondo lavoro solista di Riccardo Trovato. Anche questa volta l&#8217;ironia \u00e8 il perno su cui si regge il testo della canzone, che mostra sonorit\u00e0 vagamente funk punk o dance punk fine anni 70, pur non mancando, quale filo conduttore delle produzioni del cantautore siciliano, quel retrogusto classic rock. Tutte le tracce del brano sono state suonate eContinue reading...","og_url":"https:\/\/www.article-marketing.eu\/comunicatistampa\/radical-chic-il-collante-ironico-tra-i-rolex-e-marx\/","og_site_name":"Article Marketing","article_published_time":"2020-09-28T21:18:53+00:00","article_modified_time":"2020-12-08T20:08:21+00:00","og_image":[{"url":"https:\/\/www.joyfreepress.com\/wp-content\/uploads\/2020\/09\/Cover-Radical-Chic.jpg","type":"","width":"","height":""}],"author":"Micro961","twitter_card":"summary_large_image","twitter_misc":{"Scritto da":"Micro961","Tempo di lettura stimato":"2 minuti"},"schema":{"@context":"https:\/\/schema.org","@graph":[{"@type":"Article","@id":"https:\/\/www.article-marketing.eu\/comunicatistampa\/radical-chic-il-collante-ironico-tra-i-rolex-e-marx\/#article","isPartOf":{"@id":"https:\/\/www.article-marketing.eu\/comunicatistampa\/radical-chic-il-collante-ironico-tra-i-rolex-e-marx\/"},"author":{"name":"Micro961","@id":"https:\/\/www.article-marketing.eu\/comunicatistampa\/#\/schema\/person\/9beeb909be59832a9bcbec84cb3786f5"},"headline":"Radical chic, il collante ironico tra i Rolex e Marx","datePublished":"2020-09-28T21:18:53+00:00","dateModified":"2020-12-08T20:08:21+00:00","mainEntityOfPage":{"@id":"https:\/\/www.article-marketing.eu\/comunicatistampa\/radical-chic-il-collante-ironico-tra-i-rolex-e-marx\/"},"wordCount":444,"commentCount":0,"image":{"@id":"https:\/\/www.article-marketing.eu\/comunicatistampa\/radical-chic-il-collante-ironico-tra-i-rolex-e-marx\/#primaryimage"},"thumbnailUrl":"https:\/\/www.joyfreepress.com\/wp-content\/uploads\/2020\/09\/Cover-Radical-Chic.jpg","keywords":["News","Radical Chic","radio","Riccardo Trovato"],"articleSection":["_R04","Musica"],"inLanguage":"it-IT","potentialAction":[{"@type":"CommentAction","name":"Comment","target":["https:\/\/www.article-marketing.eu\/comunicatistampa\/radical-chic-il-collante-ironico-tra-i-rolex-e-marx\/#respond"]}]},{"@type":"WebPage","@id":"https:\/\/www.article-marketing.eu\/comunicatistampa\/radical-chic-il-collante-ironico-tra-i-rolex-e-marx\/","url":"https:\/\/www.article-marketing.eu\/comunicatistampa\/radical-chic-il-collante-ironico-tra-i-rolex-e-marx\/","name":"Radical chic, il collante ironico tra i Rolex e Marx - Article Marketing","isPartOf":{"@id":"https:\/\/www.article-marketing.eu\/comunicatistampa\/#website"},"primaryImageOfPage":{"@id":"https:\/\/www.article-marketing.eu\/comunicatistampa\/radical-chic-il-collante-ironico-tra-i-rolex-e-marx\/#primaryimage"},"image":{"@id":"https:\/\/www.article-marketing.eu\/comunicatistampa\/radical-chic-il-collante-ironico-tra-i-rolex-e-marx\/#primaryimage"},"thumbnailUrl":"https:\/\/www.joyfreepress.com\/wp-content\/uploads\/2020\/09\/Cover-Radical-Chic.jpg","datePublished":"2020-09-28T21:18:53+00:00","dateModified":"2020-12-08T20:08:21+00:00","author":{"@id":"https:\/\/www.article-marketing.eu\/comunicatistampa\/#\/schema\/person\/9beeb909be59832a9bcbec84cb3786f5"},"breadcrumb":{"@id":"https:\/\/www.article-marketing.eu\/comunicatistampa\/radical-chic-il-collante-ironico-tra-i-rolex-e-marx\/#breadcrumb"},"inLanguage":"it-IT","potentialAction":[{"@type":"ReadAction","target":["https:\/\/www.article-marketing.eu\/comunicatistampa\/radical-chic-il-collante-ironico-tra-i-rolex-e-marx\/"]}]},{"@type":"ImageObject","inLanguage":"it-IT","@id":"https:\/\/www.article-marketing.eu\/comunicatistampa\/radical-chic-il-collante-ironico-tra-i-rolex-e-marx\/#primaryimage","url":"https:\/\/www.joyfreepress.com\/wp-content\/uploads\/2020\/09\/Cover-Radical-Chic.jpg","contentUrl":"https:\/\/www.joyfreepress.com\/wp-content\/uploads\/2020\/09\/Cover-Radical-Chic.jpg"},{"@type":"BreadcrumbList","@id":"https:\/\/www.article-marketing.eu\/comunicatistampa\/radical-chic-il-collante-ironico-tra-i-rolex-e-marx\/#breadcrumb","itemListElement":[{"@type":"ListItem","position":1,"name":"Home","item":"https:\/\/www.article-marketing.eu\/comunicatistampa\/"},{"@type":"ListItem","position":2,"name":"Radical chic, il collante ironico tra i Rolex e Marx"}]},{"@type":"WebSite","@id":"https:\/\/www.article-marketing.eu\/comunicatistampa\/#website","url":"https:\/\/www.article-marketing.eu\/comunicatistampa\/","name":"Article Marketing","description":"article marketing &amp; press release","potentialAction":[{"@type":"SearchAction","target":{"@type":"EntryPoint","urlTemplate":"https:\/\/www.article-marketing.eu\/comunicatistampa\/?s={search_term_string}"},"query-input":{"@type":"PropertyValueSpecification","valueRequired":true,"valueName":"search_term_string"}}],"inLanguage":"it-IT"},{"@type":"Person","@id":"https:\/\/www.article-marketing.eu\/comunicatistampa\/#\/schema\/person\/9beeb909be59832a9bcbec84cb3786f5","name":"Micro961","image":{"@type":"ImageObject","inLanguage":"it-IT","@id":"https:\/\/secure.gravatar.com\/avatar\/cd6f5864b85cc3687c05b2965bb186afcd70a2a89789a156c92a4f1d66e87827?s=96&d=mm&r=g","url":"https:\/\/secure.gravatar.com\/avatar\/cd6f5864b85cc3687c05b2965bb186afcd70a2a89789a156c92a4f1d66e87827?s=96&d=mm&r=g","contentUrl":"https:\/\/secure.gravatar.com\/avatar\/cd6f5864b85cc3687c05b2965bb186afcd70a2a89789a156c92a4f1d66e87827?s=96&d=mm&r=g","caption":"Micro961"},"url":"https:\/\/www.article-marketing.eu\/comunicatistampa\/author\/micro961\/"}]}},"_links":{"self":[{"href":"https:\/\/www.article-marketing.eu\/comunicatistampa\/wp-json\/wp\/v2\/posts\/16190","targetHints":{"allow":["GET"]}}],"collection":[{"href":"https:\/\/www.article-marketing.eu\/comunicatistampa\/wp-json\/wp\/v2\/posts"}],"about":[{"href":"https:\/\/www.article-marketing.eu\/comunicatistampa\/wp-json\/wp\/v2\/types\/post"}],"author":[{"embeddable":true,"href":"https:\/\/www.article-marketing.eu\/comunicatistampa\/wp-json\/wp\/v2\/users\/1680"}],"replies":[{"embeddable":true,"href":"https:\/\/www.article-marketing.eu\/comunicatistampa\/wp-json\/wp\/v2\/comments?post=16190"}],"version-history":[{"count":5,"href":"https:\/\/www.article-marketing.eu\/comunicatistampa\/wp-json\/wp\/v2\/posts\/16190\/revisions"}],"predecessor-version":[{"id":16201,"href":"https:\/\/www.article-marketing.eu\/comunicatistampa\/wp-json\/wp\/v2\/posts\/16190\/revisions\/16201"}],"wp:attachment":[{"href":"https:\/\/www.article-marketing.eu\/comunicatistampa\/wp-json\/wp\/v2\/media?parent=16190"}],"wp:term":[{"taxonomy":"category","embeddable":true,"href":"https:\/\/www.article-marketing.eu\/comunicatistampa\/wp-json\/wp\/v2\/categories?post=16190"},{"taxonomy":"post_tag","embeddable":true,"href":"https:\/\/www.article-marketing.eu\/comunicatistampa\/wp-json\/wp\/v2\/tags?post=16190"}],"curies":[{"name":"wp","href":"https:\/\/api.w.org\/{rel}","templated":true}]}}