{"id":16194,"date":"2020-09-28T22:31:30","date_gmt":"2020-09-28T20:31:30","guid":{"rendered":"https:\/\/www.article-marketing.eu\/comunicatistampa\/?p=16194"},"modified":"2020-09-28T22:31:30","modified_gmt":"2020-09-28T20:31:30","slug":"orti-botanici-della-lombardia-aule-educative-allaperto-immersi-nella-natura-e-al-sicuro-tanti-appuntamenti-per-studenti-di-tutte-le-eta-e-nel-weekend-iniziative-per-le-famiglie","status":"publish","type":"post","link":"https:\/\/www.article-marketing.eu\/comunicatistampa\/orti-botanici-della-lombardia-aule-educative-allaperto-immersi-nella-natura-e-al-sicuro-tanti-appuntamenti-per-studenti-di-tutte-le-eta-e-nel-weekend-iniziative-per-le-famiglie\/","title":{"rendered":"Orti Botanici della Lombardia: aule educative all\u2019aperto immersi nella natura e al sicuro, tanti appuntamenti per studenti di tutte le et\u00e0 e nel weekend iniziative per le famiglie"},"content":{"rendered":"<p>L\u2019arrivo dell\u2019autunno negli<strong> orti botanici della Lombardia<\/strong> ha portato con s\u00e9 una ventata di novit\u00e0 e iniziative rivolte a tutti, dai pi\u00f9 grandi ai pi\u00f9 piccini. Inoltre, complice il rientro a scuola, sono in programma anche diversi appuntamenti appositamente pensati per studenti e insegnanti.<\/p>\n<p>Dopo un periodo di didattica a distanza forzata in cui studenti, insegnanti e intere famiglie sono stati costretti a rimanere tra le quattro mura domestiche, la ripartenza delle lezioni in aula appare strettamente vincolata dal rispetto delle normative anti-Covid e dal distanziamento di sicurezza. \u00c8 in questa situazione che <strong>gli spazi all\u2019aria aperta possono venire in nostro aiuto, meglio ancora se immersi nella natura<\/strong>.<\/p>\n<p><strong><u>SERVIZI EDUCATIVI PER SCUOLE<\/u><\/strong><\/p>\n<p>La Rete degli Orti botanici della Lombardia propone alle scuole di ogni ordine e grado un\u2019<strong>offerta educativa<\/strong> di alto livello. Negli spazi degli Orti aderenti alla Rete, infatti, convivono discipline come la<strong> botanica, le scienze, l\u2019architettura, la storia, l\u2019arte e l\u2019innovazione tecnologica<\/strong>: ci\u00f2 rende i giardini lombardi delle vere e proprie <strong>aule a cielo aperto<\/strong> in cui \u00e8 possibile conoscere e scoprire <strong>in sicurezza<\/strong>, con la guida di educatori formati, i segreti delle piante e dei loro affascinanti meccanismi vitali.<\/p>\n<p>La nostra vita dipende dalle piante, per questo \u00e8 importante conoscerle: la Rete degli orti botanici della Lombardia \u00e8 a disposizione per concordare <strong>percorsi tematici personalizzati e corsi di aggiornamento per docenti <\/strong>su <strong>metodologie<\/strong> e contenuti specifici come il metodo IBSE \u2013 Inquiry Based Science Education \u2013 e l\u2019approccio esperienziale hands-on nell\u2019apprendimento attivo. Dedicati agli insegnanti i primi <strong><em>open day<\/em><\/strong> in programma il <strong>30 settembre<\/strong> all\u2019Orto Botanico di <strong>Pavia<\/strong> e il <strong>17 ottobre<\/strong> all\u2019Orto di <strong>Bergamo<\/strong>. Vie alternative, coinvolgenti e interattive, per immergersi completamente in un sapere \u00abverde\u00bb e biodiverso.<\/p>\n<p>La Rete degli Orti Botanici della Lombardia, tra le tante attivit\u00e0, collabora all\u2019Azione E5 del progetto<strong> LIFEGestire 2020<\/strong>, il cui obiettivo \u00e8 quello di diffondere le conoscenze sulla flora lombarda e raggiungere le nuove generazioni e il pubblico generico. Il focus, posto sull\u2019importanza della biodiversit\u00e0 della flora spontanea e sulla sua conservazione, \u00e8 rappresentato dalla mostra <strong>\u201cLombardia: un tesoro di biodiversit\u00e0\u201d<\/strong>. Nell\u2019ambito di questo progetto, la Rete ha sviluppato complessivamente <strong>27 moduli didattici<\/strong>, destinati al pubblico scolastico e al pubblico dei visitatori degli Orti Botanici presenti sul territorio lombardo e prossimi alla sperimentazione.<\/p>\n<p>Per informazioni sulle attivit\u00e0 con le scuole, che possono essere svolte <strong>in orto, nel giardino della scuola e a distanza<\/strong>, <strong>contattare la segreteria <\/strong>(<em>segreteria@reteortibotanicilombardia.it)<\/em> che fornir\u00e0 indicazioni aggiornate sulle disponibilit\u00e0 e i regolamenti dei singoli Orti.<\/p>\n<p><strong><u>ATTIVITA\u2019 PER LE FAMIGLIE<\/u><\/strong><\/p>\n<p>L\u2019<strong>orto botanico di Bergamo \u201cLorenzo Rota\u201d, gli orti botanici milanesi di Brera e Citt\u00e0 Studi, l\u2019orto botanico di Pavia, l\u2019orto botanico di Bormio <\/strong>e <strong>il giardino botanico \u201cG. E. Ghirardi\u201d di Toscolano Maderno (BS)<\/strong> sono pronti ad accogliere i visitatori anche con altre iniziative, per raccontare le bellezze autunnali della natura attraverso visite guidate, mostre, incontri e laboratori. Ecco i principali appuntamenti.<\/p>\n<p><strong>Bergamo<\/strong><\/p>\n<p><strong>L\u2019orto botanico \u201cLorenzo Rota\u201d di Bergamo<\/strong>, con le sue due sezioni di Astino e di Citt\u00e0 Alta, propone<strong><br \/>\n<\/strong>presso la Valle della biodiversit\u00e0 ad Astino fino al 4 ottobre le zucche in mostra e 11 ottobre appuntamento con \u201cRaccogli, conosci, gusta: Asta biodiversa\u201d. Presso la sala Viscontea prosegue la mostra fotografica di Pina Inferrera \u201cFragile: maneggiare con cura\u201d, infine presso la Sezione di Citt\u00e0 Alta sar\u00e0 possibile partecipare alle visite con le guide museali.<\/p>\n<p><u>INFO&amp;ORARI<\/u><\/p>\n<p><em>Sezione di Citt\u00e0 Alta: <\/em>dal 1\u00b0 marzo al 31 ottobre (festivit\u00e0 comprese) tutti i giorni 10 &#8211; 18<\/p>\n<p><em>Sezione di Astino<\/em>: dal 1\u00b0 aprile al 31 ottobre (festivit\u00e0 comprese): ogni mattina 10-12; pomeriggio 14-19 (settembre) 14-17 (ottobre)<\/p>\n<p>info:\u00a0<a href=\"mailto:ortobotanico@comune.bg.it\" rel=\"nofollow\">ortobotanico@comune.bg.it<\/a>\u00a0\/ tel. 035 286060<\/p>\n<p>Per il calendario completo si prega di seguire il sito e la pagina Facebook dell\u2019Orto<\/p>\n<p><a href=\"https:\/\/www.ortobotanicodibergamo.it\"><em>https:\/\/www.ortobotanicodibergamo.it<\/em><\/a> <em>@<\/em><a href=\"https:\/\/www.facebook.com\/ortobotanicodibergamo\" rel=\"nofollow\"><em>ortobotanicodibergamo<\/em><\/a><\/p>\n<p><strong>Pavia<\/strong><\/p>\n<p>Attesi all\u2019<strong>orto botanico di Pavia<\/strong> l\u2019open day per insegnanti, dirigenti scolastici e genitori il 30 settembre ed i corsi di acquerello botanico a cura di Daniela Passuello (gioved\u00ec 1\u00b0 ottobre ore 14-17)<br \/>\n<u>INFO&amp;ORARI<\/u><\/p>\n<p>Sabato e domenica 10-18, ultimo accesso previsto alle 17.30<\/p>\n<p><em>https:\/\/ortobotanico.unipv.eu\/<\/em> <em>@<\/em><em>ortobotanicodipavia<\/em><\/p>\n<p><strong>Milano<\/strong><\/p>\n<p>All\u2019orto botanico <strong>Citt\u00e0 Studi<\/strong>, ancora fino al mese di ottobre, sar\u00e0 possibile visitare la mostra \u201cLombardia: un tesoro di biodiversit\u00e0\u201d, mentre all\u2019orto di <strong>Brera<\/strong>, l\u2019unico che resta aperto tutto l\u2019anno, proporr\u00e0 le visite guidate del sabato per piccoli gruppi di visitatori (per date, orari e modalit\u00e0 di iscrizione consultare il sito)<\/p>\n<p><u>INFO&amp;ORARI<\/u><\/p>\n<p>Da luned\u00ec a sabato (non festivi) 10-18.<\/p>\n<p><strong>Dal 1\u00b0 novembre al 31 marzo<\/strong> orari anticipati 9.30-16.30<\/p>\n<p><em>www.ortibotanici.unimi.it<\/em><\/p>\n<p><strong>Bormio<\/strong><\/p>\n<p>Ultimo mese per visitare il giardino botanico alpino Rezia di Bormio, dove si potranno ammirare le mille sfumature dei colori dei larici in versione autunnale.<br \/>\n<u>INFO&amp;ORARI<\/u><\/p>\n<p><strong>Fino al 31 ottobre<\/strong> da luned\u00ec a gioved\u00ec 9-12 e 14-17, venerd\u00ec 9-12, sabato e domenica chiuso.<br \/>\nwww.stelviopark.it<\/p>\n<p><strong>Toscolano Maderno<\/strong><\/p>\n<p>Infine, ultimo mese di apertura anche per l\u2019<strong>orto botanico \u201cG. E. Ghirardi\u201d di Toscolano Maderno<\/strong>, dove sta prendendo forma l\u2019aiuola dell\u2019ortoterapia e si avvicina la giornata della raccolta condivisa delle olive (la data sar\u00e0 intorno alla fine di ottobre compatibilmente con le condizioni di maturazione).<br \/>\n<u>INFO&amp;ORARI<\/u><\/p>\n<p>Gioved\u00ec 10-12 e 16-19, venerd\u00ec 16-19, sabato 10-12.30<\/p>\n<p>L&#8217;ingresso all&#8217;Orto \u00e8 libero<\/p>\n<p><em>www.reteortibotanicilombardia.it<\/em><\/p>\n<p>Tutti gli Orti seguono le <strong>normative di sicurezza<\/strong> previste a seguito dell\u2019emergenza Covid-19: si accede ai giardini solo indossando la mascherina, in maniera contingentata e nel pieno rispetto del distanziamento sociale. Per orari aggiornati e informazioni su eventuali modalit\u00e0 di prenotazione, si prega di consultare il seguente link: https:\/\/reteortibotanicilombardia.it\/2020\/05\/20\/aperti-al-pubblico\/<\/p>\n","protected":false},"excerpt":{"rendered":"<p>L\u2019arrivo dell\u2019autunno negli orti botanici della Lombardia ha portato con s\u00e9 una ventata di novit\u00e0 e iniziative rivolte a tutti, dai pi\u00f9 grandi ai pi\u00f9 piccini. Inoltre, complice il rientro a scuola, sono in programma anche diversi appuntamenti appositamente pensati per studenti e insegnanti. Dopo un periodo di didattica a distanza forzata in cui studenti, insegnanti e intere famiglie sono stati costretti a rimanere tra le quattro mura domestiche, la<\/p>\n<p><a class=\"continue-reading\" href=\"https:\/\/www.article-marketing.eu\/comunicatistampa\/orti-botanici-della-lombardia-aule-educative-allaperto-immersi-nella-natura-e-al-sicuro-tanti-appuntamenti-per-studenti-di-tutte-le-eta-e-nel-weekend-iniziative-per-le-famiglie\/\">Continue reading&#8230;<\/a><\/p>\n","protected":false},"author":1855,"featured_media":0,"comment_status":"open","ping_status":"open","sticky":false,"template":"","format":"standard","meta":{"_monsterinsights_skip_tracking":false,"_monsterinsights_sitenote_active":false,"_monsterinsights_sitenote_note":"","_monsterinsights_sitenote_category":0,"footnotes":""},"categories":[392],"tags":[6734,6735,6733,1628,4532,36,5123],"class_list":["post-16194","post","type-post","status-publish","format-standard","hentry","category-eventi","tag-orti","tag-reteortilombardia","tag-toscolanomaderno","tag-bergamo","tag-bormio","tag-milano","tag-pavia"],"yoast_head":"<!-- This site is optimized with the Yoast SEO plugin v27.3 - https:\/\/yoast.com\/product\/yoast-seo-wordpress\/ -->\n<title>Orti Botanici della Lombardia: aule educative all\u2019aperto immersi nella natura e al sicuro, tanti appuntamenti per studenti di tutte le et\u00e0 e nel weekend iniziative per le famiglie - Article Marketing<\/title>\n<meta name=\"robots\" content=\"index, follow, max-snippet:-1, max-image-preview:large, max-video-preview:-1\" \/>\n<link rel=\"canonical\" href=\"https:\/\/www.article-marketing.eu\/comunicatistampa\/orti-botanici-della-lombardia-aule-educative-allaperto-immersi-nella-natura-e-al-sicuro-tanti-appuntamenti-per-studenti-di-tutte-le-eta-e-nel-weekend-iniziative-per-le-famiglie\/\" \/>\n<meta property=\"og:locale\" content=\"it_IT\" \/>\n<meta property=\"og:type\" content=\"article\" \/>\n<meta property=\"og:title\" content=\"Orti Botanici della Lombardia: aule educative all\u2019aperto immersi nella natura e al sicuro, tanti appuntamenti per studenti di tutte le et\u00e0 e nel weekend iniziative per le famiglie - Article Marketing\" \/>\n<meta property=\"og:description\" content=\"L\u2019arrivo dell\u2019autunno negli orti botanici della Lombardia ha portato con s\u00e9 una ventata di novit\u00e0 e iniziative rivolte a tutti, dai pi\u00f9 grandi ai pi\u00f9 piccini. Inoltre, complice il rientro a scuola, sono in programma anche diversi appuntamenti appositamente pensati per studenti e insegnanti. Dopo un periodo di didattica a distanza forzata in cui studenti, insegnanti e intere famiglie sono stati costretti a rimanere tra le quattro mura domestiche, laContinue reading...\" \/>\n<meta property=\"og:url\" content=\"https:\/\/www.article-marketing.eu\/comunicatistampa\/orti-botanici-della-lombardia-aule-educative-allaperto-immersi-nella-natura-e-al-sicuro-tanti-appuntamenti-per-studenti-di-tutte-le-eta-e-nel-weekend-iniziative-per-le-famiglie\/\" \/>\n<meta property=\"og:site_name\" content=\"Article Marketing\" \/>\n<meta property=\"article:published_time\" content=\"2020-09-28T20:31:30+00:00\" \/>\n<meta name=\"author\" content=\"Redaclem\" \/>\n<meta name=\"twitter:card\" content=\"summary_large_image\" \/>\n<meta name=\"twitter:label1\" content=\"Scritto da\" \/>\n\t<meta name=\"twitter:data1\" content=\"Redaclem\" \/>\n\t<meta name=\"twitter:label2\" content=\"Tempo di lettura stimato\" \/>\n\t<meta name=\"twitter:data2\" content=\"5 minuti\" \/>\n<script type=\"application\/ld+json\" class=\"yoast-schema-graph\">{\"@context\":\"https:\\\/\\\/schema.org\",\"@graph\":[{\"@type\":\"Article\",\"@id\":\"https:\\\/\\\/www.article-marketing.eu\\\/comunicatistampa\\\/orti-botanici-della-lombardia-aule-educative-allaperto-immersi-nella-natura-e-al-sicuro-tanti-appuntamenti-per-studenti-di-tutte-le-eta-e-nel-weekend-iniziative-per-le-famiglie\\\/#article\",\"isPartOf\":{\"@id\":\"https:\\\/\\\/www.article-marketing.eu\\\/comunicatistampa\\\/orti-botanici-della-lombardia-aule-educative-allaperto-immersi-nella-natura-e-al-sicuro-tanti-appuntamenti-per-studenti-di-tutte-le-eta-e-nel-weekend-iniziative-per-le-famiglie\\\/\"},\"author\":{\"name\":\"Redaclem\",\"@id\":\"https:\\\/\\\/www.article-marketing.eu\\\/comunicatistampa\\\/#\\\/schema\\\/person\\\/c0aa725eee5df8460e0adf901fde0c88\"},\"headline\":\"Orti Botanici della Lombardia: aule educative all\u2019aperto immersi nella natura e al sicuro, tanti appuntamenti per studenti di tutte le et\u00e0 e nel weekend iniziative per le famiglie\",\"datePublished\":\"2020-09-28T20:31:30+00:00\",\"mainEntityOfPage\":{\"@id\":\"https:\\\/\\\/www.article-marketing.eu\\\/comunicatistampa\\\/orti-botanici-della-lombardia-aule-educative-allaperto-immersi-nella-natura-e-al-sicuro-tanti-appuntamenti-per-studenti-di-tutte-le-eta-e-nel-weekend-iniziative-per-le-famiglie\\\/\"},\"wordCount\":942,\"commentCount\":0,\"keywords\":[\"#orti\",\"#reteortilombardia\",\"#toscolanomaderno\",\"Bergamo\",\"bormio\",\"Milano\",\"Pavia\"],\"articleSection\":[\"Eventi\"],\"inLanguage\":\"it-IT\",\"potentialAction\":[{\"@type\":\"CommentAction\",\"name\":\"Comment\",\"target\":[\"https:\\\/\\\/www.article-marketing.eu\\\/comunicatistampa\\\/orti-botanici-della-lombardia-aule-educative-allaperto-immersi-nella-natura-e-al-sicuro-tanti-appuntamenti-per-studenti-di-tutte-le-eta-e-nel-weekend-iniziative-per-le-famiglie\\\/#respond\"]}]},{\"@type\":\"WebPage\",\"@id\":\"https:\\\/\\\/www.article-marketing.eu\\\/comunicatistampa\\\/orti-botanici-della-lombardia-aule-educative-allaperto-immersi-nella-natura-e-al-sicuro-tanti-appuntamenti-per-studenti-di-tutte-le-eta-e-nel-weekend-iniziative-per-le-famiglie\\\/\",\"url\":\"https:\\\/\\\/www.article-marketing.eu\\\/comunicatistampa\\\/orti-botanici-della-lombardia-aule-educative-allaperto-immersi-nella-natura-e-al-sicuro-tanti-appuntamenti-per-studenti-di-tutte-le-eta-e-nel-weekend-iniziative-per-le-famiglie\\\/\",\"name\":\"Orti Botanici della Lombardia: aule educative all\u2019aperto immersi nella natura e al sicuro, tanti appuntamenti per studenti di tutte le et\u00e0 e nel weekend iniziative per le famiglie - Article Marketing\",\"isPartOf\":{\"@id\":\"https:\\\/\\\/www.article-marketing.eu\\\/comunicatistampa\\\/#website\"},\"datePublished\":\"2020-09-28T20:31:30+00:00\",\"author\":{\"@id\":\"https:\\\/\\\/www.article-marketing.eu\\\/comunicatistampa\\\/#\\\/schema\\\/person\\\/c0aa725eee5df8460e0adf901fde0c88\"},\"breadcrumb\":{\"@id\":\"https:\\\/\\\/www.article-marketing.eu\\\/comunicatistampa\\\/orti-botanici-della-lombardia-aule-educative-allaperto-immersi-nella-natura-e-al-sicuro-tanti-appuntamenti-per-studenti-di-tutte-le-eta-e-nel-weekend-iniziative-per-le-famiglie\\\/#breadcrumb\"},\"inLanguage\":\"it-IT\",\"potentialAction\":[{\"@type\":\"ReadAction\",\"target\":[\"https:\\\/\\\/www.article-marketing.eu\\\/comunicatistampa\\\/orti-botanici-della-lombardia-aule-educative-allaperto-immersi-nella-natura-e-al-sicuro-tanti-appuntamenti-per-studenti-di-tutte-le-eta-e-nel-weekend-iniziative-per-le-famiglie\\\/\"]}]},{\"@type\":\"BreadcrumbList\",\"@id\":\"https:\\\/\\\/www.article-marketing.eu\\\/comunicatistampa\\\/orti-botanici-della-lombardia-aule-educative-allaperto-immersi-nella-natura-e-al-sicuro-tanti-appuntamenti-per-studenti-di-tutte-le-eta-e-nel-weekend-iniziative-per-le-famiglie\\\/#breadcrumb\",\"itemListElement\":[{\"@type\":\"ListItem\",\"position\":1,\"name\":\"Home\",\"item\":\"https:\\\/\\\/www.article-marketing.eu\\\/comunicatistampa\\\/\"},{\"@type\":\"ListItem\",\"position\":2,\"name\":\"Orti Botanici della Lombardia: aule educative all\u2019aperto immersi nella natura e al sicuro, tanti appuntamenti per studenti di tutte le et\u00e0 e nel weekend iniziative per le famiglie\"}]},{\"@type\":\"WebSite\",\"@id\":\"https:\\\/\\\/www.article-marketing.eu\\\/comunicatistampa\\\/#website\",\"url\":\"https:\\\/\\\/www.article-marketing.eu\\\/comunicatistampa\\\/\",\"name\":\"Article Marketing\",\"description\":\"article marketing &amp; press release\",\"potentialAction\":[{\"@type\":\"SearchAction\",\"target\":{\"@type\":\"EntryPoint\",\"urlTemplate\":\"https:\\\/\\\/www.article-marketing.eu\\\/comunicatistampa\\\/?s={search_term_string}\"},\"query-input\":{\"@type\":\"PropertyValueSpecification\",\"valueRequired\":true,\"valueName\":\"search_term_string\"}}],\"inLanguage\":\"it-IT\"},{\"@type\":\"Person\",\"@id\":\"https:\\\/\\\/www.article-marketing.eu\\\/comunicatistampa\\\/#\\\/schema\\\/person\\\/c0aa725eee5df8460e0adf901fde0c88\",\"name\":\"Redaclem\",\"image\":{\"@type\":\"ImageObject\",\"inLanguage\":\"it-IT\",\"@id\":\"https:\\\/\\\/secure.gravatar.com\\\/avatar\\\/4c7e41f332a0583344a91d7d39723533da9b2d0df7737c2d8c69553168c2191e?s=96&d=mm&r=g\",\"url\":\"https:\\\/\\\/secure.gravatar.com\\\/avatar\\\/4c7e41f332a0583344a91d7d39723533da9b2d0df7737c2d8c69553168c2191e?s=96&d=mm&r=g\",\"contentUrl\":\"https:\\\/\\\/secure.gravatar.com\\\/avatar\\\/4c7e41f332a0583344a91d7d39723533da9b2d0df7737c2d8c69553168c2191e?s=96&d=mm&r=g\",\"caption\":\"Redaclem\"},\"url\":\"https:\\\/\\\/www.article-marketing.eu\\\/comunicatistampa\\\/author\\\/redaclem\\\/\"}]}<\/script>\n<!-- \/ Yoast SEO plugin. -->","yoast_head_json":{"title":"Orti Botanici della Lombardia: aule educative all\u2019aperto immersi nella natura e al sicuro, tanti appuntamenti per studenti di tutte le et\u00e0 e nel weekend iniziative per le famiglie - Article Marketing","robots":{"index":"index","follow":"follow","max-snippet":"max-snippet:-1","max-image-preview":"max-image-preview:large","max-video-preview":"max-video-preview:-1"},"canonical":"https:\/\/www.article-marketing.eu\/comunicatistampa\/orti-botanici-della-lombardia-aule-educative-allaperto-immersi-nella-natura-e-al-sicuro-tanti-appuntamenti-per-studenti-di-tutte-le-eta-e-nel-weekend-iniziative-per-le-famiglie\/","og_locale":"it_IT","og_type":"article","og_title":"Orti Botanici della Lombardia: aule educative all\u2019aperto immersi nella natura e al sicuro, tanti appuntamenti per studenti di tutte le et\u00e0 e nel weekend iniziative per le famiglie - Article Marketing","og_description":"L\u2019arrivo dell\u2019autunno negli orti botanici della Lombardia ha portato con s\u00e9 una ventata di novit\u00e0 e iniziative rivolte a tutti, dai pi\u00f9 grandi ai pi\u00f9 piccini. Inoltre, complice il rientro a scuola, sono in programma anche diversi appuntamenti appositamente pensati per studenti e insegnanti. Dopo un periodo di didattica a distanza forzata in cui studenti, insegnanti e intere famiglie sono stati costretti a rimanere tra le quattro mura domestiche, laContinue reading...","og_url":"https:\/\/www.article-marketing.eu\/comunicatistampa\/orti-botanici-della-lombardia-aule-educative-allaperto-immersi-nella-natura-e-al-sicuro-tanti-appuntamenti-per-studenti-di-tutte-le-eta-e-nel-weekend-iniziative-per-le-famiglie\/","og_site_name":"Article Marketing","article_published_time":"2020-09-28T20:31:30+00:00","author":"Redaclem","twitter_card":"summary_large_image","twitter_misc":{"Scritto da":"Redaclem","Tempo di lettura stimato":"5 minuti"},"schema":{"@context":"https:\/\/schema.org","@graph":[{"@type":"Article","@id":"https:\/\/www.article-marketing.eu\/comunicatistampa\/orti-botanici-della-lombardia-aule-educative-allaperto-immersi-nella-natura-e-al-sicuro-tanti-appuntamenti-per-studenti-di-tutte-le-eta-e-nel-weekend-iniziative-per-le-famiglie\/#article","isPartOf":{"@id":"https:\/\/www.article-marketing.eu\/comunicatistampa\/orti-botanici-della-lombardia-aule-educative-allaperto-immersi-nella-natura-e-al-sicuro-tanti-appuntamenti-per-studenti-di-tutte-le-eta-e-nel-weekend-iniziative-per-le-famiglie\/"},"author":{"name":"Redaclem","@id":"https:\/\/www.article-marketing.eu\/comunicatistampa\/#\/schema\/person\/c0aa725eee5df8460e0adf901fde0c88"},"headline":"Orti Botanici della Lombardia: aule educative all\u2019aperto immersi nella natura e al sicuro, tanti appuntamenti per studenti di tutte le et\u00e0 e nel weekend iniziative per le famiglie","datePublished":"2020-09-28T20:31:30+00:00","mainEntityOfPage":{"@id":"https:\/\/www.article-marketing.eu\/comunicatistampa\/orti-botanici-della-lombardia-aule-educative-allaperto-immersi-nella-natura-e-al-sicuro-tanti-appuntamenti-per-studenti-di-tutte-le-eta-e-nel-weekend-iniziative-per-le-famiglie\/"},"wordCount":942,"commentCount":0,"keywords":["#orti","#reteortilombardia","#toscolanomaderno","Bergamo","bormio","Milano","Pavia"],"articleSection":["Eventi"],"inLanguage":"it-IT","potentialAction":[{"@type":"CommentAction","name":"Comment","target":["https:\/\/www.article-marketing.eu\/comunicatistampa\/orti-botanici-della-lombardia-aule-educative-allaperto-immersi-nella-natura-e-al-sicuro-tanti-appuntamenti-per-studenti-di-tutte-le-eta-e-nel-weekend-iniziative-per-le-famiglie\/#respond"]}]},{"@type":"WebPage","@id":"https:\/\/www.article-marketing.eu\/comunicatistampa\/orti-botanici-della-lombardia-aule-educative-allaperto-immersi-nella-natura-e-al-sicuro-tanti-appuntamenti-per-studenti-di-tutte-le-eta-e-nel-weekend-iniziative-per-le-famiglie\/","url":"https:\/\/www.article-marketing.eu\/comunicatistampa\/orti-botanici-della-lombardia-aule-educative-allaperto-immersi-nella-natura-e-al-sicuro-tanti-appuntamenti-per-studenti-di-tutte-le-eta-e-nel-weekend-iniziative-per-le-famiglie\/","name":"Orti Botanici della Lombardia: aule educative all\u2019aperto immersi nella natura e al sicuro, tanti appuntamenti per studenti di tutte le et\u00e0 e nel weekend iniziative per le famiglie - Article Marketing","isPartOf":{"@id":"https:\/\/www.article-marketing.eu\/comunicatistampa\/#website"},"datePublished":"2020-09-28T20:31:30+00:00","author":{"@id":"https:\/\/www.article-marketing.eu\/comunicatistampa\/#\/schema\/person\/c0aa725eee5df8460e0adf901fde0c88"},"breadcrumb":{"@id":"https:\/\/www.article-marketing.eu\/comunicatistampa\/orti-botanici-della-lombardia-aule-educative-allaperto-immersi-nella-natura-e-al-sicuro-tanti-appuntamenti-per-studenti-di-tutte-le-eta-e-nel-weekend-iniziative-per-le-famiglie\/#breadcrumb"},"inLanguage":"it-IT","potentialAction":[{"@type":"ReadAction","target":["https:\/\/www.article-marketing.eu\/comunicatistampa\/orti-botanici-della-lombardia-aule-educative-allaperto-immersi-nella-natura-e-al-sicuro-tanti-appuntamenti-per-studenti-di-tutte-le-eta-e-nel-weekend-iniziative-per-le-famiglie\/"]}]},{"@type":"BreadcrumbList","@id":"https:\/\/www.article-marketing.eu\/comunicatistampa\/orti-botanici-della-lombardia-aule-educative-allaperto-immersi-nella-natura-e-al-sicuro-tanti-appuntamenti-per-studenti-di-tutte-le-eta-e-nel-weekend-iniziative-per-le-famiglie\/#breadcrumb","itemListElement":[{"@type":"ListItem","position":1,"name":"Home","item":"https:\/\/www.article-marketing.eu\/comunicatistampa\/"},{"@type":"ListItem","position":2,"name":"Orti Botanici della Lombardia: aule educative all\u2019aperto immersi nella natura e al sicuro, tanti appuntamenti per studenti di tutte le et\u00e0 e nel weekend iniziative per le famiglie"}]},{"@type":"WebSite","@id":"https:\/\/www.article-marketing.eu\/comunicatistampa\/#website","url":"https:\/\/www.article-marketing.eu\/comunicatistampa\/","name":"Article Marketing","description":"article marketing &amp; press release","potentialAction":[{"@type":"SearchAction","target":{"@type":"EntryPoint","urlTemplate":"https:\/\/www.article-marketing.eu\/comunicatistampa\/?s={search_term_string}"},"query-input":{"@type":"PropertyValueSpecification","valueRequired":true,"valueName":"search_term_string"}}],"inLanguage":"it-IT"},{"@type":"Person","@id":"https:\/\/www.article-marketing.eu\/comunicatistampa\/#\/schema\/person\/c0aa725eee5df8460e0adf901fde0c88","name":"Redaclem","image":{"@type":"ImageObject","inLanguage":"it-IT","@id":"https:\/\/secure.gravatar.com\/avatar\/4c7e41f332a0583344a91d7d39723533da9b2d0df7737c2d8c69553168c2191e?s=96&d=mm&r=g","url":"https:\/\/secure.gravatar.com\/avatar\/4c7e41f332a0583344a91d7d39723533da9b2d0df7737c2d8c69553168c2191e?s=96&d=mm&r=g","contentUrl":"https:\/\/secure.gravatar.com\/avatar\/4c7e41f332a0583344a91d7d39723533da9b2d0df7737c2d8c69553168c2191e?s=96&d=mm&r=g","caption":"Redaclem"},"url":"https:\/\/www.article-marketing.eu\/comunicatistampa\/author\/redaclem\/"}]}},"_links":{"self":[{"href":"https:\/\/www.article-marketing.eu\/comunicatistampa\/wp-json\/wp\/v2\/posts\/16194","targetHints":{"allow":["GET"]}}],"collection":[{"href":"https:\/\/www.article-marketing.eu\/comunicatistampa\/wp-json\/wp\/v2\/posts"}],"about":[{"href":"https:\/\/www.article-marketing.eu\/comunicatistampa\/wp-json\/wp\/v2\/types\/post"}],"author":[{"embeddable":true,"href":"https:\/\/www.article-marketing.eu\/comunicatistampa\/wp-json\/wp\/v2\/users\/1855"}],"replies":[{"embeddable":true,"href":"https:\/\/www.article-marketing.eu\/comunicatistampa\/wp-json\/wp\/v2\/comments?post=16194"}],"version-history":[{"count":3,"href":"https:\/\/www.article-marketing.eu\/comunicatistampa\/wp-json\/wp\/v2\/posts\/16194\/revisions"}],"predecessor-version":[{"id":16197,"href":"https:\/\/www.article-marketing.eu\/comunicatistampa\/wp-json\/wp\/v2\/posts\/16194\/revisions\/16197"}],"wp:attachment":[{"href":"https:\/\/www.article-marketing.eu\/comunicatistampa\/wp-json\/wp\/v2\/media?parent=16194"}],"wp:term":[{"taxonomy":"category","embeddable":true,"href":"https:\/\/www.article-marketing.eu\/comunicatistampa\/wp-json\/wp\/v2\/categories?post=16194"},{"taxonomy":"post_tag","embeddable":true,"href":"https:\/\/www.article-marketing.eu\/comunicatistampa\/wp-json\/wp\/v2\/tags?post=16194"}],"curies":[{"name":"wp","href":"https:\/\/api.w.org\/{rel}","templated":true}]}}