{"id":16258,"date":"2020-10-09T00:13:10","date_gmt":"2020-10-08T22:13:10","guid":{"rendered":"https:\/\/www.article-marketing.eu\/comunicatistampa\/?p=16258"},"modified":"2020-10-09T00:13:10","modified_gmt":"2020-10-08T22:13:10","slug":"il-gruppo-fini-rilancia-i-tortelloni-radicchio-e-speck-con-la-prestigiosa-collaborazione-di-senfter","status":"publish","type":"post","link":"https:\/\/www.article-marketing.eu\/comunicatistampa\/il-gruppo-fini-rilancia-i-tortelloni-radicchio-e-speck-con-la-prestigiosa-collaborazione-di-senfter\/","title":{"rendered":"Il Gruppo Fini rilancia i \u201cTortelloni Radicchio e Speck\u201d con la prestigiosa collaborazione di Senfter"},"content":{"rendered":"<p><em>La referenza della famiglia &#8220;I Granripieni di Sapore&#8221; torna a scaffale in una versione inedita e limitata unendo la bont\u00e0 della tradizione emiliana con l&#8217;autenticit\u00e0 dei sapori dell&#8217;Alto Adige<\/em><\/p>\n<p><em>\u00a0<\/em><\/p>\n<p><strong>La tradizione emiliana<\/strong> della pasta fresca ripiena <strong>incontra i sapori e i profumi<\/strong> autentici <strong>delle Dolomiti<\/strong>, dando vita a un connubio all&#8217;insegna della bont\u00e0 e del miglior made in Italy. <strong>Il Gruppo Fini<\/strong>, storico brand nato a Modena nel 1912, <strong>ha infatti deciso di rilanciare i \u201cTortelloni Radicchio e Speck\u201d, attraverso la collaborazione con Senfter<\/strong> \u2013 San Candido Alto Adige 1857, che, da oltre un secolo e mezzo, porta sulle tavole degli italiani le tipicit\u00e0 e le prelibatezze dell&#8217;Alto Adige. Senfter appartiene al gruppo modenese Grandi Salumifici Italiani SpA, prestigiosa realt\u00e0 del nostro territorio emiliano, proprio come il Gruppo Fini.<\/p>\n<p>Da Settembre 2020 <strong>la referenza del Gruppo Fini trover\u00e0 dunque spazio sugli scaffali della GDO attraverso un pack dedicato e a edizione limitata<\/strong> che evidenzier\u00e0 la partnership dei due brand che, da sempre, orientano la propria attivit\u00e0 a valori comuni come storicit\u00e0, territorialit\u00e0, qualit\u00e0 e tradizione e che per l&#8217;occasione hanno deciso di coniugare le proprie eccellenze.<\/p>\n<p>\u201cTortelloni Radicchio e Speck\u201d rappresenta, infatti, per il Gruppo Fini <strong>uno dei prodotti pi\u00f9 venduti e riconosciuti<\/strong> dal pubblico italiano. Il tortellone annodato, che presenta una sfoglia ruvida e porosa, grazie alla trafilatura al bronzo, \u00e8 prodotto con farine 100% italiane e uova da galline allevate a terra. A ci\u00f2 si aggiunge <strong>un ripieno studiato<\/strong> e che in un gioco di contrasti mescola il gusto piacevolmente amaro del radicchio con la nota di affumicatura finale dello speck; un <strong>connubio gi\u00e0 vincente e che sar\u00e0 <\/strong>maggiormente <strong>esaltato<\/strong> e valorizzato <strong>grazie alla presenza dello speck di Senfter<\/strong>, espressione altissima del salume tipico dell\u2019Alto Adige.<\/p>\n<p><strong>La referenza<\/strong>, oggetto della partnership tra le due aziende, <strong>appartiene alla famiglia de &#8220;I Granripieni di Sapore<\/strong>&#8220;, linea premium di pasta fresca del <strong>Gruppo Fini<\/strong> che, dal 2016 a oggi, <strong>ha registrato un notevole apprezzamento<\/strong> da parte del pubblico. La linea, nata per soddisfare un target sofisticato, attento alla ricerca di gusti e sapori autentici, ha riscontrato performance ampiamente positive. A trainare la crescita sono stati capisaldi come premiunizzazione, innovazione e presidio dello scaffale, consentendo a questa linea premium di registrare tassi di crescita costanti negli ultimi anni (+7,9% a valore nel 2019), pi\u00f9 che confermati anche nel primo semestre 2020, chiuso con una performance a doppia cifra con un +18,9% a valore.<\/p>\n<p>&nbsp;<\/p>\n<p>Il <strong>Gruppo Fini SpA<\/strong>, societ\u00e0 a socio unico di propriet\u00e0 100% Holding Carisma, \u00e8 una storica realt\u00e0 produttiva dell\u2019alimentare nel nostro Paese. La societ\u00e0 \u00e8 titolare dei marchi Fini, nato nel 1912 ad opera di Telesforo Fini nel cuore dell\u2019Emilia, e Le Conserve della Nonna, tradizionale realt\u00e0 di Ravarino (MO). FINI \u00e8 un marchio di pasta che rappresenta in Italia e nel mondo tutto il gusto della tradizione emiliana in cucina. Le Conserve della Nonna, nell\u2019ampia gamma di referenze tipiche di tutte le regioni italiane, offre sughi, condimenti e confetture preparate secondo metodi tradizionali, con la sicurezza di un grande gruppo industriale.<\/p>\n<p><strong>Senfter<\/strong>\u00ae \u00e8 un marchio storico della salumeria Italiana fortemente radicato nel suo territorio d\u2019origine, l\u2019Alto Adige che da oltre 160 anni produce salumi di altissima qualit\u00e0. Leader in Italia nella produzione di Speck, <strong>Senfter<\/strong>\u00ae \u00e8 parte di <strong>Grandi Salumifici Italiani<\/strong> <strong>SpA<\/strong>, gruppo di riferimento nel mercato italiano dei salumi e dei secondi piatti pronti freschi, e tra i maggiori player internazionali nel settore della salumeria di qualit\u00e0.<\/p>\n","protected":false},"excerpt":{"rendered":"<p>La referenza della famiglia &#8220;I Granripieni di Sapore&#8221; torna a scaffale in una versione inedita e limitata unendo la bont\u00e0 della tradizione emiliana con l&#8217;autenticit\u00e0 dei sapori dell&#8217;Alto Adige \u00a0 La tradizione emiliana della pasta fresca ripiena incontra i sapori e i profumi autentici delle Dolomiti, dando vita a un connubio all&#8217;insegna della bont\u00e0 e del miglior made in Italy. Il Gruppo Fini, storico brand nato a Modena nel 1912,<\/p>\n<p><a class=\"continue-reading\" href=\"https:\/\/www.article-marketing.eu\/comunicatistampa\/il-gruppo-fini-rilancia-i-tortelloni-radicchio-e-speck-con-la-prestigiosa-collaborazione-di-senfter\/\">Continue reading&#8230;<\/a><\/p>\n","protected":false},"author":397,"featured_media":0,"comment_status":"open","ping_status":"open","sticky":false,"template":"","format":"standard","meta":{"_monsterinsights_skip_tracking":false,"_monsterinsights_sitenote_active":false,"_monsterinsights_sitenote_note":"","_monsterinsights_sitenote_category":0,"footnotes":""},"categories":[78],"tags":[],"class_list":["post-16258","post","type-post","status-publish","format-standard","hentry","category-comunicati-stampa"],"yoast_head":"<!-- This site is optimized with the Yoast SEO plugin v27.3 - https:\/\/yoast.com\/product\/yoast-seo-wordpress\/ -->\n<title>Il Gruppo Fini rilancia i \u201cTortelloni Radicchio e Speck\u201d con la prestigiosa collaborazione di Senfter - Article Marketing<\/title>\n<meta name=\"robots\" content=\"index, follow, max-snippet:-1, max-image-preview:large, max-video-preview:-1\" \/>\n<link rel=\"canonical\" href=\"https:\/\/www.article-marketing.eu\/comunicatistampa\/il-gruppo-fini-rilancia-i-tortelloni-radicchio-e-speck-con-la-prestigiosa-collaborazione-di-senfter\/\" \/>\n<meta property=\"og:locale\" content=\"it_IT\" \/>\n<meta property=\"og:type\" content=\"article\" \/>\n<meta property=\"og:title\" content=\"Il Gruppo Fini rilancia i \u201cTortelloni Radicchio e Speck\u201d con la prestigiosa collaborazione di Senfter - Article Marketing\" \/>\n<meta property=\"og:description\" content=\"La referenza della famiglia &#8220;I Granripieni di Sapore&#8221; torna a scaffale in una versione inedita e limitata unendo la bont\u00e0 della tradizione emiliana con l&#8217;autenticit\u00e0 dei sapori dell&#8217;Alto Adige \u00a0 La tradizione emiliana della pasta fresca ripiena incontra i sapori e i profumi autentici delle Dolomiti, dando vita a un connubio all&#8217;insegna della bont\u00e0 e del miglior made in Italy. Il Gruppo Fini, storico brand nato a Modena nel 1912,Continue reading...\" \/>\n<meta property=\"og:url\" content=\"https:\/\/www.article-marketing.eu\/comunicatistampa\/il-gruppo-fini-rilancia-i-tortelloni-radicchio-e-speck-con-la-prestigiosa-collaborazione-di-senfter\/\" \/>\n<meta property=\"og:site_name\" content=\"Article Marketing\" \/>\n<meta property=\"article:published_time\" content=\"2020-10-08T22:13:10+00:00\" \/>\n<meta name=\"author\" content=\"Borderline Agency\" \/>\n<meta name=\"twitter:card\" content=\"summary_large_image\" \/>\n<meta name=\"twitter:label1\" content=\"Scritto da\" \/>\n\t<meta name=\"twitter:data1\" content=\"Borderline Agency\" \/>\n\t<meta name=\"twitter:label2\" content=\"Tempo di lettura stimato\" \/>\n\t<meta name=\"twitter:data2\" content=\"3 minuti\" \/>\n<script type=\"application\/ld+json\" class=\"yoast-schema-graph\">{\"@context\":\"https:\\\/\\\/schema.org\",\"@graph\":[{\"@type\":\"Article\",\"@id\":\"https:\\\/\\\/www.article-marketing.eu\\\/comunicatistampa\\\/il-gruppo-fini-rilancia-i-tortelloni-radicchio-e-speck-con-la-prestigiosa-collaborazione-di-senfter\\\/#article\",\"isPartOf\":{\"@id\":\"https:\\\/\\\/www.article-marketing.eu\\\/comunicatistampa\\\/il-gruppo-fini-rilancia-i-tortelloni-radicchio-e-speck-con-la-prestigiosa-collaborazione-di-senfter\\\/\"},\"author\":{\"name\":\"Borderline Agency\",\"@id\":\"https:\\\/\\\/www.article-marketing.eu\\\/comunicatistampa\\\/#\\\/schema\\\/person\\\/1c4ab1c7aad84347e26e78235da6ff1b\"},\"headline\":\"Il Gruppo Fini rilancia i \u201cTortelloni Radicchio e Speck\u201d con la prestigiosa collaborazione di Senfter\",\"datePublished\":\"2020-10-08T22:13:10+00:00\",\"mainEntityOfPage\":{\"@id\":\"https:\\\/\\\/www.article-marketing.eu\\\/comunicatistampa\\\/il-gruppo-fini-rilancia-i-tortelloni-radicchio-e-speck-con-la-prestigiosa-collaborazione-di-senfter\\\/\"},\"wordCount\":573,\"commentCount\":0,\"articleSection\":[\"Comunicati stampa\"],\"inLanguage\":\"it-IT\",\"potentialAction\":[{\"@type\":\"CommentAction\",\"name\":\"Comment\",\"target\":[\"https:\\\/\\\/www.article-marketing.eu\\\/comunicatistampa\\\/il-gruppo-fini-rilancia-i-tortelloni-radicchio-e-speck-con-la-prestigiosa-collaborazione-di-senfter\\\/#respond\"]}]},{\"@type\":\"WebPage\",\"@id\":\"https:\\\/\\\/www.article-marketing.eu\\\/comunicatistampa\\\/il-gruppo-fini-rilancia-i-tortelloni-radicchio-e-speck-con-la-prestigiosa-collaborazione-di-senfter\\\/\",\"url\":\"https:\\\/\\\/www.article-marketing.eu\\\/comunicatistampa\\\/il-gruppo-fini-rilancia-i-tortelloni-radicchio-e-speck-con-la-prestigiosa-collaborazione-di-senfter\\\/\",\"name\":\"Il Gruppo Fini rilancia i \u201cTortelloni Radicchio e Speck\u201d con la prestigiosa collaborazione di Senfter - Article Marketing\",\"isPartOf\":{\"@id\":\"https:\\\/\\\/www.article-marketing.eu\\\/comunicatistampa\\\/#website\"},\"datePublished\":\"2020-10-08T22:13:10+00:00\",\"author\":{\"@id\":\"https:\\\/\\\/www.article-marketing.eu\\\/comunicatistampa\\\/#\\\/schema\\\/person\\\/1c4ab1c7aad84347e26e78235da6ff1b\"},\"breadcrumb\":{\"@id\":\"https:\\\/\\\/www.article-marketing.eu\\\/comunicatistampa\\\/il-gruppo-fini-rilancia-i-tortelloni-radicchio-e-speck-con-la-prestigiosa-collaborazione-di-senfter\\\/#breadcrumb\"},\"inLanguage\":\"it-IT\",\"potentialAction\":[{\"@type\":\"ReadAction\",\"target\":[\"https:\\\/\\\/www.article-marketing.eu\\\/comunicatistampa\\\/il-gruppo-fini-rilancia-i-tortelloni-radicchio-e-speck-con-la-prestigiosa-collaborazione-di-senfter\\\/\"]}]},{\"@type\":\"BreadcrumbList\",\"@id\":\"https:\\\/\\\/www.article-marketing.eu\\\/comunicatistampa\\\/il-gruppo-fini-rilancia-i-tortelloni-radicchio-e-speck-con-la-prestigiosa-collaborazione-di-senfter\\\/#breadcrumb\",\"itemListElement\":[{\"@type\":\"ListItem\",\"position\":1,\"name\":\"Home\",\"item\":\"https:\\\/\\\/www.article-marketing.eu\\\/comunicatistampa\\\/\"},{\"@type\":\"ListItem\",\"position\":2,\"name\":\"Il Gruppo Fini rilancia i \u201cTortelloni Radicchio e Speck\u201d con la prestigiosa collaborazione di Senfter\"}]},{\"@type\":\"WebSite\",\"@id\":\"https:\\\/\\\/www.article-marketing.eu\\\/comunicatistampa\\\/#website\",\"url\":\"https:\\\/\\\/www.article-marketing.eu\\\/comunicatistampa\\\/\",\"name\":\"Article Marketing\",\"description\":\"article marketing &amp; press release\",\"potentialAction\":[{\"@type\":\"SearchAction\",\"target\":{\"@type\":\"EntryPoint\",\"urlTemplate\":\"https:\\\/\\\/www.article-marketing.eu\\\/comunicatistampa\\\/?s={search_term_string}\"},\"query-input\":{\"@type\":\"PropertyValueSpecification\",\"valueRequired\":true,\"valueName\":\"search_term_string\"}}],\"inLanguage\":\"it-IT\"},{\"@type\":\"Person\",\"@id\":\"https:\\\/\\\/www.article-marketing.eu\\\/comunicatistampa\\\/#\\\/schema\\\/person\\\/1c4ab1c7aad84347e26e78235da6ff1b\",\"name\":\"Borderline Agency\",\"image\":{\"@type\":\"ImageObject\",\"inLanguage\":\"it-IT\",\"@id\":\"https:\\\/\\\/secure.gravatar.com\\\/avatar\\\/741fa053101610cb0be7dc835c116926549ae4ae2142ff35eac04d78fda61461?s=96&d=mm&r=g\",\"url\":\"https:\\\/\\\/secure.gravatar.com\\\/avatar\\\/741fa053101610cb0be7dc835c116926549ae4ae2142ff35eac04d78fda61461?s=96&d=mm&r=g\",\"contentUrl\":\"https:\\\/\\\/secure.gravatar.com\\\/avatar\\\/741fa053101610cb0be7dc835c116926549ae4ae2142ff35eac04d78fda61461?s=96&d=mm&r=g\",\"caption\":\"Borderline Agency\"},\"url\":\"https:\\\/\\\/www.article-marketing.eu\\\/comunicatistampa\\\/author\\\/borderline-agency\\\/\"}]}<\/script>\n<!-- \/ Yoast SEO plugin. -->","yoast_head_json":{"title":"Il Gruppo Fini rilancia i \u201cTortelloni Radicchio e Speck\u201d con la prestigiosa collaborazione di Senfter - Article Marketing","robots":{"index":"index","follow":"follow","max-snippet":"max-snippet:-1","max-image-preview":"max-image-preview:large","max-video-preview":"max-video-preview:-1"},"canonical":"https:\/\/www.article-marketing.eu\/comunicatistampa\/il-gruppo-fini-rilancia-i-tortelloni-radicchio-e-speck-con-la-prestigiosa-collaborazione-di-senfter\/","og_locale":"it_IT","og_type":"article","og_title":"Il Gruppo Fini rilancia i \u201cTortelloni Radicchio e Speck\u201d con la prestigiosa collaborazione di Senfter - Article Marketing","og_description":"La referenza della famiglia &#8220;I Granripieni di Sapore&#8221; torna a scaffale in una versione inedita e limitata unendo la bont\u00e0 della tradizione emiliana con l&#8217;autenticit\u00e0 dei sapori dell&#8217;Alto Adige \u00a0 La tradizione emiliana della pasta fresca ripiena incontra i sapori e i profumi autentici delle Dolomiti, dando vita a un connubio all&#8217;insegna della bont\u00e0 e del miglior made in Italy. Il Gruppo Fini, storico brand nato a Modena nel 1912,Continue reading...","og_url":"https:\/\/www.article-marketing.eu\/comunicatistampa\/il-gruppo-fini-rilancia-i-tortelloni-radicchio-e-speck-con-la-prestigiosa-collaborazione-di-senfter\/","og_site_name":"Article Marketing","article_published_time":"2020-10-08T22:13:10+00:00","author":"Borderline Agency","twitter_card":"summary_large_image","twitter_misc":{"Scritto da":"Borderline Agency","Tempo di lettura stimato":"3 minuti"},"schema":{"@context":"https:\/\/schema.org","@graph":[{"@type":"Article","@id":"https:\/\/www.article-marketing.eu\/comunicatistampa\/il-gruppo-fini-rilancia-i-tortelloni-radicchio-e-speck-con-la-prestigiosa-collaborazione-di-senfter\/#article","isPartOf":{"@id":"https:\/\/www.article-marketing.eu\/comunicatistampa\/il-gruppo-fini-rilancia-i-tortelloni-radicchio-e-speck-con-la-prestigiosa-collaborazione-di-senfter\/"},"author":{"name":"Borderline Agency","@id":"https:\/\/www.article-marketing.eu\/comunicatistampa\/#\/schema\/person\/1c4ab1c7aad84347e26e78235da6ff1b"},"headline":"Il Gruppo Fini rilancia i \u201cTortelloni Radicchio e Speck\u201d con la prestigiosa collaborazione di Senfter","datePublished":"2020-10-08T22:13:10+00:00","mainEntityOfPage":{"@id":"https:\/\/www.article-marketing.eu\/comunicatistampa\/il-gruppo-fini-rilancia-i-tortelloni-radicchio-e-speck-con-la-prestigiosa-collaborazione-di-senfter\/"},"wordCount":573,"commentCount":0,"articleSection":["Comunicati stampa"],"inLanguage":"it-IT","potentialAction":[{"@type":"CommentAction","name":"Comment","target":["https:\/\/www.article-marketing.eu\/comunicatistampa\/il-gruppo-fini-rilancia-i-tortelloni-radicchio-e-speck-con-la-prestigiosa-collaborazione-di-senfter\/#respond"]}]},{"@type":"WebPage","@id":"https:\/\/www.article-marketing.eu\/comunicatistampa\/il-gruppo-fini-rilancia-i-tortelloni-radicchio-e-speck-con-la-prestigiosa-collaborazione-di-senfter\/","url":"https:\/\/www.article-marketing.eu\/comunicatistampa\/il-gruppo-fini-rilancia-i-tortelloni-radicchio-e-speck-con-la-prestigiosa-collaborazione-di-senfter\/","name":"Il Gruppo Fini rilancia i \u201cTortelloni Radicchio e Speck\u201d con la prestigiosa collaborazione di Senfter - Article Marketing","isPartOf":{"@id":"https:\/\/www.article-marketing.eu\/comunicatistampa\/#website"},"datePublished":"2020-10-08T22:13:10+00:00","author":{"@id":"https:\/\/www.article-marketing.eu\/comunicatistampa\/#\/schema\/person\/1c4ab1c7aad84347e26e78235da6ff1b"},"breadcrumb":{"@id":"https:\/\/www.article-marketing.eu\/comunicatistampa\/il-gruppo-fini-rilancia-i-tortelloni-radicchio-e-speck-con-la-prestigiosa-collaborazione-di-senfter\/#breadcrumb"},"inLanguage":"it-IT","potentialAction":[{"@type":"ReadAction","target":["https:\/\/www.article-marketing.eu\/comunicatistampa\/il-gruppo-fini-rilancia-i-tortelloni-radicchio-e-speck-con-la-prestigiosa-collaborazione-di-senfter\/"]}]},{"@type":"BreadcrumbList","@id":"https:\/\/www.article-marketing.eu\/comunicatistampa\/il-gruppo-fini-rilancia-i-tortelloni-radicchio-e-speck-con-la-prestigiosa-collaborazione-di-senfter\/#breadcrumb","itemListElement":[{"@type":"ListItem","position":1,"name":"Home","item":"https:\/\/www.article-marketing.eu\/comunicatistampa\/"},{"@type":"ListItem","position":2,"name":"Il Gruppo Fini rilancia i \u201cTortelloni Radicchio e Speck\u201d con la prestigiosa collaborazione di Senfter"}]},{"@type":"WebSite","@id":"https:\/\/www.article-marketing.eu\/comunicatistampa\/#website","url":"https:\/\/www.article-marketing.eu\/comunicatistampa\/","name":"Article Marketing","description":"article marketing &amp; press release","potentialAction":[{"@type":"SearchAction","target":{"@type":"EntryPoint","urlTemplate":"https:\/\/www.article-marketing.eu\/comunicatistampa\/?s={search_term_string}"},"query-input":{"@type":"PropertyValueSpecification","valueRequired":true,"valueName":"search_term_string"}}],"inLanguage":"it-IT"},{"@type":"Person","@id":"https:\/\/www.article-marketing.eu\/comunicatistampa\/#\/schema\/person\/1c4ab1c7aad84347e26e78235da6ff1b","name":"Borderline Agency","image":{"@type":"ImageObject","inLanguage":"it-IT","@id":"https:\/\/secure.gravatar.com\/avatar\/741fa053101610cb0be7dc835c116926549ae4ae2142ff35eac04d78fda61461?s=96&d=mm&r=g","url":"https:\/\/secure.gravatar.com\/avatar\/741fa053101610cb0be7dc835c116926549ae4ae2142ff35eac04d78fda61461?s=96&d=mm&r=g","contentUrl":"https:\/\/secure.gravatar.com\/avatar\/741fa053101610cb0be7dc835c116926549ae4ae2142ff35eac04d78fda61461?s=96&d=mm&r=g","caption":"Borderline Agency"},"url":"https:\/\/www.article-marketing.eu\/comunicatistampa\/author\/borderline-agency\/"}]}},"_links":{"self":[{"href":"https:\/\/www.article-marketing.eu\/comunicatistampa\/wp-json\/wp\/v2\/posts\/16258","targetHints":{"allow":["GET"]}}],"collection":[{"href":"https:\/\/www.article-marketing.eu\/comunicatistampa\/wp-json\/wp\/v2\/posts"}],"about":[{"href":"https:\/\/www.article-marketing.eu\/comunicatistampa\/wp-json\/wp\/v2\/types\/post"}],"author":[{"embeddable":true,"href":"https:\/\/www.article-marketing.eu\/comunicatistampa\/wp-json\/wp\/v2\/users\/397"}],"replies":[{"embeddable":true,"href":"https:\/\/www.article-marketing.eu\/comunicatistampa\/wp-json\/wp\/v2\/comments?post=16258"}],"version-history":[{"count":2,"href":"https:\/\/www.article-marketing.eu\/comunicatistampa\/wp-json\/wp\/v2\/posts\/16258\/revisions"}],"predecessor-version":[{"id":16266,"href":"https:\/\/www.article-marketing.eu\/comunicatistampa\/wp-json\/wp\/v2\/posts\/16258\/revisions\/16266"}],"wp:attachment":[{"href":"https:\/\/www.article-marketing.eu\/comunicatistampa\/wp-json\/wp\/v2\/media?parent=16258"}],"wp:term":[{"taxonomy":"category","embeddable":true,"href":"https:\/\/www.article-marketing.eu\/comunicatistampa\/wp-json\/wp\/v2\/categories?post=16258"},{"taxonomy":"post_tag","embeddable":true,"href":"https:\/\/www.article-marketing.eu\/comunicatistampa\/wp-json\/wp\/v2\/tags?post=16258"}],"curies":[{"name":"wp","href":"https:\/\/api.w.org\/{rel}","templated":true}]}}