{"id":16282,"date":"2020-10-10T03:14:14","date_gmt":"2020-10-10T01:14:14","guid":{"rendered":"https:\/\/www.article-marketing.eu\/comunicatistampa\/?p=16282"},"modified":"2020-10-10T03:14:14","modified_gmt":"2020-10-10T01:14:14","slug":"dal-9-ottobre-riapre-taste-il-ristorante-didattico-degli-studenti-dellalberghiero-bergamasco-ischool","status":"publish","type":"post","link":"https:\/\/www.article-marketing.eu\/comunicatistampa\/dal-9-ottobre-riapre-taste-il-ristorante-didattico-degli-studenti-dellalberghiero-bergamasco-ischool\/","title":{"rendered":"Dal 9 ottobre riapre Taste, il ristorante didattico degli studenti dell\u2019alberghiero bergamasco iSchool"},"content":{"rendered":"<p>Che Taste sia una realt\u00e0 dalla natura intraprendente \u00e8 cosa ormai nota: sono trascorsi pochi mesi da quando si era resa necessaria l\u2019adozione del servizio <strong>Delivery \u201cFuori di Taste\u201d<\/strong> e del <strong>modello Lunch e Take Away, esperienze di fruizione <\/strong>pensate per continuare a proporre la cucina dei ragazzi di iSchool nel rispetto delle misure anti-Covid. Fresca anche l\u2019attribuzione del premio <strong>Travellers\u2019 Choice 2020, che ogni anno Tripadvisor assegna alle migliori strutture ricettive e ristoranti d\u2019Italia e del mondo<\/strong>, e che annovera Taste tra il <strong>10% dei ristoranti pi\u00f9 graditi nel mondo.<\/strong><\/p>\n<p>Ora per il ristorante di iSchool, collocato nel cuore di Bergamo presso la <strong>piazzetta di via Tasso 49, <\/strong>\u00e8 ora di ripartire e lo fa in grande stile con una nuova progettualit\u00e0 per valorizzare al meglio l\u2019esperienza degli utenti, studenti e commensali. Si tratta di Taste Next, un hub dove formazione, creativit\u00e0 ed esperienza sono il cuore del progetto.<\/p>\n<p>Accanto al <strong>\u201csolito\u201d ristorante didattico<\/strong> \u2013 pi\u00f9 o meno, considerando che i ristoranti didattici in Italia si contano sulle dita di una mano &#8211; aperto (su prenotazione) a pranzo dal luned\u00ec al sabato, mentre in formula aperitivo e cena il luned\u00ec, venerd\u00ec e sabato, in programma Taste Experience e Lab open day, un mix perfetto di esperienza culinaria e formazione per tutti.<\/p>\n<p>I corsi <strong>\u201cTaste experience\u201d<\/strong>, composti da <strong>due appuntamenti<\/strong> ciascuno, sono rivolti ai <strong>principianti<\/strong> che vogliono approcciarsi alle tecniche di cucina applicate al menu di Taste. I corsisti, oltre a cucinare, potranno anche vivere appieno la realt\u00e0 del ristorante <strong>vestendo i panni di chef e camerieri<\/strong> proprio come succede agli alunni di iSchool.<\/p>\n<p>I <strong>\u201cLab open day\u201d<\/strong> animeranno il sabato mattina, coinvolgendo le scuole medie di Bergamo alle quali verr\u00e0 proposta <strong>un&#8217;esperienza laboratoriale di cucina gratuita<\/strong> per gli alunni di<strong> terza media<\/strong> accompagnati dai genitori: mentre i ragazzi faranno il laboratorio, i genitori potranno informarsi e conoscere da vicino le prospettive professionali di un percorso di studi eno-gastronomico e non solo (iSchool \u00e8 scuola primaria, secondaria di primo e secondo grado \u2013 alberghiero, grafica e comunicazione, informatica, liceo scientifico, linguistico e scienze umane).<\/p>\n<p>Iniziative che vanno a coronare l\u2019esperienza gastronomica che Taste e iSchool propongono a espressione di un <strong>nuovo tipo di didattica, pi\u00f9 esperienziale e coinvolgente<\/strong>, e ricoprendo un <strong>ruolo di riferimento per la ristorazione firmata dalle<\/strong> <strong>nuove generazioni.<\/strong><\/p>\n<p>Per informazioni: <a href=\"https:\/\/ischool.bg.it\">https:\/\/ischool.bg.it<\/a> e <a href=\"https:\/\/taste.ischool.bg.it\">https:\/\/taste.ischool.bg.it<\/a><\/p>\n","protected":false},"excerpt":{"rendered":"<p>Che Taste sia una realt\u00e0 dalla natura intraprendente \u00e8 cosa ormai nota: sono trascorsi pochi mesi da quando si era resa necessaria l\u2019adozione del servizio Delivery \u201cFuori di Taste\u201d e del modello Lunch e Take Away, esperienze di fruizione pensate per continuare a proporre la cucina dei ragazzi di iSchool nel rispetto delle misure anti-Covid. Fresca anche l\u2019attribuzione del premio Travellers\u2019 Choice 2020, che ogni anno Tripadvisor assegna alle migliori<\/p>\n<p><a class=\"continue-reading\" href=\"https:\/\/www.article-marketing.eu\/comunicatistampa\/dal-9-ottobre-riapre-taste-il-ristorante-didattico-degli-studenti-dellalberghiero-bergamasco-ischool\/\">Continue reading&#8230;<\/a><\/p>\n","protected":false},"author":1855,"featured_media":0,"comment_status":"open","ping_status":"open","sticky":false,"template":"","format":"standard","meta":{"_monsterinsights_skip_tracking":false,"_monsterinsights_sitenote_active":false,"_monsterinsights_sitenote_note":"","_monsterinsights_sitenote_category":0,"footnotes":""},"categories":[404,378,391],"tags":[6786,1628,1471,193,4617],"class_list":["post-16282","post","type-post","status-publish","format-standard","hentry","category-cucina","category-istruzione","category-ristoranti","tag-taste","tag-bergamo","tag-food","tag-formazione","tag-ischool"],"yoast_head":"<!-- This site is optimized with the Yoast SEO plugin v27.3 - https:\/\/yoast.com\/product\/yoast-seo-wordpress\/ -->\n<title>Dal 9 ottobre riapre Taste, il ristorante didattico degli studenti dell\u2019alberghiero bergamasco iSchool - Article Marketing<\/title>\n<meta name=\"robots\" content=\"index, follow, max-snippet:-1, max-image-preview:large, max-video-preview:-1\" \/>\n<link rel=\"canonical\" href=\"https:\/\/www.article-marketing.eu\/comunicatistampa\/dal-9-ottobre-riapre-taste-il-ristorante-didattico-degli-studenti-dellalberghiero-bergamasco-ischool\/\" \/>\n<meta property=\"og:locale\" content=\"it_IT\" \/>\n<meta property=\"og:type\" content=\"article\" \/>\n<meta property=\"og:title\" content=\"Dal 9 ottobre riapre Taste, il ristorante didattico degli studenti dell\u2019alberghiero bergamasco iSchool - Article Marketing\" \/>\n<meta property=\"og:description\" content=\"Che Taste sia una realt\u00e0 dalla natura intraprendente \u00e8 cosa ormai nota: sono trascorsi pochi mesi da quando si era resa necessaria l\u2019adozione del servizio Delivery \u201cFuori di Taste\u201d e del modello Lunch e Take Away, esperienze di fruizione pensate per continuare a proporre la cucina dei ragazzi di iSchool nel rispetto delle misure anti-Covid. Fresca anche l\u2019attribuzione del premio Travellers\u2019 Choice 2020, che ogni anno Tripadvisor assegna alle miglioriContinue reading...\" \/>\n<meta property=\"og:url\" content=\"https:\/\/www.article-marketing.eu\/comunicatistampa\/dal-9-ottobre-riapre-taste-il-ristorante-didattico-degli-studenti-dellalberghiero-bergamasco-ischool\/\" \/>\n<meta property=\"og:site_name\" content=\"Article Marketing\" \/>\n<meta property=\"article:published_time\" content=\"2020-10-10T01:14:14+00:00\" \/>\n<meta name=\"author\" content=\"Redaclem\" \/>\n<meta name=\"twitter:card\" content=\"summary_large_image\" \/>\n<meta name=\"twitter:label1\" content=\"Scritto da\" \/>\n\t<meta name=\"twitter:data1\" content=\"Redaclem\" \/>\n\t<meta name=\"twitter:label2\" content=\"Tempo di lettura stimato\" \/>\n\t<meta name=\"twitter:data2\" content=\"2 minuti\" \/>\n<script type=\"application\/ld+json\" class=\"yoast-schema-graph\">{\"@context\":\"https:\\\/\\\/schema.org\",\"@graph\":[{\"@type\":\"Article\",\"@id\":\"https:\\\/\\\/www.article-marketing.eu\\\/comunicatistampa\\\/dal-9-ottobre-riapre-taste-il-ristorante-didattico-degli-studenti-dellalberghiero-bergamasco-ischool\\\/#article\",\"isPartOf\":{\"@id\":\"https:\\\/\\\/www.article-marketing.eu\\\/comunicatistampa\\\/dal-9-ottobre-riapre-taste-il-ristorante-didattico-degli-studenti-dellalberghiero-bergamasco-ischool\\\/\"},\"author\":{\"name\":\"Redaclem\",\"@id\":\"https:\\\/\\\/www.article-marketing.eu\\\/comunicatistampa\\\/#\\\/schema\\\/person\\\/c0aa725eee5df8460e0adf901fde0c88\"},\"headline\":\"Dal 9 ottobre riapre Taste, il ristorante didattico degli studenti dell\u2019alberghiero bergamasco iSchool\",\"datePublished\":\"2020-10-10T01:14:14+00:00\",\"mainEntityOfPage\":{\"@id\":\"https:\\\/\\\/www.article-marketing.eu\\\/comunicatistampa\\\/dal-9-ottobre-riapre-taste-il-ristorante-didattico-degli-studenti-dellalberghiero-bergamasco-ischool\\\/\"},\"wordCount\":403,\"commentCount\":0,\"keywords\":[\"#taste\",\"Bergamo\",\"food\",\"formazione\",\"ischool\"],\"articleSection\":[\"Cucina\",\"Istruzione\",\"Ristoranti\"],\"inLanguage\":\"it-IT\",\"potentialAction\":[{\"@type\":\"CommentAction\",\"name\":\"Comment\",\"target\":[\"https:\\\/\\\/www.article-marketing.eu\\\/comunicatistampa\\\/dal-9-ottobre-riapre-taste-il-ristorante-didattico-degli-studenti-dellalberghiero-bergamasco-ischool\\\/#respond\"]}]},{\"@type\":\"WebPage\",\"@id\":\"https:\\\/\\\/www.article-marketing.eu\\\/comunicatistampa\\\/dal-9-ottobre-riapre-taste-il-ristorante-didattico-degli-studenti-dellalberghiero-bergamasco-ischool\\\/\",\"url\":\"https:\\\/\\\/www.article-marketing.eu\\\/comunicatistampa\\\/dal-9-ottobre-riapre-taste-il-ristorante-didattico-degli-studenti-dellalberghiero-bergamasco-ischool\\\/\",\"name\":\"Dal 9 ottobre riapre Taste, il ristorante didattico degli studenti dell\u2019alberghiero bergamasco iSchool - Article Marketing\",\"isPartOf\":{\"@id\":\"https:\\\/\\\/www.article-marketing.eu\\\/comunicatistampa\\\/#website\"},\"datePublished\":\"2020-10-10T01:14:14+00:00\",\"author\":{\"@id\":\"https:\\\/\\\/www.article-marketing.eu\\\/comunicatistampa\\\/#\\\/schema\\\/person\\\/c0aa725eee5df8460e0adf901fde0c88\"},\"breadcrumb\":{\"@id\":\"https:\\\/\\\/www.article-marketing.eu\\\/comunicatistampa\\\/dal-9-ottobre-riapre-taste-il-ristorante-didattico-degli-studenti-dellalberghiero-bergamasco-ischool\\\/#breadcrumb\"},\"inLanguage\":\"it-IT\",\"potentialAction\":[{\"@type\":\"ReadAction\",\"target\":[\"https:\\\/\\\/www.article-marketing.eu\\\/comunicatistampa\\\/dal-9-ottobre-riapre-taste-il-ristorante-didattico-degli-studenti-dellalberghiero-bergamasco-ischool\\\/\"]}]},{\"@type\":\"BreadcrumbList\",\"@id\":\"https:\\\/\\\/www.article-marketing.eu\\\/comunicatistampa\\\/dal-9-ottobre-riapre-taste-il-ristorante-didattico-degli-studenti-dellalberghiero-bergamasco-ischool\\\/#breadcrumb\",\"itemListElement\":[{\"@type\":\"ListItem\",\"position\":1,\"name\":\"Home\",\"item\":\"https:\\\/\\\/www.article-marketing.eu\\\/comunicatistampa\\\/\"},{\"@type\":\"ListItem\",\"position\":2,\"name\":\"Dal 9 ottobre riapre Taste, il ristorante didattico degli studenti dell\u2019alberghiero bergamasco iSchool\"}]},{\"@type\":\"WebSite\",\"@id\":\"https:\\\/\\\/www.article-marketing.eu\\\/comunicatistampa\\\/#website\",\"url\":\"https:\\\/\\\/www.article-marketing.eu\\\/comunicatistampa\\\/\",\"name\":\"Article Marketing\",\"description\":\"article marketing &amp; press release\",\"potentialAction\":[{\"@type\":\"SearchAction\",\"target\":{\"@type\":\"EntryPoint\",\"urlTemplate\":\"https:\\\/\\\/www.article-marketing.eu\\\/comunicatistampa\\\/?s={search_term_string}\"},\"query-input\":{\"@type\":\"PropertyValueSpecification\",\"valueRequired\":true,\"valueName\":\"search_term_string\"}}],\"inLanguage\":\"it-IT\"},{\"@type\":\"Person\",\"@id\":\"https:\\\/\\\/www.article-marketing.eu\\\/comunicatistampa\\\/#\\\/schema\\\/person\\\/c0aa725eee5df8460e0adf901fde0c88\",\"name\":\"Redaclem\",\"image\":{\"@type\":\"ImageObject\",\"inLanguage\":\"it-IT\",\"@id\":\"https:\\\/\\\/secure.gravatar.com\\\/avatar\\\/4c7e41f332a0583344a91d7d39723533da9b2d0df7737c2d8c69553168c2191e?s=96&d=mm&r=g\",\"url\":\"https:\\\/\\\/secure.gravatar.com\\\/avatar\\\/4c7e41f332a0583344a91d7d39723533da9b2d0df7737c2d8c69553168c2191e?s=96&d=mm&r=g\",\"contentUrl\":\"https:\\\/\\\/secure.gravatar.com\\\/avatar\\\/4c7e41f332a0583344a91d7d39723533da9b2d0df7737c2d8c69553168c2191e?s=96&d=mm&r=g\",\"caption\":\"Redaclem\"},\"url\":\"https:\\\/\\\/www.article-marketing.eu\\\/comunicatistampa\\\/author\\\/redaclem\\\/\"}]}<\/script>\n<!-- \/ Yoast SEO plugin. -->","yoast_head_json":{"title":"Dal 9 ottobre riapre Taste, il ristorante didattico degli studenti dell\u2019alberghiero bergamasco iSchool - Article Marketing","robots":{"index":"index","follow":"follow","max-snippet":"max-snippet:-1","max-image-preview":"max-image-preview:large","max-video-preview":"max-video-preview:-1"},"canonical":"https:\/\/www.article-marketing.eu\/comunicatistampa\/dal-9-ottobre-riapre-taste-il-ristorante-didattico-degli-studenti-dellalberghiero-bergamasco-ischool\/","og_locale":"it_IT","og_type":"article","og_title":"Dal 9 ottobre riapre Taste, il ristorante didattico degli studenti dell\u2019alberghiero bergamasco iSchool - Article Marketing","og_description":"Che Taste sia una realt\u00e0 dalla natura intraprendente \u00e8 cosa ormai nota: sono trascorsi pochi mesi da quando si era resa necessaria l\u2019adozione del servizio Delivery \u201cFuori di Taste\u201d e del modello Lunch e Take Away, esperienze di fruizione pensate per continuare a proporre la cucina dei ragazzi di iSchool nel rispetto delle misure anti-Covid. Fresca anche l\u2019attribuzione del premio Travellers\u2019 Choice 2020, che ogni anno Tripadvisor assegna alle miglioriContinue reading...","og_url":"https:\/\/www.article-marketing.eu\/comunicatistampa\/dal-9-ottobre-riapre-taste-il-ristorante-didattico-degli-studenti-dellalberghiero-bergamasco-ischool\/","og_site_name":"Article Marketing","article_published_time":"2020-10-10T01:14:14+00:00","author":"Redaclem","twitter_card":"summary_large_image","twitter_misc":{"Scritto da":"Redaclem","Tempo di lettura stimato":"2 minuti"},"schema":{"@context":"https:\/\/schema.org","@graph":[{"@type":"Article","@id":"https:\/\/www.article-marketing.eu\/comunicatistampa\/dal-9-ottobre-riapre-taste-il-ristorante-didattico-degli-studenti-dellalberghiero-bergamasco-ischool\/#article","isPartOf":{"@id":"https:\/\/www.article-marketing.eu\/comunicatistampa\/dal-9-ottobre-riapre-taste-il-ristorante-didattico-degli-studenti-dellalberghiero-bergamasco-ischool\/"},"author":{"name":"Redaclem","@id":"https:\/\/www.article-marketing.eu\/comunicatistampa\/#\/schema\/person\/c0aa725eee5df8460e0adf901fde0c88"},"headline":"Dal 9 ottobre riapre Taste, il ristorante didattico degli studenti dell\u2019alberghiero bergamasco iSchool","datePublished":"2020-10-10T01:14:14+00:00","mainEntityOfPage":{"@id":"https:\/\/www.article-marketing.eu\/comunicatistampa\/dal-9-ottobre-riapre-taste-il-ristorante-didattico-degli-studenti-dellalberghiero-bergamasco-ischool\/"},"wordCount":403,"commentCount":0,"keywords":["#taste","Bergamo","food","formazione","ischool"],"articleSection":["Cucina","Istruzione","Ristoranti"],"inLanguage":"it-IT","potentialAction":[{"@type":"CommentAction","name":"Comment","target":["https:\/\/www.article-marketing.eu\/comunicatistampa\/dal-9-ottobre-riapre-taste-il-ristorante-didattico-degli-studenti-dellalberghiero-bergamasco-ischool\/#respond"]}]},{"@type":"WebPage","@id":"https:\/\/www.article-marketing.eu\/comunicatistampa\/dal-9-ottobre-riapre-taste-il-ristorante-didattico-degli-studenti-dellalberghiero-bergamasco-ischool\/","url":"https:\/\/www.article-marketing.eu\/comunicatistampa\/dal-9-ottobre-riapre-taste-il-ristorante-didattico-degli-studenti-dellalberghiero-bergamasco-ischool\/","name":"Dal 9 ottobre riapre Taste, il ristorante didattico degli studenti dell\u2019alberghiero bergamasco iSchool - Article Marketing","isPartOf":{"@id":"https:\/\/www.article-marketing.eu\/comunicatistampa\/#website"},"datePublished":"2020-10-10T01:14:14+00:00","author":{"@id":"https:\/\/www.article-marketing.eu\/comunicatistampa\/#\/schema\/person\/c0aa725eee5df8460e0adf901fde0c88"},"breadcrumb":{"@id":"https:\/\/www.article-marketing.eu\/comunicatistampa\/dal-9-ottobre-riapre-taste-il-ristorante-didattico-degli-studenti-dellalberghiero-bergamasco-ischool\/#breadcrumb"},"inLanguage":"it-IT","potentialAction":[{"@type":"ReadAction","target":["https:\/\/www.article-marketing.eu\/comunicatistampa\/dal-9-ottobre-riapre-taste-il-ristorante-didattico-degli-studenti-dellalberghiero-bergamasco-ischool\/"]}]},{"@type":"BreadcrumbList","@id":"https:\/\/www.article-marketing.eu\/comunicatistampa\/dal-9-ottobre-riapre-taste-il-ristorante-didattico-degli-studenti-dellalberghiero-bergamasco-ischool\/#breadcrumb","itemListElement":[{"@type":"ListItem","position":1,"name":"Home","item":"https:\/\/www.article-marketing.eu\/comunicatistampa\/"},{"@type":"ListItem","position":2,"name":"Dal 9 ottobre riapre Taste, il ristorante didattico degli studenti dell\u2019alberghiero bergamasco iSchool"}]},{"@type":"WebSite","@id":"https:\/\/www.article-marketing.eu\/comunicatistampa\/#website","url":"https:\/\/www.article-marketing.eu\/comunicatistampa\/","name":"Article Marketing","description":"article marketing &amp; press release","potentialAction":[{"@type":"SearchAction","target":{"@type":"EntryPoint","urlTemplate":"https:\/\/www.article-marketing.eu\/comunicatistampa\/?s={search_term_string}"},"query-input":{"@type":"PropertyValueSpecification","valueRequired":true,"valueName":"search_term_string"}}],"inLanguage":"it-IT"},{"@type":"Person","@id":"https:\/\/www.article-marketing.eu\/comunicatistampa\/#\/schema\/person\/c0aa725eee5df8460e0adf901fde0c88","name":"Redaclem","image":{"@type":"ImageObject","inLanguage":"it-IT","@id":"https:\/\/secure.gravatar.com\/avatar\/4c7e41f332a0583344a91d7d39723533da9b2d0df7737c2d8c69553168c2191e?s=96&d=mm&r=g","url":"https:\/\/secure.gravatar.com\/avatar\/4c7e41f332a0583344a91d7d39723533da9b2d0df7737c2d8c69553168c2191e?s=96&d=mm&r=g","contentUrl":"https:\/\/secure.gravatar.com\/avatar\/4c7e41f332a0583344a91d7d39723533da9b2d0df7737c2d8c69553168c2191e?s=96&d=mm&r=g","caption":"Redaclem"},"url":"https:\/\/www.article-marketing.eu\/comunicatistampa\/author\/redaclem\/"}]}},"_links":{"self":[{"href":"https:\/\/www.article-marketing.eu\/comunicatistampa\/wp-json\/wp\/v2\/posts\/16282","targetHints":{"allow":["GET"]}}],"collection":[{"href":"https:\/\/www.article-marketing.eu\/comunicatistampa\/wp-json\/wp\/v2\/posts"}],"about":[{"href":"https:\/\/www.article-marketing.eu\/comunicatistampa\/wp-json\/wp\/v2\/types\/post"}],"author":[{"embeddable":true,"href":"https:\/\/www.article-marketing.eu\/comunicatistampa\/wp-json\/wp\/v2\/users\/1855"}],"replies":[{"embeddable":true,"href":"https:\/\/www.article-marketing.eu\/comunicatistampa\/wp-json\/wp\/v2\/comments?post=16282"}],"version-history":[{"count":2,"href":"https:\/\/www.article-marketing.eu\/comunicatistampa\/wp-json\/wp\/v2\/posts\/16282\/revisions"}],"predecessor-version":[{"id":16284,"href":"https:\/\/www.article-marketing.eu\/comunicatistampa\/wp-json\/wp\/v2\/posts\/16282\/revisions\/16284"}],"wp:attachment":[{"href":"https:\/\/www.article-marketing.eu\/comunicatistampa\/wp-json\/wp\/v2\/media?parent=16282"}],"wp:term":[{"taxonomy":"category","embeddable":true,"href":"https:\/\/www.article-marketing.eu\/comunicatistampa\/wp-json\/wp\/v2\/categories?post=16282"},{"taxonomy":"post_tag","embeddable":true,"href":"https:\/\/www.article-marketing.eu\/comunicatistampa\/wp-json\/wp\/v2\/tags?post=16282"}],"curies":[{"name":"wp","href":"https:\/\/api.w.org\/{rel}","templated":true}]}}