{"id":16319,"date":"2020-10-14T13:19:50","date_gmt":"2020-10-14T11:19:50","guid":{"rendered":"https:\/\/www.article-marketing.eu\/comunicatistampa\/?p=16319"},"modified":"2020-10-14T13:19:50","modified_gmt":"2020-10-14T11:19:50","slug":"cose-lusb-e-perche-e-necessario-il-cavo","status":"publish","type":"post","link":"https:\/\/www.article-marketing.eu\/comunicatistampa\/cose-lusb-e-perche-e-necessario-il-cavo\/","title":{"rendered":"Cos&#8217;\u00e8 l&#8217;USB e perch\u00e9 \u00e8 necessario il cavo?"},"content":{"rendered":"<p>Se hai uno smartphone, un computer o qualsiasi altro dispositivo tecnologico, hai sicuramente utilizzato un <a href=\"https:\/\/cavousb.it\/\">cavo\u00a0USB<\/a>\u00a0, che ti permette di collegare i dispositivi e garantirne il completo funzionamento.\u00a0I computer, ad esempio, consentono di collegare dispositivi periferici (come mouse, tastiere, modem e persino fotocamere digitali) per utilizzarli.\u00a0D&#8217;altra parte, anche i caricatori di pi\u00f9 smartphone utilizzano la tecnologia, che permette di collegarli sia alla presa che al PC o caricatori portatili.<\/p>\n<p>L&#8217;acronimo USB corrisponde a Universal Serial Bus (o \u201cUniversal Serial Port\u201d, tradotto in portoghese), il che significa che il cavo pu\u00f2 essere utilizzato in un numero davvero elevato di dispositivi.\u00a0\u00c8 stato lanciato per la prima volta nel 1995 e ha avuto la sua prima produzione di computer solo due anni dopo, nel 1997.<\/p>\n<h2>Perch\u00e9 \u00e8 necessario il cavo USB?<\/h2>\n<p>L&#8217;USB consente di installare le periferiche sul computer (la sua utilit\u00e0 principale) molto pi\u00f9 facilmente di prima, quando questa funzione era rivolta a persone esperte, poich\u00e9 richiedeva l&#8217;uso di cavi diversi (che, inoltre, erano soliti tempo).\u00a0Inoltre, quando l&#8217;installazione era interna, rendeva necessario configurare Jumpers o IRQ sulla scheda madre del computer, cosa che difficilmente poteva essere eseguita da qualcuno che non aveva esperienza con il computer.\u00a0Pertanto, molte persone hanno finito per non riuscire ad acquisire nuovi dispositivi, poich\u00e9 non sapevano come eseguire questo compito complesso.<\/p>\n<p>USB \u00e8 stato sviluppato in un consorzio guidato da aziende come\u00a0Microsoft\u00a0,\u00a0Apple\u00a0,\u00a0Intel\u00a0, tra gli altri, per facilitare l&#8217;amplificazione del suo utilizzo e renderlo pi\u00f9 accessibile a tutto il pubblico.\u00a0Da allora, il cavo ha avuto diverse versioni.<\/p>\n<h2>Versione corrente del cavo USB<\/h2>\n<p>Attualmente, l&#8217;ultima versione del cavo USB rilasciata \u00e8 USB 3.1 (da luglio 2013), che ha una velocit\u00e0 di trasferimento di 10 Gbit \/ s (che \u00e8 approssimativamente equivalente a 1200 MB \/ secondo).\u00a0Tuttavia, la versione pi\u00f9 comune tra laptop, desktop e relative periferiche \u00e8 ancora USB 3.0, dal 2009 che, sebbene abbia una velocit\u00e0 di 5Gbit \/ s, tende ad essere efficiente e consente di ricevere e inviare dati contemporaneamente.<\/p>\n<h2>USB 4.0 in arrivo?<\/h2>\n<p>La versione 4.0 di USB \u00e8 stata annunciata a marzo del 2018, sebbene sia stata presentata ufficialmente solo a settembre. Il cavo dovrebbe essere lanciato in nuovi dispositivi a partire dal prossimo anno. Porta una velocit\u00e0 di 40 Gbit \/ s.<\/p>\n<p>Per utilizzare il cavo USB 4.0, sar\u00e0 necessario avere in mano un adattatore. L&#8217;adattatore servir\u00e0 per collegarlo ad una periferica esterna con uscita USB 3.0 o 3.1. Questa modifica \u00e8 stata necessaria per consentire di aumentare la sua velocit\u00e0 di trasmissione al doppio dello standard precedente. Per rendere questo possibile, la novit\u00e0 presenta una porta USB-C che pu\u00f2 essere utilizzata su entrambi i lati.<\/p>\n<h2>USB e Thunderbolt<\/h2>\n<p>Thunderbolt \u00e8 stato concepito come alternativa all&#8217;USB. Il suo primo dispositivo, lanciato da Intel in collaborazione con Apple, poteva gi\u00e0 raggiungere una velocit\u00e0 di 20 Gbit \/ s, fino ad allora superiore alla velocit\u00e0 di USB 3.0. Il primo computer con l&#8217;interfaccia \u00e8 stato il MacBook Pro, lanciato nel 2011. Pertanto, in risposta all&#8217;iniziativa, le societ\u00e0 responsabili dello sviluppo dell&#8217;USB hanno lanciato i modelli 3.1 (10Gbit \/ s), 3.2 (20Gbit \/ s). Questi per il 2019 &#8211; e 4.0 (40 Gbit \/ s) &#8211; in arrivo nel 2020.<\/p>\n","protected":false},"excerpt":{"rendered":"<p>Se hai uno smartphone, un computer o qualsiasi altro dispositivo tecnologico, hai sicuramente utilizzato un cavo\u00a0USB\u00a0, che ti permette di collegare i dispositivi e garantirne il completo funzionamento.\u00a0I computer, ad esempio, consentono di collegare dispositivi periferici (come mouse, tastiere, modem e persino fotocamere digitali) per utilizzarli.\u00a0D&#8217;altra parte, anche i caricatori di pi\u00f9 smartphone utilizzano la tecnologia, che permette di collegarli sia alla presa che al PC o caricatori portatili. L&#8217;acronimo<\/p>\n<p><a class=\"continue-reading\" href=\"https:\/\/www.article-marketing.eu\/comunicatistampa\/cose-lusb-e-perche-e-necessario-il-cavo\/\">Continue reading&#8230;<\/a><\/p>\n","protected":false},"author":6026,"featured_media":0,"comment_status":"open","ping_status":"open","sticky":false,"template":"","format":"standard","meta":{"_monsterinsights_skip_tracking":false,"_monsterinsights_sitenote_active":false,"_monsterinsights_sitenote_note":"","_monsterinsights_sitenote_category":0,"footnotes":""},"categories":[396],"tags":[6811],"class_list":["post-16319","post","type-post","status-publish","format-standard","hentry","category-computer","tag-usb"],"yoast_head":"<!-- This site is optimized with the Yoast SEO plugin v27.3 - https:\/\/yoast.com\/product\/yoast-seo-wordpress\/ -->\n<title>Cos&#039;\u00e8 l&#039;USB e perch\u00e9 \u00e8 necessario il cavo? - Article Marketing<\/title>\n<meta name=\"robots\" content=\"index, follow, max-snippet:-1, max-image-preview:large, max-video-preview:-1\" \/>\n<link rel=\"canonical\" href=\"https:\/\/www.article-marketing.eu\/comunicatistampa\/cose-lusb-e-perche-e-necessario-il-cavo\/\" \/>\n<meta property=\"og:locale\" content=\"it_IT\" \/>\n<meta property=\"og:type\" content=\"article\" \/>\n<meta property=\"og:title\" content=\"Cos&#039;\u00e8 l&#039;USB e perch\u00e9 \u00e8 necessario il cavo? - Article Marketing\" \/>\n<meta property=\"og:description\" content=\"Se hai uno smartphone, un computer o qualsiasi altro dispositivo tecnologico, hai sicuramente utilizzato un cavo\u00a0USB\u00a0, che ti permette di collegare i dispositivi e garantirne il completo funzionamento.\u00a0I computer, ad esempio, consentono di collegare dispositivi periferici (come mouse, tastiere, modem e persino fotocamere digitali) per utilizzarli.\u00a0D&#8217;altra parte, anche i caricatori di pi\u00f9 smartphone utilizzano la tecnologia, che permette di collegarli sia alla presa che al PC o caricatori portatili. L&#8217;acronimoContinue reading...\" \/>\n<meta property=\"og:url\" content=\"https:\/\/www.article-marketing.eu\/comunicatistampa\/cose-lusb-e-perche-e-necessario-il-cavo\/\" \/>\n<meta property=\"og:site_name\" content=\"Article Marketing\" \/>\n<meta property=\"article:published_time\" content=\"2020-10-14T11:19:50+00:00\" \/>\n<meta name=\"author\" content=\"Dario Lombardi\" \/>\n<meta name=\"twitter:card\" content=\"summary_large_image\" \/>\n<meta name=\"twitter:label1\" content=\"Scritto da\" \/>\n\t<meta name=\"twitter:data1\" content=\"Dario Lombardi\" \/>\n\t<meta name=\"twitter:label2\" content=\"Tempo di lettura stimato\" \/>\n\t<meta name=\"twitter:data2\" content=\"2 minuti\" \/>\n<script type=\"application\/ld+json\" class=\"yoast-schema-graph\">{\"@context\":\"https:\\\/\\\/schema.org\",\"@graph\":[{\"@type\":\"Article\",\"@id\":\"https:\\\/\\\/www.article-marketing.eu\\\/comunicatistampa\\\/cose-lusb-e-perche-e-necessario-il-cavo\\\/#article\",\"isPartOf\":{\"@id\":\"https:\\\/\\\/www.article-marketing.eu\\\/comunicatistampa\\\/cose-lusb-e-perche-e-necessario-il-cavo\\\/\"},\"author\":{\"name\":\"Dario Lombardi\",\"@id\":\"https:\\\/\\\/www.article-marketing.eu\\\/comunicatistampa\\\/#\\\/schema\\\/person\\\/ca6536a61cc24a36493e324ba5ec0157\"},\"headline\":\"Cos&#8217;\u00e8 l&#8217;USB e perch\u00e9 \u00e8 necessario il cavo?\",\"datePublished\":\"2020-10-14T11:19:50+00:00\",\"mainEntityOfPage\":{\"@id\":\"https:\\\/\\\/www.article-marketing.eu\\\/comunicatistampa\\\/cose-lusb-e-perche-e-necessario-il-cavo\\\/\"},\"wordCount\":499,\"commentCount\":0,\"keywords\":[\"USB\"],\"articleSection\":[\"Computer\"],\"inLanguage\":\"it-IT\",\"potentialAction\":[{\"@type\":\"CommentAction\",\"name\":\"Comment\",\"target\":[\"https:\\\/\\\/www.article-marketing.eu\\\/comunicatistampa\\\/cose-lusb-e-perche-e-necessario-il-cavo\\\/#respond\"]}]},{\"@type\":\"WebPage\",\"@id\":\"https:\\\/\\\/www.article-marketing.eu\\\/comunicatistampa\\\/cose-lusb-e-perche-e-necessario-il-cavo\\\/\",\"url\":\"https:\\\/\\\/www.article-marketing.eu\\\/comunicatistampa\\\/cose-lusb-e-perche-e-necessario-il-cavo\\\/\",\"name\":\"Cos'\u00e8 l'USB e perch\u00e9 \u00e8 necessario il cavo? - Article Marketing\",\"isPartOf\":{\"@id\":\"https:\\\/\\\/www.article-marketing.eu\\\/comunicatistampa\\\/#website\"},\"datePublished\":\"2020-10-14T11:19:50+00:00\",\"author\":{\"@id\":\"https:\\\/\\\/www.article-marketing.eu\\\/comunicatistampa\\\/#\\\/schema\\\/person\\\/ca6536a61cc24a36493e324ba5ec0157\"},\"breadcrumb\":{\"@id\":\"https:\\\/\\\/www.article-marketing.eu\\\/comunicatistampa\\\/cose-lusb-e-perche-e-necessario-il-cavo\\\/#breadcrumb\"},\"inLanguage\":\"it-IT\",\"potentialAction\":[{\"@type\":\"ReadAction\",\"target\":[\"https:\\\/\\\/www.article-marketing.eu\\\/comunicatistampa\\\/cose-lusb-e-perche-e-necessario-il-cavo\\\/\"]}]},{\"@type\":\"BreadcrumbList\",\"@id\":\"https:\\\/\\\/www.article-marketing.eu\\\/comunicatistampa\\\/cose-lusb-e-perche-e-necessario-il-cavo\\\/#breadcrumb\",\"itemListElement\":[{\"@type\":\"ListItem\",\"position\":1,\"name\":\"Home\",\"item\":\"https:\\\/\\\/www.article-marketing.eu\\\/comunicatistampa\\\/\"},{\"@type\":\"ListItem\",\"position\":2,\"name\":\"Cos&#8217;\u00e8 l&#8217;USB e perch\u00e9 \u00e8 necessario il cavo?\"}]},{\"@type\":\"WebSite\",\"@id\":\"https:\\\/\\\/www.article-marketing.eu\\\/comunicatistampa\\\/#website\",\"url\":\"https:\\\/\\\/www.article-marketing.eu\\\/comunicatistampa\\\/\",\"name\":\"Article Marketing\",\"description\":\"article marketing &amp; press release\",\"potentialAction\":[{\"@type\":\"SearchAction\",\"target\":{\"@type\":\"EntryPoint\",\"urlTemplate\":\"https:\\\/\\\/www.article-marketing.eu\\\/comunicatistampa\\\/?s={search_term_string}\"},\"query-input\":{\"@type\":\"PropertyValueSpecification\",\"valueRequired\":true,\"valueName\":\"search_term_string\"}}],\"inLanguage\":\"it-IT\"},{\"@type\":\"Person\",\"@id\":\"https:\\\/\\\/www.article-marketing.eu\\\/comunicatistampa\\\/#\\\/schema\\\/person\\\/ca6536a61cc24a36493e324ba5ec0157\",\"name\":\"Dario Lombardi\",\"image\":{\"@type\":\"ImageObject\",\"inLanguage\":\"it-IT\",\"@id\":\"https:\\\/\\\/secure.gravatar.com\\\/avatar\\\/8628b5244f9019a76c2e74f5fe83de19129a2e624e5402459d7e1cdfdc3e6f1f?s=96&d=mm&r=g\",\"url\":\"https:\\\/\\\/secure.gravatar.com\\\/avatar\\\/8628b5244f9019a76c2e74f5fe83de19129a2e624e5402459d7e1cdfdc3e6f1f?s=96&d=mm&r=g\",\"contentUrl\":\"https:\\\/\\\/secure.gravatar.com\\\/avatar\\\/8628b5244f9019a76c2e74f5fe83de19129a2e624e5402459d7e1cdfdc3e6f1f?s=96&d=mm&r=g\",\"caption\":\"Dario Lombardi\"},\"url\":\"https:\\\/\\\/www.article-marketing.eu\\\/comunicatistampa\\\/author\\\/dario-lombardi\\\/\"}]}<\/script>\n<!-- \/ Yoast SEO plugin. -->","yoast_head_json":{"title":"Cos'\u00e8 l'USB e perch\u00e9 \u00e8 necessario il cavo? - Article Marketing","robots":{"index":"index","follow":"follow","max-snippet":"max-snippet:-1","max-image-preview":"max-image-preview:large","max-video-preview":"max-video-preview:-1"},"canonical":"https:\/\/www.article-marketing.eu\/comunicatistampa\/cose-lusb-e-perche-e-necessario-il-cavo\/","og_locale":"it_IT","og_type":"article","og_title":"Cos'\u00e8 l'USB e perch\u00e9 \u00e8 necessario il cavo? - Article Marketing","og_description":"Se hai uno smartphone, un computer o qualsiasi altro dispositivo tecnologico, hai sicuramente utilizzato un cavo\u00a0USB\u00a0, che ti permette di collegare i dispositivi e garantirne il completo funzionamento.\u00a0I computer, ad esempio, consentono di collegare dispositivi periferici (come mouse, tastiere, modem e persino fotocamere digitali) per utilizzarli.\u00a0D&#8217;altra parte, anche i caricatori di pi\u00f9 smartphone utilizzano la tecnologia, che permette di collegarli sia alla presa che al PC o caricatori portatili. L&#8217;acronimoContinue reading...","og_url":"https:\/\/www.article-marketing.eu\/comunicatistampa\/cose-lusb-e-perche-e-necessario-il-cavo\/","og_site_name":"Article Marketing","article_published_time":"2020-10-14T11:19:50+00:00","author":"Dario Lombardi","twitter_card":"summary_large_image","twitter_misc":{"Scritto da":"Dario Lombardi","Tempo di lettura stimato":"2 minuti"},"schema":{"@context":"https:\/\/schema.org","@graph":[{"@type":"Article","@id":"https:\/\/www.article-marketing.eu\/comunicatistampa\/cose-lusb-e-perche-e-necessario-il-cavo\/#article","isPartOf":{"@id":"https:\/\/www.article-marketing.eu\/comunicatistampa\/cose-lusb-e-perche-e-necessario-il-cavo\/"},"author":{"name":"Dario Lombardi","@id":"https:\/\/www.article-marketing.eu\/comunicatistampa\/#\/schema\/person\/ca6536a61cc24a36493e324ba5ec0157"},"headline":"Cos&#8217;\u00e8 l&#8217;USB e perch\u00e9 \u00e8 necessario il cavo?","datePublished":"2020-10-14T11:19:50+00:00","mainEntityOfPage":{"@id":"https:\/\/www.article-marketing.eu\/comunicatistampa\/cose-lusb-e-perche-e-necessario-il-cavo\/"},"wordCount":499,"commentCount":0,"keywords":["USB"],"articleSection":["Computer"],"inLanguage":"it-IT","potentialAction":[{"@type":"CommentAction","name":"Comment","target":["https:\/\/www.article-marketing.eu\/comunicatistampa\/cose-lusb-e-perche-e-necessario-il-cavo\/#respond"]}]},{"@type":"WebPage","@id":"https:\/\/www.article-marketing.eu\/comunicatistampa\/cose-lusb-e-perche-e-necessario-il-cavo\/","url":"https:\/\/www.article-marketing.eu\/comunicatistampa\/cose-lusb-e-perche-e-necessario-il-cavo\/","name":"Cos'\u00e8 l'USB e perch\u00e9 \u00e8 necessario il cavo? - Article Marketing","isPartOf":{"@id":"https:\/\/www.article-marketing.eu\/comunicatistampa\/#website"},"datePublished":"2020-10-14T11:19:50+00:00","author":{"@id":"https:\/\/www.article-marketing.eu\/comunicatistampa\/#\/schema\/person\/ca6536a61cc24a36493e324ba5ec0157"},"breadcrumb":{"@id":"https:\/\/www.article-marketing.eu\/comunicatistampa\/cose-lusb-e-perche-e-necessario-il-cavo\/#breadcrumb"},"inLanguage":"it-IT","potentialAction":[{"@type":"ReadAction","target":["https:\/\/www.article-marketing.eu\/comunicatistampa\/cose-lusb-e-perche-e-necessario-il-cavo\/"]}]},{"@type":"BreadcrumbList","@id":"https:\/\/www.article-marketing.eu\/comunicatistampa\/cose-lusb-e-perche-e-necessario-il-cavo\/#breadcrumb","itemListElement":[{"@type":"ListItem","position":1,"name":"Home","item":"https:\/\/www.article-marketing.eu\/comunicatistampa\/"},{"@type":"ListItem","position":2,"name":"Cos&#8217;\u00e8 l&#8217;USB e perch\u00e9 \u00e8 necessario il cavo?"}]},{"@type":"WebSite","@id":"https:\/\/www.article-marketing.eu\/comunicatistampa\/#website","url":"https:\/\/www.article-marketing.eu\/comunicatistampa\/","name":"Article Marketing","description":"article marketing &amp; press release","potentialAction":[{"@type":"SearchAction","target":{"@type":"EntryPoint","urlTemplate":"https:\/\/www.article-marketing.eu\/comunicatistampa\/?s={search_term_string}"},"query-input":{"@type":"PropertyValueSpecification","valueRequired":true,"valueName":"search_term_string"}}],"inLanguage":"it-IT"},{"@type":"Person","@id":"https:\/\/www.article-marketing.eu\/comunicatistampa\/#\/schema\/person\/ca6536a61cc24a36493e324ba5ec0157","name":"Dario Lombardi","image":{"@type":"ImageObject","inLanguage":"it-IT","@id":"https:\/\/secure.gravatar.com\/avatar\/8628b5244f9019a76c2e74f5fe83de19129a2e624e5402459d7e1cdfdc3e6f1f?s=96&d=mm&r=g","url":"https:\/\/secure.gravatar.com\/avatar\/8628b5244f9019a76c2e74f5fe83de19129a2e624e5402459d7e1cdfdc3e6f1f?s=96&d=mm&r=g","contentUrl":"https:\/\/secure.gravatar.com\/avatar\/8628b5244f9019a76c2e74f5fe83de19129a2e624e5402459d7e1cdfdc3e6f1f?s=96&d=mm&r=g","caption":"Dario Lombardi"},"url":"https:\/\/www.article-marketing.eu\/comunicatistampa\/author\/dario-lombardi\/"}]}},"_links":{"self":[{"href":"https:\/\/www.article-marketing.eu\/comunicatistampa\/wp-json\/wp\/v2\/posts\/16319","targetHints":{"allow":["GET"]}}],"collection":[{"href":"https:\/\/www.article-marketing.eu\/comunicatistampa\/wp-json\/wp\/v2\/posts"}],"about":[{"href":"https:\/\/www.article-marketing.eu\/comunicatistampa\/wp-json\/wp\/v2\/types\/post"}],"author":[{"embeddable":true,"href":"https:\/\/www.article-marketing.eu\/comunicatistampa\/wp-json\/wp\/v2\/users\/6026"}],"replies":[{"embeddable":true,"href":"https:\/\/www.article-marketing.eu\/comunicatistampa\/wp-json\/wp\/v2\/comments?post=16319"}],"version-history":[{"count":3,"href":"https:\/\/www.article-marketing.eu\/comunicatistampa\/wp-json\/wp\/v2\/posts\/16319\/revisions"}],"predecessor-version":[{"id":16335,"href":"https:\/\/www.article-marketing.eu\/comunicatistampa\/wp-json\/wp\/v2\/posts\/16319\/revisions\/16335"}],"wp:attachment":[{"href":"https:\/\/www.article-marketing.eu\/comunicatistampa\/wp-json\/wp\/v2\/media?parent=16319"}],"wp:term":[{"taxonomy":"category","embeddable":true,"href":"https:\/\/www.article-marketing.eu\/comunicatistampa\/wp-json\/wp\/v2\/categories?post=16319"},{"taxonomy":"post_tag","embeddable":true,"href":"https:\/\/www.article-marketing.eu\/comunicatistampa\/wp-json\/wp\/v2\/tags?post=16319"}],"curies":[{"name":"wp","href":"https:\/\/api.w.org\/{rel}","templated":true}]}}