{"id":16365,"date":"2020-10-15T17:30:36","date_gmt":"2020-10-15T15:30:36","guid":{"rendered":"https:\/\/www.article-marketing.eu\/comunicatistampa\/?p=16365"},"modified":"2020-10-15T17:30:36","modified_gmt":"2020-10-15T15:30:36","slug":"al-rettore-di-unibg-consegnato-il-sigillo-di-ateneo-di-macerata","status":"publish","type":"post","link":"https:\/\/www.article-marketing.eu\/comunicatistampa\/al-rettore-di-unibg-consegnato-il-sigillo-di-ateneo-di-macerata\/","title":{"rendered":"Al rettore di UniBg consegnato il Sigillo di Ateneo di Macerata"},"content":{"rendered":"<p>\u201cPer aver svolto con dedizione, lungimiranza e competenza il ruolo di Rettore in un momento complesso e difficile come quello dell\u2019emergenza pandemica, tuttora in atto, particolarmente rappresentando per gli studenti e la Comunit\u00e0 accademica anche nazionale, un esempio da seguire\u201d. Con questa motivazione <strong>gioved\u00ec 15 ottobre<\/strong> in occasione della Cerimonia di inaugurazione del 730\u00b0 anno accademico, alla presenza del <strong>Presidente della Repubblica Sergio Mattarella e del Ministro dell\u2019Universit\u00e0 e della Ricerca Gaetano Manfredi<\/strong>, l\u2019<strong>Universit\u00e0 degli studi di Macerata, <\/strong>in una giornata storica, ha conferito il \u201c<strong>Sigillo di Ateneo\u201d<\/strong> al <strong>Rettore dell\u2019Universit\u00e0 degli studi di Bergamo, Remo Morzenti Pellegrini.<\/strong><\/p>\n<p>Dopo il corteo degli Accademici e la relazione del <strong>Rettore dell\u2019Universit\u00e0 degli studi di Macerata Francesco Adornato <\/strong>dal titolo esplicativo<strong> \u201cFuturo prossimo\u201d, <\/strong>\u00e8 intervenuto il <strong>Presidente della Repubblica Sergio Mattarella<\/strong> che insieme al <strong>Ministro Gaetano Manfredi,<\/strong> presente a Bergamo meno di un mese fa per aprire simbolicamente l\u2019anno accademico \u201920-21, ha rivolto un messaggio di profonda fiducia agli studenti dell\u2019intero Paese.<\/p>\n<p>\u00ab<em>Ricevere questo encomio da parte di una delle pi\u00f9 antiche universit\u00e0 d\u2019Italia \u00e8 per me motivo di grande onore\u00a0\u2013 afferma Remo Morzenti Pellegrini \u2013.\u00a0Un riconoscimento simbolico che sento il dovere di portare a Bergamo e condividere con tutta la Comunit\u00e0 accademica, dagli studenti ai professori, ai ricercatori, fino al personale tecnico-amministrativo. Il dialogo costante, avviato con gli<\/em><\/p>\n<p><em>studenti della mia Universit\u00e0 e con gli altri Rettori delle Universit\u00e0 italiane, \u00e8 stato per me lo strumento privilegiato non solo per ridefinire, di fronte alla crisi pandemica, i nostri modi di essere all\u2019interno e all\u2019esterno dell\u2019Accademia, ma anche un\u2019occasione per comprendere pi\u00f9 a fondo l\u2019importanza del sapere relazionale, fondato sul confronto e lo scambio. Questo sapere rappresenta un rinnovato impegno nell\u2019azione di formazione scientifica e civile dei nostri giovani, nonch\u00e9 un patrimonio da promuovere e attraverso cui costruire il futuro\u00bb.<\/em><\/p>\n<p>Il Sigillo di Ateneo, quale attestato di stima e riconoscenza, viene conferito a <strong>personalit\u00e0 prestigiose che hanno saputo distinguersi<\/strong>, <strong>anche a livello internazionale, negli ambiti professionali e sociali nei quali operano<\/strong>.<\/p>\n<table>\n<tbody>\n<tr>\n<td width=\"1275\"><strong>Il rettore dell\u2019Universit\u00e0 degli studi di Bergamo Remo Morzenti Pellegrini<\/strong>, in carica dal 1\u00b0 ottobre 2015, \u00e8 professore ordinario di <strong>Diritto amministrativo<\/strong> presso il dipartimento di Giurisprudenza dell\u2019Universit\u00e0 degli studi di Bergamo.<\/p>\n<p>Dal 2016 \u00e8 <strong>membro del<\/strong> <strong>Consiglio Universitario Nazionale (CUN)<\/strong>, su designazione della Conferenza dei Rettori delle Universit\u00e0 Italiane, e dal 2018 \u00e8 <strong>presidente del<\/strong> <strong>Comitato Regionale di coordinamento delle Universit\u00e0 della Lombardia (CRUL)<\/strong>. Dal 2019 \u00e8 <strong>presidente del Consiglio di amministrazione della Fondazione University for Innovation (U4I)<\/strong>, nata da un\u2019iniziativa congiunta dell\u2019Universit\u00e0 degli studi di Bergamo, dell\u2019Universit\u00e0 degli studi di Milano-Bicocca e dell\u2019Universit\u00e0 degli studi di Pavia, ed \u00e8 <strong>membro del Consiglio di amministrazione della Fondazione della Conferenza dei Rettori delle Universit\u00e0 italiane (CRUI)<\/strong>.<\/td>\n<\/tr>\n<\/tbody>\n<\/table>\n","protected":false},"excerpt":{"rendered":"<p>\u201cPer aver svolto con dedizione, lungimiranza e competenza il ruolo di Rettore in un momento complesso e difficile come quello dell\u2019emergenza pandemica, tuttora in atto, particolarmente rappresentando per gli studenti e la Comunit\u00e0 accademica anche nazionale, un esempio da seguire\u201d. Con questa motivazione gioved\u00ec 15 ottobre in occasione della Cerimonia di inaugurazione del 730\u00b0 anno accademico, alla presenza del Presidente della Repubblica Sergio Mattarella e del Ministro dell\u2019Universit\u00e0 e della<\/p>\n<p><a class=\"continue-reading\" href=\"https:\/\/www.article-marketing.eu\/comunicatistampa\/al-rettore-di-unibg-consegnato-il-sigillo-di-ateneo-di-macerata\/\">Continue reading&#8230;<\/a><\/p>\n","protected":false},"author":1855,"featured_media":0,"comment_status":"open","ping_status":"open","sticky":false,"template":"","format":"standard","meta":{"_monsterinsights_skip_tracking":false,"_monsterinsights_sitenote_active":false,"_monsterinsights_sitenote_note":"","_monsterinsights_sitenote_category":0,"footnotes":""},"categories":[407,378],"tags":[5988,6826,6827,4603],"class_list":["post-16365","post","type-post","status-publish","format-standard","hentry","category-arte-e-cultura","category-istruzione","tag-remomorzentipellegrini","tag-rettoreunibg","tag-sigillodiateneo","tag-unibg"],"yoast_head":"<!-- This site is optimized with the Yoast SEO plugin v27.3 - https:\/\/yoast.com\/product\/yoast-seo-wordpress\/ -->\n<title>Al rettore di UniBg consegnato il Sigillo di Ateneo di Macerata - Article Marketing<\/title>\n<meta name=\"robots\" content=\"index, follow, max-snippet:-1, max-image-preview:large, max-video-preview:-1\" \/>\n<link rel=\"canonical\" href=\"https:\/\/www.article-marketing.eu\/comunicatistampa\/al-rettore-di-unibg-consegnato-il-sigillo-di-ateneo-di-macerata\/\" \/>\n<meta property=\"og:locale\" content=\"it_IT\" \/>\n<meta property=\"og:type\" content=\"article\" \/>\n<meta property=\"og:title\" content=\"Al rettore di UniBg consegnato il Sigillo di Ateneo di Macerata - Article Marketing\" \/>\n<meta property=\"og:description\" content=\"\u201cPer aver svolto con dedizione, lungimiranza e competenza il ruolo di Rettore in un momento complesso e difficile come quello dell\u2019emergenza pandemica, tuttora in atto, particolarmente rappresentando per gli studenti e la Comunit\u00e0 accademica anche nazionale, un esempio da seguire\u201d. Con questa motivazione gioved\u00ec 15 ottobre in occasione della Cerimonia di inaugurazione del 730\u00b0 anno accademico, alla presenza del Presidente della Repubblica Sergio Mattarella e del Ministro dell\u2019Universit\u00e0 e dellaContinue reading...\" \/>\n<meta property=\"og:url\" content=\"https:\/\/www.article-marketing.eu\/comunicatistampa\/al-rettore-di-unibg-consegnato-il-sigillo-di-ateneo-di-macerata\/\" \/>\n<meta property=\"og:site_name\" content=\"Article Marketing\" \/>\n<meta property=\"article:published_time\" content=\"2020-10-15T15:30:36+00:00\" \/>\n<meta name=\"author\" content=\"Redaclem\" \/>\n<meta name=\"twitter:card\" content=\"summary_large_image\" \/>\n<meta name=\"twitter:label1\" content=\"Scritto da\" \/>\n\t<meta name=\"twitter:data1\" content=\"Redaclem\" \/>\n\t<meta name=\"twitter:label2\" content=\"Tempo di lettura stimato\" \/>\n\t<meta name=\"twitter:data2\" content=\"2 minuti\" \/>\n<script type=\"application\/ld+json\" class=\"yoast-schema-graph\">{\"@context\":\"https:\\\/\\\/schema.org\",\"@graph\":[{\"@type\":\"Article\",\"@id\":\"https:\\\/\\\/www.article-marketing.eu\\\/comunicatistampa\\\/al-rettore-di-unibg-consegnato-il-sigillo-di-ateneo-di-macerata\\\/#article\",\"isPartOf\":{\"@id\":\"https:\\\/\\\/www.article-marketing.eu\\\/comunicatistampa\\\/al-rettore-di-unibg-consegnato-il-sigillo-di-ateneo-di-macerata\\\/\"},\"author\":{\"name\":\"Redaclem\",\"@id\":\"https:\\\/\\\/www.article-marketing.eu\\\/comunicatistampa\\\/#\\\/schema\\\/person\\\/c0aa725eee5df8460e0adf901fde0c88\"},\"headline\":\"Al rettore di UniBg consegnato il Sigillo di Ateneo di Macerata\",\"datePublished\":\"2020-10-15T15:30:36+00:00\",\"mainEntityOfPage\":{\"@id\":\"https:\\\/\\\/www.article-marketing.eu\\\/comunicatistampa\\\/al-rettore-di-unibg-consegnato-il-sigillo-di-ateneo-di-macerata\\\/\"},\"wordCount\":461,\"commentCount\":0,\"keywords\":[\"#remomorzentipellegrini\",\"#rettoreunibg\",\"#sigillodiateneo\",\"#unibg\"],\"articleSection\":[\"Arte e cultura\",\"Istruzione\"],\"inLanguage\":\"it-IT\",\"potentialAction\":[{\"@type\":\"CommentAction\",\"name\":\"Comment\",\"target\":[\"https:\\\/\\\/www.article-marketing.eu\\\/comunicatistampa\\\/al-rettore-di-unibg-consegnato-il-sigillo-di-ateneo-di-macerata\\\/#respond\"]}]},{\"@type\":\"WebPage\",\"@id\":\"https:\\\/\\\/www.article-marketing.eu\\\/comunicatistampa\\\/al-rettore-di-unibg-consegnato-il-sigillo-di-ateneo-di-macerata\\\/\",\"url\":\"https:\\\/\\\/www.article-marketing.eu\\\/comunicatistampa\\\/al-rettore-di-unibg-consegnato-il-sigillo-di-ateneo-di-macerata\\\/\",\"name\":\"Al rettore di UniBg consegnato il Sigillo di Ateneo di Macerata - Article Marketing\",\"isPartOf\":{\"@id\":\"https:\\\/\\\/www.article-marketing.eu\\\/comunicatistampa\\\/#website\"},\"datePublished\":\"2020-10-15T15:30:36+00:00\",\"author\":{\"@id\":\"https:\\\/\\\/www.article-marketing.eu\\\/comunicatistampa\\\/#\\\/schema\\\/person\\\/c0aa725eee5df8460e0adf901fde0c88\"},\"breadcrumb\":{\"@id\":\"https:\\\/\\\/www.article-marketing.eu\\\/comunicatistampa\\\/al-rettore-di-unibg-consegnato-il-sigillo-di-ateneo-di-macerata\\\/#breadcrumb\"},\"inLanguage\":\"it-IT\",\"potentialAction\":[{\"@type\":\"ReadAction\",\"target\":[\"https:\\\/\\\/www.article-marketing.eu\\\/comunicatistampa\\\/al-rettore-di-unibg-consegnato-il-sigillo-di-ateneo-di-macerata\\\/\"]}]},{\"@type\":\"BreadcrumbList\",\"@id\":\"https:\\\/\\\/www.article-marketing.eu\\\/comunicatistampa\\\/al-rettore-di-unibg-consegnato-il-sigillo-di-ateneo-di-macerata\\\/#breadcrumb\",\"itemListElement\":[{\"@type\":\"ListItem\",\"position\":1,\"name\":\"Home\",\"item\":\"https:\\\/\\\/www.article-marketing.eu\\\/comunicatistampa\\\/\"},{\"@type\":\"ListItem\",\"position\":2,\"name\":\"Al rettore di UniBg consegnato il Sigillo di Ateneo di Macerata\"}]},{\"@type\":\"WebSite\",\"@id\":\"https:\\\/\\\/www.article-marketing.eu\\\/comunicatistampa\\\/#website\",\"url\":\"https:\\\/\\\/www.article-marketing.eu\\\/comunicatistampa\\\/\",\"name\":\"Article Marketing\",\"description\":\"article marketing &amp; press release\",\"potentialAction\":[{\"@type\":\"SearchAction\",\"target\":{\"@type\":\"EntryPoint\",\"urlTemplate\":\"https:\\\/\\\/www.article-marketing.eu\\\/comunicatistampa\\\/?s={search_term_string}\"},\"query-input\":{\"@type\":\"PropertyValueSpecification\",\"valueRequired\":true,\"valueName\":\"search_term_string\"}}],\"inLanguage\":\"it-IT\"},{\"@type\":\"Person\",\"@id\":\"https:\\\/\\\/www.article-marketing.eu\\\/comunicatistampa\\\/#\\\/schema\\\/person\\\/c0aa725eee5df8460e0adf901fde0c88\",\"name\":\"Redaclem\",\"image\":{\"@type\":\"ImageObject\",\"inLanguage\":\"it-IT\",\"@id\":\"https:\\\/\\\/secure.gravatar.com\\\/avatar\\\/4c7e41f332a0583344a91d7d39723533da9b2d0df7737c2d8c69553168c2191e?s=96&d=mm&r=g\",\"url\":\"https:\\\/\\\/secure.gravatar.com\\\/avatar\\\/4c7e41f332a0583344a91d7d39723533da9b2d0df7737c2d8c69553168c2191e?s=96&d=mm&r=g\",\"contentUrl\":\"https:\\\/\\\/secure.gravatar.com\\\/avatar\\\/4c7e41f332a0583344a91d7d39723533da9b2d0df7737c2d8c69553168c2191e?s=96&d=mm&r=g\",\"caption\":\"Redaclem\"},\"url\":\"https:\\\/\\\/www.article-marketing.eu\\\/comunicatistampa\\\/author\\\/redaclem\\\/\"}]}<\/script>\n<!-- \/ Yoast SEO plugin. -->","yoast_head_json":{"title":"Al rettore di UniBg consegnato il Sigillo di Ateneo di Macerata - Article Marketing","robots":{"index":"index","follow":"follow","max-snippet":"max-snippet:-1","max-image-preview":"max-image-preview:large","max-video-preview":"max-video-preview:-1"},"canonical":"https:\/\/www.article-marketing.eu\/comunicatistampa\/al-rettore-di-unibg-consegnato-il-sigillo-di-ateneo-di-macerata\/","og_locale":"it_IT","og_type":"article","og_title":"Al rettore di UniBg consegnato il Sigillo di Ateneo di Macerata - Article Marketing","og_description":"\u201cPer aver svolto con dedizione, lungimiranza e competenza il ruolo di Rettore in un momento complesso e difficile come quello dell\u2019emergenza pandemica, tuttora in atto, particolarmente rappresentando per gli studenti e la Comunit\u00e0 accademica anche nazionale, un esempio da seguire\u201d. Con questa motivazione gioved\u00ec 15 ottobre in occasione della Cerimonia di inaugurazione del 730\u00b0 anno accademico, alla presenza del Presidente della Repubblica Sergio Mattarella e del Ministro dell\u2019Universit\u00e0 e dellaContinue reading...","og_url":"https:\/\/www.article-marketing.eu\/comunicatistampa\/al-rettore-di-unibg-consegnato-il-sigillo-di-ateneo-di-macerata\/","og_site_name":"Article Marketing","article_published_time":"2020-10-15T15:30:36+00:00","author":"Redaclem","twitter_card":"summary_large_image","twitter_misc":{"Scritto da":"Redaclem","Tempo di lettura stimato":"2 minuti"},"schema":{"@context":"https:\/\/schema.org","@graph":[{"@type":"Article","@id":"https:\/\/www.article-marketing.eu\/comunicatistampa\/al-rettore-di-unibg-consegnato-il-sigillo-di-ateneo-di-macerata\/#article","isPartOf":{"@id":"https:\/\/www.article-marketing.eu\/comunicatistampa\/al-rettore-di-unibg-consegnato-il-sigillo-di-ateneo-di-macerata\/"},"author":{"name":"Redaclem","@id":"https:\/\/www.article-marketing.eu\/comunicatistampa\/#\/schema\/person\/c0aa725eee5df8460e0adf901fde0c88"},"headline":"Al rettore di UniBg consegnato il Sigillo di Ateneo di Macerata","datePublished":"2020-10-15T15:30:36+00:00","mainEntityOfPage":{"@id":"https:\/\/www.article-marketing.eu\/comunicatistampa\/al-rettore-di-unibg-consegnato-il-sigillo-di-ateneo-di-macerata\/"},"wordCount":461,"commentCount":0,"keywords":["#remomorzentipellegrini","#rettoreunibg","#sigillodiateneo","#unibg"],"articleSection":["Arte e cultura","Istruzione"],"inLanguage":"it-IT","potentialAction":[{"@type":"CommentAction","name":"Comment","target":["https:\/\/www.article-marketing.eu\/comunicatistampa\/al-rettore-di-unibg-consegnato-il-sigillo-di-ateneo-di-macerata\/#respond"]}]},{"@type":"WebPage","@id":"https:\/\/www.article-marketing.eu\/comunicatistampa\/al-rettore-di-unibg-consegnato-il-sigillo-di-ateneo-di-macerata\/","url":"https:\/\/www.article-marketing.eu\/comunicatistampa\/al-rettore-di-unibg-consegnato-il-sigillo-di-ateneo-di-macerata\/","name":"Al rettore di UniBg consegnato il Sigillo di Ateneo di Macerata - Article Marketing","isPartOf":{"@id":"https:\/\/www.article-marketing.eu\/comunicatistampa\/#website"},"datePublished":"2020-10-15T15:30:36+00:00","author":{"@id":"https:\/\/www.article-marketing.eu\/comunicatistampa\/#\/schema\/person\/c0aa725eee5df8460e0adf901fde0c88"},"breadcrumb":{"@id":"https:\/\/www.article-marketing.eu\/comunicatistampa\/al-rettore-di-unibg-consegnato-il-sigillo-di-ateneo-di-macerata\/#breadcrumb"},"inLanguage":"it-IT","potentialAction":[{"@type":"ReadAction","target":["https:\/\/www.article-marketing.eu\/comunicatistampa\/al-rettore-di-unibg-consegnato-il-sigillo-di-ateneo-di-macerata\/"]}]},{"@type":"BreadcrumbList","@id":"https:\/\/www.article-marketing.eu\/comunicatistampa\/al-rettore-di-unibg-consegnato-il-sigillo-di-ateneo-di-macerata\/#breadcrumb","itemListElement":[{"@type":"ListItem","position":1,"name":"Home","item":"https:\/\/www.article-marketing.eu\/comunicatistampa\/"},{"@type":"ListItem","position":2,"name":"Al rettore di UniBg consegnato il Sigillo di Ateneo di Macerata"}]},{"@type":"WebSite","@id":"https:\/\/www.article-marketing.eu\/comunicatistampa\/#website","url":"https:\/\/www.article-marketing.eu\/comunicatistampa\/","name":"Article Marketing","description":"article marketing &amp; press release","potentialAction":[{"@type":"SearchAction","target":{"@type":"EntryPoint","urlTemplate":"https:\/\/www.article-marketing.eu\/comunicatistampa\/?s={search_term_string}"},"query-input":{"@type":"PropertyValueSpecification","valueRequired":true,"valueName":"search_term_string"}}],"inLanguage":"it-IT"},{"@type":"Person","@id":"https:\/\/www.article-marketing.eu\/comunicatistampa\/#\/schema\/person\/c0aa725eee5df8460e0adf901fde0c88","name":"Redaclem","image":{"@type":"ImageObject","inLanguage":"it-IT","@id":"https:\/\/secure.gravatar.com\/avatar\/4c7e41f332a0583344a91d7d39723533da9b2d0df7737c2d8c69553168c2191e?s=96&d=mm&r=g","url":"https:\/\/secure.gravatar.com\/avatar\/4c7e41f332a0583344a91d7d39723533da9b2d0df7737c2d8c69553168c2191e?s=96&d=mm&r=g","contentUrl":"https:\/\/secure.gravatar.com\/avatar\/4c7e41f332a0583344a91d7d39723533da9b2d0df7737c2d8c69553168c2191e?s=96&d=mm&r=g","caption":"Redaclem"},"url":"https:\/\/www.article-marketing.eu\/comunicatistampa\/author\/redaclem\/"}]}},"_links":{"self":[{"href":"https:\/\/www.article-marketing.eu\/comunicatistampa\/wp-json\/wp\/v2\/posts\/16365","targetHints":{"allow":["GET"]}}],"collection":[{"href":"https:\/\/www.article-marketing.eu\/comunicatistampa\/wp-json\/wp\/v2\/posts"}],"about":[{"href":"https:\/\/www.article-marketing.eu\/comunicatistampa\/wp-json\/wp\/v2\/types\/post"}],"author":[{"embeddable":true,"href":"https:\/\/www.article-marketing.eu\/comunicatistampa\/wp-json\/wp\/v2\/users\/1855"}],"replies":[{"embeddable":true,"href":"https:\/\/www.article-marketing.eu\/comunicatistampa\/wp-json\/wp\/v2\/comments?post=16365"}],"version-history":[{"count":2,"href":"https:\/\/www.article-marketing.eu\/comunicatistampa\/wp-json\/wp\/v2\/posts\/16365\/revisions"}],"predecessor-version":[{"id":16370,"href":"https:\/\/www.article-marketing.eu\/comunicatistampa\/wp-json\/wp\/v2\/posts\/16365\/revisions\/16370"}],"wp:attachment":[{"href":"https:\/\/www.article-marketing.eu\/comunicatistampa\/wp-json\/wp\/v2\/media?parent=16365"}],"wp:term":[{"taxonomy":"category","embeddable":true,"href":"https:\/\/www.article-marketing.eu\/comunicatistampa\/wp-json\/wp\/v2\/categories?post=16365"},{"taxonomy":"post_tag","embeddable":true,"href":"https:\/\/www.article-marketing.eu\/comunicatistampa\/wp-json\/wp\/v2\/tags?post=16365"}],"curies":[{"name":"wp","href":"https:\/\/api.w.org\/{rel}","templated":true}]}}