{"id":16462,"date":"2020-11-04T17:52:13","date_gmt":"2020-11-04T16:52:13","guid":{"rendered":"https:\/\/www.article-marketing.eu\/comunicatistampa\/?p=16462"},"modified":"2020-12-08T21:08:22","modified_gmt":"2020-12-08T20:08:22","slug":"mari-e-il-singolo-di-marco-meta","status":"publish","type":"post","link":"https:\/\/www.article-marketing.eu\/comunicatistampa\/mari-e-il-singolo-di-marco-meta\/","title":{"rendered":"Mar\u00ec \u00e8 il singolo di Marco Meta"},"content":{"rendered":"<p style=\"text-align: center\"><strong><i>In\u00a0 radio il singolo dell&#8217;Artista napoletano<\/i><\/strong><\/p>\n<p><img loading=\"lazy\" decoding=\"async\" class=\"aligncenter\" src=\"https:\/\/diffusionimusicali.altervista.org\/wp-content\/uploads\/2020\/11\/Cover-Marco-Meta-.jpg\" width=\"398\" height=\"398\" \/><\/p>\n<p><b>\u201cMar\u00ec\u201d<\/b> \u00e8 un brano che profuma di Napoli, una Napoli internazionale che ha sfaccettature di tutti i colori racchiuse in un testo che parla di un amore passionale che esalta i protagonisti della narrazione e del videoclip che accompagna la canzone. Il sound moderno racchiude tutto il calore della musica neomelodica d&#8217;autore che da oggi si rivolge al pubblico italiano ed internazionale uscendo dai confini culturali e territoriali del genere. La melodia \u00e8 caldamente partenopea ed \u00e8 intarsiata in un arrangiamento che guarda al lato multi-culturale di Napoli, laddove la pulsazione della propria terra si intreccia ad echi sonori proveniente dalla Spagna e dalle sponde del Mediterraneo, dando cos\u00ec vita ad un beat volutamente minimalista nella scia delle tendenze artistiche pi\u00f9 innovative che percorrono il design come le arti figurative contemporanee.<\/p>\n<p><iframe loading=\"lazy\" title=\"Marco Meta - Mar\u00ec, Official Music Video 2020 - Sud in Sound, Napoli\" width=\"1050\" height=\"591\" src=\"https:\/\/www.youtube.com\/embed\/iP85ibMiaV0?feature=oembed\" frameborder=\"0\" allow=\"accelerometer; autoplay; clipboard-write; encrypted-media; gyroscope; picture-in-picture\" allowfullscreen><\/iframe><\/p>\n<p><b>Marco Meta \u00e8 il nome d&#8217;Arte di Marco Forte<\/b>, un Artista che fin da bambino ha\u00a0 mostrato una spiccata attitudine verso il canto studiando con diversi vocal coach per perfezionare la sua tecnica. Contestualmente ha fatto parte di cover band di musica italiana (Pino Daniele, Eduardo de Crescenzo e Lucio Battisti) crescendo nella grande tradizione della Musica Leggera. Negli ultimi anni \u00e8 cresciuta l&#8217;esigenza di cantare nella sua lingua ed \u00e8 iniziata una ricerca stilistica e di sound\u00a0 da cui \u00e8 nato il suo primo singolo dal titolo &#8220;Tu nun o saje&#8221; pubblicato nel 2019. Ora con questo secondo singolo dal titolo &#8220;Mar\u00ec&#8221; si anticipa il suo primo lavoro discografico, l&#8217;Album dal titolo &#8220;Cuore Libero&#8221; che uscir\u00e0 nella primavera del 2021 e che \u00e8 stato registrato presso gli studi della Sud In Sound di Napoli (sua Etichetta Discografica) con la Produzione Artistica di Aniello Misto.<\/p>\n<p><b>Facebook: <\/b><br \/>\n<a href=\"https:\/\/www.facebook.com\/marcometa19\">https:\/\/www.facebook.com\/marcometa19<\/a><br \/>\n<b>Instagram: <\/b><br \/>\n<a href=\"https:\/\/www.instagram.com\/marcometaofficial\">https:\/\/www.instagram.com\/marcometaofficial<\/a><\/p>\n<p><a href=\"https:\/\/sudinsound.it\">https:\/\/sudinsound.it<\/a><\/p>\n","protected":false},"excerpt":{"rendered":"<p>In\u00a0 radio il singolo dell&#8217;Artista napoletano \u201cMar\u00ec\u201d \u00e8 un brano che profuma di Napoli, una Napoli internazionale che ha sfaccettature di tutti i colori racchiuse in un testo che parla di un amore passionale che esalta i protagonisti della narrazione e del videoclip che accompagna la canzone. Il sound moderno racchiude tutto il calore della musica neomelodica d&#8217;autore che da oggi si rivolge al pubblico italiano ed internazionale uscendo dai<\/p>\n<p><a class=\"continue-reading\" href=\"https:\/\/www.article-marketing.eu\/comunicatistampa\/mari-e-il-singolo-di-marco-meta\/\">Continue reading&#8230;<\/a><\/p>\n","protected":false},"author":1680,"featured_media":0,"comment_status":"open","ping_status":"open","sticky":false,"template":"","format":"standard","meta":{"_monsterinsights_skip_tracking":false,"_monsterinsights_sitenote_active":false,"_monsterinsights_sitenote_note":"","_monsterinsights_sitenote_category":0,"footnotes":""},"categories":[6466,411],"tags":[6848,6847,4172,3522],"class_list":["post-16462","post","type-post","status-publish","format-standard","hentry","category-_r04","category-musica","tag-marco-meta","tag-mari","tag-news","tag-singolo"],"yoast_head":"<!-- This site is optimized with the Yoast SEO plugin v27.3 - https:\/\/yoast.com\/product\/yoast-seo-wordpress\/ -->\n<title>Mar\u00ec \u00e8 il singolo di Marco Meta - Article Marketing<\/title>\n<meta name=\"robots\" content=\"index, follow, max-snippet:-1, max-image-preview:large, max-video-preview:-1\" \/>\n<link rel=\"canonical\" href=\"https:\/\/www.article-marketing.eu\/comunicatistampa\/mari-e-il-singolo-di-marco-meta\/\" \/>\n<meta property=\"og:locale\" content=\"it_IT\" \/>\n<meta property=\"og:type\" content=\"article\" \/>\n<meta property=\"og:title\" content=\"Mar\u00ec \u00e8 il singolo di Marco Meta - Article Marketing\" \/>\n<meta property=\"og:description\" content=\"In\u00a0 radio il singolo dell&#8217;Artista napoletano \u201cMar\u00ec\u201d \u00e8 un brano che profuma di Napoli, una Napoli internazionale che ha sfaccettature di tutti i colori racchiuse in un testo che parla di un amore passionale che esalta i protagonisti della narrazione e del videoclip che accompagna la canzone. Il sound moderno racchiude tutto il calore della musica neomelodica d&#8217;autore che da oggi si rivolge al pubblico italiano ed internazionale uscendo daiContinue reading...\" \/>\n<meta property=\"og:url\" content=\"https:\/\/www.article-marketing.eu\/comunicatistampa\/mari-e-il-singolo-di-marco-meta\/\" \/>\n<meta property=\"og:site_name\" content=\"Article Marketing\" \/>\n<meta property=\"article:published_time\" content=\"2020-11-04T16:52:13+00:00\" \/>\n<meta property=\"article:modified_time\" content=\"2020-12-08T20:08:22+00:00\" \/>\n<meta property=\"og:image\" content=\"https:\/\/diffusionimusicali.altervista.org\/wp-content\/uploads\/2020\/11\/Cover-Marco-Meta-.jpg\" \/>\n<meta name=\"author\" content=\"Micro961\" \/>\n<meta name=\"twitter:card\" content=\"summary_large_image\" \/>\n<meta name=\"twitter:label1\" content=\"Scritto da\" \/>\n\t<meta name=\"twitter:data1\" content=\"Micro961\" \/>\n\t<meta name=\"twitter:label2\" content=\"Tempo di lettura stimato\" \/>\n\t<meta name=\"twitter:data2\" content=\"1 minuto\" \/>\n<script type=\"application\/ld+json\" class=\"yoast-schema-graph\">{\"@context\":\"https:\\\/\\\/schema.org\",\"@graph\":[{\"@type\":\"Article\",\"@id\":\"https:\\\/\\\/www.article-marketing.eu\\\/comunicatistampa\\\/mari-e-il-singolo-di-marco-meta\\\/#article\",\"isPartOf\":{\"@id\":\"https:\\\/\\\/www.article-marketing.eu\\\/comunicatistampa\\\/mari-e-il-singolo-di-marco-meta\\\/\"},\"author\":{\"name\":\"Micro961\",\"@id\":\"https:\\\/\\\/www.article-marketing.eu\\\/comunicatistampa\\\/#\\\/schema\\\/person\\\/9beeb909be59832a9bcbec84cb3786f5\"},\"headline\":\"Mar\u00ec \u00e8 il singolo di Marco Meta\",\"datePublished\":\"2020-11-04T16:52:13+00:00\",\"dateModified\":\"2020-12-08T20:08:22+00:00\",\"mainEntityOfPage\":{\"@id\":\"https:\\\/\\\/www.article-marketing.eu\\\/comunicatistampa\\\/mari-e-il-singolo-di-marco-meta\\\/\"},\"wordCount\":298,\"commentCount\":0,\"image\":{\"@id\":\"https:\\\/\\\/www.article-marketing.eu\\\/comunicatistampa\\\/mari-e-il-singolo-di-marco-meta\\\/#primaryimage\"},\"thumbnailUrl\":\"https:\\\/\\\/diffusionimusicali.altervista.org\\\/wp-content\\\/uploads\\\/2020\\\/11\\\/Cover-Marco-Meta-.jpg\",\"keywords\":[\"Marco Meta\",\"Mar\u00ec\",\"News\",\"Singolo\"],\"articleSection\":[\"_R04\",\"Musica\"],\"inLanguage\":\"it-IT\",\"potentialAction\":[{\"@type\":\"CommentAction\",\"name\":\"Comment\",\"target\":[\"https:\\\/\\\/www.article-marketing.eu\\\/comunicatistampa\\\/mari-e-il-singolo-di-marco-meta\\\/#respond\"]}]},{\"@type\":\"WebPage\",\"@id\":\"https:\\\/\\\/www.article-marketing.eu\\\/comunicatistampa\\\/mari-e-il-singolo-di-marco-meta\\\/\",\"url\":\"https:\\\/\\\/www.article-marketing.eu\\\/comunicatistampa\\\/mari-e-il-singolo-di-marco-meta\\\/\",\"name\":\"Mar\u00ec \u00e8 il singolo di Marco Meta - Article Marketing\",\"isPartOf\":{\"@id\":\"https:\\\/\\\/www.article-marketing.eu\\\/comunicatistampa\\\/#website\"},\"primaryImageOfPage\":{\"@id\":\"https:\\\/\\\/www.article-marketing.eu\\\/comunicatistampa\\\/mari-e-il-singolo-di-marco-meta\\\/#primaryimage\"},\"image\":{\"@id\":\"https:\\\/\\\/www.article-marketing.eu\\\/comunicatistampa\\\/mari-e-il-singolo-di-marco-meta\\\/#primaryimage\"},\"thumbnailUrl\":\"https:\\\/\\\/diffusionimusicali.altervista.org\\\/wp-content\\\/uploads\\\/2020\\\/11\\\/Cover-Marco-Meta-.jpg\",\"datePublished\":\"2020-11-04T16:52:13+00:00\",\"dateModified\":\"2020-12-08T20:08:22+00:00\",\"author\":{\"@id\":\"https:\\\/\\\/www.article-marketing.eu\\\/comunicatistampa\\\/#\\\/schema\\\/person\\\/9beeb909be59832a9bcbec84cb3786f5\"},\"breadcrumb\":{\"@id\":\"https:\\\/\\\/www.article-marketing.eu\\\/comunicatistampa\\\/mari-e-il-singolo-di-marco-meta\\\/#breadcrumb\"},\"inLanguage\":\"it-IT\",\"potentialAction\":[{\"@type\":\"ReadAction\",\"target\":[\"https:\\\/\\\/www.article-marketing.eu\\\/comunicatistampa\\\/mari-e-il-singolo-di-marco-meta\\\/\"]}]},{\"@type\":\"ImageObject\",\"inLanguage\":\"it-IT\",\"@id\":\"https:\\\/\\\/www.article-marketing.eu\\\/comunicatistampa\\\/mari-e-il-singolo-di-marco-meta\\\/#primaryimage\",\"url\":\"https:\\\/\\\/diffusionimusicali.altervista.org\\\/wp-content\\\/uploads\\\/2020\\\/11\\\/Cover-Marco-Meta-.jpg\",\"contentUrl\":\"https:\\\/\\\/diffusionimusicali.altervista.org\\\/wp-content\\\/uploads\\\/2020\\\/11\\\/Cover-Marco-Meta-.jpg\"},{\"@type\":\"BreadcrumbList\",\"@id\":\"https:\\\/\\\/www.article-marketing.eu\\\/comunicatistampa\\\/mari-e-il-singolo-di-marco-meta\\\/#breadcrumb\",\"itemListElement\":[{\"@type\":\"ListItem\",\"position\":1,\"name\":\"Home\",\"item\":\"https:\\\/\\\/www.article-marketing.eu\\\/comunicatistampa\\\/\"},{\"@type\":\"ListItem\",\"position\":2,\"name\":\"Mar\u00ec \u00e8 il singolo di Marco Meta\"}]},{\"@type\":\"WebSite\",\"@id\":\"https:\\\/\\\/www.article-marketing.eu\\\/comunicatistampa\\\/#website\",\"url\":\"https:\\\/\\\/www.article-marketing.eu\\\/comunicatistampa\\\/\",\"name\":\"Article Marketing\",\"description\":\"article marketing &amp; press release\",\"potentialAction\":[{\"@type\":\"SearchAction\",\"target\":{\"@type\":\"EntryPoint\",\"urlTemplate\":\"https:\\\/\\\/www.article-marketing.eu\\\/comunicatistampa\\\/?s={search_term_string}\"},\"query-input\":{\"@type\":\"PropertyValueSpecification\",\"valueRequired\":true,\"valueName\":\"search_term_string\"}}],\"inLanguage\":\"it-IT\"},{\"@type\":\"Person\",\"@id\":\"https:\\\/\\\/www.article-marketing.eu\\\/comunicatistampa\\\/#\\\/schema\\\/person\\\/9beeb909be59832a9bcbec84cb3786f5\",\"name\":\"Micro961\",\"image\":{\"@type\":\"ImageObject\",\"inLanguage\":\"it-IT\",\"@id\":\"https:\\\/\\\/secure.gravatar.com\\\/avatar\\\/cd6f5864b85cc3687c05b2965bb186afcd70a2a89789a156c92a4f1d66e87827?s=96&d=mm&r=g\",\"url\":\"https:\\\/\\\/secure.gravatar.com\\\/avatar\\\/cd6f5864b85cc3687c05b2965bb186afcd70a2a89789a156c92a4f1d66e87827?s=96&d=mm&r=g\",\"contentUrl\":\"https:\\\/\\\/secure.gravatar.com\\\/avatar\\\/cd6f5864b85cc3687c05b2965bb186afcd70a2a89789a156c92a4f1d66e87827?s=96&d=mm&r=g\",\"caption\":\"Micro961\"},\"url\":\"https:\\\/\\\/www.article-marketing.eu\\\/comunicatistampa\\\/author\\\/micro961\\\/\"}]}<\/script>\n<!-- \/ Yoast SEO plugin. -->","yoast_head_json":{"title":"Mar\u00ec \u00e8 il singolo di Marco Meta - Article Marketing","robots":{"index":"index","follow":"follow","max-snippet":"max-snippet:-1","max-image-preview":"max-image-preview:large","max-video-preview":"max-video-preview:-1"},"canonical":"https:\/\/www.article-marketing.eu\/comunicatistampa\/mari-e-il-singolo-di-marco-meta\/","og_locale":"it_IT","og_type":"article","og_title":"Mar\u00ec \u00e8 il singolo di Marco Meta - Article Marketing","og_description":"In\u00a0 radio il singolo dell&#8217;Artista napoletano \u201cMar\u00ec\u201d \u00e8 un brano che profuma di Napoli, una Napoli internazionale che ha sfaccettature di tutti i colori racchiuse in un testo che parla di un amore passionale che esalta i protagonisti della narrazione e del videoclip che accompagna la canzone. Il sound moderno racchiude tutto il calore della musica neomelodica d&#8217;autore che da oggi si rivolge al pubblico italiano ed internazionale uscendo daiContinue reading...","og_url":"https:\/\/www.article-marketing.eu\/comunicatistampa\/mari-e-il-singolo-di-marco-meta\/","og_site_name":"Article Marketing","article_published_time":"2020-11-04T16:52:13+00:00","article_modified_time":"2020-12-08T20:08:22+00:00","og_image":[{"url":"https:\/\/diffusionimusicali.altervista.org\/wp-content\/uploads\/2020\/11\/Cover-Marco-Meta-.jpg","type":"","width":"","height":""}],"author":"Micro961","twitter_card":"summary_large_image","twitter_misc":{"Scritto da":"Micro961","Tempo di lettura stimato":"1 minuto"},"schema":{"@context":"https:\/\/schema.org","@graph":[{"@type":"Article","@id":"https:\/\/www.article-marketing.eu\/comunicatistampa\/mari-e-il-singolo-di-marco-meta\/#article","isPartOf":{"@id":"https:\/\/www.article-marketing.eu\/comunicatistampa\/mari-e-il-singolo-di-marco-meta\/"},"author":{"name":"Micro961","@id":"https:\/\/www.article-marketing.eu\/comunicatistampa\/#\/schema\/person\/9beeb909be59832a9bcbec84cb3786f5"},"headline":"Mar\u00ec \u00e8 il singolo di Marco Meta","datePublished":"2020-11-04T16:52:13+00:00","dateModified":"2020-12-08T20:08:22+00:00","mainEntityOfPage":{"@id":"https:\/\/www.article-marketing.eu\/comunicatistampa\/mari-e-il-singolo-di-marco-meta\/"},"wordCount":298,"commentCount":0,"image":{"@id":"https:\/\/www.article-marketing.eu\/comunicatistampa\/mari-e-il-singolo-di-marco-meta\/#primaryimage"},"thumbnailUrl":"https:\/\/diffusionimusicali.altervista.org\/wp-content\/uploads\/2020\/11\/Cover-Marco-Meta-.jpg","keywords":["Marco Meta","Mar\u00ec","News","Singolo"],"articleSection":["_R04","Musica"],"inLanguage":"it-IT","potentialAction":[{"@type":"CommentAction","name":"Comment","target":["https:\/\/www.article-marketing.eu\/comunicatistampa\/mari-e-il-singolo-di-marco-meta\/#respond"]}]},{"@type":"WebPage","@id":"https:\/\/www.article-marketing.eu\/comunicatistampa\/mari-e-il-singolo-di-marco-meta\/","url":"https:\/\/www.article-marketing.eu\/comunicatistampa\/mari-e-il-singolo-di-marco-meta\/","name":"Mar\u00ec \u00e8 il singolo di Marco Meta - Article Marketing","isPartOf":{"@id":"https:\/\/www.article-marketing.eu\/comunicatistampa\/#website"},"primaryImageOfPage":{"@id":"https:\/\/www.article-marketing.eu\/comunicatistampa\/mari-e-il-singolo-di-marco-meta\/#primaryimage"},"image":{"@id":"https:\/\/www.article-marketing.eu\/comunicatistampa\/mari-e-il-singolo-di-marco-meta\/#primaryimage"},"thumbnailUrl":"https:\/\/diffusionimusicali.altervista.org\/wp-content\/uploads\/2020\/11\/Cover-Marco-Meta-.jpg","datePublished":"2020-11-04T16:52:13+00:00","dateModified":"2020-12-08T20:08:22+00:00","author":{"@id":"https:\/\/www.article-marketing.eu\/comunicatistampa\/#\/schema\/person\/9beeb909be59832a9bcbec84cb3786f5"},"breadcrumb":{"@id":"https:\/\/www.article-marketing.eu\/comunicatistampa\/mari-e-il-singolo-di-marco-meta\/#breadcrumb"},"inLanguage":"it-IT","potentialAction":[{"@type":"ReadAction","target":["https:\/\/www.article-marketing.eu\/comunicatistampa\/mari-e-il-singolo-di-marco-meta\/"]}]},{"@type":"ImageObject","inLanguage":"it-IT","@id":"https:\/\/www.article-marketing.eu\/comunicatistampa\/mari-e-il-singolo-di-marco-meta\/#primaryimage","url":"https:\/\/diffusionimusicali.altervista.org\/wp-content\/uploads\/2020\/11\/Cover-Marco-Meta-.jpg","contentUrl":"https:\/\/diffusionimusicali.altervista.org\/wp-content\/uploads\/2020\/11\/Cover-Marco-Meta-.jpg"},{"@type":"BreadcrumbList","@id":"https:\/\/www.article-marketing.eu\/comunicatistampa\/mari-e-il-singolo-di-marco-meta\/#breadcrumb","itemListElement":[{"@type":"ListItem","position":1,"name":"Home","item":"https:\/\/www.article-marketing.eu\/comunicatistampa\/"},{"@type":"ListItem","position":2,"name":"Mar\u00ec \u00e8 il singolo di Marco Meta"}]},{"@type":"WebSite","@id":"https:\/\/www.article-marketing.eu\/comunicatistampa\/#website","url":"https:\/\/www.article-marketing.eu\/comunicatistampa\/","name":"Article Marketing","description":"article marketing &amp; press release","potentialAction":[{"@type":"SearchAction","target":{"@type":"EntryPoint","urlTemplate":"https:\/\/www.article-marketing.eu\/comunicatistampa\/?s={search_term_string}"},"query-input":{"@type":"PropertyValueSpecification","valueRequired":true,"valueName":"search_term_string"}}],"inLanguage":"it-IT"},{"@type":"Person","@id":"https:\/\/www.article-marketing.eu\/comunicatistampa\/#\/schema\/person\/9beeb909be59832a9bcbec84cb3786f5","name":"Micro961","image":{"@type":"ImageObject","inLanguage":"it-IT","@id":"https:\/\/secure.gravatar.com\/avatar\/cd6f5864b85cc3687c05b2965bb186afcd70a2a89789a156c92a4f1d66e87827?s=96&d=mm&r=g","url":"https:\/\/secure.gravatar.com\/avatar\/cd6f5864b85cc3687c05b2965bb186afcd70a2a89789a156c92a4f1d66e87827?s=96&d=mm&r=g","contentUrl":"https:\/\/secure.gravatar.com\/avatar\/cd6f5864b85cc3687c05b2965bb186afcd70a2a89789a156c92a4f1d66e87827?s=96&d=mm&r=g","caption":"Micro961"},"url":"https:\/\/www.article-marketing.eu\/comunicatistampa\/author\/micro961\/"}]}},"_links":{"self":[{"href":"https:\/\/www.article-marketing.eu\/comunicatistampa\/wp-json\/wp\/v2\/posts\/16462","targetHints":{"allow":["GET"]}}],"collection":[{"href":"https:\/\/www.article-marketing.eu\/comunicatistampa\/wp-json\/wp\/v2\/posts"}],"about":[{"href":"https:\/\/www.article-marketing.eu\/comunicatistampa\/wp-json\/wp\/v2\/types\/post"}],"author":[{"embeddable":true,"href":"https:\/\/www.article-marketing.eu\/comunicatistampa\/wp-json\/wp\/v2\/users\/1680"}],"replies":[{"embeddable":true,"href":"https:\/\/www.article-marketing.eu\/comunicatistampa\/wp-json\/wp\/v2\/comments?post=16462"}],"version-history":[{"count":1,"href":"https:\/\/www.article-marketing.eu\/comunicatistampa\/wp-json\/wp\/v2\/posts\/16462\/revisions"}],"predecessor-version":[{"id":16464,"href":"https:\/\/www.article-marketing.eu\/comunicatistampa\/wp-json\/wp\/v2\/posts\/16462\/revisions\/16464"}],"wp:attachment":[{"href":"https:\/\/www.article-marketing.eu\/comunicatistampa\/wp-json\/wp\/v2\/media?parent=16462"}],"wp:term":[{"taxonomy":"category","embeddable":true,"href":"https:\/\/www.article-marketing.eu\/comunicatistampa\/wp-json\/wp\/v2\/categories?post=16462"},{"taxonomy":"post_tag","embeddable":true,"href":"https:\/\/www.article-marketing.eu\/comunicatistampa\/wp-json\/wp\/v2\/tags?post=16462"}],"curies":[{"name":"wp","href":"https:\/\/api.w.org\/{rel}","templated":true}]}}