{"id":16497,"date":"2020-11-12T04:41:05","date_gmt":"2020-11-12T03:41:05","guid":{"rendered":"https:\/\/www.article-marketing.eu\/comunicatistampa\/?p=16497"},"modified":"2020-11-12T04:41:05","modified_gmt":"2020-11-12T03:41:05","slug":"il-calendario-dellavvento-di-come-nuovo-milano","status":"publish","type":"post","link":"https:\/\/www.article-marketing.eu\/comunicatistampa\/il-calendario-dellavvento-di-come-nuovo-milano\/","title":{"rendered":"Il Calendario dell&#8217;avvento di Come Nuovo Milano"},"content":{"rendered":"<p><span style=\"font-family: arial, helvetica, sans-serif; font-size: 12pt;\">Il calendario dell\u2019avvento di Come Nuovo Milano.<\/span><br \/>\n<span style=\"font-family: arial, helvetica, sans-serif; font-size: 12pt;\">Come funziona?<\/span><br \/>\n<span style=\"font-family: arial, helvetica, sans-serif; font-size: 12pt;\"><span class=\"pq6dq46d tbxw36s4 knj5qynh kvgmc6g5 ditlmg2l oygrvhab nvdbi5me sf5mxxl7 gl3lb2sf hhz5lgdu\"><img loading=\"lazy\" decoding=\"async\" src=\"https:\/\/static.xx.fbcdn.net\/images\/emoji.php\/v9\/t7\/1\/16\/1f384.png\" alt=\"?\" width=\"16\" height=\"16\" \/><\/span>Dal 1 Dicembre ogni giorno estrarro\u0300 un prodotto della collezione autunno\/inverno tramite video IGTV, storie e reel<\/span><br \/>\n<span style=\"font-family: arial, helvetica, sans-serif; font-size: 12pt;\"><span class=\"pq6dq46d tbxw36s4 knj5qynh kvgmc6g5 ditlmg2l oygrvhab nvdbi5me sf5mxxl7 gl3lb2sf hhz5lgdu\"><img loading=\"lazy\" decoding=\"async\" src=\"https:\/\/static.xx.fbcdn.net\/images\/emoji.php\/v9\/t7\/1\/16\/1f384.png\" alt=\"?\" width=\"16\" height=\"16\" \/><\/span>Il prodotto estratto sara\u0300 scontato del 50% con spedizione gratuita (qualora ci fosse da spedirlo) per tutta la giornata dell\u2019estrazione (fino alle 24)<\/span><br \/>\n<span style=\"font-family: arial, helvetica, sans-serif; font-size: 12pt;\"><span class=\"pq6dq46d tbxw36s4 knj5qynh kvgmc6g5 ditlmg2l oygrvhab nvdbi5me sf5mxxl7 gl3lb2sf hhz5lgdu\"><img loading=\"lazy\" decoding=\"async\" src=\"https:\/\/static.xx.fbcdn.net\/images\/emoji.php\/v9\/t7\/1\/16\/1f384.png\" alt=\"?\" width=\"16\" height=\"16\" \/><\/span>Per poterlo comprare bastera\u0300 usufruire di uno dei tanti canali dove sono presente (Instagram, Facebook, Shpock, Depop, sito -link in bio)<\/span><br \/>\n<span style=\"font-family: arial, helvetica, sans-serif; font-size: 12pt;\"><span class=\"pq6dq46d tbxw36s4 knj5qynh kvgmc6g5 ditlmg2l oygrvhab nvdbi5me sf5mxxl7 gl3lb2sf hhz5lgdu\"><img loading=\"lazy\" decoding=\"async\" src=\"https:\/\/static.xx.fbcdn.net\/images\/emoji.php\/v9\/t7\/1\/16\/1f384.png\" alt=\"?\" width=\"16\" height=\"16\" \/><\/span>La promozione e\u0300 valida SOLO per i miei follower. Quindi seguitemi su Instagram\u00a0<span class=\"pq6dq46d tbxw36s4 knj5qynh kvgmc6g5 ditlmg2l oygrvhab nvdbi5me sf5mxxl7 gl3lb2sf hhz5lgdu\"><img loading=\"lazy\" decoding=\"async\" src=\"https:\/\/static.xx.fbcdn.net\/images\/emoji.php\/v9\/tfb\/1\/16\/1f64f_1f3fb.png\" alt=\"??\" width=\"16\" height=\"16\" \/><\/span><\/span><br \/>\n<span style=\"font-family: arial, helvetica, sans-serif; font-size: 12pt;\"><span class=\"pq6dq46d tbxw36s4 knj5qynh kvgmc6g5 ditlmg2l oygrvhab nvdbi5me sf5mxxl7 gl3lb2sf hhz5lgdu\"><img loading=\"lazy\" decoding=\"async\" src=\"https:\/\/static.xx.fbcdn.net\/images\/emoji.php\/v9\/tac\/1\/16\/1f4cc.png\" alt=\"?\" width=\"16\" height=\"16\" \/><\/span>IMPORTANTE: ogni prodotto e\u0300 singolo quindi affrettatevi perche\u0301 potrebbe esaurirsi in men che non si dica<\/span><\/p>\n<p><span style=\"font-family: arial, helvetica, sans-serif; font-size: 12pt;\">Partecipa all&#8217;evento su Facebook\u00a0 <a href=\"https:\/\/www.facebook.com\/events\/377133016887390\/\">https:\/\/www.facebook.com\/events\/377133016887390\/<\/a><\/span><\/p>\n<p><span style=\"font-family: arial, helvetica, sans-serif; font-size: 12pt;\">Seguimi su Instagram\u00a0 <a href=\"https:\/\/www.instagram.com\/p\/CHFce2sg0Oh\/\">https:\/\/www.instagram.com\/p\/CHFce2sg0Oh\/<\/a><\/span><\/p>\n<p><span style=\"font-family: arial, helvetica, sans-serif; font-size: 12pt;\">VI ASPETTO<\/span><\/p>\n<p><span style=\"font-family: arial, helvetica, sans-serif; font-size: 12pt;\">(Un\u00a0<a title=\"Calendario\" href=\"https:\/\/it.wikipedia.org\/wiki\/Calendario\">calendario<\/a>\u00a0dell&#8217;avvento\u00a0mostra i giorni rimanenti fino alla\u00a0vigilia di Natale. Si tratta di un&#8217;usanza molto diffusa nei paesi di lingua tedesca, dedicata ai bambini per accompagnare il periodo di attesa della grande festa. I calendari tradizionali iniziano il conto la prima domenica dell&#8217;avvento, mentre oggi si usa iniziare il\u00a0primo dicembre. A partire dal\u00a01920\u00a0si diffondono in\u00a0Germania calendari di cartone con 24 finestre riempite con forme di cioccolata raffiguranti motivi natalizi. I calendari dell&#8217;avvento di questo tipo conoscono una diffusione sempre pi\u00f9 ampia in Europa e negli Stati Uniti.)<\/span><\/p>\n<div id=\"comp-kamq2it6\" class=\"txtNew\" data-packed=\"true\" data-vertical-text=\"false\">\n<h2 class=\"font_2\"><span style=\"font-family: arial, helvetica, sans-serif; font-size: 12pt;\">Ciao e benvenuto\/a sul mio sito!<\/span><\/h2>\n<h2 class=\"font_2\"><span style=\"font-family: arial, helvetica, sans-serif; font-size: 12pt;\">Come puoi leggere nel titolo \u00e8 uno shop temporaneo online dove ho messo in vendita alcuni capi d&#8217;abbigliamento per Donna e Uomo che nel corso del tempo e soprattutto dello shopping su shopping &#8220;perch\u00e8 non ho niente da mettermi&#8221; sono stati, per cos\u00ec dire, lasciati da parte.<\/span><\/h2>\n<h2 class=\"font_2\"><span style=\"font-family: arial, helvetica, sans-serif; font-size: 12pt;\">Sono tutti capi in pi\u00f9 che buone condizioni e messi pochissime volte, se non nessuna.<\/span><\/h2>\n<h2 class=\"font_2\"><span style=\"font-family: arial, helvetica, sans-serif; font-size: 12pt;\">Per ogni capo ci sono foto da pi\u00f9 lati e nei particolari e indicazioni sull&#8217;usura, eventuali difetti, colore, taglia (ed eventuali annotazioni circa il &#8220;cadere&#8221; dell&#8217;abito) e istruzioni per il lavaggio.<\/span><\/h2>\n<h2 class=\"font_2\"><span style=\"font-family: arial, helvetica, sans-serif; font-size: 12pt;\">Ogni capo \u00e8 nella misura di 1; inviandomi l&#8217;ordine o notificandomi il vostro interesse entrerete direttamente in contatto con me per i dettagli e la finalizzazione dell&#8217;acquisto dal pagamento alla consegna. Se siete della zona di Milano, quindi per facilmente raggiungibile consegner\u00f2 il capo acquistato di persona, altrimenti lo dovr\u00f2 spedire con un sovrapprezzo di 5\u20ac sull&#8217;ordine.<\/span><\/h2>\n<p>AGGIORNAMENTO COVID: In questo momento essendo la Lombardia in zona rossa, anche su Milano, gli ordini verranno spediti. Per tutti le spese di spedizione saranno di 5\u20ac da aggiungere al prezzo del capo acquistato; per gli ordini uguali o superiori a 25\u20ac la spedizione \u00e8 GRATUITA<\/p>\n<h2 class=\"font_2\"><span style=\"font-family: arial, helvetica, sans-serif; font-size: 12pt;\">Se le foto e la descrizioni non dovessero colmare ogni curiosit\u00e0 potete contattarmi attraverso il form nella sezione &#8220;Contact&#8221; e vi risponder\u00f2 al pi\u00f9 presto.<\/span><\/h2>\n<h2 class=\"font_2\"><span style=\"font-family: arial, helvetica, sans-serif; font-size: 12pt;\">Non mi resta che augurarvi buona navigazione e, speriamo, buono shopping.<\/span><\/h2>\n<\/div>\n<div id=\"comp-kamqj67d\" class=\"style-kea3v893\" data-align=\"center\" data-disabled=\"false\" data-margin=\"0\" data-should-use-flex=\"true\" data-width=\"210\" data-height=\"40\" data-state=\"desktop shouldUseFlex center\"><\/div>\n<p>&nbsp;<\/p>\n","protected":false},"excerpt":{"rendered":"<p>Il calendario dell\u2019avvento di Come Nuovo Milano. Come funziona? Dal 1 Dicembre ogni giorno estrarro\u0300 un prodotto della collezione autunno\/inverno tramite video IGTV, storie e reel Il prodotto estratto sara\u0300 scontato del 50% con spedizione gratuita (qualora ci fosse da spedirlo) per tutta la giornata dell\u2019estrazione (fino alle 24) Per poterlo comprare bastera\u0300 usufruire di uno dei tanti canali dove sono presente (Instagram, Facebook, Shpock, Depop, sito -link in bio)<\/p>\n<p><a class=\"continue-reading\" href=\"https:\/\/www.article-marketing.eu\/comunicatistampa\/il-calendario-dellavvento-di-come-nuovo-milano\/\">Continue reading&#8230;<\/a><\/p>\n","protected":false},"author":6067,"featured_media":0,"comment_status":"open","ping_status":"open","sticky":false,"template":"","format":"standard","meta":{"_monsterinsights_skip_tracking":false,"_monsterinsights_sitenote_active":false,"_monsterinsights_sitenote_note":"","_monsterinsights_sitenote_category":0,"footnotes":""},"categories":[403,78,392,393,395],"tags":[6861,940,305,3051,638],"class_list":["post-16497","post","type-post","status-publish","format-standard","hentry","category-casa","category-comunicati-stampa","category-eventi","category-prodotti","category-web","tag-calendario","tag-evento","tag-facebook","tag-natale","tag-shopping"],"yoast_head":"<!-- This site is optimized with the Yoast SEO plugin v27.3 - https:\/\/yoast.com\/product\/yoast-seo-wordpress\/ -->\n<title>Il Calendario dell&#039;avvento di Come Nuovo Milano - Article Marketing<\/title>\n<meta name=\"description\" content=\"Il Calendario dell&#039;avvento di Come Nuovo Milano Comunicati stampa\" \/>\n<meta name=\"robots\" content=\"index, follow, max-snippet:-1, max-image-preview:large, max-video-preview:-1\" \/>\n<link rel=\"canonical\" href=\"https:\/\/www.article-marketing.eu\/comunicatistampa\/il-calendario-dellavvento-di-come-nuovo-milano\/\" \/>\n<meta property=\"og:locale\" content=\"it_IT\" \/>\n<meta property=\"og:type\" content=\"article\" \/>\n<meta property=\"og:title\" content=\"Il Calendario dell&#039;avvento di Come Nuovo Milano - Article Marketing\" \/>\n<meta property=\"og:description\" content=\"Il Calendario dell&#039;avvento di Come Nuovo Milano Comunicati stampa\" \/>\n<meta property=\"og:url\" content=\"https:\/\/www.article-marketing.eu\/comunicatistampa\/il-calendario-dellavvento-di-come-nuovo-milano\/\" \/>\n<meta property=\"og:site_name\" content=\"Article Marketing\" \/>\n<meta property=\"article:published_time\" content=\"2020-11-12T03:41:05+00:00\" \/>\n<meta property=\"og:image\" content=\"https:\/\/static.xx.fbcdn.net\/images\/emoji.php\/v9\/t7\/1\/16\/1f384.png\" \/>\n<meta name=\"author\" content=\"Come Nuovo Milano\" \/>\n<meta name=\"twitter:card\" content=\"summary_large_image\" \/>\n<meta name=\"twitter:label1\" content=\"Scritto da\" \/>\n\t<meta name=\"twitter:data1\" content=\"Come Nuovo Milano\" \/>\n\t<meta name=\"twitter:label2\" content=\"Tempo di lettura stimato\" \/>\n\t<meta name=\"twitter:data2\" content=\"2 minuti\" \/>\n<script type=\"application\/ld+json\" class=\"yoast-schema-graph\">{\"@context\":\"https:\\\/\\\/schema.org\",\"@graph\":[{\"@type\":\"Article\",\"@id\":\"https:\\\/\\\/www.article-marketing.eu\\\/comunicatistampa\\\/il-calendario-dellavvento-di-come-nuovo-milano\\\/#article\",\"isPartOf\":{\"@id\":\"https:\\\/\\\/www.article-marketing.eu\\\/comunicatistampa\\\/il-calendario-dellavvento-di-come-nuovo-milano\\\/\"},\"author\":{\"name\":\"Come Nuovo Milano\",\"@id\":\"https:\\\/\\\/www.article-marketing.eu\\\/comunicatistampa\\\/#\\\/schema\\\/person\\\/5f843d1dac47451042c4d76c522d0fca\"},\"headline\":\"Il Calendario dell&#8217;avvento di Come Nuovo Milano\",\"datePublished\":\"2020-11-12T03:41:05+00:00\",\"mainEntityOfPage\":{\"@id\":\"https:\\\/\\\/www.article-marketing.eu\\\/comunicatistampa\\\/il-calendario-dellavvento-di-come-nuovo-milano\\\/\"},\"wordCount\":452,\"commentCount\":0,\"image\":{\"@id\":\"https:\\\/\\\/www.article-marketing.eu\\\/comunicatistampa\\\/il-calendario-dellavvento-di-come-nuovo-milano\\\/#primaryimage\"},\"thumbnailUrl\":\"https:\\\/\\\/static.xx.fbcdn.net\\\/images\\\/emoji.php\\\/v9\\\/t7\\\/1\\\/16\\\/1f384.png\",\"keywords\":[\"calendario\",\"evento\",\"Facebook\",\"Natale\",\"shopping\"],\"articleSection\":[\"Casa\",\"Comunicati stampa\",\"Eventi\",\"Prodotti\",\"Web\"],\"inLanguage\":\"it-IT\",\"potentialAction\":[{\"@type\":\"CommentAction\",\"name\":\"Comment\",\"target\":[\"https:\\\/\\\/www.article-marketing.eu\\\/comunicatistampa\\\/il-calendario-dellavvento-di-come-nuovo-milano\\\/#respond\"]}]},{\"@type\":\"WebPage\",\"@id\":\"https:\\\/\\\/www.article-marketing.eu\\\/comunicatistampa\\\/il-calendario-dellavvento-di-come-nuovo-milano\\\/\",\"url\":\"https:\\\/\\\/www.article-marketing.eu\\\/comunicatistampa\\\/il-calendario-dellavvento-di-come-nuovo-milano\\\/\",\"name\":\"Il Calendario dell'avvento di Come Nuovo Milano - Article Marketing\",\"isPartOf\":{\"@id\":\"https:\\\/\\\/www.article-marketing.eu\\\/comunicatistampa\\\/#website\"},\"primaryImageOfPage\":{\"@id\":\"https:\\\/\\\/www.article-marketing.eu\\\/comunicatistampa\\\/il-calendario-dellavvento-di-come-nuovo-milano\\\/#primaryimage\"},\"image\":{\"@id\":\"https:\\\/\\\/www.article-marketing.eu\\\/comunicatistampa\\\/il-calendario-dellavvento-di-come-nuovo-milano\\\/#primaryimage\"},\"thumbnailUrl\":\"https:\\\/\\\/static.xx.fbcdn.net\\\/images\\\/emoji.php\\\/v9\\\/t7\\\/1\\\/16\\\/1f384.png\",\"datePublished\":\"2020-11-12T03:41:05+00:00\",\"author\":{\"@id\":\"https:\\\/\\\/www.article-marketing.eu\\\/comunicatistampa\\\/#\\\/schema\\\/person\\\/5f843d1dac47451042c4d76c522d0fca\"},\"description\":\"Il Calendario dell'avvento di Come Nuovo Milano Comunicati stampa\",\"breadcrumb\":{\"@id\":\"https:\\\/\\\/www.article-marketing.eu\\\/comunicatistampa\\\/il-calendario-dellavvento-di-come-nuovo-milano\\\/#breadcrumb\"},\"inLanguage\":\"it-IT\",\"potentialAction\":[{\"@type\":\"ReadAction\",\"target\":[\"https:\\\/\\\/www.article-marketing.eu\\\/comunicatistampa\\\/il-calendario-dellavvento-di-come-nuovo-milano\\\/\"]}]},{\"@type\":\"ImageObject\",\"inLanguage\":\"it-IT\",\"@id\":\"https:\\\/\\\/www.article-marketing.eu\\\/comunicatistampa\\\/il-calendario-dellavvento-di-come-nuovo-milano\\\/#primaryimage\",\"url\":\"https:\\\/\\\/static.xx.fbcdn.net\\\/images\\\/emoji.php\\\/v9\\\/t7\\\/1\\\/16\\\/1f384.png\",\"contentUrl\":\"https:\\\/\\\/static.xx.fbcdn.net\\\/images\\\/emoji.php\\\/v9\\\/t7\\\/1\\\/16\\\/1f384.png\"},{\"@type\":\"BreadcrumbList\",\"@id\":\"https:\\\/\\\/www.article-marketing.eu\\\/comunicatistampa\\\/il-calendario-dellavvento-di-come-nuovo-milano\\\/#breadcrumb\",\"itemListElement\":[{\"@type\":\"ListItem\",\"position\":1,\"name\":\"Home\",\"item\":\"https:\\\/\\\/www.article-marketing.eu\\\/comunicatistampa\\\/\"},{\"@type\":\"ListItem\",\"position\":2,\"name\":\"Il Calendario dell&#8217;avvento di Come Nuovo Milano\"}]},{\"@type\":\"WebSite\",\"@id\":\"https:\\\/\\\/www.article-marketing.eu\\\/comunicatistampa\\\/#website\",\"url\":\"https:\\\/\\\/www.article-marketing.eu\\\/comunicatistampa\\\/\",\"name\":\"Article Marketing\",\"description\":\"article marketing &amp; press release\",\"potentialAction\":[{\"@type\":\"SearchAction\",\"target\":{\"@type\":\"EntryPoint\",\"urlTemplate\":\"https:\\\/\\\/www.article-marketing.eu\\\/comunicatistampa\\\/?s={search_term_string}\"},\"query-input\":{\"@type\":\"PropertyValueSpecification\",\"valueRequired\":true,\"valueName\":\"search_term_string\"}}],\"inLanguage\":\"it-IT\"},{\"@type\":\"Person\",\"@id\":\"https:\\\/\\\/www.article-marketing.eu\\\/comunicatistampa\\\/#\\\/schema\\\/person\\\/5f843d1dac47451042c4d76c522d0fca\",\"name\":\"Come Nuovo Milano\",\"image\":{\"@type\":\"ImageObject\",\"inLanguage\":\"it-IT\",\"@id\":\"https:\\\/\\\/secure.gravatar.com\\\/avatar\\\/5ab8e35c7c8353103f29b85c07a9982dfff38f7c1ea1ee8eb6c149f4c99d0339?s=96&d=mm&r=g\",\"url\":\"https:\\\/\\\/secure.gravatar.com\\\/avatar\\\/5ab8e35c7c8353103f29b85c07a9982dfff38f7c1ea1ee8eb6c149f4c99d0339?s=96&d=mm&r=g\",\"contentUrl\":\"https:\\\/\\\/secure.gravatar.com\\\/avatar\\\/5ab8e35c7c8353103f29b85c07a9982dfff38f7c1ea1ee8eb6c149f4c99d0339?s=96&d=mm&r=g\",\"caption\":\"Come Nuovo Milano\"},\"url\":\"https:\\\/\\\/www.article-marketing.eu\\\/comunicatistampa\\\/author\\\/come-nuovo-milano\\\/\"}]}<\/script>\n<!-- \/ Yoast SEO plugin. -->","yoast_head_json":{"title":"Il Calendario dell'avvento di Come Nuovo Milano - Article Marketing","description":"Il Calendario dell'avvento di Come Nuovo Milano Comunicati stampa","robots":{"index":"index","follow":"follow","max-snippet":"max-snippet:-1","max-image-preview":"max-image-preview:large","max-video-preview":"max-video-preview:-1"},"canonical":"https:\/\/www.article-marketing.eu\/comunicatistampa\/il-calendario-dellavvento-di-come-nuovo-milano\/","og_locale":"it_IT","og_type":"article","og_title":"Il Calendario dell'avvento di Come Nuovo Milano - Article Marketing","og_description":"Il Calendario dell'avvento di Come Nuovo Milano Comunicati stampa","og_url":"https:\/\/www.article-marketing.eu\/comunicatistampa\/il-calendario-dellavvento-di-come-nuovo-milano\/","og_site_name":"Article Marketing","article_published_time":"2020-11-12T03:41:05+00:00","og_image":[{"url":"https:\/\/static.xx.fbcdn.net\/images\/emoji.php\/v9\/t7\/1\/16\/1f384.png","type":"","width":"","height":""}],"author":"Come Nuovo Milano","twitter_card":"summary_large_image","twitter_misc":{"Scritto da":"Come Nuovo Milano","Tempo di lettura stimato":"2 minuti"},"schema":{"@context":"https:\/\/schema.org","@graph":[{"@type":"Article","@id":"https:\/\/www.article-marketing.eu\/comunicatistampa\/il-calendario-dellavvento-di-come-nuovo-milano\/#article","isPartOf":{"@id":"https:\/\/www.article-marketing.eu\/comunicatistampa\/il-calendario-dellavvento-di-come-nuovo-milano\/"},"author":{"name":"Come Nuovo Milano","@id":"https:\/\/www.article-marketing.eu\/comunicatistampa\/#\/schema\/person\/5f843d1dac47451042c4d76c522d0fca"},"headline":"Il Calendario dell&#8217;avvento di Come Nuovo Milano","datePublished":"2020-11-12T03:41:05+00:00","mainEntityOfPage":{"@id":"https:\/\/www.article-marketing.eu\/comunicatistampa\/il-calendario-dellavvento-di-come-nuovo-milano\/"},"wordCount":452,"commentCount":0,"image":{"@id":"https:\/\/www.article-marketing.eu\/comunicatistampa\/il-calendario-dellavvento-di-come-nuovo-milano\/#primaryimage"},"thumbnailUrl":"https:\/\/static.xx.fbcdn.net\/images\/emoji.php\/v9\/t7\/1\/16\/1f384.png","keywords":["calendario","evento","Facebook","Natale","shopping"],"articleSection":["Casa","Comunicati stampa","Eventi","Prodotti","Web"],"inLanguage":"it-IT","potentialAction":[{"@type":"CommentAction","name":"Comment","target":["https:\/\/www.article-marketing.eu\/comunicatistampa\/il-calendario-dellavvento-di-come-nuovo-milano\/#respond"]}]},{"@type":"WebPage","@id":"https:\/\/www.article-marketing.eu\/comunicatistampa\/il-calendario-dellavvento-di-come-nuovo-milano\/","url":"https:\/\/www.article-marketing.eu\/comunicatistampa\/il-calendario-dellavvento-di-come-nuovo-milano\/","name":"Il Calendario dell'avvento di Come Nuovo Milano - Article Marketing","isPartOf":{"@id":"https:\/\/www.article-marketing.eu\/comunicatistampa\/#website"},"primaryImageOfPage":{"@id":"https:\/\/www.article-marketing.eu\/comunicatistampa\/il-calendario-dellavvento-di-come-nuovo-milano\/#primaryimage"},"image":{"@id":"https:\/\/www.article-marketing.eu\/comunicatistampa\/il-calendario-dellavvento-di-come-nuovo-milano\/#primaryimage"},"thumbnailUrl":"https:\/\/static.xx.fbcdn.net\/images\/emoji.php\/v9\/t7\/1\/16\/1f384.png","datePublished":"2020-11-12T03:41:05+00:00","author":{"@id":"https:\/\/www.article-marketing.eu\/comunicatistampa\/#\/schema\/person\/5f843d1dac47451042c4d76c522d0fca"},"description":"Il Calendario dell'avvento di Come Nuovo Milano Comunicati stampa","breadcrumb":{"@id":"https:\/\/www.article-marketing.eu\/comunicatistampa\/il-calendario-dellavvento-di-come-nuovo-milano\/#breadcrumb"},"inLanguage":"it-IT","potentialAction":[{"@type":"ReadAction","target":["https:\/\/www.article-marketing.eu\/comunicatistampa\/il-calendario-dellavvento-di-come-nuovo-milano\/"]}]},{"@type":"ImageObject","inLanguage":"it-IT","@id":"https:\/\/www.article-marketing.eu\/comunicatistampa\/il-calendario-dellavvento-di-come-nuovo-milano\/#primaryimage","url":"https:\/\/static.xx.fbcdn.net\/images\/emoji.php\/v9\/t7\/1\/16\/1f384.png","contentUrl":"https:\/\/static.xx.fbcdn.net\/images\/emoji.php\/v9\/t7\/1\/16\/1f384.png"},{"@type":"BreadcrumbList","@id":"https:\/\/www.article-marketing.eu\/comunicatistampa\/il-calendario-dellavvento-di-come-nuovo-milano\/#breadcrumb","itemListElement":[{"@type":"ListItem","position":1,"name":"Home","item":"https:\/\/www.article-marketing.eu\/comunicatistampa\/"},{"@type":"ListItem","position":2,"name":"Il Calendario dell&#8217;avvento di Come Nuovo Milano"}]},{"@type":"WebSite","@id":"https:\/\/www.article-marketing.eu\/comunicatistampa\/#website","url":"https:\/\/www.article-marketing.eu\/comunicatistampa\/","name":"Article Marketing","description":"article marketing &amp; press release","potentialAction":[{"@type":"SearchAction","target":{"@type":"EntryPoint","urlTemplate":"https:\/\/www.article-marketing.eu\/comunicatistampa\/?s={search_term_string}"},"query-input":{"@type":"PropertyValueSpecification","valueRequired":true,"valueName":"search_term_string"}}],"inLanguage":"it-IT"},{"@type":"Person","@id":"https:\/\/www.article-marketing.eu\/comunicatistampa\/#\/schema\/person\/5f843d1dac47451042c4d76c522d0fca","name":"Come Nuovo Milano","image":{"@type":"ImageObject","inLanguage":"it-IT","@id":"https:\/\/secure.gravatar.com\/avatar\/5ab8e35c7c8353103f29b85c07a9982dfff38f7c1ea1ee8eb6c149f4c99d0339?s=96&d=mm&r=g","url":"https:\/\/secure.gravatar.com\/avatar\/5ab8e35c7c8353103f29b85c07a9982dfff38f7c1ea1ee8eb6c149f4c99d0339?s=96&d=mm&r=g","contentUrl":"https:\/\/secure.gravatar.com\/avatar\/5ab8e35c7c8353103f29b85c07a9982dfff38f7c1ea1ee8eb6c149f4c99d0339?s=96&d=mm&r=g","caption":"Come Nuovo Milano"},"url":"https:\/\/www.article-marketing.eu\/comunicatistampa\/author\/come-nuovo-milano\/"}]}},"_links":{"self":[{"href":"https:\/\/www.article-marketing.eu\/comunicatistampa\/wp-json\/wp\/v2\/posts\/16497","targetHints":{"allow":["GET"]}}],"collection":[{"href":"https:\/\/www.article-marketing.eu\/comunicatistampa\/wp-json\/wp\/v2\/posts"}],"about":[{"href":"https:\/\/www.article-marketing.eu\/comunicatistampa\/wp-json\/wp\/v2\/types\/post"}],"author":[{"embeddable":true,"href":"https:\/\/www.article-marketing.eu\/comunicatistampa\/wp-json\/wp\/v2\/users\/6067"}],"replies":[{"embeddable":true,"href":"https:\/\/www.article-marketing.eu\/comunicatistampa\/wp-json\/wp\/v2\/comments?post=16497"}],"version-history":[{"count":5,"href":"https:\/\/www.article-marketing.eu\/comunicatistampa\/wp-json\/wp\/v2\/posts\/16497\/revisions"}],"predecessor-version":[{"id":16516,"href":"https:\/\/www.article-marketing.eu\/comunicatistampa\/wp-json\/wp\/v2\/posts\/16497\/revisions\/16516"}],"wp:attachment":[{"href":"https:\/\/www.article-marketing.eu\/comunicatistampa\/wp-json\/wp\/v2\/media?parent=16497"}],"wp:term":[{"taxonomy":"category","embeddable":true,"href":"https:\/\/www.article-marketing.eu\/comunicatistampa\/wp-json\/wp\/v2\/categories?post=16497"},{"taxonomy":"post_tag","embeddable":true,"href":"https:\/\/www.article-marketing.eu\/comunicatistampa\/wp-json\/wp\/v2\/tags?post=16497"}],"curies":[{"name":"wp","href":"https:\/\/api.w.org\/{rel}","templated":true}]}}