{"id":16510,"date":"2020-11-12T04:42:14","date_gmt":"2020-11-12T03:42:14","guid":{"rendered":"https:\/\/www.article-marketing.eu\/comunicatistampa\/?p=16510"},"modified":"2020-11-12T04:42:14","modified_gmt":"2020-11-12T03:42:14","slug":"denise-fotografia","status":"publish","type":"post","link":"https:\/\/www.article-marketing.eu\/comunicatistampa\/denise-fotografia\/","title":{"rendered":"Denise \u201cFotografia\u201d"},"content":{"rendered":"<p style=\"text-align: center;\"><strong><i>Terzo singolo per la giovanissima e talentuosa artista\u00a0<\/i><\/strong><\/p>\n<p><img loading=\"lazy\" decoding=\"async\" class=\"aligncenter\" src=\"https:\/\/www.joyfreepress.com\/wp-content\/uploads\/2020\/11\/Cover-Denise-Fotografia.jpg\" width=\"483\" height=\"483\" \/><\/p>\n<p>Sulle radio nazionali \u201cFotografia\u201d, terzo singolo della giovanissima e talentuosa Artista Denise Corallo in Arte DENISE. Questo brano, presentato in concorso a Sanremo Giovani 2020, \u00e8 stato interamente composto da DENISE ed \u00e8 accompagnato da un videoclip che esprime in pieno l&#8217;intensit\u00e0 del testo in cui l&#8217;Artista si confessa dando vita ad un&#8217;analisi introspettiva dove le immagini e le riprese danno forma alle parole che descrivono conflitti ed ansie interiori di una giovane ragazza. Ci racconta la stessa DENISE attraverso le sue parole: \u201cGuardi il tuo riflesso, non sembra lo stesso, ti sei presa a pugni senza farti male, pensi sia diverso ma anche il cielo immenso \u00e8 poi lo stesso, volevi fuggire e poi&#8230; Questa vita impressa in fotografia, tutto \u00e8 limitato non pu\u00f2 andare via, questo spazio che sembrava una prigione, con le chiavi in tasca che fanno rumore\u201d.<\/p>\n<p><iframe loading=\"lazy\" title=\"Denise - Fotografia, Official Music Video 2020 - SUD IN SOUND Napoli\" width=\"1050\" height=\"591\" src=\"https:\/\/www.youtube.com\/embed\/zw6pizygyt4?feature=oembed\" frameborder=\"0\" allow=\"accelerometer; autoplay; clipboard-write; encrypted-media; gyroscope; picture-in-picture\" allowfullscreen><\/iframe><\/p>\n<p>Denise Giusy Corallo nasce a Napoli nel 2002 e sin da piccola coltiva una fortissima passione per il canto, spronata dalla madre, fino ad iniziare professionalmente lo studio del canto nel 2018 con il noto Maestro Angelo Iossa. Oltre ad aver gi\u00e0 pubblicato 2 singoli, sempre sue canzoni ma in lingua inglese e con uno stile pi\u00f9 rivolto alla sensibilit\u00e0 internazionale, DENISE ha all&#8217;attivo molte esperienze come corista in studio di registrazione per diverse produzioni discografiche e vanta altres\u00ec una presenza live sui palcoscenici sia da solista che come corista anche con Artisti di fama quali Tullio de Piscopo e Tony Esposito. L&#8217;Artista inizia nel 2019 a registrare i primi singoli presso la \u201cSud In Sound\u201d di Napoli, Etichetta e Studi di Registrazione di Aniello Misto e del M\u00b0 Gennaro e Franco ed oggi, con la loro Direzione Artistica sta realizzare un&#8217;intera Produzione Discografica che prevede l&#8217;uscita del suo primo Album nella primavera del 2021.<\/p>\n<p>Fotografia (Denise Giusy Corallo)<br \/>\n\u00a92020 &amp; (P)2020 Associazione Culturale Musicale SUD IN SOUND &amp; Maffucci Music<\/p>\n<p><a href=\"https:\/\/www.instagram.com\/_corallodenise_\/?hl=it\">https:\/\/www.instagram.com\/_corallodenise_\/?hl=it<\/a><br \/>\n<a href=\"https:\/\/sudinsound.it\">https:\/\/sudinsound.it<\/a><br \/>\n<a href=\"mailto:info@sudinsound.it\">info@sudinsound.it<\/a><\/p>\n","protected":false},"excerpt":{"rendered":"<p>Terzo singolo per la giovanissima e talentuosa artista\u00a0 Sulle radio nazionali \u201cFotografia\u201d, terzo singolo della giovanissima e talentuosa Artista Denise Corallo in Arte DENISE. Questo brano, presentato in concorso a Sanremo Giovani 2020, \u00e8 stato interamente composto da DENISE ed \u00e8 accompagnato da un videoclip che esprime in pieno l&#8217;intensit\u00e0 del testo in cui l&#8217;Artista si confessa dando vita ad un&#8217;analisi introspettiva dove le immagini e le riprese danno forma<\/p>\n<p><a class=\"continue-reading\" href=\"https:\/\/www.article-marketing.eu\/comunicatistampa\/denise-fotografia\/\">Continue reading&#8230;<\/a><\/p>\n","protected":false},"author":1680,"featured_media":0,"comment_status":"open","ping_status":"open","sticky":false,"template":"","format":"standard","meta":{"_monsterinsights_skip_tracking":false,"_monsterinsights_sitenote_active":false,"_monsterinsights_sitenote_note":"","_monsterinsights_sitenote_category":0,"footnotes":""},"categories":[367],"tags":[6865,516,3522],"class_list":["post-16510","post","type-post","status-publish","format-standard","hentry","category-news-e-attualita","tag-denise","tag-fotografia","tag-singolo"],"yoast_head":"<!-- This site is optimized with the Yoast SEO plugin v27.3 - https:\/\/yoast.com\/product\/yoast-seo-wordpress\/ -->\n<title>Denise \u201cFotografia\u201d - Article Marketing<\/title>\n<meta name=\"robots\" content=\"index, follow, max-snippet:-1, max-image-preview:large, max-video-preview:-1\" \/>\n<link rel=\"canonical\" href=\"https:\/\/www.article-marketing.eu\/comunicatistampa\/denise-fotografia\/\" \/>\n<meta property=\"og:locale\" content=\"it_IT\" \/>\n<meta property=\"og:type\" content=\"article\" \/>\n<meta property=\"og:title\" content=\"Denise \u201cFotografia\u201d - Article Marketing\" \/>\n<meta property=\"og:description\" content=\"Terzo singolo per la giovanissima e talentuosa artista\u00a0 Sulle radio nazionali \u201cFotografia\u201d, terzo singolo della giovanissima e talentuosa Artista Denise Corallo in Arte DENISE. Questo brano, presentato in concorso a Sanremo Giovani 2020, \u00e8 stato interamente composto da DENISE ed \u00e8 accompagnato da un videoclip che esprime in pieno l&#8217;intensit\u00e0 del testo in cui l&#8217;Artista si confessa dando vita ad un&#8217;analisi introspettiva dove le immagini e le riprese danno formaContinue reading...\" \/>\n<meta property=\"og:url\" content=\"https:\/\/www.article-marketing.eu\/comunicatistampa\/denise-fotografia\/\" \/>\n<meta property=\"og:site_name\" content=\"Article Marketing\" \/>\n<meta property=\"article:published_time\" content=\"2020-11-12T03:42:14+00:00\" \/>\n<meta property=\"og:image\" content=\"https:\/\/www.joyfreepress.com\/wp-content\/uploads\/2020\/11\/Cover-Denise-Fotografia.jpg\" \/>\n<meta name=\"author\" content=\"Micro961\" \/>\n<meta name=\"twitter:card\" content=\"summary_large_image\" \/>\n<meta name=\"twitter:label1\" content=\"Scritto da\" \/>\n\t<meta name=\"twitter:data1\" content=\"Micro961\" \/>\n\t<meta name=\"twitter:label2\" content=\"Tempo di lettura stimato\" \/>\n\t<meta name=\"twitter:data2\" content=\"2 minuti\" \/>\n<script type=\"application\/ld+json\" class=\"yoast-schema-graph\">{\"@context\":\"https:\\\/\\\/schema.org\",\"@graph\":[{\"@type\":\"Article\",\"@id\":\"https:\\\/\\\/www.article-marketing.eu\\\/comunicatistampa\\\/denise-fotografia\\\/#article\",\"isPartOf\":{\"@id\":\"https:\\\/\\\/www.article-marketing.eu\\\/comunicatistampa\\\/denise-fotografia\\\/\"},\"author\":{\"name\":\"Micro961\",\"@id\":\"https:\\\/\\\/www.article-marketing.eu\\\/comunicatistampa\\\/#\\\/schema\\\/person\\\/9beeb909be59832a9bcbec84cb3786f5\"},\"headline\":\"Denise \u201cFotografia\u201d\",\"datePublished\":\"2020-11-12T03:42:14+00:00\",\"mainEntityOfPage\":{\"@id\":\"https:\\\/\\\/www.article-marketing.eu\\\/comunicatistampa\\\/denise-fotografia\\\/\"},\"wordCount\":329,\"commentCount\":0,\"image\":{\"@id\":\"https:\\\/\\\/www.article-marketing.eu\\\/comunicatistampa\\\/denise-fotografia\\\/#primaryimage\"},\"thumbnailUrl\":\"https:\\\/\\\/www.joyfreepress.com\\\/wp-content\\\/uploads\\\/2020\\\/11\\\/Cover-Denise-Fotografia.jpg\",\"keywords\":[\"Denise\",\"Fotografia\",\"Singolo\"],\"articleSection\":[\"News e Attualit\u00e0\"],\"inLanguage\":\"it-IT\",\"potentialAction\":[{\"@type\":\"CommentAction\",\"name\":\"Comment\",\"target\":[\"https:\\\/\\\/www.article-marketing.eu\\\/comunicatistampa\\\/denise-fotografia\\\/#respond\"]}]},{\"@type\":\"WebPage\",\"@id\":\"https:\\\/\\\/www.article-marketing.eu\\\/comunicatistampa\\\/denise-fotografia\\\/\",\"url\":\"https:\\\/\\\/www.article-marketing.eu\\\/comunicatistampa\\\/denise-fotografia\\\/\",\"name\":\"Denise \u201cFotografia\u201d - Article Marketing\",\"isPartOf\":{\"@id\":\"https:\\\/\\\/www.article-marketing.eu\\\/comunicatistampa\\\/#website\"},\"primaryImageOfPage\":{\"@id\":\"https:\\\/\\\/www.article-marketing.eu\\\/comunicatistampa\\\/denise-fotografia\\\/#primaryimage\"},\"image\":{\"@id\":\"https:\\\/\\\/www.article-marketing.eu\\\/comunicatistampa\\\/denise-fotografia\\\/#primaryimage\"},\"thumbnailUrl\":\"https:\\\/\\\/www.joyfreepress.com\\\/wp-content\\\/uploads\\\/2020\\\/11\\\/Cover-Denise-Fotografia.jpg\",\"datePublished\":\"2020-11-12T03:42:14+00:00\",\"author\":{\"@id\":\"https:\\\/\\\/www.article-marketing.eu\\\/comunicatistampa\\\/#\\\/schema\\\/person\\\/9beeb909be59832a9bcbec84cb3786f5\"},\"breadcrumb\":{\"@id\":\"https:\\\/\\\/www.article-marketing.eu\\\/comunicatistampa\\\/denise-fotografia\\\/#breadcrumb\"},\"inLanguage\":\"it-IT\",\"potentialAction\":[{\"@type\":\"ReadAction\",\"target\":[\"https:\\\/\\\/www.article-marketing.eu\\\/comunicatistampa\\\/denise-fotografia\\\/\"]}]},{\"@type\":\"ImageObject\",\"inLanguage\":\"it-IT\",\"@id\":\"https:\\\/\\\/www.article-marketing.eu\\\/comunicatistampa\\\/denise-fotografia\\\/#primaryimage\",\"url\":\"https:\\\/\\\/www.joyfreepress.com\\\/wp-content\\\/uploads\\\/2020\\\/11\\\/Cover-Denise-Fotografia.jpg\",\"contentUrl\":\"https:\\\/\\\/www.joyfreepress.com\\\/wp-content\\\/uploads\\\/2020\\\/11\\\/Cover-Denise-Fotografia.jpg\"},{\"@type\":\"BreadcrumbList\",\"@id\":\"https:\\\/\\\/www.article-marketing.eu\\\/comunicatistampa\\\/denise-fotografia\\\/#breadcrumb\",\"itemListElement\":[{\"@type\":\"ListItem\",\"position\":1,\"name\":\"Home\",\"item\":\"https:\\\/\\\/www.article-marketing.eu\\\/comunicatistampa\\\/\"},{\"@type\":\"ListItem\",\"position\":2,\"name\":\"Denise \u201cFotografia\u201d\"}]},{\"@type\":\"WebSite\",\"@id\":\"https:\\\/\\\/www.article-marketing.eu\\\/comunicatistampa\\\/#website\",\"url\":\"https:\\\/\\\/www.article-marketing.eu\\\/comunicatistampa\\\/\",\"name\":\"Article Marketing\",\"description\":\"article marketing &amp; press release\",\"potentialAction\":[{\"@type\":\"SearchAction\",\"target\":{\"@type\":\"EntryPoint\",\"urlTemplate\":\"https:\\\/\\\/www.article-marketing.eu\\\/comunicatistampa\\\/?s={search_term_string}\"},\"query-input\":{\"@type\":\"PropertyValueSpecification\",\"valueRequired\":true,\"valueName\":\"search_term_string\"}}],\"inLanguage\":\"it-IT\"},{\"@type\":\"Person\",\"@id\":\"https:\\\/\\\/www.article-marketing.eu\\\/comunicatistampa\\\/#\\\/schema\\\/person\\\/9beeb909be59832a9bcbec84cb3786f5\",\"name\":\"Micro961\",\"image\":{\"@type\":\"ImageObject\",\"inLanguage\":\"it-IT\",\"@id\":\"https:\\\/\\\/secure.gravatar.com\\\/avatar\\\/cd6f5864b85cc3687c05b2965bb186afcd70a2a89789a156c92a4f1d66e87827?s=96&d=mm&r=g\",\"url\":\"https:\\\/\\\/secure.gravatar.com\\\/avatar\\\/cd6f5864b85cc3687c05b2965bb186afcd70a2a89789a156c92a4f1d66e87827?s=96&d=mm&r=g\",\"contentUrl\":\"https:\\\/\\\/secure.gravatar.com\\\/avatar\\\/cd6f5864b85cc3687c05b2965bb186afcd70a2a89789a156c92a4f1d66e87827?s=96&d=mm&r=g\",\"caption\":\"Micro961\"},\"url\":\"https:\\\/\\\/www.article-marketing.eu\\\/comunicatistampa\\\/author\\\/micro961\\\/\"}]}<\/script>\n<!-- \/ Yoast SEO plugin. -->","yoast_head_json":{"title":"Denise \u201cFotografia\u201d - Article Marketing","robots":{"index":"index","follow":"follow","max-snippet":"max-snippet:-1","max-image-preview":"max-image-preview:large","max-video-preview":"max-video-preview:-1"},"canonical":"https:\/\/www.article-marketing.eu\/comunicatistampa\/denise-fotografia\/","og_locale":"it_IT","og_type":"article","og_title":"Denise \u201cFotografia\u201d - Article Marketing","og_description":"Terzo singolo per la giovanissima e talentuosa artista\u00a0 Sulle radio nazionali \u201cFotografia\u201d, terzo singolo della giovanissima e talentuosa Artista Denise Corallo in Arte DENISE. Questo brano, presentato in concorso a Sanremo Giovani 2020, \u00e8 stato interamente composto da DENISE ed \u00e8 accompagnato da un videoclip che esprime in pieno l&#8217;intensit\u00e0 del testo in cui l&#8217;Artista si confessa dando vita ad un&#8217;analisi introspettiva dove le immagini e le riprese danno formaContinue reading...","og_url":"https:\/\/www.article-marketing.eu\/comunicatistampa\/denise-fotografia\/","og_site_name":"Article Marketing","article_published_time":"2020-11-12T03:42:14+00:00","og_image":[{"url":"https:\/\/www.joyfreepress.com\/wp-content\/uploads\/2020\/11\/Cover-Denise-Fotografia.jpg","type":"","width":"","height":""}],"author":"Micro961","twitter_card":"summary_large_image","twitter_misc":{"Scritto da":"Micro961","Tempo di lettura stimato":"2 minuti"},"schema":{"@context":"https:\/\/schema.org","@graph":[{"@type":"Article","@id":"https:\/\/www.article-marketing.eu\/comunicatistampa\/denise-fotografia\/#article","isPartOf":{"@id":"https:\/\/www.article-marketing.eu\/comunicatistampa\/denise-fotografia\/"},"author":{"name":"Micro961","@id":"https:\/\/www.article-marketing.eu\/comunicatistampa\/#\/schema\/person\/9beeb909be59832a9bcbec84cb3786f5"},"headline":"Denise \u201cFotografia\u201d","datePublished":"2020-11-12T03:42:14+00:00","mainEntityOfPage":{"@id":"https:\/\/www.article-marketing.eu\/comunicatistampa\/denise-fotografia\/"},"wordCount":329,"commentCount":0,"image":{"@id":"https:\/\/www.article-marketing.eu\/comunicatistampa\/denise-fotografia\/#primaryimage"},"thumbnailUrl":"https:\/\/www.joyfreepress.com\/wp-content\/uploads\/2020\/11\/Cover-Denise-Fotografia.jpg","keywords":["Denise","Fotografia","Singolo"],"articleSection":["News e Attualit\u00e0"],"inLanguage":"it-IT","potentialAction":[{"@type":"CommentAction","name":"Comment","target":["https:\/\/www.article-marketing.eu\/comunicatistampa\/denise-fotografia\/#respond"]}]},{"@type":"WebPage","@id":"https:\/\/www.article-marketing.eu\/comunicatistampa\/denise-fotografia\/","url":"https:\/\/www.article-marketing.eu\/comunicatistampa\/denise-fotografia\/","name":"Denise \u201cFotografia\u201d - Article Marketing","isPartOf":{"@id":"https:\/\/www.article-marketing.eu\/comunicatistampa\/#website"},"primaryImageOfPage":{"@id":"https:\/\/www.article-marketing.eu\/comunicatistampa\/denise-fotografia\/#primaryimage"},"image":{"@id":"https:\/\/www.article-marketing.eu\/comunicatistampa\/denise-fotografia\/#primaryimage"},"thumbnailUrl":"https:\/\/www.joyfreepress.com\/wp-content\/uploads\/2020\/11\/Cover-Denise-Fotografia.jpg","datePublished":"2020-11-12T03:42:14+00:00","author":{"@id":"https:\/\/www.article-marketing.eu\/comunicatistampa\/#\/schema\/person\/9beeb909be59832a9bcbec84cb3786f5"},"breadcrumb":{"@id":"https:\/\/www.article-marketing.eu\/comunicatistampa\/denise-fotografia\/#breadcrumb"},"inLanguage":"it-IT","potentialAction":[{"@type":"ReadAction","target":["https:\/\/www.article-marketing.eu\/comunicatistampa\/denise-fotografia\/"]}]},{"@type":"ImageObject","inLanguage":"it-IT","@id":"https:\/\/www.article-marketing.eu\/comunicatistampa\/denise-fotografia\/#primaryimage","url":"https:\/\/www.joyfreepress.com\/wp-content\/uploads\/2020\/11\/Cover-Denise-Fotografia.jpg","contentUrl":"https:\/\/www.joyfreepress.com\/wp-content\/uploads\/2020\/11\/Cover-Denise-Fotografia.jpg"},{"@type":"BreadcrumbList","@id":"https:\/\/www.article-marketing.eu\/comunicatistampa\/denise-fotografia\/#breadcrumb","itemListElement":[{"@type":"ListItem","position":1,"name":"Home","item":"https:\/\/www.article-marketing.eu\/comunicatistampa\/"},{"@type":"ListItem","position":2,"name":"Denise \u201cFotografia\u201d"}]},{"@type":"WebSite","@id":"https:\/\/www.article-marketing.eu\/comunicatistampa\/#website","url":"https:\/\/www.article-marketing.eu\/comunicatistampa\/","name":"Article Marketing","description":"article marketing &amp; press release","potentialAction":[{"@type":"SearchAction","target":{"@type":"EntryPoint","urlTemplate":"https:\/\/www.article-marketing.eu\/comunicatistampa\/?s={search_term_string}"},"query-input":{"@type":"PropertyValueSpecification","valueRequired":true,"valueName":"search_term_string"}}],"inLanguage":"it-IT"},{"@type":"Person","@id":"https:\/\/www.article-marketing.eu\/comunicatistampa\/#\/schema\/person\/9beeb909be59832a9bcbec84cb3786f5","name":"Micro961","image":{"@type":"ImageObject","inLanguage":"it-IT","@id":"https:\/\/secure.gravatar.com\/avatar\/cd6f5864b85cc3687c05b2965bb186afcd70a2a89789a156c92a4f1d66e87827?s=96&d=mm&r=g","url":"https:\/\/secure.gravatar.com\/avatar\/cd6f5864b85cc3687c05b2965bb186afcd70a2a89789a156c92a4f1d66e87827?s=96&d=mm&r=g","contentUrl":"https:\/\/secure.gravatar.com\/avatar\/cd6f5864b85cc3687c05b2965bb186afcd70a2a89789a156c92a4f1d66e87827?s=96&d=mm&r=g","caption":"Micro961"},"url":"https:\/\/www.article-marketing.eu\/comunicatistampa\/author\/micro961\/"}]}},"_links":{"self":[{"href":"https:\/\/www.article-marketing.eu\/comunicatistampa\/wp-json\/wp\/v2\/posts\/16510","targetHints":{"allow":["GET"]}}],"collection":[{"href":"https:\/\/www.article-marketing.eu\/comunicatistampa\/wp-json\/wp\/v2\/posts"}],"about":[{"href":"https:\/\/www.article-marketing.eu\/comunicatistampa\/wp-json\/wp\/v2\/types\/post"}],"author":[{"embeddable":true,"href":"https:\/\/www.article-marketing.eu\/comunicatistampa\/wp-json\/wp\/v2\/users\/1680"}],"replies":[{"embeddable":true,"href":"https:\/\/www.article-marketing.eu\/comunicatistampa\/wp-json\/wp\/v2\/comments?post=16510"}],"version-history":[{"count":2,"href":"https:\/\/www.article-marketing.eu\/comunicatistampa\/wp-json\/wp\/v2\/posts\/16510\/revisions"}],"predecessor-version":[{"id":16518,"href":"https:\/\/www.article-marketing.eu\/comunicatistampa\/wp-json\/wp\/v2\/posts\/16510\/revisions\/16518"}],"wp:attachment":[{"href":"https:\/\/www.article-marketing.eu\/comunicatistampa\/wp-json\/wp\/v2\/media?parent=16510"}],"wp:term":[{"taxonomy":"category","embeddable":true,"href":"https:\/\/www.article-marketing.eu\/comunicatistampa\/wp-json\/wp\/v2\/categories?post=16510"},{"taxonomy":"post_tag","embeddable":true,"href":"https:\/\/www.article-marketing.eu\/comunicatistampa\/wp-json\/wp\/v2\/tags?post=16510"}],"curies":[{"name":"wp","href":"https:\/\/api.w.org\/{rel}","templated":true}]}}