{"id":16550,"date":"2020-11-19T18:11:27","date_gmt":"2020-11-19T17:11:27","guid":{"rendered":"https:\/\/www.article-marketing.eu\/comunicatistampa\/?p=16550"},"modified":"2020-11-19T18:11:27","modified_gmt":"2020-11-19T17:11:27","slug":"nuova-edizione-per-la-mia-tribu-storie-autentiche-di-indiani-damerica","status":"publish","type":"post","link":"https:\/\/www.article-marketing.eu\/comunicatistampa\/nuova-edizione-per-la-mia-tribu-storie-autentiche-di-indiani-damerica\/","title":{"rendered":"Nuova edizione per \u201cLa mia Trib\u00f9. Storie autentiche di Indiani d\u2019America\u201d"},"content":{"rendered":"<p><img loading=\"lazy\" decoding=\"async\" src=\"https:\/\/static.lafeltrinelli.it\/static\/images-1\/xl\/497\/15226497.jpg\" alt=\"La mia Trib\u00f9 di Raffaella Milandri\" width=\"249\" height=\"369\" \/><\/p>\n<p>Nuova edizione per \u201cLa mia Trib\u00f9. Storie autentiche di Indiani d\u2019America\u201d. \u00c8 uno dei libri italiani contemporanei sui Nativi Americani di maggiore successo. La autrice \u00e8 una donna, Raffaella Milandri, giornalista, che sugli Indiani d\u2019America ne sa davvero molto. Non solo per gli approfonditi studi e le ricerche documentali. Bens\u00ec perch\u00e9 \u00e8 membro onorario della Four Winds Cherokee Tribe, della Louisiana, e membro adottivo della Crow Tribe, in Montana. \u00c8 infatti girando in lungo e in largo per gli Stati Uniti e visitando molte trib\u00f9 che la Milandri ha raccolto usanze, testimonianze, leggende. E ogni preziosa conoscenza sui Nativi Americani.\u00a0 \u201cLa mia Trib\u00f9. Storie autentiche di Indiani d\u2019America\u201d, che esce a cura della <a href=\"http:\/\/www.maunakea.biz\">Mauna Kea Edizioni<\/a> in edizione aggiornata, economica e a maggiore leggibilit\u00e0. L\u2019autrice racconta le sue affascinanti esperienze tra i Crow e la sua adozione, nella stessa famiglia di cui fa parte Barack Obama. Importante la copiosa e preziosa narrazione della vera storia dei Nativi Americani, piena di note di approfondimento. Un libro che\u00a0 indaga sul presente e sul passato degli Indiani d\u2019America attraverso una importante ricerca sugli archivi, accompagnata da una inchiesta sul campo. Storia, cultura e problemi dei Nativi Americani sono il fulcro di questo importante testo che nasce da una ricerca su oltre 5000 pagine di archivi statunitensi. Che porta alla luce la verit\u00e0 sul rapporto tra Nativi Americani e Governo degli Stati Uniti.\u00a0 Sono svelati leggi e programmi sul come \u00e8 stato gestito il \u201cproblema indiano\u201d. Fino alla rivelazione di un piano di sterilizzazione forzata che ha cercato di assegnare l\u2019ultimo colpo letale alle comunit\u00e0 di Nativi Americani. Ricco di approfondimenti e di riferimenti bibliografici, contiene un focus sulla trib\u00f9 Crow e i motivi che la hanno portata ad affiancarsi a Custer nella battaglia del Little Big Horn. Disponibile anche in ebook<\/p>\n<p><img loading=\"lazy\" decoding=\"async\" src=\"https:\/\/www.rivieraoggi.it\/wp-content\/uploads\/2018\/09\/Con-alcuni-bambini-Crow-780x685.jpeg\" alt=\"Raffaella Milandri\" width=\"780\" height=\"685\" \/><\/p>\n","protected":false},"excerpt":{"rendered":"<p>Nuova edizione per \u201cLa mia Trib\u00f9. Storie autentiche di Indiani d\u2019America\u201d. \u00c8 uno dei libri italiani contemporanei sui Nativi Americani di maggiore successo. La autrice \u00e8 una donna, Raffaella Milandri, giornalista, che sugli Indiani d\u2019America ne sa davvero molto. Non solo per gli approfonditi studi e le ricerche documentali. Bens\u00ec perch\u00e9 \u00e8 membro onorario della Four Winds Cherokee Tribe, della Louisiana, e membro adottivo della Crow Tribe, in Montana. \u00c8<\/p>\n<p><a class=\"continue-reading\" href=\"https:\/\/www.article-marketing.eu\/comunicatistampa\/nuova-edizione-per-la-mia-tribu-storie-autentiche-di-indiani-damerica\/\">Continue reading&#8230;<\/a><\/p>\n","protected":false},"author":347,"featured_media":0,"comment_status":"open","ping_status":"open","sticky":false,"template":"","format":"standard","meta":{"_monsterinsights_skip_tracking":false,"_monsterinsights_sitenote_active":false,"_monsterinsights_sitenote_note":"","_monsterinsights_sitenote_category":0,"footnotes":""},"categories":[407,410],"tags":[6884,6883,6885,6886],"class_list":["post-16550","post","type-post","status-publish","format-standard","hentry","category-arte-e-cultura","category-libri","tag-indiani-damerica","tag-nativi-americani","tag-raffaella-milandri","tag-tribu"],"yoast_head":"<!-- This site is optimized with the Yoast SEO plugin v27.3 - https:\/\/yoast.com\/product\/yoast-seo-wordpress\/ -->\n<title>Nuova edizione per \u201cLa mia Trib\u00f9. Storie autentiche di Indiani d\u2019America\u201d - Article Marketing<\/title>\n<meta name=\"robots\" content=\"index, follow, max-snippet:-1, max-image-preview:large, max-video-preview:-1\" \/>\n<link rel=\"canonical\" href=\"https:\/\/www.article-marketing.eu\/comunicatistampa\/nuova-edizione-per-la-mia-tribu-storie-autentiche-di-indiani-damerica\/\" \/>\n<meta property=\"og:locale\" content=\"it_IT\" \/>\n<meta property=\"og:type\" content=\"article\" \/>\n<meta property=\"og:title\" content=\"Nuova edizione per \u201cLa mia Trib\u00f9. Storie autentiche di Indiani d\u2019America\u201d - Article Marketing\" \/>\n<meta property=\"og:description\" content=\"Nuova edizione per \u201cLa mia Trib\u00f9. Storie autentiche di Indiani d\u2019America\u201d. \u00c8 uno dei libri italiani contemporanei sui Nativi Americani di maggiore successo. La autrice \u00e8 una donna, Raffaella Milandri, giornalista, che sugli Indiani d\u2019America ne sa davvero molto. Non solo per gli approfonditi studi e le ricerche documentali. Bens\u00ec perch\u00e9 \u00e8 membro onorario della Four Winds Cherokee Tribe, della Louisiana, e membro adottivo della Crow Tribe, in Montana. \u00c8Continue reading...\" \/>\n<meta property=\"og:url\" content=\"https:\/\/www.article-marketing.eu\/comunicatistampa\/nuova-edizione-per-la-mia-tribu-storie-autentiche-di-indiani-damerica\/\" \/>\n<meta property=\"og:site_name\" content=\"Article Marketing\" \/>\n<meta property=\"article:published_time\" content=\"2020-11-19T17:11:27+00:00\" \/>\n<meta property=\"og:image\" content=\"https:\/\/static.lafeltrinelli.it\/static\/images-1\/xl\/497\/15226497.jpg\" \/>\n<meta name=\"author\" content=\"europrinters\" \/>\n<meta name=\"twitter:card\" content=\"summary_large_image\" \/>\n<meta name=\"twitter:label1\" content=\"Scritto da\" \/>\n\t<meta name=\"twitter:data1\" content=\"europrinters\" \/>\n\t<meta name=\"twitter:label2\" content=\"Tempo di lettura stimato\" \/>\n\t<meta name=\"twitter:data2\" content=\"1 minuto\" \/>\n<script type=\"application\/ld+json\" class=\"yoast-schema-graph\">{\"@context\":\"https:\\\/\\\/schema.org\",\"@graph\":[{\"@type\":\"Article\",\"@id\":\"https:\\\/\\\/www.article-marketing.eu\\\/comunicatistampa\\\/nuova-edizione-per-la-mia-tribu-storie-autentiche-di-indiani-damerica\\\/#article\",\"isPartOf\":{\"@id\":\"https:\\\/\\\/www.article-marketing.eu\\\/comunicatistampa\\\/nuova-edizione-per-la-mia-tribu-storie-autentiche-di-indiani-damerica\\\/\"},\"author\":{\"name\":\"europrinters\",\"@id\":\"https:\\\/\\\/www.article-marketing.eu\\\/comunicatistampa\\\/#\\\/schema\\\/person\\\/1ee704ba6ccd36156c382237113c050d\"},\"headline\":\"Nuova edizione per \u201cLa mia Trib\u00f9. Storie autentiche di Indiani d\u2019America\u201d\",\"datePublished\":\"2020-11-19T17:11:27+00:00\",\"mainEntityOfPage\":{\"@id\":\"https:\\\/\\\/www.article-marketing.eu\\\/comunicatistampa\\\/nuova-edizione-per-la-mia-tribu-storie-autentiche-di-indiani-damerica\\\/\"},\"wordCount\":310,\"commentCount\":0,\"image\":{\"@id\":\"https:\\\/\\\/www.article-marketing.eu\\\/comunicatistampa\\\/nuova-edizione-per-la-mia-tribu-storie-autentiche-di-indiani-damerica\\\/#primaryimage\"},\"thumbnailUrl\":\"https:\\\/\\\/static.lafeltrinelli.it\\\/static\\\/images-1\\\/xl\\\/497\\\/15226497.jpg\",\"keywords\":[\"indiani d'america\",\"nativi americani\",\"raffaella milandri\",\"trib\u00f9\"],\"articleSection\":[\"Arte e cultura\",\"Libri\"],\"inLanguage\":\"it-IT\",\"potentialAction\":[{\"@type\":\"CommentAction\",\"name\":\"Comment\",\"target\":[\"https:\\\/\\\/www.article-marketing.eu\\\/comunicatistampa\\\/nuova-edizione-per-la-mia-tribu-storie-autentiche-di-indiani-damerica\\\/#respond\"]}]},{\"@type\":\"WebPage\",\"@id\":\"https:\\\/\\\/www.article-marketing.eu\\\/comunicatistampa\\\/nuova-edizione-per-la-mia-tribu-storie-autentiche-di-indiani-damerica\\\/\",\"url\":\"https:\\\/\\\/www.article-marketing.eu\\\/comunicatistampa\\\/nuova-edizione-per-la-mia-tribu-storie-autentiche-di-indiani-damerica\\\/\",\"name\":\"Nuova edizione per \u201cLa mia Trib\u00f9. Storie autentiche di Indiani d\u2019America\u201d - Article Marketing\",\"isPartOf\":{\"@id\":\"https:\\\/\\\/www.article-marketing.eu\\\/comunicatistampa\\\/#website\"},\"primaryImageOfPage\":{\"@id\":\"https:\\\/\\\/www.article-marketing.eu\\\/comunicatistampa\\\/nuova-edizione-per-la-mia-tribu-storie-autentiche-di-indiani-damerica\\\/#primaryimage\"},\"image\":{\"@id\":\"https:\\\/\\\/www.article-marketing.eu\\\/comunicatistampa\\\/nuova-edizione-per-la-mia-tribu-storie-autentiche-di-indiani-damerica\\\/#primaryimage\"},\"thumbnailUrl\":\"https:\\\/\\\/static.lafeltrinelli.it\\\/static\\\/images-1\\\/xl\\\/497\\\/15226497.jpg\",\"datePublished\":\"2020-11-19T17:11:27+00:00\",\"author\":{\"@id\":\"https:\\\/\\\/www.article-marketing.eu\\\/comunicatistampa\\\/#\\\/schema\\\/person\\\/1ee704ba6ccd36156c382237113c050d\"},\"breadcrumb\":{\"@id\":\"https:\\\/\\\/www.article-marketing.eu\\\/comunicatistampa\\\/nuova-edizione-per-la-mia-tribu-storie-autentiche-di-indiani-damerica\\\/#breadcrumb\"},\"inLanguage\":\"it-IT\",\"potentialAction\":[{\"@type\":\"ReadAction\",\"target\":[\"https:\\\/\\\/www.article-marketing.eu\\\/comunicatistampa\\\/nuova-edizione-per-la-mia-tribu-storie-autentiche-di-indiani-damerica\\\/\"]}]},{\"@type\":\"ImageObject\",\"inLanguage\":\"it-IT\",\"@id\":\"https:\\\/\\\/www.article-marketing.eu\\\/comunicatistampa\\\/nuova-edizione-per-la-mia-tribu-storie-autentiche-di-indiani-damerica\\\/#primaryimage\",\"url\":\"https:\\\/\\\/static.lafeltrinelli.it\\\/static\\\/images-1\\\/xl\\\/497\\\/15226497.jpg\",\"contentUrl\":\"https:\\\/\\\/static.lafeltrinelli.it\\\/static\\\/images-1\\\/xl\\\/497\\\/15226497.jpg\"},{\"@type\":\"BreadcrumbList\",\"@id\":\"https:\\\/\\\/www.article-marketing.eu\\\/comunicatistampa\\\/nuova-edizione-per-la-mia-tribu-storie-autentiche-di-indiani-damerica\\\/#breadcrumb\",\"itemListElement\":[{\"@type\":\"ListItem\",\"position\":1,\"name\":\"Home\",\"item\":\"https:\\\/\\\/www.article-marketing.eu\\\/comunicatistampa\\\/\"},{\"@type\":\"ListItem\",\"position\":2,\"name\":\"Nuova edizione per \u201cLa mia Trib\u00f9. Storie autentiche di Indiani d\u2019America\u201d\"}]},{\"@type\":\"WebSite\",\"@id\":\"https:\\\/\\\/www.article-marketing.eu\\\/comunicatistampa\\\/#website\",\"url\":\"https:\\\/\\\/www.article-marketing.eu\\\/comunicatistampa\\\/\",\"name\":\"Article Marketing\",\"description\":\"article marketing &amp; press release\",\"potentialAction\":[{\"@type\":\"SearchAction\",\"target\":{\"@type\":\"EntryPoint\",\"urlTemplate\":\"https:\\\/\\\/www.article-marketing.eu\\\/comunicatistampa\\\/?s={search_term_string}\"},\"query-input\":{\"@type\":\"PropertyValueSpecification\",\"valueRequired\":true,\"valueName\":\"search_term_string\"}}],\"inLanguage\":\"it-IT\"},{\"@type\":\"Person\",\"@id\":\"https:\\\/\\\/www.article-marketing.eu\\\/comunicatistampa\\\/#\\\/schema\\\/person\\\/1ee704ba6ccd36156c382237113c050d\",\"name\":\"europrinters\",\"image\":{\"@type\":\"ImageObject\",\"inLanguage\":\"it-IT\",\"@id\":\"https:\\\/\\\/secure.gravatar.com\\\/avatar\\\/03b3a8947654550924af096db894c088aff5351ddb3f1972a9be0896e7bdd16d?s=96&d=mm&r=g\",\"url\":\"https:\\\/\\\/secure.gravatar.com\\\/avatar\\\/03b3a8947654550924af096db894c088aff5351ddb3f1972a9be0896e7bdd16d?s=96&d=mm&r=g\",\"contentUrl\":\"https:\\\/\\\/secure.gravatar.com\\\/avatar\\\/03b3a8947654550924af096db894c088aff5351ddb3f1972a9be0896e7bdd16d?s=96&d=mm&r=g\",\"caption\":\"europrinters\"},\"url\":\"https:\\\/\\\/www.article-marketing.eu\\\/comunicatistampa\\\/author\\\/europrinters\\\/\"}]}<\/script>\n<!-- \/ Yoast SEO plugin. -->","yoast_head_json":{"title":"Nuova edizione per \u201cLa mia Trib\u00f9. Storie autentiche di Indiani d\u2019America\u201d - Article Marketing","robots":{"index":"index","follow":"follow","max-snippet":"max-snippet:-1","max-image-preview":"max-image-preview:large","max-video-preview":"max-video-preview:-1"},"canonical":"https:\/\/www.article-marketing.eu\/comunicatistampa\/nuova-edizione-per-la-mia-tribu-storie-autentiche-di-indiani-damerica\/","og_locale":"it_IT","og_type":"article","og_title":"Nuova edizione per \u201cLa mia Trib\u00f9. Storie autentiche di Indiani d\u2019America\u201d - Article Marketing","og_description":"Nuova edizione per \u201cLa mia Trib\u00f9. Storie autentiche di Indiani d\u2019America\u201d. \u00c8 uno dei libri italiani contemporanei sui Nativi Americani di maggiore successo. La autrice \u00e8 una donna, Raffaella Milandri, giornalista, che sugli Indiani d\u2019America ne sa davvero molto. Non solo per gli approfonditi studi e le ricerche documentali. Bens\u00ec perch\u00e9 \u00e8 membro onorario della Four Winds Cherokee Tribe, della Louisiana, e membro adottivo della Crow Tribe, in Montana. \u00c8Continue reading...","og_url":"https:\/\/www.article-marketing.eu\/comunicatistampa\/nuova-edizione-per-la-mia-tribu-storie-autentiche-di-indiani-damerica\/","og_site_name":"Article Marketing","article_published_time":"2020-11-19T17:11:27+00:00","og_image":[{"url":"https:\/\/static.lafeltrinelli.it\/static\/images-1\/xl\/497\/15226497.jpg","type":"","width":"","height":""}],"author":"europrinters","twitter_card":"summary_large_image","twitter_misc":{"Scritto da":"europrinters","Tempo di lettura stimato":"1 minuto"},"schema":{"@context":"https:\/\/schema.org","@graph":[{"@type":"Article","@id":"https:\/\/www.article-marketing.eu\/comunicatistampa\/nuova-edizione-per-la-mia-tribu-storie-autentiche-di-indiani-damerica\/#article","isPartOf":{"@id":"https:\/\/www.article-marketing.eu\/comunicatistampa\/nuova-edizione-per-la-mia-tribu-storie-autentiche-di-indiani-damerica\/"},"author":{"name":"europrinters","@id":"https:\/\/www.article-marketing.eu\/comunicatistampa\/#\/schema\/person\/1ee704ba6ccd36156c382237113c050d"},"headline":"Nuova edizione per \u201cLa mia Trib\u00f9. Storie autentiche di Indiani d\u2019America\u201d","datePublished":"2020-11-19T17:11:27+00:00","mainEntityOfPage":{"@id":"https:\/\/www.article-marketing.eu\/comunicatistampa\/nuova-edizione-per-la-mia-tribu-storie-autentiche-di-indiani-damerica\/"},"wordCount":310,"commentCount":0,"image":{"@id":"https:\/\/www.article-marketing.eu\/comunicatistampa\/nuova-edizione-per-la-mia-tribu-storie-autentiche-di-indiani-damerica\/#primaryimage"},"thumbnailUrl":"https:\/\/static.lafeltrinelli.it\/static\/images-1\/xl\/497\/15226497.jpg","keywords":["indiani d'america","nativi americani","raffaella milandri","trib\u00f9"],"articleSection":["Arte e cultura","Libri"],"inLanguage":"it-IT","potentialAction":[{"@type":"CommentAction","name":"Comment","target":["https:\/\/www.article-marketing.eu\/comunicatistampa\/nuova-edizione-per-la-mia-tribu-storie-autentiche-di-indiani-damerica\/#respond"]}]},{"@type":"WebPage","@id":"https:\/\/www.article-marketing.eu\/comunicatistampa\/nuova-edizione-per-la-mia-tribu-storie-autentiche-di-indiani-damerica\/","url":"https:\/\/www.article-marketing.eu\/comunicatistampa\/nuova-edizione-per-la-mia-tribu-storie-autentiche-di-indiani-damerica\/","name":"Nuova edizione per \u201cLa mia Trib\u00f9. Storie autentiche di Indiani d\u2019America\u201d - Article Marketing","isPartOf":{"@id":"https:\/\/www.article-marketing.eu\/comunicatistampa\/#website"},"primaryImageOfPage":{"@id":"https:\/\/www.article-marketing.eu\/comunicatistampa\/nuova-edizione-per-la-mia-tribu-storie-autentiche-di-indiani-damerica\/#primaryimage"},"image":{"@id":"https:\/\/www.article-marketing.eu\/comunicatistampa\/nuova-edizione-per-la-mia-tribu-storie-autentiche-di-indiani-damerica\/#primaryimage"},"thumbnailUrl":"https:\/\/static.lafeltrinelli.it\/static\/images-1\/xl\/497\/15226497.jpg","datePublished":"2020-11-19T17:11:27+00:00","author":{"@id":"https:\/\/www.article-marketing.eu\/comunicatistampa\/#\/schema\/person\/1ee704ba6ccd36156c382237113c050d"},"breadcrumb":{"@id":"https:\/\/www.article-marketing.eu\/comunicatistampa\/nuova-edizione-per-la-mia-tribu-storie-autentiche-di-indiani-damerica\/#breadcrumb"},"inLanguage":"it-IT","potentialAction":[{"@type":"ReadAction","target":["https:\/\/www.article-marketing.eu\/comunicatistampa\/nuova-edizione-per-la-mia-tribu-storie-autentiche-di-indiani-damerica\/"]}]},{"@type":"ImageObject","inLanguage":"it-IT","@id":"https:\/\/www.article-marketing.eu\/comunicatistampa\/nuova-edizione-per-la-mia-tribu-storie-autentiche-di-indiani-damerica\/#primaryimage","url":"https:\/\/static.lafeltrinelli.it\/static\/images-1\/xl\/497\/15226497.jpg","contentUrl":"https:\/\/static.lafeltrinelli.it\/static\/images-1\/xl\/497\/15226497.jpg"},{"@type":"BreadcrumbList","@id":"https:\/\/www.article-marketing.eu\/comunicatistampa\/nuova-edizione-per-la-mia-tribu-storie-autentiche-di-indiani-damerica\/#breadcrumb","itemListElement":[{"@type":"ListItem","position":1,"name":"Home","item":"https:\/\/www.article-marketing.eu\/comunicatistampa\/"},{"@type":"ListItem","position":2,"name":"Nuova edizione per \u201cLa mia Trib\u00f9. Storie autentiche di Indiani d\u2019America\u201d"}]},{"@type":"WebSite","@id":"https:\/\/www.article-marketing.eu\/comunicatistampa\/#website","url":"https:\/\/www.article-marketing.eu\/comunicatistampa\/","name":"Article Marketing","description":"article marketing &amp; press release","potentialAction":[{"@type":"SearchAction","target":{"@type":"EntryPoint","urlTemplate":"https:\/\/www.article-marketing.eu\/comunicatistampa\/?s={search_term_string}"},"query-input":{"@type":"PropertyValueSpecification","valueRequired":true,"valueName":"search_term_string"}}],"inLanguage":"it-IT"},{"@type":"Person","@id":"https:\/\/www.article-marketing.eu\/comunicatistampa\/#\/schema\/person\/1ee704ba6ccd36156c382237113c050d","name":"europrinters","image":{"@type":"ImageObject","inLanguage":"it-IT","@id":"https:\/\/secure.gravatar.com\/avatar\/03b3a8947654550924af096db894c088aff5351ddb3f1972a9be0896e7bdd16d?s=96&d=mm&r=g","url":"https:\/\/secure.gravatar.com\/avatar\/03b3a8947654550924af096db894c088aff5351ddb3f1972a9be0896e7bdd16d?s=96&d=mm&r=g","contentUrl":"https:\/\/secure.gravatar.com\/avatar\/03b3a8947654550924af096db894c088aff5351ddb3f1972a9be0896e7bdd16d?s=96&d=mm&r=g","caption":"europrinters"},"url":"https:\/\/www.article-marketing.eu\/comunicatistampa\/author\/europrinters\/"}]}},"_links":{"self":[{"href":"https:\/\/www.article-marketing.eu\/comunicatistampa\/wp-json\/wp\/v2\/posts\/16550","targetHints":{"allow":["GET"]}}],"collection":[{"href":"https:\/\/www.article-marketing.eu\/comunicatistampa\/wp-json\/wp\/v2\/posts"}],"about":[{"href":"https:\/\/www.article-marketing.eu\/comunicatistampa\/wp-json\/wp\/v2\/types\/post"}],"author":[{"embeddable":true,"href":"https:\/\/www.article-marketing.eu\/comunicatistampa\/wp-json\/wp\/v2\/users\/347"}],"replies":[{"embeddable":true,"href":"https:\/\/www.article-marketing.eu\/comunicatistampa\/wp-json\/wp\/v2\/comments?post=16550"}],"version-history":[{"count":2,"href":"https:\/\/www.article-marketing.eu\/comunicatistampa\/wp-json\/wp\/v2\/posts\/16550\/revisions"}],"predecessor-version":[{"id":16581,"href":"https:\/\/www.article-marketing.eu\/comunicatistampa\/wp-json\/wp\/v2\/posts\/16550\/revisions\/16581"}],"wp:attachment":[{"href":"https:\/\/www.article-marketing.eu\/comunicatistampa\/wp-json\/wp\/v2\/media?parent=16550"}],"wp:term":[{"taxonomy":"category","embeddable":true,"href":"https:\/\/www.article-marketing.eu\/comunicatistampa\/wp-json\/wp\/v2\/categories?post=16550"},{"taxonomy":"post_tag","embeddable":true,"href":"https:\/\/www.article-marketing.eu\/comunicatistampa\/wp-json\/wp\/v2\/tags?post=16550"}],"curies":[{"name":"wp","href":"https:\/\/api.w.org\/{rel}","templated":true}]}}