{"id":16673,"date":"2020-11-28T09:45:43","date_gmt":"2020-11-28T08:45:43","guid":{"rendered":"https:\/\/www.article-marketing.eu\/comunicatistampa\/?p=16673"},"modified":"2020-11-28T09:45:43","modified_gmt":"2020-11-28T08:45:43","slug":"unibg-e-orientamento-al-lavoro-lunedi-30-novembre-al-via-la-digital-career-week","status":"publish","type":"post","link":"https:\/\/www.article-marketing.eu\/comunicatistampa\/unibg-e-orientamento-al-lavoro-lunedi-30-novembre-al-via-la-digital-career-week\/","title":{"rendered":"UniBg e orientamento al lavoro: luned\u00ec 30 novembre al via la Digital Career Week"},"content":{"rendered":"<p>Il mondo del lavoro e gli studenti dell\u2019ateneo di Bergamo si incontrano per un proficuo scambio ormai consolidato, ma che quest\u2019anno non avverr\u00e0 nelle sedi universitarie bens\u00ec online, tramite piattaforma Teams.<\/p>\n<p>Al via luned\u00ec 30 novembre, con il benvenuto del Rettore, la <strong><em>Digital Career Week<\/em><\/strong>, una settimana di presentazioni e confronti online tra aziende partner dell\u2019ateneo orobico e gli studenti che stanno cominciando a proiettarsi nel mondo del lavoro post universitario.<\/p>\n<p>Sono <strong>41 le realt\u00e0 aziendali e istituzionali <\/strong>coinvolte che si presenteranno e dialogheranno con gli studenti, esplicitando profili professionali, ruoli e competenze richieste al loro interno. Ciascuna giornata della Digital Career Week \u00e8 suddivisa in <strong>8 moduli, della durata di 20 minuti<\/strong> ognuno, durante i quali l\u2019azienda o l\u2019ente protagonista presenter\u00e0 la propria realt\u00e0, i percorsi di carriera e le opportunit\u00e0 di inserimento, con un breve spazio finale per domande e approfondimenti da parte degli studenti.<\/p>\n<p>Le <strong>attivit\u00e0 di placement<\/strong> sono ormai consolidate nel nostro ateneo che pu\u00f2 vantare percentuali molto positive in questa prospettiva: l\u201984% dei laureati unibg un anno dopo il conseguimento della laurea \u00e8 occupato, mentre il dato sale al 91,9 % dopo cinque anni. Anche per questo la Digital Career Week rappresenta un momento importante di incontro e confronto con il mondo delle imprese che accresce la consapevolezza degli studenti circa le proprie competenze e conoscenze, oltre a permetter loro di creare un primo contatto con il futuro del mondo professionale.<\/p>\n<p><u>Per informazioni e calendario eventi <\/u><a href=\"https:\/\/www.unibg.it\/node\/9874\">https:\/\/www.unibg.it\/node\/9874<\/a><\/p>\n","protected":false},"excerpt":{"rendered":"<p>Il mondo del lavoro e gli studenti dell\u2019ateneo di Bergamo si incontrano per un proficuo scambio ormai consolidato, ma che quest\u2019anno non avverr\u00e0 nelle sedi universitarie bens\u00ec online, tramite piattaforma Teams. Al via luned\u00ec 30 novembre, con il benvenuto del Rettore, la Digital Career Week, una settimana di presentazioni e confronti online tra aziende partner dell\u2019ateneo orobico e gli studenti che stanno cominciando a proiettarsi nel mondo del lavoro post<\/p>\n<p><a class=\"continue-reading\" href=\"https:\/\/www.article-marketing.eu\/comunicatistampa\/unibg-e-orientamento-al-lavoro-lunedi-30-novembre-al-via-la-digital-career-week\/\">Continue reading&#8230;<\/a><\/p>\n","protected":false},"author":1855,"featured_media":0,"comment_status":"open","ping_status":"open","sticky":false,"template":"","format":"standard","meta":{"_monsterinsights_skip_tracking":false,"_monsterinsights_sitenote_active":false,"_monsterinsights_sitenote_note":"","_monsterinsights_sitenote_category":0,"footnotes":""},"categories":[407,388,78,392,378],"tags":[6916,4603],"class_list":["post-16673","post","type-post","status-publish","format-standard","hentry","category-arte-e-cultura","category-aziende","category-comunicati-stampa","category-eventi","category-istruzione","tag-digitalcareerweek","tag-unibg"],"yoast_head":"<!-- This site is optimized with the Yoast SEO plugin v27.3 - https:\/\/yoast.com\/product\/yoast-seo-wordpress\/ -->\n<title>UniBg e orientamento al lavoro: luned\u00ec 30 novembre al via la Digital Career Week - Article Marketing<\/title>\n<meta name=\"robots\" content=\"index, follow, max-snippet:-1, max-image-preview:large, max-video-preview:-1\" \/>\n<link rel=\"canonical\" href=\"https:\/\/www.article-marketing.eu\/comunicatistampa\/unibg-e-orientamento-al-lavoro-lunedi-30-novembre-al-via-la-digital-career-week\/\" \/>\n<meta property=\"og:locale\" content=\"it_IT\" \/>\n<meta property=\"og:type\" content=\"article\" \/>\n<meta property=\"og:title\" content=\"UniBg e orientamento al lavoro: luned\u00ec 30 novembre al via la Digital Career Week - Article Marketing\" \/>\n<meta property=\"og:description\" content=\"Il mondo del lavoro e gli studenti dell\u2019ateneo di Bergamo si incontrano per un proficuo scambio ormai consolidato, ma che quest\u2019anno non avverr\u00e0 nelle sedi universitarie bens\u00ec online, tramite piattaforma Teams. Al via luned\u00ec 30 novembre, con il benvenuto del Rettore, la Digital Career Week, una settimana di presentazioni e confronti online tra aziende partner dell\u2019ateneo orobico e gli studenti che stanno cominciando a proiettarsi nel mondo del lavoro postContinue reading...\" \/>\n<meta property=\"og:url\" content=\"https:\/\/www.article-marketing.eu\/comunicatistampa\/unibg-e-orientamento-al-lavoro-lunedi-30-novembre-al-via-la-digital-career-week\/\" \/>\n<meta property=\"og:site_name\" content=\"Article Marketing\" \/>\n<meta property=\"article:published_time\" content=\"2020-11-28T08:45:43+00:00\" \/>\n<meta name=\"author\" content=\"Redaclem\" \/>\n<meta name=\"twitter:card\" content=\"summary_large_image\" \/>\n<meta name=\"twitter:label1\" content=\"Scritto da\" \/>\n\t<meta name=\"twitter:data1\" content=\"Redaclem\" \/>\n\t<meta name=\"twitter:label2\" content=\"Tempo di lettura stimato\" \/>\n\t<meta name=\"twitter:data2\" content=\"1 minuto\" \/>\n<script type=\"application\/ld+json\" class=\"yoast-schema-graph\">{\"@context\":\"https:\\\/\\\/schema.org\",\"@graph\":[{\"@type\":\"Article\",\"@id\":\"https:\\\/\\\/www.article-marketing.eu\\\/comunicatistampa\\\/unibg-e-orientamento-al-lavoro-lunedi-30-novembre-al-via-la-digital-career-week\\\/#article\",\"isPartOf\":{\"@id\":\"https:\\\/\\\/www.article-marketing.eu\\\/comunicatistampa\\\/unibg-e-orientamento-al-lavoro-lunedi-30-novembre-al-via-la-digital-career-week\\\/\"},\"author\":{\"name\":\"Redaclem\",\"@id\":\"https:\\\/\\\/www.article-marketing.eu\\\/comunicatistampa\\\/#\\\/schema\\\/person\\\/c0aa725eee5df8460e0adf901fde0c88\"},\"headline\":\"UniBg e orientamento al lavoro: luned\u00ec 30 novembre al via la Digital Career Week\",\"datePublished\":\"2020-11-28T08:45:43+00:00\",\"mainEntityOfPage\":{\"@id\":\"https:\\\/\\\/www.article-marketing.eu\\\/comunicatistampa\\\/unibg-e-orientamento-al-lavoro-lunedi-30-novembre-al-via-la-digital-career-week\\\/\"},\"wordCount\":256,\"commentCount\":0,\"keywords\":[\"#digitalcareerweek\",\"#unibg\"],\"articleSection\":[\"Arte e cultura\",\"Aziende\",\"Comunicati stampa\",\"Eventi\",\"Istruzione\"],\"inLanguage\":\"it-IT\",\"potentialAction\":[{\"@type\":\"CommentAction\",\"name\":\"Comment\",\"target\":[\"https:\\\/\\\/www.article-marketing.eu\\\/comunicatistampa\\\/unibg-e-orientamento-al-lavoro-lunedi-30-novembre-al-via-la-digital-career-week\\\/#respond\"]}]},{\"@type\":\"WebPage\",\"@id\":\"https:\\\/\\\/www.article-marketing.eu\\\/comunicatistampa\\\/unibg-e-orientamento-al-lavoro-lunedi-30-novembre-al-via-la-digital-career-week\\\/\",\"url\":\"https:\\\/\\\/www.article-marketing.eu\\\/comunicatistampa\\\/unibg-e-orientamento-al-lavoro-lunedi-30-novembre-al-via-la-digital-career-week\\\/\",\"name\":\"UniBg e orientamento al lavoro: luned\u00ec 30 novembre al via la Digital Career Week - Article Marketing\",\"isPartOf\":{\"@id\":\"https:\\\/\\\/www.article-marketing.eu\\\/comunicatistampa\\\/#website\"},\"datePublished\":\"2020-11-28T08:45:43+00:00\",\"author\":{\"@id\":\"https:\\\/\\\/www.article-marketing.eu\\\/comunicatistampa\\\/#\\\/schema\\\/person\\\/c0aa725eee5df8460e0adf901fde0c88\"},\"breadcrumb\":{\"@id\":\"https:\\\/\\\/www.article-marketing.eu\\\/comunicatistampa\\\/unibg-e-orientamento-al-lavoro-lunedi-30-novembre-al-via-la-digital-career-week\\\/#breadcrumb\"},\"inLanguage\":\"it-IT\",\"potentialAction\":[{\"@type\":\"ReadAction\",\"target\":[\"https:\\\/\\\/www.article-marketing.eu\\\/comunicatistampa\\\/unibg-e-orientamento-al-lavoro-lunedi-30-novembre-al-via-la-digital-career-week\\\/\"]}]},{\"@type\":\"BreadcrumbList\",\"@id\":\"https:\\\/\\\/www.article-marketing.eu\\\/comunicatistampa\\\/unibg-e-orientamento-al-lavoro-lunedi-30-novembre-al-via-la-digital-career-week\\\/#breadcrumb\",\"itemListElement\":[{\"@type\":\"ListItem\",\"position\":1,\"name\":\"Home\",\"item\":\"https:\\\/\\\/www.article-marketing.eu\\\/comunicatistampa\\\/\"},{\"@type\":\"ListItem\",\"position\":2,\"name\":\"UniBg e orientamento al lavoro: luned\u00ec 30 novembre al via la Digital Career Week\"}]},{\"@type\":\"WebSite\",\"@id\":\"https:\\\/\\\/www.article-marketing.eu\\\/comunicatistampa\\\/#website\",\"url\":\"https:\\\/\\\/www.article-marketing.eu\\\/comunicatistampa\\\/\",\"name\":\"Article Marketing\",\"description\":\"article marketing &amp; press release\",\"potentialAction\":[{\"@type\":\"SearchAction\",\"target\":{\"@type\":\"EntryPoint\",\"urlTemplate\":\"https:\\\/\\\/www.article-marketing.eu\\\/comunicatistampa\\\/?s={search_term_string}\"},\"query-input\":{\"@type\":\"PropertyValueSpecification\",\"valueRequired\":true,\"valueName\":\"search_term_string\"}}],\"inLanguage\":\"it-IT\"},{\"@type\":\"Person\",\"@id\":\"https:\\\/\\\/www.article-marketing.eu\\\/comunicatistampa\\\/#\\\/schema\\\/person\\\/c0aa725eee5df8460e0adf901fde0c88\",\"name\":\"Redaclem\",\"image\":{\"@type\":\"ImageObject\",\"inLanguage\":\"it-IT\",\"@id\":\"https:\\\/\\\/secure.gravatar.com\\\/avatar\\\/4c7e41f332a0583344a91d7d39723533da9b2d0df7737c2d8c69553168c2191e?s=96&d=mm&r=g\",\"url\":\"https:\\\/\\\/secure.gravatar.com\\\/avatar\\\/4c7e41f332a0583344a91d7d39723533da9b2d0df7737c2d8c69553168c2191e?s=96&d=mm&r=g\",\"contentUrl\":\"https:\\\/\\\/secure.gravatar.com\\\/avatar\\\/4c7e41f332a0583344a91d7d39723533da9b2d0df7737c2d8c69553168c2191e?s=96&d=mm&r=g\",\"caption\":\"Redaclem\"},\"url\":\"https:\\\/\\\/www.article-marketing.eu\\\/comunicatistampa\\\/author\\\/redaclem\\\/\"}]}<\/script>\n<!-- \/ Yoast SEO plugin. -->","yoast_head_json":{"title":"UniBg e orientamento al lavoro: luned\u00ec 30 novembre al via la Digital Career Week - Article Marketing","robots":{"index":"index","follow":"follow","max-snippet":"max-snippet:-1","max-image-preview":"max-image-preview:large","max-video-preview":"max-video-preview:-1"},"canonical":"https:\/\/www.article-marketing.eu\/comunicatistampa\/unibg-e-orientamento-al-lavoro-lunedi-30-novembre-al-via-la-digital-career-week\/","og_locale":"it_IT","og_type":"article","og_title":"UniBg e orientamento al lavoro: luned\u00ec 30 novembre al via la Digital Career Week - Article Marketing","og_description":"Il mondo del lavoro e gli studenti dell\u2019ateneo di Bergamo si incontrano per un proficuo scambio ormai consolidato, ma che quest\u2019anno non avverr\u00e0 nelle sedi universitarie bens\u00ec online, tramite piattaforma Teams. Al via luned\u00ec 30 novembre, con il benvenuto del Rettore, la Digital Career Week, una settimana di presentazioni e confronti online tra aziende partner dell\u2019ateneo orobico e gli studenti che stanno cominciando a proiettarsi nel mondo del lavoro postContinue reading...","og_url":"https:\/\/www.article-marketing.eu\/comunicatistampa\/unibg-e-orientamento-al-lavoro-lunedi-30-novembre-al-via-la-digital-career-week\/","og_site_name":"Article Marketing","article_published_time":"2020-11-28T08:45:43+00:00","author":"Redaclem","twitter_card":"summary_large_image","twitter_misc":{"Scritto da":"Redaclem","Tempo di lettura stimato":"1 minuto"},"schema":{"@context":"https:\/\/schema.org","@graph":[{"@type":"Article","@id":"https:\/\/www.article-marketing.eu\/comunicatistampa\/unibg-e-orientamento-al-lavoro-lunedi-30-novembre-al-via-la-digital-career-week\/#article","isPartOf":{"@id":"https:\/\/www.article-marketing.eu\/comunicatistampa\/unibg-e-orientamento-al-lavoro-lunedi-30-novembre-al-via-la-digital-career-week\/"},"author":{"name":"Redaclem","@id":"https:\/\/www.article-marketing.eu\/comunicatistampa\/#\/schema\/person\/c0aa725eee5df8460e0adf901fde0c88"},"headline":"UniBg e orientamento al lavoro: luned\u00ec 30 novembre al via la Digital Career Week","datePublished":"2020-11-28T08:45:43+00:00","mainEntityOfPage":{"@id":"https:\/\/www.article-marketing.eu\/comunicatistampa\/unibg-e-orientamento-al-lavoro-lunedi-30-novembre-al-via-la-digital-career-week\/"},"wordCount":256,"commentCount":0,"keywords":["#digitalcareerweek","#unibg"],"articleSection":["Arte e cultura","Aziende","Comunicati stampa","Eventi","Istruzione"],"inLanguage":"it-IT","potentialAction":[{"@type":"CommentAction","name":"Comment","target":["https:\/\/www.article-marketing.eu\/comunicatistampa\/unibg-e-orientamento-al-lavoro-lunedi-30-novembre-al-via-la-digital-career-week\/#respond"]}]},{"@type":"WebPage","@id":"https:\/\/www.article-marketing.eu\/comunicatistampa\/unibg-e-orientamento-al-lavoro-lunedi-30-novembre-al-via-la-digital-career-week\/","url":"https:\/\/www.article-marketing.eu\/comunicatistampa\/unibg-e-orientamento-al-lavoro-lunedi-30-novembre-al-via-la-digital-career-week\/","name":"UniBg e orientamento al lavoro: luned\u00ec 30 novembre al via la Digital Career Week - Article Marketing","isPartOf":{"@id":"https:\/\/www.article-marketing.eu\/comunicatistampa\/#website"},"datePublished":"2020-11-28T08:45:43+00:00","author":{"@id":"https:\/\/www.article-marketing.eu\/comunicatistampa\/#\/schema\/person\/c0aa725eee5df8460e0adf901fde0c88"},"breadcrumb":{"@id":"https:\/\/www.article-marketing.eu\/comunicatistampa\/unibg-e-orientamento-al-lavoro-lunedi-30-novembre-al-via-la-digital-career-week\/#breadcrumb"},"inLanguage":"it-IT","potentialAction":[{"@type":"ReadAction","target":["https:\/\/www.article-marketing.eu\/comunicatistampa\/unibg-e-orientamento-al-lavoro-lunedi-30-novembre-al-via-la-digital-career-week\/"]}]},{"@type":"BreadcrumbList","@id":"https:\/\/www.article-marketing.eu\/comunicatistampa\/unibg-e-orientamento-al-lavoro-lunedi-30-novembre-al-via-la-digital-career-week\/#breadcrumb","itemListElement":[{"@type":"ListItem","position":1,"name":"Home","item":"https:\/\/www.article-marketing.eu\/comunicatistampa\/"},{"@type":"ListItem","position":2,"name":"UniBg e orientamento al lavoro: luned\u00ec 30 novembre al via la Digital Career Week"}]},{"@type":"WebSite","@id":"https:\/\/www.article-marketing.eu\/comunicatistampa\/#website","url":"https:\/\/www.article-marketing.eu\/comunicatistampa\/","name":"Article Marketing","description":"article marketing &amp; press release","potentialAction":[{"@type":"SearchAction","target":{"@type":"EntryPoint","urlTemplate":"https:\/\/www.article-marketing.eu\/comunicatistampa\/?s={search_term_string}"},"query-input":{"@type":"PropertyValueSpecification","valueRequired":true,"valueName":"search_term_string"}}],"inLanguage":"it-IT"},{"@type":"Person","@id":"https:\/\/www.article-marketing.eu\/comunicatistampa\/#\/schema\/person\/c0aa725eee5df8460e0adf901fde0c88","name":"Redaclem","image":{"@type":"ImageObject","inLanguage":"it-IT","@id":"https:\/\/secure.gravatar.com\/avatar\/4c7e41f332a0583344a91d7d39723533da9b2d0df7737c2d8c69553168c2191e?s=96&d=mm&r=g","url":"https:\/\/secure.gravatar.com\/avatar\/4c7e41f332a0583344a91d7d39723533da9b2d0df7737c2d8c69553168c2191e?s=96&d=mm&r=g","contentUrl":"https:\/\/secure.gravatar.com\/avatar\/4c7e41f332a0583344a91d7d39723533da9b2d0df7737c2d8c69553168c2191e?s=96&d=mm&r=g","caption":"Redaclem"},"url":"https:\/\/www.article-marketing.eu\/comunicatistampa\/author\/redaclem\/"}]}},"_links":{"self":[{"href":"https:\/\/www.article-marketing.eu\/comunicatistampa\/wp-json\/wp\/v2\/posts\/16673","targetHints":{"allow":["GET"]}}],"collection":[{"href":"https:\/\/www.article-marketing.eu\/comunicatistampa\/wp-json\/wp\/v2\/posts"}],"about":[{"href":"https:\/\/www.article-marketing.eu\/comunicatistampa\/wp-json\/wp\/v2\/types\/post"}],"author":[{"embeddable":true,"href":"https:\/\/www.article-marketing.eu\/comunicatistampa\/wp-json\/wp\/v2\/users\/1855"}],"replies":[{"embeddable":true,"href":"https:\/\/www.article-marketing.eu\/comunicatistampa\/wp-json\/wp\/v2\/comments?post=16673"}],"version-history":[{"count":2,"href":"https:\/\/www.article-marketing.eu\/comunicatistampa\/wp-json\/wp\/v2\/posts\/16673\/revisions"}],"predecessor-version":[{"id":16683,"href":"https:\/\/www.article-marketing.eu\/comunicatistampa\/wp-json\/wp\/v2\/posts\/16673\/revisions\/16683"}],"wp:attachment":[{"href":"https:\/\/www.article-marketing.eu\/comunicatistampa\/wp-json\/wp\/v2\/media?parent=16673"}],"wp:term":[{"taxonomy":"category","embeddable":true,"href":"https:\/\/www.article-marketing.eu\/comunicatistampa\/wp-json\/wp\/v2\/categories?post=16673"},{"taxonomy":"post_tag","embeddable":true,"href":"https:\/\/www.article-marketing.eu\/comunicatistampa\/wp-json\/wp\/v2\/tags?post=16673"}],"curies":[{"name":"wp","href":"https:\/\/api.w.org\/{rel}","templated":true}]}}