{"id":16718,"date":"2020-12-04T05:21:03","date_gmt":"2020-12-04T04:21:03","guid":{"rendered":"https:\/\/www.article-marketing.eu\/comunicatistampa\/?p=16718"},"modified":"2020-12-04T05:21:03","modified_gmt":"2020-12-04T04:21:03","slug":"rapporto-aifos-lavoro-sicurezza-e-formazione-ai-tempi-del-coronavirus","status":"publish","type":"post","link":"https:\/\/www.article-marketing.eu\/comunicatistampa\/rapporto-aifos-lavoro-sicurezza-e-formazione-ai-tempi-del-coronavirus\/","title":{"rendered":"Rapporto AiFOS: lavoro, sicurezza e formazione ai tempi del coronavirus"},"content":{"rendered":"<h1>Comunicato Stampa<\/h1>\n<p><strong>Rapporto AiFOS: lavoro, sicurezza e formazione ai tempi del coronavirus<\/strong><\/p>\n<p><strong><em>\u00a0<\/em><\/strong><\/p>\n<p><strong><em>I dati della ricerca su lavoro, sicurezza e formazione ai tempi del coronavirus sono stati pubblicati sul Rapporto AiFOS 2020 e presentati il 3 dicembre durante l\u2019evento online Ambiente Lavoro. Come \u00e8 stata gestita l\u2019emergenza nelle aziende?<\/em><\/strong><\/p>\n<p>&nbsp;<\/p>\n<p>Non c\u2019\u00e8 dubbio che la <strong>pandemia<\/strong> abbia messo in discussione molti degli strumenti finora adottati anche in materia di salute e sicurezza sul lavoro. E ci vorr\u00e0 diverso tempo non solo per sconfiggere definitivamente il virus, ma anche per approfondire e capire come affrontare questa tipologia di emergenze nei luoghi di lavoro.<\/p>\n<p>&nbsp;<\/p>\n<p>Tuttavia per migliorare la prevenzione futura \u00e8 necessario mettere in campo tutte le risorse possibili per comprendere come le aziende, i vari attori della sicurezza aziendale, hanno gestito l\u2019attuale emergenza.<\/p>\n<p>&nbsp;<\/p>\n<p>Proprio per fornire queste risposte l\u2019<strong>Associazione Italiana Formatori ed Operatori della Sicurezza sul Lavoro<\/strong> (AiFOS) \u2013 su impulso del suo Comitato Scientifico presieduto dall\u2019Ing. Marco Masi &#8211; ha realizzato nel 2020 una importante attivit\u00e0 di ricerca per indagare come i professionisti della sicurezza hanno gestito la fase emergenziale. Attivit\u00e0 di ricerca, dal titolo \u201c<strong>Lavoro, sicurezza e formazione ai tempi del coronavirus<\/strong>\u201d, che \u00e8 stata presentata il 3 dicembre ad <strong>Ambiente Lavoro<\/strong> e raccolta e commentata nel <strong>Rapporto AiFOS 2020<\/strong>, pubblicato sulla rivista \u201c<strong>Quaderni della sicurezza AiFOS<\/strong>\u201d n. 4\/2020.<\/p>\n<p>&nbsp;<\/p>\n<p><strong>La ricerca AiFOS su lavoro, sicurezza e formazione ai tempi del coronavirus<\/strong><\/p>\n<p>Nella consapevolezza che la pandemia ha un impatto imprevedibile e, per certi aspetti, irreversibile, nel mondo del lavoro, la <strong>ricerca di AiFOS<\/strong> ha permesso di ascoltare il parere di coloro che si sono dovuti \u201cinnovare\u201d, nella speranza che i dati possano rappresentare non solo un <strong>momento di riflessione e supporto<\/strong> per tutti coloro che operano nel campo della salute e sicurezza nei luoghi di vita e di lavoro, ma anche un contributo per rilanciare l\u2019economia e gli investimenti del nostro Paese.<\/p>\n<p>&nbsp;<\/p>\n<p>Il <strong>Rapporto AiFOS 2020<\/strong> presenta la ricerca condotta tramite la raccolta di<strong> questionari<\/strong> compilati, in forma anonima, tra la fine del mese di maggio e il mese di giugno 2020 da <strong>RSPP<\/strong>, <strong>ASPP<\/strong>, <strong>HSE manager<\/strong>, <strong>Consulenti<\/strong> e <strong>Formatori<\/strong> e <strong>Coordinatori di Cantiere<\/strong>.<\/p>\n<p>Inoltre nel mese di settembre 2020, grazie alla collaborazione con il Coordinamento Sindacale Professionisti della Sanit\u00e0, l\u2019indagine \u00e8 stata diffusa anche tra i <strong>Medici Competenti<\/strong> per indagare il loro vissuto e le loro opinioni in merito alla fase pi\u00f9 acuta dell\u2019emergenza.<\/p>\n<p>&nbsp;<\/p>\n<p><strong>COVID-19 e lavoro: le risposte di RSPP, consulenti, formatori e HSE manager<\/strong><\/p>\n<p>Il questionario, rivolto a <strong>RSPP, consulenti, formatori e HSE manager<\/strong>, ha trattato vari temi:<\/p>\n<ul>\n<li>valutazione dei rischi, protocollo anticontagio, DPI e collaborazione soggetti sicurezza<\/li>\n<li>informazioni ai lavoratori<\/li>\n<li>smartworking<\/li>\n<li>formazione salute e sicurezza in modalit\u00e0 videoconferenza ed e-learning<\/li>\n<li>impressioni generali<\/li>\n<\/ul>\n<p>&nbsp;<\/p>\n<p>Attraverso i risultati di questi questionari \u00e8 stato possibile, ad esempio, comprendere che nelle aziende in cui operavano questi professionisti nel 66% dei casi la <strong>valutazione del rischio<\/strong> \u201c\u00e8 stata fatta a livello legislativo e il DVR \u00e8 stato integrato con un \u2018Allegato\u2019 concernente le misure da adottare\u201d. Mentre in poco pi\u00f9 del 22% dei casi il DVR \u00e8 stato aggiornato in tutti i suoi aspetti o, comunque, per le realt\u00e0 in cui il rischio biologico COVID-19 era considerato rischio professionale.<\/p>\n<p>I dati mostrano, almeno per il capitolo relativo alla valutazione dei rischi, ai protocolli anti-contagio e alla gestione dei dispositivi di protezione individuali, che le aziende italiane, pur nella confusione legislativa che ha caratterizzato l\u2019emergenza e con margini di miglioramento, hanno recepito lo spirito della normativa e hanno fatte proprie molte delle prescrizioni.<\/p>\n<p>&nbsp;<\/p>\n<p>Sono molte poi le risposte che hanno riguardato la <strong>formazione<\/strong>, che mostrano, ad esempio, come nel 52% del campione le attivit\u00e0 formative sono state interrotte. E laddove la formazione non si \u00e8, di fatto, interrotta, gli interlocutori hanno dichiarato che hanno consigliato ai propri committenti di non fermare la formazione, ma piuttosto di svolgere attivit\u00e0 in videoconferenza (70%) o in modalit\u00e0 e-learning (60%).<\/p>\n<p>&nbsp;<\/p>\n<p>Link all\u2019appendice statistica relativa alle risposte di RSPP, consulenti, formatori e HSE manager:<\/p>\n<p><a href=\"https:\/\/bit.ly\/Rapporto-AiFOS-2020-Formatori-RSPP\">https:\/\/bit.ly\/Rapporto-AiFOS-2020-Formatori-RSPP<\/a><\/p>\n<p>&nbsp;<\/p>\n<p><strong>COVID-19 e lavoro: le risposte di coordinatori e medici competenti<\/strong><\/p>\n<p>La ricerca di AiFOS ha poi raccolto anche le risposte e i pareri dei <strong>coordinatori di cantiere<\/strong> e dei <strong>medici competenti<\/strong>.<\/p>\n<p>&nbsp;<\/p>\n<p>Riguardo al <strong>settore dei cantieri<\/strong> si \u00e8 voluto, in particolare, comprendere quello che i coordinatori ed i consulenti hanno fatto, i problemi riscontrati, le soluzioni applicate, le sensazioni riportate, offrendo cos\u00ec un contributo formativo e informativo maturato \u201csul campo\u201d proprio da chi, ogni giorno, si occupa della difficile materia della sicurezza in edilizia.<\/p>\n<p>I dati mostrano che nel momento del lockdown l\u2019attivit\u00e0 sia stata sospesa nel 69,3% dei cantieri, mentre l\u2019attivit\u00e0 \u00e8 proseguita solo in cantieri rientranti nei settori strategici (per il 14,7% dei casi) e in cantieri connessi a settori strategici per i quali era necessario lo svolgimento dei lavori (16%). Inoltre relativamente alle modalit\u00e0 di esecuzione della valutazione dei rischi indotti dall\u2019emergenza Covid-19 nella stragrande maggioranza dei casi si \u00e8 intervenuti sul PSC, predisponendo uno specifico allegato o con aggiornamenti del documento o delle sue sezioni.<\/p>\n<p>&nbsp;<\/p>\n<p>Link all\u2019appendice statistica relativa alle risposte dei coordinatori:<\/p>\n<p><a href=\"https:\/\/bit.ly\/Rapporto-AiFOS-2020-Coordinatori\">https:\/\/bit.ly\/Rapporto-AiFOS-2020-Coordinatori<\/a><\/p>\n<p>&nbsp;<\/p>\n<p>Altri dati interessanti, che emergono della ricerca condotta da AiFOS, riguardano la posizione del <strong>medico competente<\/strong>, anche con riferimento alle risposte degli altri attori della sicurezza aziendale sulla collaborazione tra le varie figure aziendali.<\/p>\n<p>&nbsp;<\/p>\n<p>Se \u00e8 scontato che in un\u2019emergenza sanitaria tale figura sia chiamata a giocare un ruolo di fondamentale importanza, la ricerca offre per\u00f2 uno spaccato che pone tale soggetto tra luci ed ombre. Se si considera, infatti, la necessaria collaborazione delle varie figure aziendali nella stesura del protocollo aziendale anti-contagio, se quasi il 68% degli intervistati ritiene che il contributo del medico competente sia stato ottimo-buono, non passa inosservato che il 32% lo abbia ritenuto, invece, come scarso (25,16%) o addirittura nullo (7,22%).<\/p>\n<p>&nbsp;<\/p>\n<p>In ogni caso l\u2019indagine condotta ha messo in evidenza che nella prima fase dell\u2019emergenza sanitaria legata all\u2019epidemia COVID-19 il Medico Competente ha proseguito la sua attivit\u00e0 professionale modulando gli adempimenti normativi in funzione delle necessit\u00e0 contingenti e tenendo conto dell\u2019esigenza di scongiurare, per quanto possibile, il contagio nell\u2019ambito della popolazione lavorativa delle aziende seguite.<\/p>\n<p>&nbsp;<\/p>\n<p>Link all\u2019appendice statistica relativa alle risposte dei medici competenti:<\/p>\n<p><a href=\"https:\/\/bit.ly\/Rapporto-AiFOS-2020-MediciCompetenti\">https:\/\/bit.ly\/Rapporto-AiFOS-2020-MediciCompetenti<\/a><\/p>\n<p>&nbsp;<\/p>\n<p>Invitiamo chi volesse conoscere altri risultati della ricerca o volesse approfondire i risultati delle analisi e riflessioni sui dati di richiedere il <strong>Quaderno della Sicurezza AiFOS n. 4\/2020<\/strong> all\u2019indirizzo quaderni@aifos.it.<\/p>\n<p>&nbsp;<\/p>\n<p>Per avere ulteriori <strong>informazioni<\/strong> sulla ricerca e sul Rapporto AiFOS 2020 si pu\u00f2 fare riferimento a AiFOS via Branze, 45 &#8211; 25123 Brescia c\/o CSMT, Universit\u00e0 degli Studi di Brescia tel.030.6595031 &#8211; fax 030.6595040 www.aifos.it &#8211; quaderni@aifos.it, \u00a0relazioniesterne@aifos.it.<\/p>\n<p><em>\u00a0<\/em><\/p>\n<p><em>\u00a0<\/em><\/p>\n<p><em>03 dicembre 2020<\/em><\/p>\n<p>&nbsp;<\/p>\n<p>Ufficio Stampa di AiFOS<\/p>\n<p>ufficiostampa@aifos.it<\/p>\n<p>http:\/\/www.aifos.it\/<\/p>\n","protected":false},"excerpt":{"rendered":"<p>Comunicato Stampa Rapporto AiFOS: lavoro, sicurezza e formazione ai tempi del coronavirus \u00a0 I dati della ricerca su lavoro, sicurezza e formazione ai tempi del coronavirus sono stati pubblicati sul Rapporto AiFOS 2020 e presentati il 3 dicembre durante l\u2019evento online Ambiente Lavoro. Come \u00e8 stata gestita l\u2019emergenza nelle aziende? &nbsp; Non c\u2019\u00e8 dubbio che la pandemia abbia messo in discussione molti degli strumenti finora adottati anche in materia di<\/p>\n<p><a class=\"continue-reading\" href=\"https:\/\/www.article-marketing.eu\/comunicatistampa\/rapporto-aifos-lavoro-sicurezza-e-formazione-ai-tempi-del-coronavirus\/\">Continue reading&#8230;<\/a><\/p>\n","protected":false},"author":881,"featured_media":0,"comment_status":"open","ping_status":"open","sticky":false,"template":"","format":"standard","meta":{"_monsterinsights_skip_tracking":false,"_monsterinsights_sitenote_active":false,"_monsterinsights_sitenote_note":"","_monsterinsights_sitenote_category":0,"footnotes":""},"categories":[78,386,369],"tags":[3301,4851,6922,6318,3235,6923,6049,6925,5949,721,6569,6108,6815,6210,1007,3951,6024,6924,6204,6342],"class_list":["post-16718","post","type-post","status-publish","format-standard","hentry","category-comunicati-stampa","category-economia-e-lavoro","category-salute-e-benessere","tag-aifos","tag-ambiente-lavoro","tag-aspp","tag-associazione-italiana-formatori-ed-operatori-della-sicurezza-sul-lavoro","tag-brescia","tag-consulenti-e-formatori-e-coordinatori-di-cantiere","tag-covid-19","tag-epidemia","tag-hse-manager","tag-lavoro","tag-medici-competenti","tag-pandemia","tag-quaderni-della-sicurezza-aifos","tag-rapporto-aifos-2020","tag-ricerca","tag-rspp","tag-sars-cov-2","tag-settore-dei-cantieri","tag-sicurezza-e-formazione-ai-tempi-del-coronavirus","tag-webinar"],"yoast_head":"<!-- This site is optimized with the Yoast SEO plugin v27.3 - https:\/\/yoast.com\/product\/yoast-seo-wordpress\/ -->\n<title>Rapporto AiFOS: lavoro, sicurezza e formazione ai tempi del coronavirus - Article Marketing<\/title>\n<meta name=\"robots\" content=\"index, follow, max-snippet:-1, max-image-preview:large, max-video-preview:-1\" \/>\n<link rel=\"canonical\" href=\"https:\/\/www.article-marketing.eu\/comunicatistampa\/rapporto-aifos-lavoro-sicurezza-e-formazione-ai-tempi-del-coronavirus\/\" \/>\n<meta property=\"og:locale\" content=\"it_IT\" \/>\n<meta property=\"og:type\" content=\"article\" \/>\n<meta property=\"og:title\" content=\"Rapporto AiFOS: lavoro, sicurezza e formazione ai tempi del coronavirus - Article Marketing\" \/>\n<meta property=\"og:description\" content=\"Comunicato Stampa Rapporto AiFOS: lavoro, sicurezza e formazione ai tempi del coronavirus \u00a0 I dati della ricerca su lavoro, sicurezza e formazione ai tempi del coronavirus sono stati pubblicati sul Rapporto AiFOS 2020 e presentati il 3 dicembre durante l\u2019evento online Ambiente Lavoro. Come \u00e8 stata gestita l\u2019emergenza nelle aziende? &nbsp; Non c\u2019\u00e8 dubbio che la pandemia abbia messo in discussione molti degli strumenti finora adottati anche in materia diContinue reading...\" \/>\n<meta property=\"og:url\" content=\"https:\/\/www.article-marketing.eu\/comunicatistampa\/rapporto-aifos-lavoro-sicurezza-e-formazione-ai-tempi-del-coronavirus\/\" \/>\n<meta property=\"og:site_name\" content=\"Article Marketing\" \/>\n<meta property=\"article:published_time\" content=\"2020-12-04T04:21:03+00:00\" \/>\n<meta name=\"author\" content=\"AIFUS\" \/>\n<meta name=\"twitter:card\" content=\"summary_large_image\" \/>\n<meta name=\"twitter:label1\" content=\"Scritto da\" \/>\n\t<meta name=\"twitter:data1\" content=\"AIFUS\" \/>\n\t<meta name=\"twitter:label2\" content=\"Tempo di lettura stimato\" \/>\n\t<meta name=\"twitter:data2\" content=\"6 minuti\" \/>\n<script type=\"application\/ld+json\" class=\"yoast-schema-graph\">{\"@context\":\"https:\\\/\\\/schema.org\",\"@graph\":[{\"@type\":\"Article\",\"@id\":\"https:\\\/\\\/www.article-marketing.eu\\\/comunicatistampa\\\/rapporto-aifos-lavoro-sicurezza-e-formazione-ai-tempi-del-coronavirus\\\/#article\",\"isPartOf\":{\"@id\":\"https:\\\/\\\/www.article-marketing.eu\\\/comunicatistampa\\\/rapporto-aifos-lavoro-sicurezza-e-formazione-ai-tempi-del-coronavirus\\\/\"},\"author\":{\"name\":\"AIFUS\",\"@id\":\"https:\\\/\\\/www.article-marketing.eu\\\/comunicatistampa\\\/#\\\/schema\\\/person\\\/d1985c4955ff71a05f49d68e3034b3cd\"},\"headline\":\"Rapporto AiFOS: lavoro, sicurezza e formazione ai tempi del coronavirus\",\"datePublished\":\"2020-12-04T04:21:03+00:00\",\"mainEntityOfPage\":{\"@id\":\"https:\\\/\\\/www.article-marketing.eu\\\/comunicatistampa\\\/rapporto-aifos-lavoro-sicurezza-e-formazione-ai-tempi-del-coronavirus\\\/\"},\"wordCount\":1127,\"commentCount\":0,\"keywords\":[\"Aifos\",\"Ambiente Lavoro\",\"ASPP\",\"Associazione Italiana Formatori ed Operatori della Sicurezza sul Lavoro\",\"Brescia\",\"Consulenti e Formatori e Coordinatori di Cantiere\",\"COVID-19\",\"epidemia\",\"HSE Manager\",\"lavoro\",\"Medici competenti\",\"pandemia\",\"Quaderni della Sicurezza AiFOS\",\"Rapporto AiFOS 2020\",\"ricerca\",\"rspp\",\"SARS-CoV-2\",\"settore dei cantieri\",\"sicurezza e formazione ai tempi del coronavirus\",\"webinar\"],\"articleSection\":[\"Comunicati stampa\",\"Economia e lavoro\",\"Salute e benessere\"],\"inLanguage\":\"it-IT\",\"potentialAction\":[{\"@type\":\"CommentAction\",\"name\":\"Comment\",\"target\":[\"https:\\\/\\\/www.article-marketing.eu\\\/comunicatistampa\\\/rapporto-aifos-lavoro-sicurezza-e-formazione-ai-tempi-del-coronavirus\\\/#respond\"]}]},{\"@type\":\"WebPage\",\"@id\":\"https:\\\/\\\/www.article-marketing.eu\\\/comunicatistampa\\\/rapporto-aifos-lavoro-sicurezza-e-formazione-ai-tempi-del-coronavirus\\\/\",\"url\":\"https:\\\/\\\/www.article-marketing.eu\\\/comunicatistampa\\\/rapporto-aifos-lavoro-sicurezza-e-formazione-ai-tempi-del-coronavirus\\\/\",\"name\":\"Rapporto AiFOS: lavoro, sicurezza e formazione ai tempi del coronavirus - Article Marketing\",\"isPartOf\":{\"@id\":\"https:\\\/\\\/www.article-marketing.eu\\\/comunicatistampa\\\/#website\"},\"datePublished\":\"2020-12-04T04:21:03+00:00\",\"author\":{\"@id\":\"https:\\\/\\\/www.article-marketing.eu\\\/comunicatistampa\\\/#\\\/schema\\\/person\\\/d1985c4955ff71a05f49d68e3034b3cd\"},\"breadcrumb\":{\"@id\":\"https:\\\/\\\/www.article-marketing.eu\\\/comunicatistampa\\\/rapporto-aifos-lavoro-sicurezza-e-formazione-ai-tempi-del-coronavirus\\\/#breadcrumb\"},\"inLanguage\":\"it-IT\",\"potentialAction\":[{\"@type\":\"ReadAction\",\"target\":[\"https:\\\/\\\/www.article-marketing.eu\\\/comunicatistampa\\\/rapporto-aifos-lavoro-sicurezza-e-formazione-ai-tempi-del-coronavirus\\\/\"]}]},{\"@type\":\"BreadcrumbList\",\"@id\":\"https:\\\/\\\/www.article-marketing.eu\\\/comunicatistampa\\\/rapporto-aifos-lavoro-sicurezza-e-formazione-ai-tempi-del-coronavirus\\\/#breadcrumb\",\"itemListElement\":[{\"@type\":\"ListItem\",\"position\":1,\"name\":\"Home\",\"item\":\"https:\\\/\\\/www.article-marketing.eu\\\/comunicatistampa\\\/\"},{\"@type\":\"ListItem\",\"position\":2,\"name\":\"Rapporto AiFOS: lavoro, sicurezza e formazione ai tempi del coronavirus\"}]},{\"@type\":\"WebSite\",\"@id\":\"https:\\\/\\\/www.article-marketing.eu\\\/comunicatistampa\\\/#website\",\"url\":\"https:\\\/\\\/www.article-marketing.eu\\\/comunicatistampa\\\/\",\"name\":\"Article Marketing\",\"description\":\"article marketing &amp; press release\",\"potentialAction\":[{\"@type\":\"SearchAction\",\"target\":{\"@type\":\"EntryPoint\",\"urlTemplate\":\"https:\\\/\\\/www.article-marketing.eu\\\/comunicatistampa\\\/?s={search_term_string}\"},\"query-input\":{\"@type\":\"PropertyValueSpecification\",\"valueRequired\":true,\"valueName\":\"search_term_string\"}}],\"inLanguage\":\"it-IT\"},{\"@type\":\"Person\",\"@id\":\"https:\\\/\\\/www.article-marketing.eu\\\/comunicatistampa\\\/#\\\/schema\\\/person\\\/d1985c4955ff71a05f49d68e3034b3cd\",\"name\":\"AIFUS\",\"image\":{\"@type\":\"ImageObject\",\"inLanguage\":\"it-IT\",\"@id\":\"https:\\\/\\\/secure.gravatar.com\\\/avatar\\\/05cf2a2ba057667571308b94c84f00ff48766ffac95710a87491a9b3ddcee484?s=96&d=mm&r=g\",\"url\":\"https:\\\/\\\/secure.gravatar.com\\\/avatar\\\/05cf2a2ba057667571308b94c84f00ff48766ffac95710a87491a9b3ddcee484?s=96&d=mm&r=g\",\"contentUrl\":\"https:\\\/\\\/secure.gravatar.com\\\/avatar\\\/05cf2a2ba057667571308b94c84f00ff48766ffac95710a87491a9b3ddcee484?s=96&d=mm&r=g\",\"caption\":\"AIFUS\"},\"url\":\"https:\\\/\\\/www.article-marketing.eu\\\/comunicatistampa\\\/author\\\/aifus\\\/\"}]}<\/script>\n<!-- \/ Yoast SEO plugin. -->","yoast_head_json":{"title":"Rapporto AiFOS: lavoro, sicurezza e formazione ai tempi del coronavirus - Article Marketing","robots":{"index":"index","follow":"follow","max-snippet":"max-snippet:-1","max-image-preview":"max-image-preview:large","max-video-preview":"max-video-preview:-1"},"canonical":"https:\/\/www.article-marketing.eu\/comunicatistampa\/rapporto-aifos-lavoro-sicurezza-e-formazione-ai-tempi-del-coronavirus\/","og_locale":"it_IT","og_type":"article","og_title":"Rapporto AiFOS: lavoro, sicurezza e formazione ai tempi del coronavirus - Article Marketing","og_description":"Comunicato Stampa Rapporto AiFOS: lavoro, sicurezza e formazione ai tempi del coronavirus \u00a0 I dati della ricerca su lavoro, sicurezza e formazione ai tempi del coronavirus sono stati pubblicati sul Rapporto AiFOS 2020 e presentati il 3 dicembre durante l\u2019evento online Ambiente Lavoro. Come \u00e8 stata gestita l\u2019emergenza nelle aziende? &nbsp; Non c\u2019\u00e8 dubbio che la pandemia abbia messo in discussione molti degli strumenti finora adottati anche in materia diContinue reading...","og_url":"https:\/\/www.article-marketing.eu\/comunicatistampa\/rapporto-aifos-lavoro-sicurezza-e-formazione-ai-tempi-del-coronavirus\/","og_site_name":"Article Marketing","article_published_time":"2020-12-04T04:21:03+00:00","author":"AIFUS","twitter_card":"summary_large_image","twitter_misc":{"Scritto da":"AIFUS","Tempo di lettura stimato":"6 minuti"},"schema":{"@context":"https:\/\/schema.org","@graph":[{"@type":"Article","@id":"https:\/\/www.article-marketing.eu\/comunicatistampa\/rapporto-aifos-lavoro-sicurezza-e-formazione-ai-tempi-del-coronavirus\/#article","isPartOf":{"@id":"https:\/\/www.article-marketing.eu\/comunicatistampa\/rapporto-aifos-lavoro-sicurezza-e-formazione-ai-tempi-del-coronavirus\/"},"author":{"name":"AIFUS","@id":"https:\/\/www.article-marketing.eu\/comunicatistampa\/#\/schema\/person\/d1985c4955ff71a05f49d68e3034b3cd"},"headline":"Rapporto AiFOS: lavoro, sicurezza e formazione ai tempi del coronavirus","datePublished":"2020-12-04T04:21:03+00:00","mainEntityOfPage":{"@id":"https:\/\/www.article-marketing.eu\/comunicatistampa\/rapporto-aifos-lavoro-sicurezza-e-formazione-ai-tempi-del-coronavirus\/"},"wordCount":1127,"commentCount":0,"keywords":["Aifos","Ambiente Lavoro","ASPP","Associazione Italiana Formatori ed Operatori della Sicurezza sul Lavoro","Brescia","Consulenti e Formatori e Coordinatori di Cantiere","COVID-19","epidemia","HSE Manager","lavoro","Medici competenti","pandemia","Quaderni della Sicurezza AiFOS","Rapporto AiFOS 2020","ricerca","rspp","SARS-CoV-2","settore dei cantieri","sicurezza e formazione ai tempi del coronavirus","webinar"],"articleSection":["Comunicati stampa","Economia e lavoro","Salute e benessere"],"inLanguage":"it-IT","potentialAction":[{"@type":"CommentAction","name":"Comment","target":["https:\/\/www.article-marketing.eu\/comunicatistampa\/rapporto-aifos-lavoro-sicurezza-e-formazione-ai-tempi-del-coronavirus\/#respond"]}]},{"@type":"WebPage","@id":"https:\/\/www.article-marketing.eu\/comunicatistampa\/rapporto-aifos-lavoro-sicurezza-e-formazione-ai-tempi-del-coronavirus\/","url":"https:\/\/www.article-marketing.eu\/comunicatistampa\/rapporto-aifos-lavoro-sicurezza-e-formazione-ai-tempi-del-coronavirus\/","name":"Rapporto AiFOS: lavoro, sicurezza e formazione ai tempi del coronavirus - Article Marketing","isPartOf":{"@id":"https:\/\/www.article-marketing.eu\/comunicatistampa\/#website"},"datePublished":"2020-12-04T04:21:03+00:00","author":{"@id":"https:\/\/www.article-marketing.eu\/comunicatistampa\/#\/schema\/person\/d1985c4955ff71a05f49d68e3034b3cd"},"breadcrumb":{"@id":"https:\/\/www.article-marketing.eu\/comunicatistampa\/rapporto-aifos-lavoro-sicurezza-e-formazione-ai-tempi-del-coronavirus\/#breadcrumb"},"inLanguage":"it-IT","potentialAction":[{"@type":"ReadAction","target":["https:\/\/www.article-marketing.eu\/comunicatistampa\/rapporto-aifos-lavoro-sicurezza-e-formazione-ai-tempi-del-coronavirus\/"]}]},{"@type":"BreadcrumbList","@id":"https:\/\/www.article-marketing.eu\/comunicatistampa\/rapporto-aifos-lavoro-sicurezza-e-formazione-ai-tempi-del-coronavirus\/#breadcrumb","itemListElement":[{"@type":"ListItem","position":1,"name":"Home","item":"https:\/\/www.article-marketing.eu\/comunicatistampa\/"},{"@type":"ListItem","position":2,"name":"Rapporto AiFOS: lavoro, sicurezza e formazione ai tempi del coronavirus"}]},{"@type":"WebSite","@id":"https:\/\/www.article-marketing.eu\/comunicatistampa\/#website","url":"https:\/\/www.article-marketing.eu\/comunicatistampa\/","name":"Article Marketing","description":"article marketing &amp; press release","potentialAction":[{"@type":"SearchAction","target":{"@type":"EntryPoint","urlTemplate":"https:\/\/www.article-marketing.eu\/comunicatistampa\/?s={search_term_string}"},"query-input":{"@type":"PropertyValueSpecification","valueRequired":true,"valueName":"search_term_string"}}],"inLanguage":"it-IT"},{"@type":"Person","@id":"https:\/\/www.article-marketing.eu\/comunicatistampa\/#\/schema\/person\/d1985c4955ff71a05f49d68e3034b3cd","name":"AIFUS","image":{"@type":"ImageObject","inLanguage":"it-IT","@id":"https:\/\/secure.gravatar.com\/avatar\/05cf2a2ba057667571308b94c84f00ff48766ffac95710a87491a9b3ddcee484?s=96&d=mm&r=g","url":"https:\/\/secure.gravatar.com\/avatar\/05cf2a2ba057667571308b94c84f00ff48766ffac95710a87491a9b3ddcee484?s=96&d=mm&r=g","contentUrl":"https:\/\/secure.gravatar.com\/avatar\/05cf2a2ba057667571308b94c84f00ff48766ffac95710a87491a9b3ddcee484?s=96&d=mm&r=g","caption":"AIFUS"},"url":"https:\/\/www.article-marketing.eu\/comunicatistampa\/author\/aifus\/"}]}},"_links":{"self":[{"href":"https:\/\/www.article-marketing.eu\/comunicatistampa\/wp-json\/wp\/v2\/posts\/16718","targetHints":{"allow":["GET"]}}],"collection":[{"href":"https:\/\/www.article-marketing.eu\/comunicatistampa\/wp-json\/wp\/v2\/posts"}],"about":[{"href":"https:\/\/www.article-marketing.eu\/comunicatistampa\/wp-json\/wp\/v2\/types\/post"}],"author":[{"embeddable":true,"href":"https:\/\/www.article-marketing.eu\/comunicatistampa\/wp-json\/wp\/v2\/users\/881"}],"replies":[{"embeddable":true,"href":"https:\/\/www.article-marketing.eu\/comunicatistampa\/wp-json\/wp\/v2\/comments?post=16718"}],"version-history":[{"count":2,"href":"https:\/\/www.article-marketing.eu\/comunicatistampa\/wp-json\/wp\/v2\/posts\/16718\/revisions"}],"predecessor-version":[{"id":16732,"href":"https:\/\/www.article-marketing.eu\/comunicatistampa\/wp-json\/wp\/v2\/posts\/16718\/revisions\/16732"}],"wp:attachment":[{"href":"https:\/\/www.article-marketing.eu\/comunicatistampa\/wp-json\/wp\/v2\/media?parent=16718"}],"wp:term":[{"taxonomy":"category","embeddable":true,"href":"https:\/\/www.article-marketing.eu\/comunicatistampa\/wp-json\/wp\/v2\/categories?post=16718"},{"taxonomy":"post_tag","embeddable":true,"href":"https:\/\/www.article-marketing.eu\/comunicatistampa\/wp-json\/wp\/v2\/tags?post=16718"}],"curies":[{"name":"wp","href":"https:\/\/api.w.org\/{rel}","templated":true}]}}