{"id":16793,"date":"2020-12-10T16:35:44","date_gmt":"2020-12-10T15:35:44","guid":{"rendered":"https:\/\/www.article-marketing.eu\/comunicatistampa\/?p=16793"},"modified":"2020-12-10T16:35:44","modified_gmt":"2020-12-10T15:35:44","slug":"il-covid-19-non-ferma-la-danza","status":"publish","type":"post","link":"https:\/\/www.article-marketing.eu\/comunicatistampa\/il-covid-19-non-ferma-la-danza\/","title":{"rendered":"Il Covid 19 non ferma la Danza!"},"content":{"rendered":"<p>Eleonora Di Vita, ballerina e insegnate, che ha calcato innumerevoli palchi internazionali e ha condiviso durante gli anni la sua passione con allieve e colleghe, ne \u00e8 una dimostrazione. Neanche il lockdown \u00e8 riuscito infatti a fermare tanto entusiasmo e gli incontri sono\u00a0 proseguiti evolvendosi nella modalit\u00e0 online.<br \/>\nCon l\u2019arrivo di questo virus la Cultura e la Danza sono stati messi in ginocchio: si \u00e8 trattato di un brutto fallo, un intervento a gamba tesa da parte di un avversario invisibile. Tutti i protagonisti di queste filiere si sono innegabilmente trovati di fronte a una durissima prova, chiamati a superare un ostacolo che mai avrebbero pensato di dover affrontare. Nel freddo emotivo creato\u00a0 questa emergenza sanitaria, tuttavia, per contrasto, la<br \/>\nmancanza del calore creativo si \u00e8 avvertita con maggiore intensit\u00e0 e la difficilissima situazione ha reso ancor pi\u00f9 palese quanto importante sia l\u2019arte come nutrimento per l&#8217;anima. Forte di questa consapevolezza, Eleonora non si \u00e8 data per vinta e si \u00e8 avvicinata ai moderni sistemi di condivisione. Come spesso succede, da una difficolt\u00e0 si trae un&#8217;opportunit\u00e0 e, superata una brusca curva a gomito che costringe per un attimo a una frenata, si pu\u00f2 riprendere la strada verso paesaggi ancora pi\u00f9 vasti. E pi\u00f9 vasta \u00e8 diventata infatti in questo caso la platea a cui Eleonora ha modo di rivolgersi, grazie alla sua scelta che mette i passi di danza al passo coi tempi.<br \/>\n\u201cMi sono resa conto che grazie a questo nuovo strumento interattivo tutti, nella sicurezza della propria casa, potevano usufruire delle mie lezioni mantenendo il loro fisico attivo e nutrendo l\u2019anima grazie alla meravigliosa disciplina che \u00e8 la Danza. Per questo ho deciso che nelle prossime settimane aprir\u00f2 al pubblico le classi virtuali di danza contemporanea, tutti i mercoled\u00ec dalle 19.00 alle 20.30, sulla piattaforma Zoom. Perch\u00e9 la passione \u00e8 luce e quellla arriva anche attraverso uno schermo, illuminando il corpo e lo spirito di chi non si arrende&#8221;.<\/p>\n<div><\/div>\n<div><a href=\"https:\/\/www.instagram.com\/enoire\/?hl=it\" target=\"_blank\" rel=\"noopener noreferrer\" data-saferedirecturl=\"https:\/\/www.google.com\/url?q=https:\/\/www.instagram.com\/enoire\/?hl%3Dit&amp;source=gmail&amp;ust=1607642485671000&amp;usg=AFQjCNHJIhSMtwUOTJ59w9d7T0uezpuTAA\">https:\/\/www.instagram.com\/enoire\/?hl=it<\/a><\/div>\n<div><\/div>\n<div><\/div>\n","protected":false},"excerpt":{"rendered":"<p>Eleonora Di Vita, ballerina e insegnate, che ha calcato innumerevoli palchi internazionali e ha condiviso durante gli anni la sua passione con allieve e colleghe, ne \u00e8 una dimostrazione. Neanche il lockdown \u00e8 riuscito infatti a fermare tanto entusiasmo e gli incontri sono\u00a0 proseguiti evolvendosi nella modalit\u00e0 online. Con l\u2019arrivo di questo virus la Cultura e la Danza sono stati messi in ginocchio: si \u00e8 trattato di un brutto fallo,<\/p>\n<p><a class=\"continue-reading\" href=\"https:\/\/www.article-marketing.eu\/comunicatistampa\/il-covid-19-non-ferma-la-danza\/\">Continue reading&#8230;<\/a><\/p>\n","protected":false},"author":6200,"featured_media":0,"comment_status":"open","ping_status":"open","sticky":false,"template":"","format":"standard","meta":{"_monsterinsights_skip_tracking":false,"_monsterinsights_sitenote_active":false,"_monsterinsights_sitenote_note":"","_monsterinsights_sitenote_category":0,"footnotes":""},"categories":[407,78,379,394,373,351],"tags":[],"class_list":["post-16793","post","type-post","status-publish","format-standard","hentry","category-arte-e-cultura","category-comunicati-stampa","category-corsi","category-servizi","category-sport","category-tempo-libero"],"yoast_head":"<!-- This site is optimized with the Yoast SEO plugin v27.3 - https:\/\/yoast.com\/product\/yoast-seo-wordpress\/ -->\n<title>Il Covid 19 non ferma la Danza! - Article Marketing<\/title>\n<meta name=\"robots\" content=\"index, follow, max-snippet:-1, max-image-preview:large, max-video-preview:-1\" \/>\n<link rel=\"canonical\" href=\"https:\/\/www.article-marketing.eu\/comunicatistampa\/il-covid-19-non-ferma-la-danza\/\" \/>\n<meta property=\"og:locale\" content=\"it_IT\" \/>\n<meta property=\"og:type\" content=\"article\" \/>\n<meta property=\"og:title\" content=\"Il Covid 19 non ferma la Danza! - Article Marketing\" \/>\n<meta property=\"og:description\" content=\"Eleonora Di Vita, ballerina e insegnate, che ha calcato innumerevoli palchi internazionali e ha condiviso durante gli anni la sua passione con allieve e colleghe, ne \u00e8 una dimostrazione. Neanche il lockdown \u00e8 riuscito infatti a fermare tanto entusiasmo e gli incontri sono\u00a0 proseguiti evolvendosi nella modalit\u00e0 online. Con l\u2019arrivo di questo virus la Cultura e la Danza sono stati messi in ginocchio: si \u00e8 trattato di un brutto fallo,Continue reading...\" \/>\n<meta property=\"og:url\" content=\"https:\/\/www.article-marketing.eu\/comunicatistampa\/il-covid-19-non-ferma-la-danza\/\" \/>\n<meta property=\"og:site_name\" content=\"Article Marketing\" \/>\n<meta property=\"article:published_time\" content=\"2020-12-10T15:35:44+00:00\" \/>\n<meta name=\"author\" content=\"Marco Tenerini\" \/>\n<meta name=\"twitter:card\" content=\"summary_large_image\" \/>\n<meta name=\"twitter:label1\" content=\"Scritto da\" \/>\n\t<meta name=\"twitter:data1\" content=\"Marco Tenerini\" \/>\n\t<meta name=\"twitter:label2\" content=\"Tempo di lettura stimato\" \/>\n\t<meta name=\"twitter:data2\" content=\"2 minuti\" \/>\n<script type=\"application\/ld+json\" class=\"yoast-schema-graph\">{\"@context\":\"https:\\\/\\\/schema.org\",\"@graph\":[{\"@type\":\"Article\",\"@id\":\"https:\\\/\\\/www.article-marketing.eu\\\/comunicatistampa\\\/il-covid-19-non-ferma-la-danza\\\/#article\",\"isPartOf\":{\"@id\":\"https:\\\/\\\/www.article-marketing.eu\\\/comunicatistampa\\\/il-covid-19-non-ferma-la-danza\\\/\"},\"author\":{\"name\":\"Marco Tenerini\",\"@id\":\"https:\\\/\\\/www.article-marketing.eu\\\/comunicatistampa\\\/#\\\/schema\\\/person\\\/c41b9b06eb7a3be17c8806d165b01ea6\"},\"headline\":\"Il Covid 19 non ferma la Danza!\",\"datePublished\":\"2020-12-10T15:35:44+00:00\",\"mainEntityOfPage\":{\"@id\":\"https:\\\/\\\/www.article-marketing.eu\\\/comunicatistampa\\\/il-covid-19-non-ferma-la-danza\\\/\"},\"wordCount\":326,\"commentCount\":0,\"articleSection\":[\"Arte e cultura\",\"Comunicati stampa\",\"Corsi\",\"Servizi\",\"Sport\",\"Tempo libero\"],\"inLanguage\":\"it-IT\",\"potentialAction\":[{\"@type\":\"CommentAction\",\"name\":\"Comment\",\"target\":[\"https:\\\/\\\/www.article-marketing.eu\\\/comunicatistampa\\\/il-covid-19-non-ferma-la-danza\\\/#respond\"]}]},{\"@type\":\"WebPage\",\"@id\":\"https:\\\/\\\/www.article-marketing.eu\\\/comunicatistampa\\\/il-covid-19-non-ferma-la-danza\\\/\",\"url\":\"https:\\\/\\\/www.article-marketing.eu\\\/comunicatistampa\\\/il-covid-19-non-ferma-la-danza\\\/\",\"name\":\"Il Covid 19 non ferma la Danza! - Article Marketing\",\"isPartOf\":{\"@id\":\"https:\\\/\\\/www.article-marketing.eu\\\/comunicatistampa\\\/#website\"},\"datePublished\":\"2020-12-10T15:35:44+00:00\",\"author\":{\"@id\":\"https:\\\/\\\/www.article-marketing.eu\\\/comunicatistampa\\\/#\\\/schema\\\/person\\\/c41b9b06eb7a3be17c8806d165b01ea6\"},\"breadcrumb\":{\"@id\":\"https:\\\/\\\/www.article-marketing.eu\\\/comunicatistampa\\\/il-covid-19-non-ferma-la-danza\\\/#breadcrumb\"},\"inLanguage\":\"it-IT\",\"potentialAction\":[{\"@type\":\"ReadAction\",\"target\":[\"https:\\\/\\\/www.article-marketing.eu\\\/comunicatistampa\\\/il-covid-19-non-ferma-la-danza\\\/\"]}]},{\"@type\":\"BreadcrumbList\",\"@id\":\"https:\\\/\\\/www.article-marketing.eu\\\/comunicatistampa\\\/il-covid-19-non-ferma-la-danza\\\/#breadcrumb\",\"itemListElement\":[{\"@type\":\"ListItem\",\"position\":1,\"name\":\"Home\",\"item\":\"https:\\\/\\\/www.article-marketing.eu\\\/comunicatistampa\\\/\"},{\"@type\":\"ListItem\",\"position\":2,\"name\":\"Il Covid 19 non ferma la Danza!\"}]},{\"@type\":\"WebSite\",\"@id\":\"https:\\\/\\\/www.article-marketing.eu\\\/comunicatistampa\\\/#website\",\"url\":\"https:\\\/\\\/www.article-marketing.eu\\\/comunicatistampa\\\/\",\"name\":\"Article Marketing\",\"description\":\"article marketing &amp; press release\",\"potentialAction\":[{\"@type\":\"SearchAction\",\"target\":{\"@type\":\"EntryPoint\",\"urlTemplate\":\"https:\\\/\\\/www.article-marketing.eu\\\/comunicatistampa\\\/?s={search_term_string}\"},\"query-input\":{\"@type\":\"PropertyValueSpecification\",\"valueRequired\":true,\"valueName\":\"search_term_string\"}}],\"inLanguage\":\"it-IT\"},{\"@type\":\"Person\",\"@id\":\"https:\\\/\\\/www.article-marketing.eu\\\/comunicatistampa\\\/#\\\/schema\\\/person\\\/c41b9b06eb7a3be17c8806d165b01ea6\",\"name\":\"Marco Tenerini\",\"image\":{\"@type\":\"ImageObject\",\"inLanguage\":\"it-IT\",\"@id\":\"https:\\\/\\\/secure.gravatar.com\\\/avatar\\\/32008ca035ba4a2f46dd245ebb6be0edcb112f5843ecf7b1198c8fe9d7196c34?s=96&d=mm&r=g\",\"url\":\"https:\\\/\\\/secure.gravatar.com\\\/avatar\\\/32008ca035ba4a2f46dd245ebb6be0edcb112f5843ecf7b1198c8fe9d7196c34?s=96&d=mm&r=g\",\"contentUrl\":\"https:\\\/\\\/secure.gravatar.com\\\/avatar\\\/32008ca035ba4a2f46dd245ebb6be0edcb112f5843ecf7b1198c8fe9d7196c34?s=96&d=mm&r=g\",\"caption\":\"Marco Tenerini\"},\"url\":\"https:\\\/\\\/www.article-marketing.eu\\\/comunicatistampa\\\/author\\\/marco-tenerini\\\/\"}]}<\/script>\n<!-- \/ Yoast SEO plugin. -->","yoast_head_json":{"title":"Il Covid 19 non ferma la Danza! - Article Marketing","robots":{"index":"index","follow":"follow","max-snippet":"max-snippet:-1","max-image-preview":"max-image-preview:large","max-video-preview":"max-video-preview:-1"},"canonical":"https:\/\/www.article-marketing.eu\/comunicatistampa\/il-covid-19-non-ferma-la-danza\/","og_locale":"it_IT","og_type":"article","og_title":"Il Covid 19 non ferma la Danza! - Article Marketing","og_description":"Eleonora Di Vita, ballerina e insegnate, che ha calcato innumerevoli palchi internazionali e ha condiviso durante gli anni la sua passione con allieve e colleghe, ne \u00e8 una dimostrazione. Neanche il lockdown \u00e8 riuscito infatti a fermare tanto entusiasmo e gli incontri sono\u00a0 proseguiti evolvendosi nella modalit\u00e0 online. Con l\u2019arrivo di questo virus la Cultura e la Danza sono stati messi in ginocchio: si \u00e8 trattato di un brutto fallo,Continue reading...","og_url":"https:\/\/www.article-marketing.eu\/comunicatistampa\/il-covid-19-non-ferma-la-danza\/","og_site_name":"Article Marketing","article_published_time":"2020-12-10T15:35:44+00:00","author":"Marco Tenerini","twitter_card":"summary_large_image","twitter_misc":{"Scritto da":"Marco Tenerini","Tempo di lettura stimato":"2 minuti"},"schema":{"@context":"https:\/\/schema.org","@graph":[{"@type":"Article","@id":"https:\/\/www.article-marketing.eu\/comunicatistampa\/il-covid-19-non-ferma-la-danza\/#article","isPartOf":{"@id":"https:\/\/www.article-marketing.eu\/comunicatistampa\/il-covid-19-non-ferma-la-danza\/"},"author":{"name":"Marco Tenerini","@id":"https:\/\/www.article-marketing.eu\/comunicatistampa\/#\/schema\/person\/c41b9b06eb7a3be17c8806d165b01ea6"},"headline":"Il Covid 19 non ferma la Danza!","datePublished":"2020-12-10T15:35:44+00:00","mainEntityOfPage":{"@id":"https:\/\/www.article-marketing.eu\/comunicatistampa\/il-covid-19-non-ferma-la-danza\/"},"wordCount":326,"commentCount":0,"articleSection":["Arte e cultura","Comunicati stampa","Corsi","Servizi","Sport","Tempo libero"],"inLanguage":"it-IT","potentialAction":[{"@type":"CommentAction","name":"Comment","target":["https:\/\/www.article-marketing.eu\/comunicatistampa\/il-covid-19-non-ferma-la-danza\/#respond"]}]},{"@type":"WebPage","@id":"https:\/\/www.article-marketing.eu\/comunicatistampa\/il-covid-19-non-ferma-la-danza\/","url":"https:\/\/www.article-marketing.eu\/comunicatistampa\/il-covid-19-non-ferma-la-danza\/","name":"Il Covid 19 non ferma la Danza! - Article Marketing","isPartOf":{"@id":"https:\/\/www.article-marketing.eu\/comunicatistampa\/#website"},"datePublished":"2020-12-10T15:35:44+00:00","author":{"@id":"https:\/\/www.article-marketing.eu\/comunicatistampa\/#\/schema\/person\/c41b9b06eb7a3be17c8806d165b01ea6"},"breadcrumb":{"@id":"https:\/\/www.article-marketing.eu\/comunicatistampa\/il-covid-19-non-ferma-la-danza\/#breadcrumb"},"inLanguage":"it-IT","potentialAction":[{"@type":"ReadAction","target":["https:\/\/www.article-marketing.eu\/comunicatistampa\/il-covid-19-non-ferma-la-danza\/"]}]},{"@type":"BreadcrumbList","@id":"https:\/\/www.article-marketing.eu\/comunicatistampa\/il-covid-19-non-ferma-la-danza\/#breadcrumb","itemListElement":[{"@type":"ListItem","position":1,"name":"Home","item":"https:\/\/www.article-marketing.eu\/comunicatistampa\/"},{"@type":"ListItem","position":2,"name":"Il Covid 19 non ferma la Danza!"}]},{"@type":"WebSite","@id":"https:\/\/www.article-marketing.eu\/comunicatistampa\/#website","url":"https:\/\/www.article-marketing.eu\/comunicatistampa\/","name":"Article Marketing","description":"article marketing &amp; press release","potentialAction":[{"@type":"SearchAction","target":{"@type":"EntryPoint","urlTemplate":"https:\/\/www.article-marketing.eu\/comunicatistampa\/?s={search_term_string}"},"query-input":{"@type":"PropertyValueSpecification","valueRequired":true,"valueName":"search_term_string"}}],"inLanguage":"it-IT"},{"@type":"Person","@id":"https:\/\/www.article-marketing.eu\/comunicatistampa\/#\/schema\/person\/c41b9b06eb7a3be17c8806d165b01ea6","name":"Marco Tenerini","image":{"@type":"ImageObject","inLanguage":"it-IT","@id":"https:\/\/secure.gravatar.com\/avatar\/32008ca035ba4a2f46dd245ebb6be0edcb112f5843ecf7b1198c8fe9d7196c34?s=96&d=mm&r=g","url":"https:\/\/secure.gravatar.com\/avatar\/32008ca035ba4a2f46dd245ebb6be0edcb112f5843ecf7b1198c8fe9d7196c34?s=96&d=mm&r=g","contentUrl":"https:\/\/secure.gravatar.com\/avatar\/32008ca035ba4a2f46dd245ebb6be0edcb112f5843ecf7b1198c8fe9d7196c34?s=96&d=mm&r=g","caption":"Marco Tenerini"},"url":"https:\/\/www.article-marketing.eu\/comunicatistampa\/author\/marco-tenerini\/"}]}},"_links":{"self":[{"href":"https:\/\/www.article-marketing.eu\/comunicatistampa\/wp-json\/wp\/v2\/posts\/16793","targetHints":{"allow":["GET"]}}],"collection":[{"href":"https:\/\/www.article-marketing.eu\/comunicatistampa\/wp-json\/wp\/v2\/posts"}],"about":[{"href":"https:\/\/www.article-marketing.eu\/comunicatistampa\/wp-json\/wp\/v2\/types\/post"}],"author":[{"embeddable":true,"href":"https:\/\/www.article-marketing.eu\/comunicatistampa\/wp-json\/wp\/v2\/users\/6200"}],"replies":[{"embeddable":true,"href":"https:\/\/www.article-marketing.eu\/comunicatistampa\/wp-json\/wp\/v2\/comments?post=16793"}],"version-history":[{"count":4,"href":"https:\/\/www.article-marketing.eu\/comunicatistampa\/wp-json\/wp\/v2\/posts\/16793\/revisions"}],"predecessor-version":[{"id":16803,"href":"https:\/\/www.article-marketing.eu\/comunicatistampa\/wp-json\/wp\/v2\/posts\/16793\/revisions\/16803"}],"wp:attachment":[{"href":"https:\/\/www.article-marketing.eu\/comunicatistampa\/wp-json\/wp\/v2\/media?parent=16793"}],"wp:term":[{"taxonomy":"category","embeddable":true,"href":"https:\/\/www.article-marketing.eu\/comunicatistampa\/wp-json\/wp\/v2\/categories?post=16793"},{"taxonomy":"post_tag","embeddable":true,"href":"https:\/\/www.article-marketing.eu\/comunicatistampa\/wp-json\/wp\/v2\/tags?post=16793"}],"curies":[{"name":"wp","href":"https:\/\/api.w.org\/{rel}","templated":true}]}}