{"id":16800,"date":"2020-12-10T16:39:43","date_gmt":"2020-12-10T15:39:43","guid":{"rendered":"https:\/\/www.article-marketing.eu\/comunicatistampa\/?p=16800"},"modified":"2020-12-10T16:39:43","modified_gmt":"2020-12-10T15:39:43","slug":"qual-e-limpatto-dellemergenza-covid-19-su-formatori-e-consulenti","status":"publish","type":"post","link":"https:\/\/www.article-marketing.eu\/comunicatistampa\/qual-e-limpatto-dellemergenza-covid-19-su-formatori-e-consulenti\/","title":{"rendered":"Qual \u00e8 l\u2019impatto dell\u2019emergenza COVID-19 su formatori e consulenti?"},"content":{"rendered":"<h2>Comunicato Stampa<\/h2>\n<h2><strong>Qual \u00e8 l\u2019impatto dell\u2019emergenza COVID-19 su formatori e consulenti?<\/strong><\/h2>\n<p><strong><em>\u00a0<\/em><\/strong><strong><em>I risultati di un\u2019indagine lanciata dall\u2019Associazione AiFOS presso i suoi associati su invito di Confcommercio Professioni. A causa dell\u2019emergenza COVID-19 c\u2019\u00e8 stato un calo di fatturato superiore al 30% per un formatore su due.<\/em><\/strong><\/p>\n<p>&nbsp;<\/p>\n<p>La situazione epidemiologica correlata al <strong>virus SARS-CoV-2<\/strong> non ha solo conseguenze sanitarie o sulle nostre abitudini di vita e sulle relazioni sociali. L\u2019<strong>emergenza COVID-19<\/strong>, specialmente in relazione alle limitazioni necessarie per il contenimento del virus, ha rilevanti conseguenze economiche anche sul <strong>mondo del lavoro<\/strong> e sulle <strong>attivit\u00e0 di aziende e professionisti<\/strong>.<\/p>\n<p>&nbsp;<\/p>\n<p><strong>Quali sono le conseguenze che l\u2019emergenza ha avuto e sta avendo sul mondo delle professioni relative alla formazione e alla consulenza in materia di salute e sicurezza sul lavoro? <\/strong><\/p>\n<p>&nbsp;<\/p>\n<p><strong>L\u2019indagine sull\u2019impatto economico per le aziende e i professionisti<\/strong><\/p>\n<p>Per avere informazioni sulle conseguenze economiche in questo particolare settore, <strong>Confcommercio Professioni<\/strong>, che in questi mesi si sta facendo portavoce presso i tavoli governativi delle richieste dei professionisti rappresentati dalle associazioni confederate, ha invitato l\u2019<strong>Associazione Italiana Formatori ed Operatori della Sicurezza sul Lavoro<\/strong> (AiFOS) a lanciare un\u2019indagine tra i propri associati.<\/p>\n<p>Rispondendo positivamente all\u2019invito l\u2019<strong>Associazione AiFOS<\/strong> ha svolto nella prima met\u00e0 di novembre un\u2019indagine presso i propri soci per capire in che misura le attivit\u00e0 di formazione e consulenza siano state colpite &#8211; in termini di fatturato &#8211; dalla crisi economica provocata dalla pandemia ancora in atto.<\/p>\n<p>L\u2019indagine ha anche raccolto informazioni sull\u2019utilizzo delle misure di sostegno predisposte dalla normativa. Si \u00e8 rilevato, ad esempio, che il 51,5% dei soci che operano in regime di libera professione hanno usufruito dei <strong>bonus di indennit\u00e0 di sostegno<\/strong> in favore dei lavoratori autonomi previsti dal decreto-legge 17 marzo 2020, n. 18 (decreto Cura Italia) e dal decreto-legge 19 maggio 2020, n. 34 (decreto Rilancio).<\/p>\n<p>&nbsp;<\/p>\n<p><strong>L\u2019impatto dell\u2019emergenza sulle attivit\u00e0 di formazione<\/strong><\/p>\n<p>Riguardo alle <strong>attivit\u00e0 di formazione<\/strong> si ricorda che, a seguito delle restrizioni alle attivit\u00e0 economiche imposte dal Governo nella prima fase dell\u2019emergenza COVID-19, la categoria ha risentito della sospensione dei corsi in presenza ed \u00e8 stato possibile proseguire solo con i corsi a distanza. In questo senso l\u2019attivit\u00e0 dei formatori \u00e8 evidentemente diminuita, soprattutto per coloro che svolgono docenze per i corsi di formazione che non possono prescindere dalla parte pratica il cui svolgimento \u00e8 necessariamente in presenza.<\/p>\n<p>Se il 48,5% dei formatori coinvolti dichiara un calo di fatturato &#8220;percepito&#8221; nell&#8217;anno 2020 compreso tra l&#8217;11% e il 50% rispetto all&#8217;esercizio precedente, con uno sbilanciamento nella fascia pi\u00f9 alta del calo (compreso tra il 31-50% per il 27,7% degli intervistati contro il 20,8% che lamenta un calo dell&#8217;11-30%), \u00e8 preoccupante constatare, che per pi\u00f9 del 15% degli intervistati il fatturato dall&#8217;attivit\u00e0 di formazione si \u00e8 sostanzialmente azzerato (calo superiore al 70%) mentre per un 10% il calo percepito \u00e8 nel range 51-70%.<\/p>\n<p>Si rileva, tuttavia, che una ridotta parte del campione, il 14%, ha mantenuto un fatturato stabile o addirittura registrato un incremento.<\/p>\n<p>&nbsp;<\/p>\n<p><strong>L\u2019impatto dell\u2019emergenza sulle attivit\u00e0 di consulenza<\/strong><\/p>\n<p>Malgrado non sia stata direttamente limitata, anche l&#8217;<strong>attivit\u00e0 di consulenza<\/strong> \u00e8 stata penalizzata dal lockdown, ad esempio a causa delle restrizioni agli spostamenti. I dati rilevati presso i professionisti associati rilevano in questo caso un <strong>calo del fatturato leggermente inferiore<\/strong>, tenuto conto anche del fatto che le aziende hanno dovuto rivolgersi a professionisti della prevenzione per servizi come l\u2019aggiornamento del DVR, la redazione di procedure di lavoro e di protocolli aziendali, la scelta e l\u2019acquisto di dispositivi di protezione individuale, ecc.<\/p>\n<p>In questo caso il 40,6% degli intervistati riporta un calo compreso tra l\u201911% e il 50% nell&#8217;anno 2020 rispetto all&#8217;esercizio precedente, con le risposte equamente suddivise nelle due fasce 11-30% e 31-50%. Mentre per oltre un socio AiFOS su quattro (27,8%), limitatamente all&#8217;attivit\u00e0 di consulenza, il fatturato nell&#8217;anno in corso rimarr\u00e0 stabile o crescer\u00e0 rispetto al 2019.<\/p>\n<p>&nbsp;<\/p>\n<p>L\u2019indagine ha poi coinvolto anche diverse <strong>aziende<\/strong>, associate AiFOS, che si occupano di formazione e consulenza in materia di salute e sicurezza.<\/p>\n<p>Per quanto riguarda la <strong>formazione<\/strong> c\u2019\u00e8 stato nel 59% dei casi, rispetto all\u2019anno precedente, un calo compreso tra l\u201911% e il 50% (in particolare quasi il 24% \u00e8 nella fascia 31-50%). Per oltre il 15% \u00e8 stato rilevato un fatturato stabile o in crescita.<\/p>\n<p>Anche in questo caso l\u2019impatto \u00e8 stato minore per le attivit\u00e0 di <strong>consulenza<\/strong>. Il 39,5% delle aziende ha avuto un calo tra l\u201911% e il 50%, ma quasi il 34% ha avuto un fatturato stabile (21,1%) o in crescita (12,7%).<\/p>\n<p>&nbsp;<\/p>\n<p>Il link per avere ulteriori informazioni sull&#8217;Indagine AiFOS sulla perdita di fatturato nell\u2019anno 2020:\u00a0 <a href=\"https:\/\/bit.ly\/Indagine-fatturato2020-soci-AiFOS\">https:\/\/bit.ly\/Indagine-fatturato2020-soci-AiFOS<\/a><\/p>\n<p>&nbsp;<\/p>\n<p>In definitiva, ricordando che il sondaggio hanno solo carattere indicativo dal momento che l&#8217;emergenza si \u00e8 nuovamente inasprita successivamente alla rilevazione, i dati raccolti sono comunque preoccupanti per la situazione economica dei professionisti del settore. <em>\u201cPer un formatore su due l&#8217;anno si chiuder\u00e0 con un calo del fatturato superiore al 30%<\/em>\u201d &#8211; sottolinea il Presidente AiFOS Rocco Vitale \u2013 \u201c<em>e addirittura uno su quattro subir\u00e0 un vero e proprio tracollo con ricavi pi\u00f9 che dimezzati rispetto al 2019<\/em>\u201d.<\/p>\n<p>&nbsp;<\/p>\n<p>Per avere ulteriori <strong>informazioni<\/strong> si pu\u00f2 fare riferimento a AiFOS via Branze, 45 &#8211; 25123 Brescia c\/o CSMT, Universit\u00e0 degli Studi di Brescia tel.030.6595031 &#8211; fax 030.6595040 <a href=\"http:\/\/www.aifos.it\">www.aifos.it<\/a> &#8211; <a href=\"mailto:relazioniesterne@aifos.it\" rel=\"nofollow\">relazioniesterne@aifos.it<\/a>.<\/p>\n<p><em>\u00a0<\/em><\/p>\n<p><em>\u00a0<\/em><\/p>\n<p><em>10 dicembre 2020<\/em><\/p>\n<p>&nbsp;<\/p>\n<p>Ufficio Stampa di AiFOS<\/p>\n<p>ufficiostampa@aifos.it<\/p>\n<p>http:\/\/www.aifos.it\/<\/p>\n","protected":false},"excerpt":{"rendered":"<p>Comunicato Stampa Qual \u00e8 l\u2019impatto dell\u2019emergenza COVID-19 su formatori e consulenti? \u00a0I risultati di un\u2019indagine lanciata dall\u2019Associazione AiFOS presso i suoi associati su invito di Confcommercio Professioni. A causa dell\u2019emergenza COVID-19 c\u2019\u00e8 stato un calo di fatturato superiore al 30% per un formatore su due. &nbsp; La situazione epidemiologica correlata al virus SARS-CoV-2 non ha solo conseguenze sanitarie o sulle nostre abitudini di vita e sulle relazioni sociali. L\u2019emergenza COVID-19,<\/p>\n<p><a class=\"continue-reading\" href=\"https:\/\/www.article-marketing.eu\/comunicatistampa\/qual-e-limpatto-dellemergenza-covid-19-su-formatori-e-consulenti\/\">Continue reading&#8230;<\/a><\/p>\n","protected":false},"author":881,"featured_media":0,"comment_status":"open","ping_status":"open","sticky":false,"template":"","format":"standard","meta":{"_monsterinsights_skip_tracking":false,"_monsterinsights_sitenote_active":false,"_monsterinsights_sitenote_note":"","_monsterinsights_sitenote_category":0,"footnotes":""},"categories":[78,386,390,369],"tags":[3301,6318,6949,6947,6946,3235,6950,6944,6945,6049,5941,6925,6948,3979,6108,1007,6191],"class_list":["post-16800","post","type-post","status-publish","format-standard","hentry","category-comunicati-stampa","category-economia-e-lavoro","category-professionisti","category-salute-e-benessere","tag-aifos","tag-associazione-italiana-formatori-ed-operatori-della-sicurezza-sul-lavoro","tag-attivita-di-consulenza","tag-attivita-di-formazione","tag-bonus-di-indennita-di-sostegno","tag-brescia","tag-calo-del-fatturato","tag-confcommercio-professioni","tag-conseguenze-economiche","tag-covid-19","tag-emergenza-covid-19","tag-epidemia","tag-impatto-economico-per-le-aziende-e-i-professionisti","tag-indagine","tag-pandemia","tag-ricerca","tag-virus-sars-cov-2"],"yoast_head":"<!-- This site is optimized with the Yoast SEO plugin v27.3 - https:\/\/yoast.com\/product\/yoast-seo-wordpress\/ -->\n<title>Qual \u00e8 l\u2019impatto dell\u2019emergenza COVID-19 su formatori e consulenti? - Article Marketing<\/title>\n<meta name=\"robots\" content=\"index, follow, max-snippet:-1, max-image-preview:large, max-video-preview:-1\" \/>\n<link rel=\"canonical\" href=\"https:\/\/www.article-marketing.eu\/comunicatistampa\/qual-e-limpatto-dellemergenza-covid-19-su-formatori-e-consulenti\/\" \/>\n<meta property=\"og:locale\" content=\"it_IT\" \/>\n<meta property=\"og:type\" content=\"article\" \/>\n<meta property=\"og:title\" content=\"Qual \u00e8 l\u2019impatto dell\u2019emergenza COVID-19 su formatori e consulenti? - Article Marketing\" \/>\n<meta property=\"og:description\" content=\"Comunicato Stampa Qual \u00e8 l\u2019impatto dell\u2019emergenza COVID-19 su formatori e consulenti? \u00a0I risultati di un\u2019indagine lanciata dall\u2019Associazione AiFOS presso i suoi associati su invito di Confcommercio Professioni. A causa dell\u2019emergenza COVID-19 c\u2019\u00e8 stato un calo di fatturato superiore al 30% per un formatore su due. &nbsp; La situazione epidemiologica correlata al virus SARS-CoV-2 non ha solo conseguenze sanitarie o sulle nostre abitudini di vita e sulle relazioni sociali. L\u2019emergenza COVID-19,Continue reading...\" \/>\n<meta property=\"og:url\" content=\"https:\/\/www.article-marketing.eu\/comunicatistampa\/qual-e-limpatto-dellemergenza-covid-19-su-formatori-e-consulenti\/\" \/>\n<meta property=\"og:site_name\" content=\"Article Marketing\" \/>\n<meta property=\"article:published_time\" content=\"2020-12-10T15:39:43+00:00\" \/>\n<meta name=\"author\" content=\"AIFUS\" \/>\n<meta name=\"twitter:card\" content=\"summary_large_image\" \/>\n<meta name=\"twitter:label1\" content=\"Scritto da\" \/>\n\t<meta name=\"twitter:data1\" content=\"AIFUS\" \/>\n\t<meta name=\"twitter:label2\" content=\"Tempo di lettura stimato\" \/>\n\t<meta name=\"twitter:data2\" content=\"4 minuti\" \/>\n<script type=\"application\/ld+json\" class=\"yoast-schema-graph\">{\"@context\":\"https:\\\/\\\/schema.org\",\"@graph\":[{\"@type\":\"Article\",\"@id\":\"https:\\\/\\\/www.article-marketing.eu\\\/comunicatistampa\\\/qual-e-limpatto-dellemergenza-covid-19-su-formatori-e-consulenti\\\/#article\",\"isPartOf\":{\"@id\":\"https:\\\/\\\/www.article-marketing.eu\\\/comunicatistampa\\\/qual-e-limpatto-dellemergenza-covid-19-su-formatori-e-consulenti\\\/\"},\"author\":{\"name\":\"AIFUS\",\"@id\":\"https:\\\/\\\/www.article-marketing.eu\\\/comunicatistampa\\\/#\\\/schema\\\/person\\\/d1985c4955ff71a05f49d68e3034b3cd\"},\"headline\":\"Qual \u00e8 l\u2019impatto dell\u2019emergenza COVID-19 su formatori e consulenti?\",\"datePublished\":\"2020-12-10T15:39:43+00:00\",\"mainEntityOfPage\":{\"@id\":\"https:\\\/\\\/www.article-marketing.eu\\\/comunicatistampa\\\/qual-e-limpatto-dellemergenza-covid-19-su-formatori-e-consulenti\\\/\"},\"wordCount\":875,\"commentCount\":0,\"keywords\":[\"Aifos\",\"Associazione Italiana Formatori ed Operatori della Sicurezza sul Lavoro\",\"attivit\u00e0 di consulenza\",\"attivit\u00e0 di formazione\",\"bonus di indennit\u00e0 di sostegno\",\"Brescia\",\"calo del fatturato\",\"Confcommercio Professioni\",\"conseguenze economiche\",\"COVID-19\",\"emergenza COVID-19\",\"epidemia\",\"impatto economico per le aziende e i professionisti\",\"indagine\",\"pandemia\",\"ricerca\",\"virus SARS-CoV-2\"],\"articleSection\":[\"Comunicati stampa\",\"Economia e lavoro\",\"Professionisti\",\"Salute e benessere\"],\"inLanguage\":\"it-IT\",\"potentialAction\":[{\"@type\":\"CommentAction\",\"name\":\"Comment\",\"target\":[\"https:\\\/\\\/www.article-marketing.eu\\\/comunicatistampa\\\/qual-e-limpatto-dellemergenza-covid-19-su-formatori-e-consulenti\\\/#respond\"]}]},{\"@type\":\"WebPage\",\"@id\":\"https:\\\/\\\/www.article-marketing.eu\\\/comunicatistampa\\\/qual-e-limpatto-dellemergenza-covid-19-su-formatori-e-consulenti\\\/\",\"url\":\"https:\\\/\\\/www.article-marketing.eu\\\/comunicatistampa\\\/qual-e-limpatto-dellemergenza-covid-19-su-formatori-e-consulenti\\\/\",\"name\":\"Qual \u00e8 l\u2019impatto dell\u2019emergenza COVID-19 su formatori e consulenti? - Article Marketing\",\"isPartOf\":{\"@id\":\"https:\\\/\\\/www.article-marketing.eu\\\/comunicatistampa\\\/#website\"},\"datePublished\":\"2020-12-10T15:39:43+00:00\",\"author\":{\"@id\":\"https:\\\/\\\/www.article-marketing.eu\\\/comunicatistampa\\\/#\\\/schema\\\/person\\\/d1985c4955ff71a05f49d68e3034b3cd\"},\"breadcrumb\":{\"@id\":\"https:\\\/\\\/www.article-marketing.eu\\\/comunicatistampa\\\/qual-e-limpatto-dellemergenza-covid-19-su-formatori-e-consulenti\\\/#breadcrumb\"},\"inLanguage\":\"it-IT\",\"potentialAction\":[{\"@type\":\"ReadAction\",\"target\":[\"https:\\\/\\\/www.article-marketing.eu\\\/comunicatistampa\\\/qual-e-limpatto-dellemergenza-covid-19-su-formatori-e-consulenti\\\/\"]}]},{\"@type\":\"BreadcrumbList\",\"@id\":\"https:\\\/\\\/www.article-marketing.eu\\\/comunicatistampa\\\/qual-e-limpatto-dellemergenza-covid-19-su-formatori-e-consulenti\\\/#breadcrumb\",\"itemListElement\":[{\"@type\":\"ListItem\",\"position\":1,\"name\":\"Home\",\"item\":\"https:\\\/\\\/www.article-marketing.eu\\\/comunicatistampa\\\/\"},{\"@type\":\"ListItem\",\"position\":2,\"name\":\"Qual \u00e8 l\u2019impatto dell\u2019emergenza COVID-19 su formatori e consulenti?\"}]},{\"@type\":\"WebSite\",\"@id\":\"https:\\\/\\\/www.article-marketing.eu\\\/comunicatistampa\\\/#website\",\"url\":\"https:\\\/\\\/www.article-marketing.eu\\\/comunicatistampa\\\/\",\"name\":\"Article Marketing\",\"description\":\"article marketing &amp; press release\",\"potentialAction\":[{\"@type\":\"SearchAction\",\"target\":{\"@type\":\"EntryPoint\",\"urlTemplate\":\"https:\\\/\\\/www.article-marketing.eu\\\/comunicatistampa\\\/?s={search_term_string}\"},\"query-input\":{\"@type\":\"PropertyValueSpecification\",\"valueRequired\":true,\"valueName\":\"search_term_string\"}}],\"inLanguage\":\"it-IT\"},{\"@type\":\"Person\",\"@id\":\"https:\\\/\\\/www.article-marketing.eu\\\/comunicatistampa\\\/#\\\/schema\\\/person\\\/d1985c4955ff71a05f49d68e3034b3cd\",\"name\":\"AIFUS\",\"image\":{\"@type\":\"ImageObject\",\"inLanguage\":\"it-IT\",\"@id\":\"https:\\\/\\\/secure.gravatar.com\\\/avatar\\\/05cf2a2ba057667571308b94c84f00ff48766ffac95710a87491a9b3ddcee484?s=96&d=mm&r=g\",\"url\":\"https:\\\/\\\/secure.gravatar.com\\\/avatar\\\/05cf2a2ba057667571308b94c84f00ff48766ffac95710a87491a9b3ddcee484?s=96&d=mm&r=g\",\"contentUrl\":\"https:\\\/\\\/secure.gravatar.com\\\/avatar\\\/05cf2a2ba057667571308b94c84f00ff48766ffac95710a87491a9b3ddcee484?s=96&d=mm&r=g\",\"caption\":\"AIFUS\"},\"url\":\"https:\\\/\\\/www.article-marketing.eu\\\/comunicatistampa\\\/author\\\/aifus\\\/\"}]}<\/script>\n<!-- \/ Yoast SEO plugin. -->","yoast_head_json":{"title":"Qual \u00e8 l\u2019impatto dell\u2019emergenza COVID-19 su formatori e consulenti? - Article Marketing","robots":{"index":"index","follow":"follow","max-snippet":"max-snippet:-1","max-image-preview":"max-image-preview:large","max-video-preview":"max-video-preview:-1"},"canonical":"https:\/\/www.article-marketing.eu\/comunicatistampa\/qual-e-limpatto-dellemergenza-covid-19-su-formatori-e-consulenti\/","og_locale":"it_IT","og_type":"article","og_title":"Qual \u00e8 l\u2019impatto dell\u2019emergenza COVID-19 su formatori e consulenti? - Article Marketing","og_description":"Comunicato Stampa Qual \u00e8 l\u2019impatto dell\u2019emergenza COVID-19 su formatori e consulenti? \u00a0I risultati di un\u2019indagine lanciata dall\u2019Associazione AiFOS presso i suoi associati su invito di Confcommercio Professioni. A causa dell\u2019emergenza COVID-19 c\u2019\u00e8 stato un calo di fatturato superiore al 30% per un formatore su due. &nbsp; La situazione epidemiologica correlata al virus SARS-CoV-2 non ha solo conseguenze sanitarie o sulle nostre abitudini di vita e sulle relazioni sociali. L\u2019emergenza COVID-19,Continue reading...","og_url":"https:\/\/www.article-marketing.eu\/comunicatistampa\/qual-e-limpatto-dellemergenza-covid-19-su-formatori-e-consulenti\/","og_site_name":"Article Marketing","article_published_time":"2020-12-10T15:39:43+00:00","author":"AIFUS","twitter_card":"summary_large_image","twitter_misc":{"Scritto da":"AIFUS","Tempo di lettura stimato":"4 minuti"},"schema":{"@context":"https:\/\/schema.org","@graph":[{"@type":"Article","@id":"https:\/\/www.article-marketing.eu\/comunicatistampa\/qual-e-limpatto-dellemergenza-covid-19-su-formatori-e-consulenti\/#article","isPartOf":{"@id":"https:\/\/www.article-marketing.eu\/comunicatistampa\/qual-e-limpatto-dellemergenza-covid-19-su-formatori-e-consulenti\/"},"author":{"name":"AIFUS","@id":"https:\/\/www.article-marketing.eu\/comunicatistampa\/#\/schema\/person\/d1985c4955ff71a05f49d68e3034b3cd"},"headline":"Qual \u00e8 l\u2019impatto dell\u2019emergenza COVID-19 su formatori e consulenti?","datePublished":"2020-12-10T15:39:43+00:00","mainEntityOfPage":{"@id":"https:\/\/www.article-marketing.eu\/comunicatistampa\/qual-e-limpatto-dellemergenza-covid-19-su-formatori-e-consulenti\/"},"wordCount":875,"commentCount":0,"keywords":["Aifos","Associazione Italiana Formatori ed Operatori della Sicurezza sul Lavoro","attivit\u00e0 di consulenza","attivit\u00e0 di formazione","bonus di indennit\u00e0 di sostegno","Brescia","calo del fatturato","Confcommercio Professioni","conseguenze economiche","COVID-19","emergenza COVID-19","epidemia","impatto economico per le aziende e i professionisti","indagine","pandemia","ricerca","virus SARS-CoV-2"],"articleSection":["Comunicati stampa","Economia e lavoro","Professionisti","Salute e benessere"],"inLanguage":"it-IT","potentialAction":[{"@type":"CommentAction","name":"Comment","target":["https:\/\/www.article-marketing.eu\/comunicatistampa\/qual-e-limpatto-dellemergenza-covid-19-su-formatori-e-consulenti\/#respond"]}]},{"@type":"WebPage","@id":"https:\/\/www.article-marketing.eu\/comunicatistampa\/qual-e-limpatto-dellemergenza-covid-19-su-formatori-e-consulenti\/","url":"https:\/\/www.article-marketing.eu\/comunicatistampa\/qual-e-limpatto-dellemergenza-covid-19-su-formatori-e-consulenti\/","name":"Qual \u00e8 l\u2019impatto dell\u2019emergenza COVID-19 su formatori e consulenti? - Article Marketing","isPartOf":{"@id":"https:\/\/www.article-marketing.eu\/comunicatistampa\/#website"},"datePublished":"2020-12-10T15:39:43+00:00","author":{"@id":"https:\/\/www.article-marketing.eu\/comunicatistampa\/#\/schema\/person\/d1985c4955ff71a05f49d68e3034b3cd"},"breadcrumb":{"@id":"https:\/\/www.article-marketing.eu\/comunicatistampa\/qual-e-limpatto-dellemergenza-covid-19-su-formatori-e-consulenti\/#breadcrumb"},"inLanguage":"it-IT","potentialAction":[{"@type":"ReadAction","target":["https:\/\/www.article-marketing.eu\/comunicatistampa\/qual-e-limpatto-dellemergenza-covid-19-su-formatori-e-consulenti\/"]}]},{"@type":"BreadcrumbList","@id":"https:\/\/www.article-marketing.eu\/comunicatistampa\/qual-e-limpatto-dellemergenza-covid-19-su-formatori-e-consulenti\/#breadcrumb","itemListElement":[{"@type":"ListItem","position":1,"name":"Home","item":"https:\/\/www.article-marketing.eu\/comunicatistampa\/"},{"@type":"ListItem","position":2,"name":"Qual \u00e8 l\u2019impatto dell\u2019emergenza COVID-19 su formatori e consulenti?"}]},{"@type":"WebSite","@id":"https:\/\/www.article-marketing.eu\/comunicatistampa\/#website","url":"https:\/\/www.article-marketing.eu\/comunicatistampa\/","name":"Article Marketing","description":"article marketing &amp; press release","potentialAction":[{"@type":"SearchAction","target":{"@type":"EntryPoint","urlTemplate":"https:\/\/www.article-marketing.eu\/comunicatistampa\/?s={search_term_string}"},"query-input":{"@type":"PropertyValueSpecification","valueRequired":true,"valueName":"search_term_string"}}],"inLanguage":"it-IT"},{"@type":"Person","@id":"https:\/\/www.article-marketing.eu\/comunicatistampa\/#\/schema\/person\/d1985c4955ff71a05f49d68e3034b3cd","name":"AIFUS","image":{"@type":"ImageObject","inLanguage":"it-IT","@id":"https:\/\/secure.gravatar.com\/avatar\/05cf2a2ba057667571308b94c84f00ff48766ffac95710a87491a9b3ddcee484?s=96&d=mm&r=g","url":"https:\/\/secure.gravatar.com\/avatar\/05cf2a2ba057667571308b94c84f00ff48766ffac95710a87491a9b3ddcee484?s=96&d=mm&r=g","contentUrl":"https:\/\/secure.gravatar.com\/avatar\/05cf2a2ba057667571308b94c84f00ff48766ffac95710a87491a9b3ddcee484?s=96&d=mm&r=g","caption":"AIFUS"},"url":"https:\/\/www.article-marketing.eu\/comunicatistampa\/author\/aifus\/"}]}},"_links":{"self":[{"href":"https:\/\/www.article-marketing.eu\/comunicatistampa\/wp-json\/wp\/v2\/posts\/16800","targetHints":{"allow":["GET"]}}],"collection":[{"href":"https:\/\/www.article-marketing.eu\/comunicatistampa\/wp-json\/wp\/v2\/posts"}],"about":[{"href":"https:\/\/www.article-marketing.eu\/comunicatistampa\/wp-json\/wp\/v2\/types\/post"}],"author":[{"embeddable":true,"href":"https:\/\/www.article-marketing.eu\/comunicatistampa\/wp-json\/wp\/v2\/users\/881"}],"replies":[{"embeddable":true,"href":"https:\/\/www.article-marketing.eu\/comunicatistampa\/wp-json\/wp\/v2\/comments?post=16800"}],"version-history":[{"count":2,"href":"https:\/\/www.article-marketing.eu\/comunicatistampa\/wp-json\/wp\/v2\/posts\/16800\/revisions"}],"predecessor-version":[{"id":16810,"href":"https:\/\/www.article-marketing.eu\/comunicatistampa\/wp-json\/wp\/v2\/posts\/16800\/revisions\/16810"}],"wp:attachment":[{"href":"https:\/\/www.article-marketing.eu\/comunicatistampa\/wp-json\/wp\/v2\/media?parent=16800"}],"wp:term":[{"taxonomy":"category","embeddable":true,"href":"https:\/\/www.article-marketing.eu\/comunicatistampa\/wp-json\/wp\/v2\/categories?post=16800"},{"taxonomy":"post_tag","embeddable":true,"href":"https:\/\/www.article-marketing.eu\/comunicatistampa\/wp-json\/wp\/v2\/tags?post=16800"}],"curies":[{"name":"wp","href":"https:\/\/api.w.org\/{rel}","templated":true}]}}