{"id":16875,"date":"2020-12-17T17:19:44","date_gmt":"2020-12-17T16:19:44","guid":{"rendered":"https:\/\/www.article-marketing.eu\/comunicatistampa\/?p=16875"},"modified":"2020-12-17T17:19:44","modified_gmt":"2020-12-17T16:19:44","slug":"la-cultura-e-futuro-raccolta-fondi-per-il-premio-tesi-di-laurea-2021","status":"publish","type":"post","link":"https:\/\/www.article-marketing.eu\/comunicatistampa\/la-cultura-e-futuro-raccolta-fondi-per-il-premio-tesi-di-laurea-2021\/","title":{"rendered":"La cultura \u00e8 futuro: raccolta fondi per il Premio Tesi di laurea 2021"},"content":{"rendered":"<h1>Comunicato Stampa<\/h1>\n<p><strong>La cultura \u00e8 futuro: raccolta fondi per il Premio Tesi di laurea 2021<\/strong><\/p>\n<p><strong>\u00a0<\/strong><\/p>\n<p><strong><em>Lanciata una raccolta fondi per poter arricchire l\u2019edizione 2021 del Premio Tesi di Laurea con un nuovo filone tematico di premiazione, al fine di individuare le migliori tesi sui sistemi formativi innovativi nell\u2019era post-Covid.<\/em><\/strong><\/p>\n<p><strong><em>\u00a0<\/em><\/strong><\/p>\n<p>Se l\u2019<strong>emergenza sanitaria COVID-19<\/strong> in questo 2020 ha evidenziato molte criticit\u00e0 in materia di salute e sicurezza, \u00e8 ora pi\u00f9 che mai necessario riflettere sulle politiche di prevenzione messe in atto con l\u2019obiettivo di proporre idee originali ed elaborare nuove strategie. E sicuramente uno degli ambiti pi\u00f9 rilevanti di riflessione e innovazione \u00e8 costituito dalle <strong>tesi di laurea<\/strong>, momenti culminanti dell\u2019iter accademico di ogni studente. Tesi di laurea che diventano, se opportunamente promosse e valorizzate, un elemento importante di analisi della realt\u00e0 e di crescita degli stessi studenti.<\/p>\n<p>&nbsp;<\/p>\n<p>Una manifestazione che le ha valorizzate in questi anni \u00e8 il \u201c<strong>Premio tesi di laurea nell\u2019ambito della salute e sicurezza sul lavoro e sostenibilit\u00e0<\/strong>\u201d che, organizzato dalla <strong>Fondazione AiFOS<\/strong>, vuole introdurre per l\u2019edizione 2021, attraverso una raccolta di fondi, un nuovo filone tematico per premiare le migliori <strong>tesi sui sistemi formativi innovativi nell\u2019era post-Covid<\/strong>.<\/p>\n<p>&nbsp;<\/p>\n<p><strong>L\u2019importanza e il valore del premio per le migliori tesi di laurea<\/strong><\/p>\n<p>Per rendersi conto dell\u2019importanza e della necessit\u00e0 di manifestazioni come quella organizzata da Fondazione AiFOS \u00e8 sufficiente leggere alcuni dei moltissimi commenti ricevuti dagli studenti che hanno partecipato al Premio.<\/p>\n<p>&nbsp;<\/p>\n<p>Per molti studenti, ad esempio, partecipare al bando della Fondazione AiFOS \u00e8 \u201cun&#8217;esperienza completamente diversa\u201d rispetto al normale percorso accademico di una tesi di laurea. \u00c8 una scelta che <strong>premia l&#8217;originalit\u00e0 dell&#8217;idea<\/strong>, \u201cla chiarezza di espressione, la riproducibilit\u00e0 della propria indagine, l&#8217;utilit\u00e0 di una procedura\u201d.<\/p>\n<p>Con queste iniziative \u201csi esce dal mondo accademico e teorico ed \u00e8 il mondo reale a giudicare il proprio lavoro\u201d.<\/p>\n<p>&nbsp;<\/p>\n<p>In questo senso partecipare \u201cvuol dire mettersi alla prova nel mondo\u201d, vuol dire poter avere un reale confronto anche con i professionisti in materia di tutela della salute e sicurezza dei lavoratori nei luoghi di lavoro. E ogni traguardo raggiunto dal proprio lavoro \u201crappresenta un trampolino di lancio per il futuro: non un punto di arrivo, ma un punto di partenza per un nuovo inizio\u201d.<\/p>\n<p>&nbsp;<\/p>\n<p><strong>La Fondazione AiFOS e il premio tesi di laurea<\/strong><\/p>\n<p>A organizzare il Premio, presente dal 2014, \u00e8 la <strong>Fondazione AiFOS<\/strong><strong> che, <\/strong>nata nel 2016 con l\u2019intenzione di dar vita ad una realt\u00e0 filantropica attenta ai temi di promozione della cultura della sicurezza sul lavoro, dell\u2019istruzione e della formazione, con questi eventi vuole continuare la sua opera di supporto economico per la realizzazione di progetti a scopo sociale, culturale, sportivo, educativo e di prevenzione diretti a giovani e adulti, con particolare attenzione alle istituzioni scolastiche, universitarie e di ricerca.<\/p>\n<p>&nbsp;<\/p>\n<p>Due sono normalmente i filoni tematici che vengono premiati:<\/p>\n<ul>\n<li><strong>Salute e sicurezza nei luoghi di vita e di lavoro<\/strong>, declinata in uno dei seguenti ambiti:\n<ul>\n<li>ambito giuridico, normativo, organizzativo;<\/li>\n<li>ambito tecnico, ingegneristico, medico;<\/li>\n<li>ambito psicologico, educativo, formativo, relazionale.<\/li>\n<\/ul>\n<\/li>\n<li><strong>Sostenibilit\u00e0 in ambito lavorativo<\/strong>, declinata in uno o pi\u00f9 dei seguenti argomenti: benessere organizzativo, parit\u00e0 di genere, lavoro dignitoso, diversity management, conciliazione vita-lavoro, corretta gestione ambientale e consumo aziendale responsabile.<\/li>\n<\/ul>\n<p>&nbsp;<\/p>\n<p>Tuttavia il 2021 sar\u00e0 un anno molto particolare, sar\u00e0 l\u2019anno in cui dovranno cominciare a svilupparsi nuovi progetti che partendo dall\u2019esperienza e dalle criticit\u00e0 dell\u2019emergenza COVID-19 possano portare a <strong>nuove strategie di prevenzione e di formazione<\/strong>.<\/p>\n<p>&nbsp;<\/p>\n<p><strong>Una campagna di fundraising per parlare anche di nuovi sistemi formativi<\/strong><\/p>\n<p>Per questo motivo e per poter migliorare ulteriormente la manifestazione, la <strong>Fondazione AiFOS<\/strong> ha lanciato una campagna di fundraising per poter arricchire l\u2019edizione 2021 e premiare le migliori tesi sul cambiamento dei sistemi formativi nell\u2019era post Covid &#8211; Blended, e-learning e videoconferenza.<\/p>\n<p>&nbsp;<\/p>\n<p>\u00c8 importante promuovere il futuro delle nuove generazioni anche attraverso nuove opportunit\u00e0 e incentivi che favoriscano idee e soluzioni originali.<\/p>\n<p>&nbsp;<\/p>\n<p>Questo \u00e8 il link per sostenere la Fondazione nella sua attivit\u00e0 di promozione della cultura della prevenzione e fare una donazione:<\/p>\n<p><a href=\"https:\/\/dona.perildono.it\/il-cambiamento-dei-sistemi-formativi-nellera-post-covid-blended-e-learning-e-videoconferenza\">https:\/\/dona.perildono.it\/il-cambiamento-dei-sistemi-formativi-nellera-post-covid-blended-e-learning-e-videoconferenza<\/a><\/p>\n<p>&nbsp;<\/p>\n<p>Concludiamo ricordando lo slogan della campagna: la \u201c<strong>cultura \u00e8 futuro. Mettitelo in testa!<\/strong>\u201d.<\/p>\n<p>&nbsp;<\/p>\n<p><strong>Segreteria del Premio<\/strong>: Fondazione AiFOS c\/o CSMT, Universit\u00e0 degli Studi di Brescia, via Branze, 45 \u2013 25123 Brescia Tel. 030.6595037 Fax 030.6595040 <a href=\"mailto:info@fondazioneaifos.org\">info@fondazioneaifos.org<\/a><\/p>\n<p>&nbsp;<\/p>\n<p>&nbsp;<\/p>\n<p><em>17 dicembre 2020<\/em><\/p>\n<p>&nbsp;<\/p>\n<p>&nbsp;<\/p>\n<p>Ufficio Stampa Fondazione AiFOS<\/p>\n<p><a href=\"mailto:ufficiostampa@fondazioneaifos.org%0d\">ufficiostampa@fondazioneaifos.org<\/a><\/p>\n<p>www.fondazioneaifos.org<\/p>\n","protected":false},"excerpt":{"rendered":"<p>Comunicato Stampa La cultura \u00e8 futuro: raccolta fondi per il Premio Tesi di laurea 2021 \u00a0 Lanciata una raccolta fondi per poter arricchire l\u2019edizione 2021 del Premio Tesi di Laurea con un nuovo filone tematico di premiazione, al fine di individuare le migliori tesi sui sistemi formativi innovativi nell\u2019era post-Covid. \u00a0 Se l\u2019emergenza sanitaria COVID-19 in questo 2020 ha evidenziato molte criticit\u00e0 in materia di salute e sicurezza, \u00e8 ora<\/p>\n<p><a class=\"continue-reading\" href=\"https:\/\/www.article-marketing.eu\/comunicatistampa\/la-cultura-e-futuro-raccolta-fondi-per-il-premio-tesi-di-laurea-2021\/\">Continue reading&#8230;<\/a><\/p>\n","protected":false},"author":881,"featured_media":0,"comment_status":"open","ping_status":"open","sticky":false,"template":"","format":"standard","meta":{"_monsterinsights_skip_tracking":false,"_monsterinsights_sitenote_active":false,"_monsterinsights_sitenote_note":"","_monsterinsights_sitenote_category":0,"footnotes":""},"categories":[78,378,369],"tags":[6148,6969,3235,6967,515,6971,6970,5941,3609,193,6149,6968,6024,988,6966,989],"class_list":["post-16875","post","type-post","status-publish","format-standard","hentry","category-comunicati-stampa","category-istruzione","category-salute-e-benessere","tag-bando-tesi-di-laurea-2020","tag-blended","tag-brescia","tag-campagna-di-fundraising","tag-concorso","tag-cultura-e-futuro","tag-e-learning-e-videoconferenza","tag-emergenza-covid-19","tag-fondazione-aifos","tag-formazione","tag-premio-tesi-di-laurea-nellambito-della-salute-e-sicurezza-sul-lavoro-e-sostenibilita","tag-raccolta-fondi","tag-sars-cov-2","tag-scuola","tag-tesi-sui-sistemi-formativi-innovativi-nellera-post-covid","tag-universita"],"yoast_head":"<!-- This site is optimized with the Yoast SEO plugin v27.3 - https:\/\/yoast.com\/product\/yoast-seo-wordpress\/ -->\n<title>La cultura \u00e8 futuro: raccolta fondi per il Premio Tesi di laurea 2021 - Article Marketing<\/title>\n<meta name=\"robots\" content=\"index, follow, max-snippet:-1, max-image-preview:large, max-video-preview:-1\" \/>\n<link rel=\"canonical\" href=\"https:\/\/www.article-marketing.eu\/comunicatistampa\/la-cultura-e-futuro-raccolta-fondi-per-il-premio-tesi-di-laurea-2021\/\" \/>\n<meta property=\"og:locale\" content=\"it_IT\" \/>\n<meta property=\"og:type\" content=\"article\" \/>\n<meta property=\"og:title\" content=\"La cultura \u00e8 futuro: raccolta fondi per il Premio Tesi di laurea 2021 - Article Marketing\" \/>\n<meta property=\"og:description\" content=\"Comunicato Stampa La cultura \u00e8 futuro: raccolta fondi per il Premio Tesi di laurea 2021 \u00a0 Lanciata una raccolta fondi per poter arricchire l\u2019edizione 2021 del Premio Tesi di Laurea con un nuovo filone tematico di premiazione, al fine di individuare le migliori tesi sui sistemi formativi innovativi nell\u2019era post-Covid. \u00a0 Se l\u2019emergenza sanitaria COVID-19 in questo 2020 ha evidenziato molte criticit\u00e0 in materia di salute e sicurezza, \u00e8 oraContinue reading...\" \/>\n<meta property=\"og:url\" content=\"https:\/\/www.article-marketing.eu\/comunicatistampa\/la-cultura-e-futuro-raccolta-fondi-per-il-premio-tesi-di-laurea-2021\/\" \/>\n<meta property=\"og:site_name\" content=\"Article Marketing\" \/>\n<meta property=\"article:published_time\" content=\"2020-12-17T16:19:44+00:00\" \/>\n<meta name=\"author\" content=\"AIFUS\" \/>\n<meta name=\"twitter:card\" content=\"summary_large_image\" \/>\n<meta name=\"twitter:label1\" content=\"Scritto da\" \/>\n\t<meta name=\"twitter:data1\" content=\"AIFUS\" \/>\n\t<meta name=\"twitter:label2\" content=\"Tempo di lettura stimato\" \/>\n\t<meta name=\"twitter:data2\" content=\"4 minuti\" \/>\n<script type=\"application\/ld+json\" class=\"yoast-schema-graph\">{\"@context\":\"https:\\\/\\\/schema.org\",\"@graph\":[{\"@type\":\"Article\",\"@id\":\"https:\\\/\\\/www.article-marketing.eu\\\/comunicatistampa\\\/la-cultura-e-futuro-raccolta-fondi-per-il-premio-tesi-di-laurea-2021\\\/#article\",\"isPartOf\":{\"@id\":\"https:\\\/\\\/www.article-marketing.eu\\\/comunicatistampa\\\/la-cultura-e-futuro-raccolta-fondi-per-il-premio-tesi-di-laurea-2021\\\/\"},\"author\":{\"name\":\"AIFUS\",\"@id\":\"https:\\\/\\\/www.article-marketing.eu\\\/comunicatistampa\\\/#\\\/schema\\\/person\\\/d1985c4955ff71a05f49d68e3034b3cd\"},\"headline\":\"La cultura \u00e8 futuro: raccolta fondi per il Premio Tesi di laurea 2021\",\"datePublished\":\"2020-12-17T16:19:44+00:00\",\"mainEntityOfPage\":{\"@id\":\"https:\\\/\\\/www.article-marketing.eu\\\/comunicatistampa\\\/la-cultura-e-futuro-raccolta-fondi-per-il-premio-tesi-di-laurea-2021\\\/\"},\"wordCount\":723,\"commentCount\":0,\"keywords\":[\"Bando Tesi di Laurea 2020\",\"Blended\",\"Brescia\",\"campagna di fundraising\",\"Concorso\",\"cultura \u00e8 futuro\",\"e-learning e videoconferenza\",\"emergenza COVID-19\",\"Fondazione AiFOS\",\"formazione\",\"Premio tesi di laurea nell\u2019ambito della salute e sicurezza sul lavoro e sostenibilit\u00e0\",\"raccolta fondi\",\"SARS-CoV-2\",\"scuola\",\"tesi sui sistemi formativi innovativi nell\u2019era post-Covid\",\"universit\u00e0\"],\"articleSection\":[\"Comunicati stampa\",\"Istruzione\",\"Salute e benessere\"],\"inLanguage\":\"it-IT\",\"potentialAction\":[{\"@type\":\"CommentAction\",\"name\":\"Comment\",\"target\":[\"https:\\\/\\\/www.article-marketing.eu\\\/comunicatistampa\\\/la-cultura-e-futuro-raccolta-fondi-per-il-premio-tesi-di-laurea-2021\\\/#respond\"]}]},{\"@type\":\"WebPage\",\"@id\":\"https:\\\/\\\/www.article-marketing.eu\\\/comunicatistampa\\\/la-cultura-e-futuro-raccolta-fondi-per-il-premio-tesi-di-laurea-2021\\\/\",\"url\":\"https:\\\/\\\/www.article-marketing.eu\\\/comunicatistampa\\\/la-cultura-e-futuro-raccolta-fondi-per-il-premio-tesi-di-laurea-2021\\\/\",\"name\":\"La cultura \u00e8 futuro: raccolta fondi per il Premio Tesi di laurea 2021 - Article Marketing\",\"isPartOf\":{\"@id\":\"https:\\\/\\\/www.article-marketing.eu\\\/comunicatistampa\\\/#website\"},\"datePublished\":\"2020-12-17T16:19:44+00:00\",\"author\":{\"@id\":\"https:\\\/\\\/www.article-marketing.eu\\\/comunicatistampa\\\/#\\\/schema\\\/person\\\/d1985c4955ff71a05f49d68e3034b3cd\"},\"breadcrumb\":{\"@id\":\"https:\\\/\\\/www.article-marketing.eu\\\/comunicatistampa\\\/la-cultura-e-futuro-raccolta-fondi-per-il-premio-tesi-di-laurea-2021\\\/#breadcrumb\"},\"inLanguage\":\"it-IT\",\"potentialAction\":[{\"@type\":\"ReadAction\",\"target\":[\"https:\\\/\\\/www.article-marketing.eu\\\/comunicatistampa\\\/la-cultura-e-futuro-raccolta-fondi-per-il-premio-tesi-di-laurea-2021\\\/\"]}]},{\"@type\":\"BreadcrumbList\",\"@id\":\"https:\\\/\\\/www.article-marketing.eu\\\/comunicatistampa\\\/la-cultura-e-futuro-raccolta-fondi-per-il-premio-tesi-di-laurea-2021\\\/#breadcrumb\",\"itemListElement\":[{\"@type\":\"ListItem\",\"position\":1,\"name\":\"Home\",\"item\":\"https:\\\/\\\/www.article-marketing.eu\\\/comunicatistampa\\\/\"},{\"@type\":\"ListItem\",\"position\":2,\"name\":\"La cultura \u00e8 futuro: raccolta fondi per il Premio Tesi di laurea 2021\"}]},{\"@type\":\"WebSite\",\"@id\":\"https:\\\/\\\/www.article-marketing.eu\\\/comunicatistampa\\\/#website\",\"url\":\"https:\\\/\\\/www.article-marketing.eu\\\/comunicatistampa\\\/\",\"name\":\"Article Marketing\",\"description\":\"article marketing &amp; press release\",\"potentialAction\":[{\"@type\":\"SearchAction\",\"target\":{\"@type\":\"EntryPoint\",\"urlTemplate\":\"https:\\\/\\\/www.article-marketing.eu\\\/comunicatistampa\\\/?s={search_term_string}\"},\"query-input\":{\"@type\":\"PropertyValueSpecification\",\"valueRequired\":true,\"valueName\":\"search_term_string\"}}],\"inLanguage\":\"it-IT\"},{\"@type\":\"Person\",\"@id\":\"https:\\\/\\\/www.article-marketing.eu\\\/comunicatistampa\\\/#\\\/schema\\\/person\\\/d1985c4955ff71a05f49d68e3034b3cd\",\"name\":\"AIFUS\",\"image\":{\"@type\":\"ImageObject\",\"inLanguage\":\"it-IT\",\"@id\":\"https:\\\/\\\/secure.gravatar.com\\\/avatar\\\/05cf2a2ba057667571308b94c84f00ff48766ffac95710a87491a9b3ddcee484?s=96&d=mm&r=g\",\"url\":\"https:\\\/\\\/secure.gravatar.com\\\/avatar\\\/05cf2a2ba057667571308b94c84f00ff48766ffac95710a87491a9b3ddcee484?s=96&d=mm&r=g\",\"contentUrl\":\"https:\\\/\\\/secure.gravatar.com\\\/avatar\\\/05cf2a2ba057667571308b94c84f00ff48766ffac95710a87491a9b3ddcee484?s=96&d=mm&r=g\",\"caption\":\"AIFUS\"},\"url\":\"https:\\\/\\\/www.article-marketing.eu\\\/comunicatistampa\\\/author\\\/aifus\\\/\"}]}<\/script>\n<!-- \/ Yoast SEO plugin. -->","yoast_head_json":{"title":"La cultura \u00e8 futuro: raccolta fondi per il Premio Tesi di laurea 2021 - Article Marketing","robots":{"index":"index","follow":"follow","max-snippet":"max-snippet:-1","max-image-preview":"max-image-preview:large","max-video-preview":"max-video-preview:-1"},"canonical":"https:\/\/www.article-marketing.eu\/comunicatistampa\/la-cultura-e-futuro-raccolta-fondi-per-il-premio-tesi-di-laurea-2021\/","og_locale":"it_IT","og_type":"article","og_title":"La cultura \u00e8 futuro: raccolta fondi per il Premio Tesi di laurea 2021 - Article Marketing","og_description":"Comunicato Stampa La cultura \u00e8 futuro: raccolta fondi per il Premio Tesi di laurea 2021 \u00a0 Lanciata una raccolta fondi per poter arricchire l\u2019edizione 2021 del Premio Tesi di Laurea con un nuovo filone tematico di premiazione, al fine di individuare le migliori tesi sui sistemi formativi innovativi nell\u2019era post-Covid. \u00a0 Se l\u2019emergenza sanitaria COVID-19 in questo 2020 ha evidenziato molte criticit\u00e0 in materia di salute e sicurezza, \u00e8 oraContinue reading...","og_url":"https:\/\/www.article-marketing.eu\/comunicatistampa\/la-cultura-e-futuro-raccolta-fondi-per-il-premio-tesi-di-laurea-2021\/","og_site_name":"Article Marketing","article_published_time":"2020-12-17T16:19:44+00:00","author":"AIFUS","twitter_card":"summary_large_image","twitter_misc":{"Scritto da":"AIFUS","Tempo di lettura stimato":"4 minuti"},"schema":{"@context":"https:\/\/schema.org","@graph":[{"@type":"Article","@id":"https:\/\/www.article-marketing.eu\/comunicatistampa\/la-cultura-e-futuro-raccolta-fondi-per-il-premio-tesi-di-laurea-2021\/#article","isPartOf":{"@id":"https:\/\/www.article-marketing.eu\/comunicatistampa\/la-cultura-e-futuro-raccolta-fondi-per-il-premio-tesi-di-laurea-2021\/"},"author":{"name":"AIFUS","@id":"https:\/\/www.article-marketing.eu\/comunicatistampa\/#\/schema\/person\/d1985c4955ff71a05f49d68e3034b3cd"},"headline":"La cultura \u00e8 futuro: raccolta fondi per il Premio Tesi di laurea 2021","datePublished":"2020-12-17T16:19:44+00:00","mainEntityOfPage":{"@id":"https:\/\/www.article-marketing.eu\/comunicatistampa\/la-cultura-e-futuro-raccolta-fondi-per-il-premio-tesi-di-laurea-2021\/"},"wordCount":723,"commentCount":0,"keywords":["Bando Tesi di Laurea 2020","Blended","Brescia","campagna di fundraising","Concorso","cultura \u00e8 futuro","e-learning e videoconferenza","emergenza COVID-19","Fondazione AiFOS","formazione","Premio tesi di laurea nell\u2019ambito della salute e sicurezza sul lavoro e sostenibilit\u00e0","raccolta fondi","SARS-CoV-2","scuola","tesi sui sistemi formativi innovativi nell\u2019era post-Covid","universit\u00e0"],"articleSection":["Comunicati stampa","Istruzione","Salute e benessere"],"inLanguage":"it-IT","potentialAction":[{"@type":"CommentAction","name":"Comment","target":["https:\/\/www.article-marketing.eu\/comunicatistampa\/la-cultura-e-futuro-raccolta-fondi-per-il-premio-tesi-di-laurea-2021\/#respond"]}]},{"@type":"WebPage","@id":"https:\/\/www.article-marketing.eu\/comunicatistampa\/la-cultura-e-futuro-raccolta-fondi-per-il-premio-tesi-di-laurea-2021\/","url":"https:\/\/www.article-marketing.eu\/comunicatistampa\/la-cultura-e-futuro-raccolta-fondi-per-il-premio-tesi-di-laurea-2021\/","name":"La cultura \u00e8 futuro: raccolta fondi per il Premio Tesi di laurea 2021 - Article Marketing","isPartOf":{"@id":"https:\/\/www.article-marketing.eu\/comunicatistampa\/#website"},"datePublished":"2020-12-17T16:19:44+00:00","author":{"@id":"https:\/\/www.article-marketing.eu\/comunicatistampa\/#\/schema\/person\/d1985c4955ff71a05f49d68e3034b3cd"},"breadcrumb":{"@id":"https:\/\/www.article-marketing.eu\/comunicatistampa\/la-cultura-e-futuro-raccolta-fondi-per-il-premio-tesi-di-laurea-2021\/#breadcrumb"},"inLanguage":"it-IT","potentialAction":[{"@type":"ReadAction","target":["https:\/\/www.article-marketing.eu\/comunicatistampa\/la-cultura-e-futuro-raccolta-fondi-per-il-premio-tesi-di-laurea-2021\/"]}]},{"@type":"BreadcrumbList","@id":"https:\/\/www.article-marketing.eu\/comunicatistampa\/la-cultura-e-futuro-raccolta-fondi-per-il-premio-tesi-di-laurea-2021\/#breadcrumb","itemListElement":[{"@type":"ListItem","position":1,"name":"Home","item":"https:\/\/www.article-marketing.eu\/comunicatistampa\/"},{"@type":"ListItem","position":2,"name":"La cultura \u00e8 futuro: raccolta fondi per il Premio Tesi di laurea 2021"}]},{"@type":"WebSite","@id":"https:\/\/www.article-marketing.eu\/comunicatistampa\/#website","url":"https:\/\/www.article-marketing.eu\/comunicatistampa\/","name":"Article Marketing","description":"article marketing &amp; press release","potentialAction":[{"@type":"SearchAction","target":{"@type":"EntryPoint","urlTemplate":"https:\/\/www.article-marketing.eu\/comunicatistampa\/?s={search_term_string}"},"query-input":{"@type":"PropertyValueSpecification","valueRequired":true,"valueName":"search_term_string"}}],"inLanguage":"it-IT"},{"@type":"Person","@id":"https:\/\/www.article-marketing.eu\/comunicatistampa\/#\/schema\/person\/d1985c4955ff71a05f49d68e3034b3cd","name":"AIFUS","image":{"@type":"ImageObject","inLanguage":"it-IT","@id":"https:\/\/secure.gravatar.com\/avatar\/05cf2a2ba057667571308b94c84f00ff48766ffac95710a87491a9b3ddcee484?s=96&d=mm&r=g","url":"https:\/\/secure.gravatar.com\/avatar\/05cf2a2ba057667571308b94c84f00ff48766ffac95710a87491a9b3ddcee484?s=96&d=mm&r=g","contentUrl":"https:\/\/secure.gravatar.com\/avatar\/05cf2a2ba057667571308b94c84f00ff48766ffac95710a87491a9b3ddcee484?s=96&d=mm&r=g","caption":"AIFUS"},"url":"https:\/\/www.article-marketing.eu\/comunicatistampa\/author\/aifus\/"}]}},"_links":{"self":[{"href":"https:\/\/www.article-marketing.eu\/comunicatistampa\/wp-json\/wp\/v2\/posts\/16875","targetHints":{"allow":["GET"]}}],"collection":[{"href":"https:\/\/www.article-marketing.eu\/comunicatistampa\/wp-json\/wp\/v2\/posts"}],"about":[{"href":"https:\/\/www.article-marketing.eu\/comunicatistampa\/wp-json\/wp\/v2\/types\/post"}],"author":[{"embeddable":true,"href":"https:\/\/www.article-marketing.eu\/comunicatistampa\/wp-json\/wp\/v2\/users\/881"}],"replies":[{"embeddable":true,"href":"https:\/\/www.article-marketing.eu\/comunicatistampa\/wp-json\/wp\/v2\/comments?post=16875"}],"version-history":[{"count":2,"href":"https:\/\/www.article-marketing.eu\/comunicatistampa\/wp-json\/wp\/v2\/posts\/16875\/revisions"}],"predecessor-version":[{"id":16881,"href":"https:\/\/www.article-marketing.eu\/comunicatistampa\/wp-json\/wp\/v2\/posts\/16875\/revisions\/16881"}],"wp:attachment":[{"href":"https:\/\/www.article-marketing.eu\/comunicatistampa\/wp-json\/wp\/v2\/media?parent=16875"}],"wp:term":[{"taxonomy":"category","embeddable":true,"href":"https:\/\/www.article-marketing.eu\/comunicatistampa\/wp-json\/wp\/v2\/categories?post=16875"},{"taxonomy":"post_tag","embeddable":true,"href":"https:\/\/www.article-marketing.eu\/comunicatistampa\/wp-json\/wp\/v2\/tags?post=16875"}],"curies":[{"name":"wp","href":"https:\/\/api.w.org\/{rel}","templated":true}]}}