{"id":17023,"date":"2021-01-08T02:58:48","date_gmt":"2021-01-08T01:58:48","guid":{"rendered":"https:\/\/www.article-marketing.eu\/comunicatistampa\/?p=17023"},"modified":"2021-01-08T02:58:48","modified_gmt":"2021-01-08T01:58:48","slug":"smart-working-organizzazione-gestione-e-rischi-connessi","status":"publish","type":"post","link":"https:\/\/www.article-marketing.eu\/comunicatistampa\/smart-working-organizzazione-gestione-e-rischi-connessi\/","title":{"rendered":"Smart working: organizzazione, gestione e rischi connessi"},"content":{"rendered":"<h1>Comunicato Stampa<\/h1>\n<h1>Smart working: organizzazione, gestione e rischi connessi<\/h1>\n<p><strong><em>Il 27 gennaio 2021 un corso in videoconferenza offre suggerimenti e strumenti pratici per massimizzare i vantaggi del lavoro in smart working riducendo al minimo svantaggi e rischi del lavoro svolto al proprio domicilio.<\/em><\/strong><\/p>\n<p><strong><em>\u00a0<\/em><\/strong><\/p>\n<p>Al di l\u00e0 delle conseguenze sanitarie, sociali ed economiche, la gestione del contenimento del <strong>virus SARS-CoV-2<\/strong> ha portato a enormi mutamenti anche nel mondo del lavoro, modificandone la stessa organizzazione.<\/p>\n<p>Il nuovo aspetto organizzativo che milioni di lavoratori si sono trovati a dover sperimentare per ridurre i rischi di contagio e per poter continuare le attivit\u00e0 lavorative \u00e8 lo \u201c<strong>smartworking<\/strong>\u201d, il <strong>lavoro agile<\/strong>,<em> \u201cuna modalit\u00e0 flessibile di esecuzione del rapporto di lavoro subordinato allo scopo di incrementare la produttivit\u00e0 e agevolare la conciliazione dei tempi di vita e di lavoro<\/em>\u201d, come definito nella Legge n. 81 del 22 maggio 2017.<\/p>\n<p>Tuttavia questa forma organizzativa spesso si \u00e8 diffusa senza la necessaria formazione e consapevolezza dei rischi conseguenti ed \u00e8 necessario offrire idonei corsi che permettano di massimizzare i vantaggi delle attivit\u00e0 svolte in smartworking.<\/p>\n<p><strong><em>\u00a0<\/em><\/strong><\/p>\n<p><strong>Quali sono i principali rischi nel lavoro agile? Quali sono gli strumenti pi\u00f9 idonei per la corretta gestione degli spazi e dei collaboratori?<\/strong><\/p>\n<p><strong><em>\u00a0<\/em><\/strong><\/p>\n<p><strong>Il nuovo corso per raccogliere tutti i vantaggi dello smartworking<\/strong><\/p>\n<p>Per favorire un utilizzo idoneo e produttivo del lavoro agile, l\u2019<strong>Associazione Italiana Formatori ed Operatori della Sicurezza sul Lavoro<\/strong> (AiFOS) organizza per il <strong>27 gennaio 2021<\/strong> il corso, in modalit\u00e0 videoconferenza, dal titolo \u201c<strong>SMART WORKING: organizzazione, gestione e rischi connessi<\/strong>\u201d.<\/p>\n<p>Per i lavoratori che hanno iniziato &#8220;l&#8217;avventura&#8221; dello <strong>smartworking<\/strong> in molti casi si sono resi necessari aggiustamenti e messe a punto, in altri, invece, si sta ancora cercando di trovare il punto di equilibrio. Quali sono i consigli pratici e i suggerimenti, sia in termini organizzativi che di gestione della sicurezza, che possono essere presi in considerazione?<\/p>\n<p>Durante il corso, dopo una breve introduzione sul tema dello smartworking, si analizzeranno alcuni rischi di maggior rilievo nel lavoro domestico, i rischi psicosociali e quelli di natura ergonomica. Infine si proporranno alcuni strumenti pratici per la gestione degli spazi e dei collaboratori, in modo da massimizzare i vantaggi e ridurre al minimo, per quanto possibile, gli svantaggi del lavoro svolto al proprio domicilio.<\/p>\n<p>Il docente della videoconferenza \u00e8 <strong>Lucio Fattori<\/strong>, formatore e consulente in materia di salute e sicurezza sul lavoro, curatore del Giornale dei Consulenti AiFOS.<\/p>\n<p>&nbsp;<\/p>\n<p>Ricordiamo che la <strong>videoconferenza<\/strong> \u00e8 una particolare formazione a distanza, attualmente equiparata alla formazione in presenza, che, avvenendo tramite piattaforma informatica e tra pi\u00f9 persone presenti nello stesso momento, crea delle vere e proprie aule virtuali di formazione.<\/p>\n<p>&nbsp;<\/p>\n<p><strong>Le indicazioni della normativa in materia di lavoro agile <\/strong><\/p>\n<p>Il <strong>lavoro agile<\/strong> o <strong>smartworking<\/strong>, considerato nella decretazione per l\u2019emergenza COVID-19 una <em>idonea misura per il contrasto e il contenimento<\/em> del diffondersi del virus SARS-CoV-2, \u00e8 disciplinato dalla <strong>Legge 22 maggio 2017, n. 81<\/strong>.<\/p>\n<p>Secondo quanto stabilito dalla legge n. 81\/2017 il <strong>lavoro agile<\/strong> non \u00e8 equiparabile al telelavoro ed \u00e8 normalmente organizzato, in parte all&#8217;interno di locali aziendali e in parte all&#8217;esterno, senza precisi vincoli di orario o di luogo di lavoro, con il possibile utilizzo di strumenti tecnologici per lo svolgimento dell&#8217;attivit\u00e0 lavorativa.<\/p>\n<p>Chi lavora in smartworking ha, in ogni caso, come si ricorder\u00e0 nel corso, la responsabilit\u00e0 di organizzarsi in modo da assicurare la tutela della salute e sicurezza nel luogo di lavoro scelto.<\/p>\n<p><strong>\u00a0<\/strong><\/p>\n<p><strong>Il programma del corso in videoconferenza sullo smartworking<\/strong><\/p>\n<p>Per poter affrontare nel modo migliore le attivit\u00e0 in smartworking si terr\u00e0 mercoled\u00ec <strong>27 gennaio 2021<\/strong> \u2013 dalle ore 15.00 alle ore 17.00 &#8211; il corso in videoconferenza \u201c<strong>SMART WORKING: organizzazione, gestione e rischi connessi<\/strong>\u201d.<\/p>\n<p>&nbsp;<\/p>\n<p>Durante la videoconferenza verranno affrontati i seguenti <strong>argomenti<\/strong>:<\/p>\n<ul>\n<li>smartworking: come e perch\u00e8<\/li>\n<li>rischi psicosociali (stress e technostress, organizzazione, equilibrio attivit\u00e0 lavorativa \u2013 vita privata)<\/li>\n<li>rischi ergonomici (postura, illuminazione, temperatura)<\/li>\n<li>la gestione degli spazi<\/li>\n<li>come gestire i collaboratori<\/li>\n<\/ul>\n<p>&nbsp;<\/p>\n<p>La partecipazione al corso vale come 2 ore di <strong>aggiornamento<\/strong> per RSPP\/ASPP e Coordinatori alla sicurezza e 2 ore di aggiornamento per Formatori qualificati area 1. Il corso \u00e8 valido anche ai fini della formazione specifica prevista per il Manager HSE (UNI 11720:2018 \u2013 area organizzativa e gestionale) e ai fini della formazione necessaria per l&#8217;iscrizione al Registro Consulenti AiFOS (Legge 4\/2013).<\/p>\n<p>&nbsp;<\/p>\n<p>Per avere ulteriori dettagli sul corso e iscriversi, \u00e8 possibile utilizzare questo link:<\/p>\n<p><a href=\"https:\/\/aifos.org\/home\/formazione\/corsi\/corsi-in-programma\/corsi-in-programma\/smart_working_organizzazione_gestione_e_rischi_connessi\">https:\/\/aifos.org\/home\/formazione\/corsi\/corsi-in-programma\/corsi-in-programma\/smart_working_organizzazione_gestione_e_rischi_connessi<\/a><\/p>\n<p><strong><em>\u00a0<\/em><\/strong><\/p>\n<p>Per <strong>informazioni<\/strong>:<\/p>\n<p><strong>Sede nazionale AiFOS<\/strong> &#8211; via Branze, 45 &#8211; 25123 Brescia c\/o CSMT, Universit\u00e0 degli Studi di Brescia &#8211; tel. 030.6595035 &#8211; fax 030.6595040 <a href=\"http:\/\/www.aifos.it\">www.aifos.it<\/a> &#8211; <a href=\"mailto:formarsi@aifos.it\">formarsi@aifos.it<\/a> &#8211; gototraining@aifos.it<\/p>\n<p>&nbsp;<\/p>\n<p><em>\u00a0<\/em><\/p>\n<p><em>07 gennaio 2021<\/em><\/p>\n<p>&nbsp;<\/p>\n<p>Ufficio Stampa di AiFOS<\/p>\n<p>ufficiostampa@aifos.it<\/p>\n<p>http:\/\/www.aifos.it\/<\/p>\n","protected":false},"excerpt":{"rendered":"<p>Comunicato Stampa Smart working: organizzazione, gestione e rischi connessi Il 27 gennaio 2021 un corso in videoconferenza offre suggerimenti e strumenti pratici per massimizzare i vantaggi del lavoro in smart working riducendo al minimo svantaggi e rischi del lavoro svolto al proprio domicilio. \u00a0 Al di l\u00e0 delle conseguenze sanitarie, sociali ed economiche, la gestione del contenimento del virus SARS-CoV-2 ha portato a enormi mutamenti anche nel mondo del lavoro,<\/p>\n<p><a class=\"continue-reading\" href=\"https:\/\/www.article-marketing.eu\/comunicatistampa\/smart-working-organizzazione-gestione-e-rischi-connessi\/\">Continue reading&#8230;<\/a><\/p>\n","protected":false},"author":881,"featured_media":0,"comment_status":"open","ping_status":"open","sticky":false,"template":"","format":"standard","meta":{"_monsterinsights_skip_tracking":false,"_monsterinsights_sitenote_active":false,"_monsterinsights_sitenote_note":"","_monsterinsights_sitenote_category":0,"footnotes":""},"categories":[78,379,386,378,369,394],"tags":[3301,6318,3235,5941,7016,7017,6343,7018,6069,6108,7015,6054,6023,6191],"class_list":["post-17023","post","type-post","status-publish","format-standard","hentry","category-comunicati-stampa","category-corsi","category-economia-e-lavoro","category-istruzione","category-salute-e-benessere","category-servizi","tag-aifos","tag-associazione-italiana-formatori-ed-operatori-della-sicurezza-sul-lavoro","tag-brescia","tag-emergenza-covid-19","tag-gestione-e-rischi-connessi","tag-lavoro-agile-o-smartworking","tag-legge-22-maggio-2017","tag-legge-n-81-2017","tag-n-81","tag-pandemia","tag-smart-working-organizzazione","tag-smartworking","tag-videoconferenza","tag-virus-sars-cov-2"],"yoast_head":"<!-- This site is optimized with the Yoast SEO plugin v27.3 - https:\/\/yoast.com\/product\/yoast-seo-wordpress\/ -->\n<title>Smart working: organizzazione, gestione e rischi connessi - Article Marketing<\/title>\n<meta name=\"robots\" content=\"index, follow, max-snippet:-1, max-image-preview:large, max-video-preview:-1\" \/>\n<link rel=\"canonical\" href=\"https:\/\/www.article-marketing.eu\/comunicatistampa\/smart-working-organizzazione-gestione-e-rischi-connessi\/\" \/>\n<meta property=\"og:locale\" content=\"it_IT\" \/>\n<meta property=\"og:type\" content=\"article\" \/>\n<meta property=\"og:title\" content=\"Smart working: organizzazione, gestione e rischi connessi - Article Marketing\" \/>\n<meta property=\"og:description\" content=\"Comunicato Stampa Smart working: organizzazione, gestione e rischi connessi Il 27 gennaio 2021 un corso in videoconferenza offre suggerimenti e strumenti pratici per massimizzare i vantaggi del lavoro in smart working riducendo al minimo svantaggi e rischi del lavoro svolto al proprio domicilio. \u00a0 Al di l\u00e0 delle conseguenze sanitarie, sociali ed economiche, la gestione del contenimento del virus SARS-CoV-2 ha portato a enormi mutamenti anche nel mondo del lavoro,Continue reading...\" \/>\n<meta property=\"og:url\" content=\"https:\/\/www.article-marketing.eu\/comunicatistampa\/smart-working-organizzazione-gestione-e-rischi-connessi\/\" \/>\n<meta property=\"og:site_name\" content=\"Article Marketing\" \/>\n<meta property=\"article:published_time\" content=\"2021-01-08T01:58:48+00:00\" \/>\n<meta name=\"author\" content=\"AIFUS\" \/>\n<meta name=\"twitter:card\" content=\"summary_large_image\" \/>\n<meta name=\"twitter:label1\" content=\"Scritto da\" \/>\n\t<meta name=\"twitter:data1\" content=\"AIFUS\" \/>\n\t<meta name=\"twitter:label2\" content=\"Tempo di lettura stimato\" \/>\n\t<meta name=\"twitter:data2\" content=\"4 minuti\" \/>\n<script type=\"application\/ld+json\" class=\"yoast-schema-graph\">{\"@context\":\"https:\\\/\\\/schema.org\",\"@graph\":[{\"@type\":\"Article\",\"@id\":\"https:\\\/\\\/www.article-marketing.eu\\\/comunicatistampa\\\/smart-working-organizzazione-gestione-e-rischi-connessi\\\/#article\",\"isPartOf\":{\"@id\":\"https:\\\/\\\/www.article-marketing.eu\\\/comunicatistampa\\\/smart-working-organizzazione-gestione-e-rischi-connessi\\\/\"},\"author\":{\"name\":\"AIFUS\",\"@id\":\"https:\\\/\\\/www.article-marketing.eu\\\/comunicatistampa\\\/#\\\/schema\\\/person\\\/d1985c4955ff71a05f49d68e3034b3cd\"},\"headline\":\"Smart working: organizzazione, gestione e rischi connessi\",\"datePublished\":\"2021-01-08T01:58:48+00:00\",\"mainEntityOfPage\":{\"@id\":\"https:\\\/\\\/www.article-marketing.eu\\\/comunicatistampa\\\/smart-working-organizzazione-gestione-e-rischi-connessi\\\/\"},\"wordCount\":758,\"commentCount\":0,\"keywords\":[\"Aifos\",\"Associazione Italiana Formatori ed Operatori della Sicurezza sul Lavoro\",\"Brescia\",\"emergenza COVID-19\",\"gestione e rischi connessi\",\"lavoro agile o smartworking\",\"Legge 22 maggio 2017\",\"legge n. 81\\\/2017\",\"n. 81\",\"pandemia\",\"SMART WORKING: organizzazione\",\"smartworking\",\"videoconferenza\",\"virus SARS-CoV-2\"],\"articleSection\":[\"Comunicati stampa\",\"Corsi\",\"Economia e lavoro\",\"Istruzione\",\"Salute e benessere\",\"Servizi\"],\"inLanguage\":\"it-IT\",\"potentialAction\":[{\"@type\":\"CommentAction\",\"name\":\"Comment\",\"target\":[\"https:\\\/\\\/www.article-marketing.eu\\\/comunicatistampa\\\/smart-working-organizzazione-gestione-e-rischi-connessi\\\/#respond\"]}]},{\"@type\":\"WebPage\",\"@id\":\"https:\\\/\\\/www.article-marketing.eu\\\/comunicatistampa\\\/smart-working-organizzazione-gestione-e-rischi-connessi\\\/\",\"url\":\"https:\\\/\\\/www.article-marketing.eu\\\/comunicatistampa\\\/smart-working-organizzazione-gestione-e-rischi-connessi\\\/\",\"name\":\"Smart working: organizzazione, gestione e rischi connessi - Article Marketing\",\"isPartOf\":{\"@id\":\"https:\\\/\\\/www.article-marketing.eu\\\/comunicatistampa\\\/#website\"},\"datePublished\":\"2021-01-08T01:58:48+00:00\",\"author\":{\"@id\":\"https:\\\/\\\/www.article-marketing.eu\\\/comunicatistampa\\\/#\\\/schema\\\/person\\\/d1985c4955ff71a05f49d68e3034b3cd\"},\"breadcrumb\":{\"@id\":\"https:\\\/\\\/www.article-marketing.eu\\\/comunicatistampa\\\/smart-working-organizzazione-gestione-e-rischi-connessi\\\/#breadcrumb\"},\"inLanguage\":\"it-IT\",\"potentialAction\":[{\"@type\":\"ReadAction\",\"target\":[\"https:\\\/\\\/www.article-marketing.eu\\\/comunicatistampa\\\/smart-working-organizzazione-gestione-e-rischi-connessi\\\/\"]}]},{\"@type\":\"BreadcrumbList\",\"@id\":\"https:\\\/\\\/www.article-marketing.eu\\\/comunicatistampa\\\/smart-working-organizzazione-gestione-e-rischi-connessi\\\/#breadcrumb\",\"itemListElement\":[{\"@type\":\"ListItem\",\"position\":1,\"name\":\"Home\",\"item\":\"https:\\\/\\\/www.article-marketing.eu\\\/comunicatistampa\\\/\"},{\"@type\":\"ListItem\",\"position\":2,\"name\":\"Smart working: organizzazione, gestione e rischi connessi\"}]},{\"@type\":\"WebSite\",\"@id\":\"https:\\\/\\\/www.article-marketing.eu\\\/comunicatistampa\\\/#website\",\"url\":\"https:\\\/\\\/www.article-marketing.eu\\\/comunicatistampa\\\/\",\"name\":\"Article Marketing\",\"description\":\"article marketing &amp; press release\",\"potentialAction\":[{\"@type\":\"SearchAction\",\"target\":{\"@type\":\"EntryPoint\",\"urlTemplate\":\"https:\\\/\\\/www.article-marketing.eu\\\/comunicatistampa\\\/?s={search_term_string}\"},\"query-input\":{\"@type\":\"PropertyValueSpecification\",\"valueRequired\":true,\"valueName\":\"search_term_string\"}}],\"inLanguage\":\"it-IT\"},{\"@type\":\"Person\",\"@id\":\"https:\\\/\\\/www.article-marketing.eu\\\/comunicatistampa\\\/#\\\/schema\\\/person\\\/d1985c4955ff71a05f49d68e3034b3cd\",\"name\":\"AIFUS\",\"image\":{\"@type\":\"ImageObject\",\"inLanguage\":\"it-IT\",\"@id\":\"https:\\\/\\\/secure.gravatar.com\\\/avatar\\\/05cf2a2ba057667571308b94c84f00ff48766ffac95710a87491a9b3ddcee484?s=96&d=mm&r=g\",\"url\":\"https:\\\/\\\/secure.gravatar.com\\\/avatar\\\/05cf2a2ba057667571308b94c84f00ff48766ffac95710a87491a9b3ddcee484?s=96&d=mm&r=g\",\"contentUrl\":\"https:\\\/\\\/secure.gravatar.com\\\/avatar\\\/05cf2a2ba057667571308b94c84f00ff48766ffac95710a87491a9b3ddcee484?s=96&d=mm&r=g\",\"caption\":\"AIFUS\"},\"url\":\"https:\\\/\\\/www.article-marketing.eu\\\/comunicatistampa\\\/author\\\/aifus\\\/\"}]}<\/script>\n<!-- \/ Yoast SEO plugin. -->","yoast_head_json":{"title":"Smart working: organizzazione, gestione e rischi connessi - Article Marketing","robots":{"index":"index","follow":"follow","max-snippet":"max-snippet:-1","max-image-preview":"max-image-preview:large","max-video-preview":"max-video-preview:-1"},"canonical":"https:\/\/www.article-marketing.eu\/comunicatistampa\/smart-working-organizzazione-gestione-e-rischi-connessi\/","og_locale":"it_IT","og_type":"article","og_title":"Smart working: organizzazione, gestione e rischi connessi - Article Marketing","og_description":"Comunicato Stampa Smart working: organizzazione, gestione e rischi connessi Il 27 gennaio 2021 un corso in videoconferenza offre suggerimenti e strumenti pratici per massimizzare i vantaggi del lavoro in smart working riducendo al minimo svantaggi e rischi del lavoro svolto al proprio domicilio. \u00a0 Al di l\u00e0 delle conseguenze sanitarie, sociali ed economiche, la gestione del contenimento del virus SARS-CoV-2 ha portato a enormi mutamenti anche nel mondo del lavoro,Continue reading...","og_url":"https:\/\/www.article-marketing.eu\/comunicatistampa\/smart-working-organizzazione-gestione-e-rischi-connessi\/","og_site_name":"Article Marketing","article_published_time":"2021-01-08T01:58:48+00:00","author":"AIFUS","twitter_card":"summary_large_image","twitter_misc":{"Scritto da":"AIFUS","Tempo di lettura stimato":"4 minuti"},"schema":{"@context":"https:\/\/schema.org","@graph":[{"@type":"Article","@id":"https:\/\/www.article-marketing.eu\/comunicatistampa\/smart-working-organizzazione-gestione-e-rischi-connessi\/#article","isPartOf":{"@id":"https:\/\/www.article-marketing.eu\/comunicatistampa\/smart-working-organizzazione-gestione-e-rischi-connessi\/"},"author":{"name":"AIFUS","@id":"https:\/\/www.article-marketing.eu\/comunicatistampa\/#\/schema\/person\/d1985c4955ff71a05f49d68e3034b3cd"},"headline":"Smart working: organizzazione, gestione e rischi connessi","datePublished":"2021-01-08T01:58:48+00:00","mainEntityOfPage":{"@id":"https:\/\/www.article-marketing.eu\/comunicatistampa\/smart-working-organizzazione-gestione-e-rischi-connessi\/"},"wordCount":758,"commentCount":0,"keywords":["Aifos","Associazione Italiana Formatori ed Operatori della Sicurezza sul Lavoro","Brescia","emergenza COVID-19","gestione e rischi connessi","lavoro agile o smartworking","Legge 22 maggio 2017","legge n. 81\/2017","n. 81","pandemia","SMART WORKING: organizzazione","smartworking","videoconferenza","virus SARS-CoV-2"],"articleSection":["Comunicati stampa","Corsi","Economia e lavoro","Istruzione","Salute e benessere","Servizi"],"inLanguage":"it-IT","potentialAction":[{"@type":"CommentAction","name":"Comment","target":["https:\/\/www.article-marketing.eu\/comunicatistampa\/smart-working-organizzazione-gestione-e-rischi-connessi\/#respond"]}]},{"@type":"WebPage","@id":"https:\/\/www.article-marketing.eu\/comunicatistampa\/smart-working-organizzazione-gestione-e-rischi-connessi\/","url":"https:\/\/www.article-marketing.eu\/comunicatistampa\/smart-working-organizzazione-gestione-e-rischi-connessi\/","name":"Smart working: organizzazione, gestione e rischi connessi - Article Marketing","isPartOf":{"@id":"https:\/\/www.article-marketing.eu\/comunicatistampa\/#website"},"datePublished":"2021-01-08T01:58:48+00:00","author":{"@id":"https:\/\/www.article-marketing.eu\/comunicatistampa\/#\/schema\/person\/d1985c4955ff71a05f49d68e3034b3cd"},"breadcrumb":{"@id":"https:\/\/www.article-marketing.eu\/comunicatistampa\/smart-working-organizzazione-gestione-e-rischi-connessi\/#breadcrumb"},"inLanguage":"it-IT","potentialAction":[{"@type":"ReadAction","target":["https:\/\/www.article-marketing.eu\/comunicatistampa\/smart-working-organizzazione-gestione-e-rischi-connessi\/"]}]},{"@type":"BreadcrumbList","@id":"https:\/\/www.article-marketing.eu\/comunicatistampa\/smart-working-organizzazione-gestione-e-rischi-connessi\/#breadcrumb","itemListElement":[{"@type":"ListItem","position":1,"name":"Home","item":"https:\/\/www.article-marketing.eu\/comunicatistampa\/"},{"@type":"ListItem","position":2,"name":"Smart working: organizzazione, gestione e rischi connessi"}]},{"@type":"WebSite","@id":"https:\/\/www.article-marketing.eu\/comunicatistampa\/#website","url":"https:\/\/www.article-marketing.eu\/comunicatistampa\/","name":"Article Marketing","description":"article marketing &amp; press release","potentialAction":[{"@type":"SearchAction","target":{"@type":"EntryPoint","urlTemplate":"https:\/\/www.article-marketing.eu\/comunicatistampa\/?s={search_term_string}"},"query-input":{"@type":"PropertyValueSpecification","valueRequired":true,"valueName":"search_term_string"}}],"inLanguage":"it-IT"},{"@type":"Person","@id":"https:\/\/www.article-marketing.eu\/comunicatistampa\/#\/schema\/person\/d1985c4955ff71a05f49d68e3034b3cd","name":"AIFUS","image":{"@type":"ImageObject","inLanguage":"it-IT","@id":"https:\/\/secure.gravatar.com\/avatar\/05cf2a2ba057667571308b94c84f00ff48766ffac95710a87491a9b3ddcee484?s=96&d=mm&r=g","url":"https:\/\/secure.gravatar.com\/avatar\/05cf2a2ba057667571308b94c84f00ff48766ffac95710a87491a9b3ddcee484?s=96&d=mm&r=g","contentUrl":"https:\/\/secure.gravatar.com\/avatar\/05cf2a2ba057667571308b94c84f00ff48766ffac95710a87491a9b3ddcee484?s=96&d=mm&r=g","caption":"AIFUS"},"url":"https:\/\/www.article-marketing.eu\/comunicatistampa\/author\/aifus\/"}]}},"_links":{"self":[{"href":"https:\/\/www.article-marketing.eu\/comunicatistampa\/wp-json\/wp\/v2\/posts\/17023","targetHints":{"allow":["GET"]}}],"collection":[{"href":"https:\/\/www.article-marketing.eu\/comunicatistampa\/wp-json\/wp\/v2\/posts"}],"about":[{"href":"https:\/\/www.article-marketing.eu\/comunicatistampa\/wp-json\/wp\/v2\/types\/post"}],"author":[{"embeddable":true,"href":"https:\/\/www.article-marketing.eu\/comunicatistampa\/wp-json\/wp\/v2\/users\/881"}],"replies":[{"embeddable":true,"href":"https:\/\/www.article-marketing.eu\/comunicatistampa\/wp-json\/wp\/v2\/comments?post=17023"}],"version-history":[{"count":3,"href":"https:\/\/www.article-marketing.eu\/comunicatistampa\/wp-json\/wp\/v2\/posts\/17023\/revisions"}],"predecessor-version":[{"id":17042,"href":"https:\/\/www.article-marketing.eu\/comunicatistampa\/wp-json\/wp\/v2\/posts\/17023\/revisions\/17042"}],"wp:attachment":[{"href":"https:\/\/www.article-marketing.eu\/comunicatistampa\/wp-json\/wp\/v2\/media?parent=17023"}],"wp:term":[{"taxonomy":"category","embeddable":true,"href":"https:\/\/www.article-marketing.eu\/comunicatistampa\/wp-json\/wp\/v2\/categories?post=17023"},{"taxonomy":"post_tag","embeddable":true,"href":"https:\/\/www.article-marketing.eu\/comunicatistampa\/wp-json\/wp\/v2\/tags?post=17023"}],"curies":[{"name":"wp","href":"https:\/\/api.w.org\/{rel}","templated":true}]}}