{"id":17048,"date":"2021-01-09T01:43:32","date_gmt":"2021-01-09T00:43:32","guid":{"rendered":"https:\/\/www.article-marketing.eu\/comunicatistampa\/?p=17048"},"modified":"2021-01-09T01:43:32","modified_gmt":"2021-01-09T00:43:32","slug":"a-villa-marta-a-roma-villa-ricevimenti-si-organizza-il-matrimonio-a-tema-la-bella-e-la-bestia","status":"publish","type":"post","link":"https:\/\/www.article-marketing.eu\/comunicatistampa\/a-villa-marta-a-roma-villa-ricevimenti-si-organizza-il-matrimonio-a-tema-la-bella-e-la-bestia\/","title":{"rendered":"A villa Marta a Roma (villa ricevimenti) si organizza il matrimonio a tema &#8220;La bella e la bestia&#8221;"},"content":{"rendered":"<p>La bella e la bestia \u00e8 senza dubbio una delle favole Disney che ha segnato l\u2019infanzia di ognuno di noi. Abbiamo seguito con fascino e ammirazione la piccola ma coraggiosa Belle che per salvare suo padre, sceglie di vivere per tutta la vita rinchiusa in un castello con una bestia spaventosa. Ora che siamo cresciute e siamo arrivate al momento del Matrimonio, l\u2019idea di abbandonare la nostra infanzia non ci piace per niente! E allora, io vi chiedo perch\u00e9 non fare un Matrimonio a tema \u201cLa bella e la bestia\u201d?<\/p>\n<p>Se la risposta \u00e8 un Si vi do qualche consiglio per rendere il giorno del vostro matrimonio indimenticabile.<\/p>\n<p>Per prima cosa \u00e8 importante la scelta della Location, sicuramente per realizzare questo tema fantasioso vi servir\u00e0 uno spazio con dei bei giardini ampi e curati. Credo che la scelta pi\u00f9 appropriata sia Villa Marta che con i suoi tre giardini e piscina riesce a ricreare l\u2019atmosfera stile \u201cFantasy\u201d da voi tanto sognata. Adesso che avete deciso dove andare, non vi resta che sedervi e fare una bella chiacchierata con il Sig. Tessitore il quale vi proporr\u00e0 tante idee e dettagli per il vostro matrimonio.<\/p>\n<p>Oltre la scelta della Location vi consiglio di realizzare qui da noi una gustosa confettata che verr\u00e0 posizionata assieme alle bomboniere con alzatine, fiori e tanti brillantini per rendere il tutto pi\u00f9 magico.<\/p>\n<p>Entrando nella sala vi attenderanno tavoli tondi con tovaglia e tovaglioli del colore che pi\u00f9 preferite e per quanto riguarda i Segnaposti, che ne pensate di optare per delle mini ampolle contenenti una rosa rossa?<\/p>\n<p>Dopo la squisita cena si passer\u00e0 al momento \u201cDance\u201d della serata, anche qui la scelta delle canzoni sar\u00e0 fondamentale ed anche in questo caso perch\u00e9 non ascoltare il nostro responsabile della musica, vi sapr\u00e0 conquistare con la sua genialit\u00e0 e Professionalit\u00e0.<\/p>\n<p>Per concludere il vostro evento da favola uno spettacolo laser o le modernissime fontane luminose \u00e8 praticamente d\u2019obbligo!<\/p>\n<p>Per qualsiasi altra informazione non esitate nel contattarci ai seguenti numeri:<\/p>\n<p>Tel. Ufficio Villa Marta: 06 50 93 45 14<br \/>\nTel. Sig. Giuseppe Tessitore: 338 68 42 903<br \/>\n<a href=\"http:\/\/www.tessitorericevimenti.it\">http:\/\/www.tessitorericevimenti.it<\/a><\/p>\n","protected":false},"excerpt":{"rendered":"<p>La bella e la bestia \u00e8 senza dubbio una delle favole Disney che ha segnato l\u2019infanzia di ognuno di noi. Abbiamo seguito con fascino e ammirazione la piccola ma coraggiosa Belle che per salvare suo padre, sceglie di vivere per tutta la vita rinchiusa in un castello con una bestia spaventosa. Ora che siamo cresciute e siamo arrivate al momento del Matrimonio, l\u2019idea di abbandonare la nostra infanzia non ci<\/p>\n<p><a class=\"continue-reading\" href=\"https:\/\/www.article-marketing.eu\/comunicatistampa\/a-villa-marta-a-roma-villa-ricevimenti-si-organizza-il-matrimonio-a-tema-la-bella-e-la-bestia\/\">Continue reading&#8230;<\/a><\/p>\n","protected":false},"author":570,"featured_media":0,"comment_status":"open","ping_status":"open","sticky":false,"template":"","format":"standard","meta":{"_monsterinsights_skip_tracking":false,"_monsterinsights_sitenote_active":false,"_monsterinsights_sitenote_note":"","_monsterinsights_sitenote_category":0,"footnotes":""},"categories":[353,391,362,351],"tags":[2214,3308,2215],"class_list":["post-17048","post","type-post","status-publish","format-standard","hentry","category-intrattenimento","category-ristoranti","category-societa","category-tempo-libero","tag-villa-matrimonio-roma","tag-villa-ricevimenti","tag-villa-ricevimenti-roma"],"yoast_head":"<!-- This site is optimized with the Yoast SEO plugin v27.3 - https:\/\/yoast.com\/product\/yoast-seo-wordpress\/ -->\n<title>A villa Marta a Roma (villa ricevimenti) si organizza il matrimonio a tema &quot;La bella e la bestia&quot; - Article Marketing<\/title>\n<meta name=\"robots\" content=\"index, follow, max-snippet:-1, max-image-preview:large, max-video-preview:-1\" \/>\n<link rel=\"canonical\" href=\"https:\/\/www.article-marketing.eu\/comunicatistampa\/a-villa-marta-a-roma-villa-ricevimenti-si-organizza-il-matrimonio-a-tema-la-bella-e-la-bestia\/\" \/>\n<meta property=\"og:locale\" content=\"it_IT\" \/>\n<meta property=\"og:type\" content=\"article\" \/>\n<meta property=\"og:title\" content=\"A villa Marta a Roma (villa ricevimenti) si organizza il matrimonio a tema &quot;La bella e la bestia&quot; - Article Marketing\" \/>\n<meta property=\"og:description\" content=\"La bella e la bestia \u00e8 senza dubbio una delle favole Disney che ha segnato l\u2019infanzia di ognuno di noi. Abbiamo seguito con fascino e ammirazione la piccola ma coraggiosa Belle che per salvare suo padre, sceglie di vivere per tutta la vita rinchiusa in un castello con una bestia spaventosa. Ora che siamo cresciute e siamo arrivate al momento del Matrimonio, l\u2019idea di abbandonare la nostra infanzia non ciContinue reading...\" \/>\n<meta property=\"og:url\" content=\"https:\/\/www.article-marketing.eu\/comunicatistampa\/a-villa-marta-a-roma-villa-ricevimenti-si-organizza-il-matrimonio-a-tema-la-bella-e-la-bestia\/\" \/>\n<meta property=\"og:site_name\" content=\"Article Marketing\" \/>\n<meta property=\"article:published_time\" content=\"2021-01-09T00:43:32+00:00\" \/>\n<meta name=\"author\" content=\"VillaMartaRoma\" \/>\n<meta name=\"twitter:card\" content=\"summary_large_image\" \/>\n<meta name=\"twitter:label1\" content=\"Scritto da\" \/>\n\t<meta name=\"twitter:data1\" content=\"VillaMartaRoma\" \/>\n\t<meta name=\"twitter:label2\" content=\"Tempo di lettura stimato\" \/>\n\t<meta name=\"twitter:data2\" content=\"2 minuti\" \/>\n<script type=\"application\/ld+json\" class=\"yoast-schema-graph\">{\"@context\":\"https:\\\/\\\/schema.org\",\"@graph\":[{\"@type\":\"Article\",\"@id\":\"https:\\\/\\\/www.article-marketing.eu\\\/comunicatistampa\\\/a-villa-marta-a-roma-villa-ricevimenti-si-organizza-il-matrimonio-a-tema-la-bella-e-la-bestia\\\/#article\",\"isPartOf\":{\"@id\":\"https:\\\/\\\/www.article-marketing.eu\\\/comunicatistampa\\\/a-villa-marta-a-roma-villa-ricevimenti-si-organizza-il-matrimonio-a-tema-la-bella-e-la-bestia\\\/\"},\"author\":{\"name\":\"VillaMartaRoma\",\"@id\":\"https:\\\/\\\/www.article-marketing.eu\\\/comunicatistampa\\\/#\\\/schema\\\/person\\\/89e3faf2a60bd0bdc02b969d73103daf\"},\"headline\":\"A villa Marta a Roma (villa ricevimenti) si organizza il matrimonio a tema &#8220;La bella e la bestia&#8221;\",\"datePublished\":\"2021-01-09T00:43:32+00:00\",\"mainEntityOfPage\":{\"@id\":\"https:\\\/\\\/www.article-marketing.eu\\\/comunicatistampa\\\/a-villa-marta-a-roma-villa-ricevimenti-si-organizza-il-matrimonio-a-tema-la-bella-e-la-bestia\\\/\"},\"wordCount\":361,\"commentCount\":0,\"keywords\":[\"villa matrimonio roma\",\"villa ricevimenti\",\"villa ricevimenti roma\"],\"articleSection\":[\"Intrattenimento\",\"Ristoranti\",\"Societ\u00e0\",\"Tempo libero\"],\"inLanguage\":\"it-IT\",\"potentialAction\":[{\"@type\":\"CommentAction\",\"name\":\"Comment\",\"target\":[\"https:\\\/\\\/www.article-marketing.eu\\\/comunicatistampa\\\/a-villa-marta-a-roma-villa-ricevimenti-si-organizza-il-matrimonio-a-tema-la-bella-e-la-bestia\\\/#respond\"]}]},{\"@type\":\"WebPage\",\"@id\":\"https:\\\/\\\/www.article-marketing.eu\\\/comunicatistampa\\\/a-villa-marta-a-roma-villa-ricevimenti-si-organizza-il-matrimonio-a-tema-la-bella-e-la-bestia\\\/\",\"url\":\"https:\\\/\\\/www.article-marketing.eu\\\/comunicatistampa\\\/a-villa-marta-a-roma-villa-ricevimenti-si-organizza-il-matrimonio-a-tema-la-bella-e-la-bestia\\\/\",\"name\":\"A villa Marta a Roma (villa ricevimenti) si organizza il matrimonio a tema \\\"La bella e la bestia\\\" - Article Marketing\",\"isPartOf\":{\"@id\":\"https:\\\/\\\/www.article-marketing.eu\\\/comunicatistampa\\\/#website\"},\"datePublished\":\"2021-01-09T00:43:32+00:00\",\"author\":{\"@id\":\"https:\\\/\\\/www.article-marketing.eu\\\/comunicatistampa\\\/#\\\/schema\\\/person\\\/89e3faf2a60bd0bdc02b969d73103daf\"},\"breadcrumb\":{\"@id\":\"https:\\\/\\\/www.article-marketing.eu\\\/comunicatistampa\\\/a-villa-marta-a-roma-villa-ricevimenti-si-organizza-il-matrimonio-a-tema-la-bella-e-la-bestia\\\/#breadcrumb\"},\"inLanguage\":\"it-IT\",\"potentialAction\":[{\"@type\":\"ReadAction\",\"target\":[\"https:\\\/\\\/www.article-marketing.eu\\\/comunicatistampa\\\/a-villa-marta-a-roma-villa-ricevimenti-si-organizza-il-matrimonio-a-tema-la-bella-e-la-bestia\\\/\"]}]},{\"@type\":\"BreadcrumbList\",\"@id\":\"https:\\\/\\\/www.article-marketing.eu\\\/comunicatistampa\\\/a-villa-marta-a-roma-villa-ricevimenti-si-organizza-il-matrimonio-a-tema-la-bella-e-la-bestia\\\/#breadcrumb\",\"itemListElement\":[{\"@type\":\"ListItem\",\"position\":1,\"name\":\"Home\",\"item\":\"https:\\\/\\\/www.article-marketing.eu\\\/comunicatistampa\\\/\"},{\"@type\":\"ListItem\",\"position\":2,\"name\":\"A villa Marta a Roma (villa ricevimenti) si organizza il matrimonio a tema &#8220;La bella e la bestia&#8221;\"}]},{\"@type\":\"WebSite\",\"@id\":\"https:\\\/\\\/www.article-marketing.eu\\\/comunicatistampa\\\/#website\",\"url\":\"https:\\\/\\\/www.article-marketing.eu\\\/comunicatistampa\\\/\",\"name\":\"Article Marketing\",\"description\":\"article marketing &amp; press release\",\"potentialAction\":[{\"@type\":\"SearchAction\",\"target\":{\"@type\":\"EntryPoint\",\"urlTemplate\":\"https:\\\/\\\/www.article-marketing.eu\\\/comunicatistampa\\\/?s={search_term_string}\"},\"query-input\":{\"@type\":\"PropertyValueSpecification\",\"valueRequired\":true,\"valueName\":\"search_term_string\"}}],\"inLanguage\":\"it-IT\"},{\"@type\":\"Person\",\"@id\":\"https:\\\/\\\/www.article-marketing.eu\\\/comunicatistampa\\\/#\\\/schema\\\/person\\\/89e3faf2a60bd0bdc02b969d73103daf\",\"name\":\"VillaMartaRoma\",\"image\":{\"@type\":\"ImageObject\",\"inLanguage\":\"it-IT\",\"@id\":\"https:\\\/\\\/secure.gravatar.com\\\/avatar\\\/3399d30d9ea29c9115944b8b2fb464afa49e522e76bb9eead700fc014c760845?s=96&d=mm&r=g\",\"url\":\"https:\\\/\\\/secure.gravatar.com\\\/avatar\\\/3399d30d9ea29c9115944b8b2fb464afa49e522e76bb9eead700fc014c760845?s=96&d=mm&r=g\",\"contentUrl\":\"https:\\\/\\\/secure.gravatar.com\\\/avatar\\\/3399d30d9ea29c9115944b8b2fb464afa49e522e76bb9eead700fc014c760845?s=96&d=mm&r=g\",\"caption\":\"VillaMartaRoma\"},\"url\":\"https:\\\/\\\/www.article-marketing.eu\\\/comunicatistampa\\\/author\\\/villamartaroma\\\/\"}]}<\/script>\n<!-- \/ Yoast SEO plugin. -->","yoast_head_json":{"title":"A villa Marta a Roma (villa ricevimenti) si organizza il matrimonio a tema \"La bella e la bestia\" - Article Marketing","robots":{"index":"index","follow":"follow","max-snippet":"max-snippet:-1","max-image-preview":"max-image-preview:large","max-video-preview":"max-video-preview:-1"},"canonical":"https:\/\/www.article-marketing.eu\/comunicatistampa\/a-villa-marta-a-roma-villa-ricevimenti-si-organizza-il-matrimonio-a-tema-la-bella-e-la-bestia\/","og_locale":"it_IT","og_type":"article","og_title":"A villa Marta a Roma (villa ricevimenti) si organizza il matrimonio a tema \"La bella e la bestia\" - Article Marketing","og_description":"La bella e la bestia \u00e8 senza dubbio una delle favole Disney che ha segnato l\u2019infanzia di ognuno di noi. Abbiamo seguito con fascino e ammirazione la piccola ma coraggiosa Belle che per salvare suo padre, sceglie di vivere per tutta la vita rinchiusa in un castello con una bestia spaventosa. Ora che siamo cresciute e siamo arrivate al momento del Matrimonio, l\u2019idea di abbandonare la nostra infanzia non ciContinue reading...","og_url":"https:\/\/www.article-marketing.eu\/comunicatistampa\/a-villa-marta-a-roma-villa-ricevimenti-si-organizza-il-matrimonio-a-tema-la-bella-e-la-bestia\/","og_site_name":"Article Marketing","article_published_time":"2021-01-09T00:43:32+00:00","author":"VillaMartaRoma","twitter_card":"summary_large_image","twitter_misc":{"Scritto da":"VillaMartaRoma","Tempo di lettura stimato":"2 minuti"},"schema":{"@context":"https:\/\/schema.org","@graph":[{"@type":"Article","@id":"https:\/\/www.article-marketing.eu\/comunicatistampa\/a-villa-marta-a-roma-villa-ricevimenti-si-organizza-il-matrimonio-a-tema-la-bella-e-la-bestia\/#article","isPartOf":{"@id":"https:\/\/www.article-marketing.eu\/comunicatistampa\/a-villa-marta-a-roma-villa-ricevimenti-si-organizza-il-matrimonio-a-tema-la-bella-e-la-bestia\/"},"author":{"name":"VillaMartaRoma","@id":"https:\/\/www.article-marketing.eu\/comunicatistampa\/#\/schema\/person\/89e3faf2a60bd0bdc02b969d73103daf"},"headline":"A villa Marta a Roma (villa ricevimenti) si organizza il matrimonio a tema &#8220;La bella e la bestia&#8221;","datePublished":"2021-01-09T00:43:32+00:00","mainEntityOfPage":{"@id":"https:\/\/www.article-marketing.eu\/comunicatistampa\/a-villa-marta-a-roma-villa-ricevimenti-si-organizza-il-matrimonio-a-tema-la-bella-e-la-bestia\/"},"wordCount":361,"commentCount":0,"keywords":["villa matrimonio roma","villa ricevimenti","villa ricevimenti roma"],"articleSection":["Intrattenimento","Ristoranti","Societ\u00e0","Tempo libero"],"inLanguage":"it-IT","potentialAction":[{"@type":"CommentAction","name":"Comment","target":["https:\/\/www.article-marketing.eu\/comunicatistampa\/a-villa-marta-a-roma-villa-ricevimenti-si-organizza-il-matrimonio-a-tema-la-bella-e-la-bestia\/#respond"]}]},{"@type":"WebPage","@id":"https:\/\/www.article-marketing.eu\/comunicatistampa\/a-villa-marta-a-roma-villa-ricevimenti-si-organizza-il-matrimonio-a-tema-la-bella-e-la-bestia\/","url":"https:\/\/www.article-marketing.eu\/comunicatistampa\/a-villa-marta-a-roma-villa-ricevimenti-si-organizza-il-matrimonio-a-tema-la-bella-e-la-bestia\/","name":"A villa Marta a Roma (villa ricevimenti) si organizza il matrimonio a tema \"La bella e la bestia\" - Article Marketing","isPartOf":{"@id":"https:\/\/www.article-marketing.eu\/comunicatistampa\/#website"},"datePublished":"2021-01-09T00:43:32+00:00","author":{"@id":"https:\/\/www.article-marketing.eu\/comunicatistampa\/#\/schema\/person\/89e3faf2a60bd0bdc02b969d73103daf"},"breadcrumb":{"@id":"https:\/\/www.article-marketing.eu\/comunicatistampa\/a-villa-marta-a-roma-villa-ricevimenti-si-organizza-il-matrimonio-a-tema-la-bella-e-la-bestia\/#breadcrumb"},"inLanguage":"it-IT","potentialAction":[{"@type":"ReadAction","target":["https:\/\/www.article-marketing.eu\/comunicatistampa\/a-villa-marta-a-roma-villa-ricevimenti-si-organizza-il-matrimonio-a-tema-la-bella-e-la-bestia\/"]}]},{"@type":"BreadcrumbList","@id":"https:\/\/www.article-marketing.eu\/comunicatistampa\/a-villa-marta-a-roma-villa-ricevimenti-si-organizza-il-matrimonio-a-tema-la-bella-e-la-bestia\/#breadcrumb","itemListElement":[{"@type":"ListItem","position":1,"name":"Home","item":"https:\/\/www.article-marketing.eu\/comunicatistampa\/"},{"@type":"ListItem","position":2,"name":"A villa Marta a Roma (villa ricevimenti) si organizza il matrimonio a tema &#8220;La bella e la bestia&#8221;"}]},{"@type":"WebSite","@id":"https:\/\/www.article-marketing.eu\/comunicatistampa\/#website","url":"https:\/\/www.article-marketing.eu\/comunicatistampa\/","name":"Article Marketing","description":"article marketing &amp; press release","potentialAction":[{"@type":"SearchAction","target":{"@type":"EntryPoint","urlTemplate":"https:\/\/www.article-marketing.eu\/comunicatistampa\/?s={search_term_string}"},"query-input":{"@type":"PropertyValueSpecification","valueRequired":true,"valueName":"search_term_string"}}],"inLanguage":"it-IT"},{"@type":"Person","@id":"https:\/\/www.article-marketing.eu\/comunicatistampa\/#\/schema\/person\/89e3faf2a60bd0bdc02b969d73103daf","name":"VillaMartaRoma","image":{"@type":"ImageObject","inLanguage":"it-IT","@id":"https:\/\/secure.gravatar.com\/avatar\/3399d30d9ea29c9115944b8b2fb464afa49e522e76bb9eead700fc014c760845?s=96&d=mm&r=g","url":"https:\/\/secure.gravatar.com\/avatar\/3399d30d9ea29c9115944b8b2fb464afa49e522e76bb9eead700fc014c760845?s=96&d=mm&r=g","contentUrl":"https:\/\/secure.gravatar.com\/avatar\/3399d30d9ea29c9115944b8b2fb464afa49e522e76bb9eead700fc014c760845?s=96&d=mm&r=g","caption":"VillaMartaRoma"},"url":"https:\/\/www.article-marketing.eu\/comunicatistampa\/author\/villamartaroma\/"}]}},"_links":{"self":[{"href":"https:\/\/www.article-marketing.eu\/comunicatistampa\/wp-json\/wp\/v2\/posts\/17048","targetHints":{"allow":["GET"]}}],"collection":[{"href":"https:\/\/www.article-marketing.eu\/comunicatistampa\/wp-json\/wp\/v2\/posts"}],"about":[{"href":"https:\/\/www.article-marketing.eu\/comunicatistampa\/wp-json\/wp\/v2\/types\/post"}],"author":[{"embeddable":true,"href":"https:\/\/www.article-marketing.eu\/comunicatistampa\/wp-json\/wp\/v2\/users\/570"}],"replies":[{"embeddable":true,"href":"https:\/\/www.article-marketing.eu\/comunicatistampa\/wp-json\/wp\/v2\/comments?post=17048"}],"version-history":[{"count":2,"href":"https:\/\/www.article-marketing.eu\/comunicatistampa\/wp-json\/wp\/v2\/posts\/17048\/revisions"}],"predecessor-version":[{"id":17050,"href":"https:\/\/www.article-marketing.eu\/comunicatistampa\/wp-json\/wp\/v2\/posts\/17048\/revisions\/17050"}],"wp:attachment":[{"href":"https:\/\/www.article-marketing.eu\/comunicatistampa\/wp-json\/wp\/v2\/media?parent=17048"}],"wp:term":[{"taxonomy":"category","embeddable":true,"href":"https:\/\/www.article-marketing.eu\/comunicatistampa\/wp-json\/wp\/v2\/categories?post=17048"},{"taxonomy":"post_tag","embeddable":true,"href":"https:\/\/www.article-marketing.eu\/comunicatistampa\/wp-json\/wp\/v2\/tags?post=17048"}],"curies":[{"name":"wp","href":"https:\/\/api.w.org\/{rel}","templated":true}]}}