{"id":1714,"date":"2017-04-03T22:30:28","date_gmt":"2017-04-03T20:30:28","guid":{"rendered":"http:\/\/www.article-marketing.eu\/comunicatistampa\/?p=1714"},"modified":"2017-04-03T22:30:28","modified_gmt":"2017-04-03T20:30:28","slug":"arte-giovane-proclamati-i-vincitori-del-premio-ricoh","status":"publish","type":"post","link":"https:\/\/www.article-marketing.eu\/comunicatistampa\/arte-giovane-proclamati-i-vincitori-del-premio-ricoh\/","title":{"rendered":"Arte giovane: proclamati i vincitori del Premio Ricoh"},"content":{"rendered":"<p>La giuria ha selezionato i vincitori della settima edizione del \u201cPremio Ricoh per giovani artisti contemporanei\u201d, iniziativa grazie alla quale i giovani possono esprimere il loro talento e farsi strada nel mondo dell\u2019arte.<\/p>\n<p>Si \u00e8 conclusa la settima edizione del \u201cPremio Ricoh per giovani artisti contemporanei\u201d con la premiazione dei vincitori che si \u00e8 tenuta presso il Mondadori Megastore di Piazza Duomo (Milano). Come per le altre edizioni, il Premio \u00e8 organizzato da Ricoh Italia in collaborazione con Art Relation e con il patrocinio della Citt\u00e0 metropolitana di Milano e del Comune di Vimodrone.<br \/>\nLa giuria \u2013 presieduta da Giorgio Grasso, critico d\u2019arte e curatore del Padiglione Armenia alla Biennale di Venezia 2017 \u2013 era composta da Davide Oriani (CEO di Ricoh Italia), Mirko Bianchi (Past President di Ricoh Italia), Mario Maiocchi (Amministratore Delegato Mondadori retail), Rino Moffa (editore e Amministratore Unico di Tnv), Sabrina Ravanelli (artista) e Vincenzo Gornati, Consigliere comunale del Comune di Vimodrone. La giuria ha decretato:<\/p>\n<p>\u2022 Vincitore assoluto: Paolo Piacentini con l\u2019opera \u201cI Passanti\u201d<br \/>\n\u2022 Vincitore per la sezione pittura-disegno-grafica: Giada Cerullo con l\u2019opera \u201cZoe\u201d<br \/>\n\u2022 Vincitore per la sezione scultura-installazione: Edoardo Aguzzi con l\u2019opera \u201cLe virt\u00f9\u201d<br \/>\n\u2022 Vincitore per la sezione fotografia-video, digital art: Adele Ardig\u00f2 con l\u2019opera \u201cOnde Cosmiche\u201d<\/p>\n<p>Agli artisti \u00e8 stato chiesto di esprimere, attraverso le loro opere, i valori Ricoh cos\u00ec riassumibili: \u201cLo sforzo verso l\u2019innovazione, che semplifica la vita e il lavoro, salvaguardando nel contempo l\u2019ambiente e in generale i principi della responsabilit\u00e0 sociale d\u2019impresa\u201d.<\/p>\n<p>Camminare sul filo del tempo riutilizzando e reinterpretando<br \/>\nPaolo Piacentini (Scuola d\u2019Arte applicata del Castello Sforzesco, Milano), vincitore assoluto di questa edizione, commenta la propria opera (collage, stampa su tela): \u201cIl quadro I Passanti raffigura un cammino dove il focus non \u00e8 la meta, ma il procedere insieme, l\u2019andare avanti avendo un occhio su ci\u00f2 che ci lasciamo alle spalle. Le crepe sono pezzi di coccio di un vaso che non va buttato, ma ricomposto, riassemblato. Un\u2019attenzione all&#8217;ambiente che, come per i valori di Ricoh, \u00e8 in armonia con un progresso che coinvolge tutti. Come nella tecnica giapponese del Kintsugi l&#8217;arte delle preziose cicatrici, dove un vaso di ceramica rotto viene aggiustato mettendone in risalto le spaccature, spesso con l&#8217;aggiunta di oro o altri metalli preziosi. Come rughe di un viso. \u00c8 il tempo passato e non rinnegato, che fa del suo trascorso la propria forza. Nel collage troviamo un concetto di riuso e reinterpretazione. Pezzi della stessa immagine vengono ricomposti, rimescolati, sovrapposti senza perdere la visione generale, il punto di partenza. Come il tempo, che diventa passato nel momento stesso in cui viene vissuto, il cammino de I Passanti \u00e8 sul filo del presente, del passato e del futuro, che sono inscindibili\u201d.<\/p>\n<p>Progredire senza perdere il contatto con la natura<br \/>\nA vincere la sezione pittura-disegno-grafica \u00e8 Giada Cerullo (Accademia di Belle Arti \u201cMediterranea\u201d di Messina) con l\u2019opera \u201cZoe\u201d realizzata su tela. L\u2019artista spiega: \u201cDa sempre lo scopo primario dell&#8217;uomo \u00e8 stato il progredire, il rinnovarsi, ma con il passare del tempo ha lentamente perso il contatto con la natura. Che invece \u00e8 l&#8217;unico rifugio in cui l&#8217;essere umano pu\u00f2 abbandonarsi, poich\u00e9 culla della forza vitale che permea gli esseri viventi. \u00c8 solo mantenendo questo contatto che l&#8217;uomo potr\u00e0 realmente rinnovarsi. Un incontro tra umanesimo e innovazione che emerge bene dalla lettura dei valori di Ricoh. Ho scelto il nome Zoe per intitolare la mia opera in quanto questa parola trae le sue origini dal greco antico e indica l&#8217;essenza della vita che appartiene all&#8217;universalit\u00e0 a tutti gli esseri viventi\u201d.<\/p>\n<p>Una musa che ispira innovazione e creativit\u00e0<br \/>\nEdoardo Aguzzi (Liceo artistico Papa Giovanni XXIII, Milano) \u00e8 il vincitore della sezione scultura-installazione con l\u2019opera \u201cLe virt\u00f9\u201d realizzata con pasta acrilica e spray, chiodi e fili su tavola di legno. \u201cLa mia opera \u2013 spiega l\u2019artista \u2013 esplora il concetto di creativit\u00e0, indagando il processo d&#8217;invenzione e la capacit\u00e0 di agire per raggiungere il progresso che \u00e8 propria dell\u2019uomo. Ogni possibile capacit\u00e0 umana \u00e8 privilegiata e sfruttata per la costruzione di un domani, che si riveli in prospettive future innovativo e migliore per il lavoro e l\u2019ambiente. In totale sintonia con i valori Ricoh. I fili tesi che costellano il volto rappresentano le piccole e grandi idee che hanno reso possibile un perfezionamento della vita dell\u2019uomo, dal suo ingresso nel mondo fino ad oggi. Il profilo \u00e8 circondato da una massa irregolare che richiama la materia essenziale e primordiale di un mondo incontaminato. \u00c8 proprio da questa materia che tutto ci\u00f2 che possiamo vedere e percepire si \u00e8 sviluppato, \u00e8 da qui che nasce il dialogo tra le idee dell&#8217;uomo e la realt\u00e0 in cui vive.<br \/>\nL\u2019idea \u00e8 una sorta di entit\u00e0 che ispira come una musa e si concretizza sulla tela\u201d.<\/p>\n<p>Un\u2019innovazione che non pu\u00f2 prescindere dallo sviluppo sostenibile<br \/>\nAdele Ardig\u00f2 (Accademia di Belle Arti di Brera, Milano) ha vinto la sezione fotografia-video, digital art con l\u2019opera \u201cOnde Cosmiche\u201d (fotografia digitale, stampa inkjet). \u201cNella mia opera lo sforzo verso l&#8217;innovazione si trasfigura in armonie cromatiche intangibili, evocando le polveri iridescenti e le cangianti correnti di vapore delle nebulose. I riflessi paiono onde di madreperla irradiate dalla nascita di nuove stelle, che altres\u00ec nuotano nel microcosmo dell&#8217;acqua, specchio senziente dell&#8217;universo. L&#8217;immagine vuole cos\u00ec porre in luce l\u2019importanza dell&#8217;acqua, risorsa preziosa e fondamentale, nelle sue molteplici accezioni. Perch\u00e9, coerentemente con i valori di Ricoh, l&#8217;innovazione non pu\u00f2 prescindere dall&#8217;attenzione alle risorse disponibili. Via principale per uno sviluppo tecnologico sostenibile\u201d.<\/p>\n<p>Le opere vincitrici si aggiungono alla collezione d\u2019arte che Ricoh ha iniziato con le scorse edizioni e che \u00e8 allestita presso la sede di Vimodrone (Milano).<\/p>\n","protected":false},"excerpt":{"rendered":"<p>La giuria ha selezionato i vincitori della settima edizione del \u201cPremio Ricoh per giovani artisti contemporanei\u201d, iniziativa grazie alla quale i giovani possono esprimere il loro talento e farsi strada nel mondo dell\u2019arte. Si \u00e8 conclusa la settima edizione del \u201cPremio Ricoh per giovani artisti contemporanei\u201d con la premiazione dei vincitori che si \u00e8 tenuta presso il Mondadori Megastore di Piazza Duomo (Milano). Come per le altre edizioni, il Premio<\/p>\n<p><a class=\"continue-reading\" href=\"https:\/\/www.article-marketing.eu\/comunicatistampa\/arte-giovane-proclamati-i-vincitori-del-premio-ricoh\/\">Continue reading&#8230;<\/a><\/p>\n","protected":false},"author":15,"featured_media":0,"comment_status":"open","ping_status":"open","sticky":false,"template":"","format":"standard","meta":{"_monsterinsights_skip_tracking":false,"_monsterinsights_sitenote_active":false,"_monsterinsights_sitenote_note":"","_monsterinsights_sitenote_category":0,"footnotes":""},"categories":[78],"tags":[],"class_list":["post-1714","post","type-post","status-publish","format-standard","hentry","category-comunicati-stampa"],"yoast_head":"<!-- This site is optimized with the Yoast SEO plugin v27.3 - https:\/\/yoast.com\/product\/yoast-seo-wordpress\/ -->\n<title>Arte giovane: proclamati i vincitori del Premio Ricoh - Article Marketing<\/title>\n<meta name=\"robots\" content=\"index, follow, max-snippet:-1, max-image-preview:large, max-video-preview:-1\" \/>\n<link rel=\"canonical\" href=\"https:\/\/www.article-marketing.eu\/comunicatistampa\/arte-giovane-proclamati-i-vincitori-del-premio-ricoh\/\" \/>\n<meta property=\"og:locale\" content=\"it_IT\" \/>\n<meta property=\"og:type\" content=\"article\" \/>\n<meta property=\"og:title\" content=\"Arte giovane: proclamati i vincitori del Premio Ricoh - Article Marketing\" \/>\n<meta property=\"og:description\" content=\"La giuria ha selezionato i vincitori della settima edizione del \u201cPremio Ricoh per giovani artisti contemporanei\u201d, iniziativa grazie alla quale i giovani possono esprimere il loro talento e farsi strada nel mondo dell\u2019arte. Si \u00e8 conclusa la settima edizione del \u201cPremio Ricoh per giovani artisti contemporanei\u201d con la premiazione dei vincitori che si \u00e8 tenuta presso il Mondadori Megastore di Piazza Duomo (Milano). Come per le altre edizioni, il PremioContinue reading...\" \/>\n<meta property=\"og:url\" content=\"https:\/\/www.article-marketing.eu\/comunicatistampa\/arte-giovane-proclamati-i-vincitori-del-premio-ricoh\/\" \/>\n<meta property=\"og:site_name\" content=\"Article Marketing\" \/>\n<meta property=\"article:published_time\" content=\"2017-04-03T20:30:28+00:00\" \/>\n<meta name=\"author\" content=\"MartaOldani\" \/>\n<meta name=\"twitter:card\" content=\"summary_large_image\" \/>\n<meta name=\"twitter:label1\" content=\"Scritto da\" \/>\n\t<meta name=\"twitter:data1\" content=\"MartaOldani\" \/>\n\t<meta name=\"twitter:label2\" content=\"Tempo di lettura stimato\" \/>\n\t<meta name=\"twitter:data2\" content=\"5 minuti\" \/>\n<script type=\"application\/ld+json\" class=\"yoast-schema-graph\">{\"@context\":\"https:\\\/\\\/schema.org\",\"@graph\":[{\"@type\":\"Article\",\"@id\":\"https:\\\/\\\/www.article-marketing.eu\\\/comunicatistampa\\\/arte-giovane-proclamati-i-vincitori-del-premio-ricoh\\\/#article\",\"isPartOf\":{\"@id\":\"https:\\\/\\\/www.article-marketing.eu\\\/comunicatistampa\\\/arte-giovane-proclamati-i-vincitori-del-premio-ricoh\\\/\"},\"author\":{\"name\":\"MartaOldani\",\"@id\":\"https:\\\/\\\/www.article-marketing.eu\\\/comunicatistampa\\\/#\\\/schema\\\/person\\\/11429a0958085546a14f2ef8706ed1ad\"},\"headline\":\"Arte giovane: proclamati i vincitori del Premio Ricoh\",\"datePublished\":\"2017-04-03T20:30:28+00:00\",\"mainEntityOfPage\":{\"@id\":\"https:\\\/\\\/www.article-marketing.eu\\\/comunicatistampa\\\/arte-giovane-proclamati-i-vincitori-del-premio-ricoh\\\/\"},\"wordCount\":930,\"commentCount\":0,\"articleSection\":[\"Comunicati stampa\"],\"inLanguage\":\"it-IT\",\"potentialAction\":[{\"@type\":\"CommentAction\",\"name\":\"Comment\",\"target\":[\"https:\\\/\\\/www.article-marketing.eu\\\/comunicatistampa\\\/arte-giovane-proclamati-i-vincitori-del-premio-ricoh\\\/#respond\"]}]},{\"@type\":\"WebPage\",\"@id\":\"https:\\\/\\\/www.article-marketing.eu\\\/comunicatistampa\\\/arte-giovane-proclamati-i-vincitori-del-premio-ricoh\\\/\",\"url\":\"https:\\\/\\\/www.article-marketing.eu\\\/comunicatistampa\\\/arte-giovane-proclamati-i-vincitori-del-premio-ricoh\\\/\",\"name\":\"Arte giovane: proclamati i vincitori del Premio Ricoh - Article Marketing\",\"isPartOf\":{\"@id\":\"https:\\\/\\\/www.article-marketing.eu\\\/comunicatistampa\\\/#website\"},\"datePublished\":\"2017-04-03T20:30:28+00:00\",\"author\":{\"@id\":\"https:\\\/\\\/www.article-marketing.eu\\\/comunicatistampa\\\/#\\\/schema\\\/person\\\/11429a0958085546a14f2ef8706ed1ad\"},\"breadcrumb\":{\"@id\":\"https:\\\/\\\/www.article-marketing.eu\\\/comunicatistampa\\\/arte-giovane-proclamati-i-vincitori-del-premio-ricoh\\\/#breadcrumb\"},\"inLanguage\":\"it-IT\",\"potentialAction\":[{\"@type\":\"ReadAction\",\"target\":[\"https:\\\/\\\/www.article-marketing.eu\\\/comunicatistampa\\\/arte-giovane-proclamati-i-vincitori-del-premio-ricoh\\\/\"]}]},{\"@type\":\"BreadcrumbList\",\"@id\":\"https:\\\/\\\/www.article-marketing.eu\\\/comunicatistampa\\\/arte-giovane-proclamati-i-vincitori-del-premio-ricoh\\\/#breadcrumb\",\"itemListElement\":[{\"@type\":\"ListItem\",\"position\":1,\"name\":\"Home\",\"item\":\"https:\\\/\\\/www.article-marketing.eu\\\/comunicatistampa\\\/\"},{\"@type\":\"ListItem\",\"position\":2,\"name\":\"Arte giovane: proclamati i vincitori del Premio Ricoh\"}]},{\"@type\":\"WebSite\",\"@id\":\"https:\\\/\\\/www.article-marketing.eu\\\/comunicatistampa\\\/#website\",\"url\":\"https:\\\/\\\/www.article-marketing.eu\\\/comunicatistampa\\\/\",\"name\":\"Article Marketing\",\"description\":\"article marketing &amp; press release\",\"potentialAction\":[{\"@type\":\"SearchAction\",\"target\":{\"@type\":\"EntryPoint\",\"urlTemplate\":\"https:\\\/\\\/www.article-marketing.eu\\\/comunicatistampa\\\/?s={search_term_string}\"},\"query-input\":{\"@type\":\"PropertyValueSpecification\",\"valueRequired\":true,\"valueName\":\"search_term_string\"}}],\"inLanguage\":\"it-IT\"},{\"@type\":\"Person\",\"@id\":\"https:\\\/\\\/www.article-marketing.eu\\\/comunicatistampa\\\/#\\\/schema\\\/person\\\/11429a0958085546a14f2ef8706ed1ad\",\"name\":\"MartaOldani\",\"image\":{\"@type\":\"ImageObject\",\"inLanguage\":\"it-IT\",\"@id\":\"https:\\\/\\\/secure.gravatar.com\\\/avatar\\\/61f67e4d0e5fe2ae475d07df4f372fb6eb25341737f3c7e794f70d4c169f28dd?s=96&d=mm&r=g\",\"url\":\"https:\\\/\\\/secure.gravatar.com\\\/avatar\\\/61f67e4d0e5fe2ae475d07df4f372fb6eb25341737f3c7e794f70d4c169f28dd?s=96&d=mm&r=g\",\"contentUrl\":\"https:\\\/\\\/secure.gravatar.com\\\/avatar\\\/61f67e4d0e5fe2ae475d07df4f372fb6eb25341737f3c7e794f70d4c169f28dd?s=96&d=mm&r=g\",\"caption\":\"MartaOldani\"},\"url\":\"https:\\\/\\\/www.article-marketing.eu\\\/comunicatistampa\\\/author\\\/martaoldani\\\/\"}]}<\/script>\n<!-- \/ Yoast SEO plugin. -->","yoast_head_json":{"title":"Arte giovane: proclamati i vincitori del Premio Ricoh - Article Marketing","robots":{"index":"index","follow":"follow","max-snippet":"max-snippet:-1","max-image-preview":"max-image-preview:large","max-video-preview":"max-video-preview:-1"},"canonical":"https:\/\/www.article-marketing.eu\/comunicatistampa\/arte-giovane-proclamati-i-vincitori-del-premio-ricoh\/","og_locale":"it_IT","og_type":"article","og_title":"Arte giovane: proclamati i vincitori del Premio Ricoh - Article Marketing","og_description":"La giuria ha selezionato i vincitori della settima edizione del \u201cPremio Ricoh per giovani artisti contemporanei\u201d, iniziativa grazie alla quale i giovani possono esprimere il loro talento e farsi strada nel mondo dell\u2019arte. Si \u00e8 conclusa la settima edizione del \u201cPremio Ricoh per giovani artisti contemporanei\u201d con la premiazione dei vincitori che si \u00e8 tenuta presso il Mondadori Megastore di Piazza Duomo (Milano). Come per le altre edizioni, il PremioContinue reading...","og_url":"https:\/\/www.article-marketing.eu\/comunicatistampa\/arte-giovane-proclamati-i-vincitori-del-premio-ricoh\/","og_site_name":"Article Marketing","article_published_time":"2017-04-03T20:30:28+00:00","author":"MartaOldani","twitter_card":"summary_large_image","twitter_misc":{"Scritto da":"MartaOldani","Tempo di lettura stimato":"5 minuti"},"schema":{"@context":"https:\/\/schema.org","@graph":[{"@type":"Article","@id":"https:\/\/www.article-marketing.eu\/comunicatistampa\/arte-giovane-proclamati-i-vincitori-del-premio-ricoh\/#article","isPartOf":{"@id":"https:\/\/www.article-marketing.eu\/comunicatistampa\/arte-giovane-proclamati-i-vincitori-del-premio-ricoh\/"},"author":{"name":"MartaOldani","@id":"https:\/\/www.article-marketing.eu\/comunicatistampa\/#\/schema\/person\/11429a0958085546a14f2ef8706ed1ad"},"headline":"Arte giovane: proclamati i vincitori del Premio Ricoh","datePublished":"2017-04-03T20:30:28+00:00","mainEntityOfPage":{"@id":"https:\/\/www.article-marketing.eu\/comunicatistampa\/arte-giovane-proclamati-i-vincitori-del-premio-ricoh\/"},"wordCount":930,"commentCount":0,"articleSection":["Comunicati stampa"],"inLanguage":"it-IT","potentialAction":[{"@type":"CommentAction","name":"Comment","target":["https:\/\/www.article-marketing.eu\/comunicatistampa\/arte-giovane-proclamati-i-vincitori-del-premio-ricoh\/#respond"]}]},{"@type":"WebPage","@id":"https:\/\/www.article-marketing.eu\/comunicatistampa\/arte-giovane-proclamati-i-vincitori-del-premio-ricoh\/","url":"https:\/\/www.article-marketing.eu\/comunicatistampa\/arte-giovane-proclamati-i-vincitori-del-premio-ricoh\/","name":"Arte giovane: proclamati i vincitori del Premio Ricoh - Article Marketing","isPartOf":{"@id":"https:\/\/www.article-marketing.eu\/comunicatistampa\/#website"},"datePublished":"2017-04-03T20:30:28+00:00","author":{"@id":"https:\/\/www.article-marketing.eu\/comunicatistampa\/#\/schema\/person\/11429a0958085546a14f2ef8706ed1ad"},"breadcrumb":{"@id":"https:\/\/www.article-marketing.eu\/comunicatistampa\/arte-giovane-proclamati-i-vincitori-del-premio-ricoh\/#breadcrumb"},"inLanguage":"it-IT","potentialAction":[{"@type":"ReadAction","target":["https:\/\/www.article-marketing.eu\/comunicatistampa\/arte-giovane-proclamati-i-vincitori-del-premio-ricoh\/"]}]},{"@type":"BreadcrumbList","@id":"https:\/\/www.article-marketing.eu\/comunicatistampa\/arte-giovane-proclamati-i-vincitori-del-premio-ricoh\/#breadcrumb","itemListElement":[{"@type":"ListItem","position":1,"name":"Home","item":"https:\/\/www.article-marketing.eu\/comunicatistampa\/"},{"@type":"ListItem","position":2,"name":"Arte giovane: proclamati i vincitori del Premio Ricoh"}]},{"@type":"WebSite","@id":"https:\/\/www.article-marketing.eu\/comunicatistampa\/#website","url":"https:\/\/www.article-marketing.eu\/comunicatistampa\/","name":"Article Marketing","description":"article marketing &amp; press release","potentialAction":[{"@type":"SearchAction","target":{"@type":"EntryPoint","urlTemplate":"https:\/\/www.article-marketing.eu\/comunicatistampa\/?s={search_term_string}"},"query-input":{"@type":"PropertyValueSpecification","valueRequired":true,"valueName":"search_term_string"}}],"inLanguage":"it-IT"},{"@type":"Person","@id":"https:\/\/www.article-marketing.eu\/comunicatistampa\/#\/schema\/person\/11429a0958085546a14f2ef8706ed1ad","name":"MartaOldani","image":{"@type":"ImageObject","inLanguage":"it-IT","@id":"https:\/\/secure.gravatar.com\/avatar\/61f67e4d0e5fe2ae475d07df4f372fb6eb25341737f3c7e794f70d4c169f28dd?s=96&d=mm&r=g","url":"https:\/\/secure.gravatar.com\/avatar\/61f67e4d0e5fe2ae475d07df4f372fb6eb25341737f3c7e794f70d4c169f28dd?s=96&d=mm&r=g","contentUrl":"https:\/\/secure.gravatar.com\/avatar\/61f67e4d0e5fe2ae475d07df4f372fb6eb25341737f3c7e794f70d4c169f28dd?s=96&d=mm&r=g","caption":"MartaOldani"},"url":"https:\/\/www.article-marketing.eu\/comunicatistampa\/author\/martaoldani\/"}]}},"_links":{"self":[{"href":"https:\/\/www.article-marketing.eu\/comunicatistampa\/wp-json\/wp\/v2\/posts\/1714","targetHints":{"allow":["GET"]}}],"collection":[{"href":"https:\/\/www.article-marketing.eu\/comunicatistampa\/wp-json\/wp\/v2\/posts"}],"about":[{"href":"https:\/\/www.article-marketing.eu\/comunicatistampa\/wp-json\/wp\/v2\/types\/post"}],"author":[{"embeddable":true,"href":"https:\/\/www.article-marketing.eu\/comunicatistampa\/wp-json\/wp\/v2\/users\/15"}],"replies":[{"embeddable":true,"href":"https:\/\/www.article-marketing.eu\/comunicatistampa\/wp-json\/wp\/v2\/comments?post=1714"}],"version-history":[{"count":2,"href":"https:\/\/www.article-marketing.eu\/comunicatistampa\/wp-json\/wp\/v2\/posts\/1714\/revisions"}],"predecessor-version":[{"id":1752,"href":"https:\/\/www.article-marketing.eu\/comunicatistampa\/wp-json\/wp\/v2\/posts\/1714\/revisions\/1752"}],"wp:attachment":[{"href":"https:\/\/www.article-marketing.eu\/comunicatistampa\/wp-json\/wp\/v2\/media?parent=1714"}],"wp:term":[{"taxonomy":"category","embeddable":true,"href":"https:\/\/www.article-marketing.eu\/comunicatistampa\/wp-json\/wp\/v2\/categories?post=1714"},{"taxonomy":"post_tag","embeddable":true,"href":"https:\/\/www.article-marketing.eu\/comunicatistampa\/wp-json\/wp\/v2\/tags?post=1714"}],"curies":[{"name":"wp","href":"https:\/\/api.w.org\/{rel}","templated":true}]}}