{"id":17168,"date":"2021-01-19T18:58:50","date_gmt":"2021-01-19T17:58:50","guid":{"rendered":"https:\/\/www.article-marketing.eu\/comunicatistampa\/?p=17168"},"modified":"2021-01-19T18:58:50","modified_gmt":"2021-01-19T17:58:50","slug":"pasticcerie-caffetterie-in-vendita-e-in-affitto-a-pordenone","status":"publish","type":"post","link":"https:\/\/www.article-marketing.eu\/comunicatistampa\/pasticcerie-caffetterie-in-vendita-e-in-affitto-a-pordenone\/","title":{"rendered":"Pasticcerie caffetterie in vendita e in affitto a Pordenone"},"content":{"rendered":"<p>All&#8217;interno del suo catalogo di annunci, l&#8217;<strong>agenzia di Intermediazioni Commerciali Gambaro<\/strong> dispone anche di<a href=\"https:\/\/www.intermediazionicommerciali.it\/tipologia-attivita\/pasticceria-caffetteria.html target=\"> pasticcerie caffetterie in vendita e in affitto<\/a> a Pordenone.<br \/>\nLa citt\u00e0 di <strong>Pordenone<\/strong> \u00e8 un<strong> punto strategico<\/strong> per aprire questa tipologia di attivit\u00e0: la sua posizione, proprio <strong>lungo il confine tra Veneto e Friuli Venezia-Giulia<\/strong>, offre un potenziale flusso di clienti molto alto.<\/p>\n<p>Prima della scelta della location che andr\u00e0 ad ospitare la propria attivit\u00e0, occorre espletare tutte quelle pratiche atte a <strong>costituire l&#8217;azienda<\/strong> che andr\u00e0 a controllare tale attivit\u00e0.<br \/>\nIn primo luogo, dal punto di vista prettamente burocratico, occorre <strong>iscriversi al REC<\/strong> (Registro Esercenti per il Commercio); sono necessarie inoltre <strong>l&#8217;iscrizione al Registro delle Imprese<\/strong> presso la <strong>Camera di Commercio<\/strong>, l&#8217;apertura della<strong> partita IVA<\/strong> presso l&#8217;agenzia delle Entrate e l&#8217;apertura dell<strong>e posizioni INPS e INAIL<\/strong>.<br \/>\nSempre in relazione alla regolarit\u00e0 dei locali, occorre rivolgersi all&#8217;<strong>ASL<\/strong> competente per effettuare gli <strong>opportuni controlli igenico-sanitari<\/strong>.<br \/>\nUn ulteriore passo da fare \u00e8 la <strong>comunicazione d&#8217;inizio di attivit\u00e0<\/strong> presso il <strong>comune<\/strong> che ospita quest&#8217;ultima.<br \/>\nDopo aver svolto le pratiche burocratiche sopracitate, si pu\u00f2 iniziare la <strong>ricerca della struttura<\/strong> che andr\u00e0 ad ospitare l&#8217;attivit\u00e0.<\/p>\n<p>L&#8217;agenzia di Intermediazioni Gambaro offre <strong>diverse soluzioni<\/strong>, le quali differiscono per dimensioni, posizione e tipologia di servizi inclusi.<br \/>\nAlcuni degli immobili possono avere al loro interno un <strong>laboratorio<\/strong> per la<strong> produzione artigianale<\/strong> dei prodotti dolciari che poi si andranno a vendere al pubblico. Altre soluzioni presentano una <strong>metratura molto ampia<\/strong>, perfetti per massimizzare il numero di clienti, con la possibilit\u00e0 anche di posti a sedere anche all&#8217;esterno del locale.<br \/>\nNel caso di interessamento dell&#8217;immobile \u00e8 possibile contattare direttamente l&#8217;agenzia Gambaro tramite un apposito <strong>form di contatto<\/strong> all&#8217;interno dell&#8217;annuncio.<br \/>\nPer chi ricerca a pasticcerie caffetterie in vendita e in affitto a Pordenone, il <strong>processo di intermediazione<\/strong> commerciali sar\u00e0 sempre accompagnato dalla ventennale esperienza dell\u2019agenzia Gambaro, con l&#8217;aggiunta della riservatezza e dell\u2019impegno di trovare un <strong>accordo<\/strong> che soddisfi il venditore e l\u2019acquirente.<\/p>\n","protected":false},"excerpt":{"rendered":"<p>All&#8217;interno del suo catalogo di annunci, l&#8217;agenzia di Intermediazioni Commerciali Gambaro dispone anche di pasticcerie caffetterie in vendita e in affitto a Pordenone. La citt\u00e0 di Pordenone \u00e8 un punto strategico per aprire questa tipologia di attivit\u00e0: la sua posizione, proprio lungo il confine tra Veneto e Friuli Venezia-Giulia, offre un potenziale flusso di clienti molto alto. Prima della scelta della location che andr\u00e0 ad ospitare la propria attivit\u00e0, occorre<\/p>\n<p><a class=\"continue-reading\" href=\"https:\/\/www.article-marketing.eu\/comunicatistampa\/pasticcerie-caffetterie-in-vendita-e-in-affitto-a-pordenone\/\">Continue reading&#8230;<\/a><\/p>\n","protected":false},"author":2458,"featured_media":0,"comment_status":"open","ping_status":"open","sticky":false,"template":"","format":"standard","meta":{"_monsterinsights_skip_tracking":false,"_monsterinsights_sitenote_active":false,"_monsterinsights_sitenote_note":"","_monsterinsights_sitenote_category":0,"footnotes":""},"categories":[387,386],"tags":[7039,3478,7036,7037,7038,3481,3480],"class_list":["post-17168","post","type-post","status-publish","format-standard","hentry","category-attivita-commerciali","category-economia-e-lavoro","tag-friuli","tag-friuli-venezia-giulia","tag-pasticcerie","tag-pasticcerie-in-affitto","tag-pasticcerie-in-vendita","tag-pordenone","tag-udine"],"yoast_head":"<!-- This site is optimized with the Yoast SEO plugin v27.3 - https:\/\/yoast.com\/product\/yoast-seo-wordpress\/ -->\n<title>Pasticcerie caffetterie in vendita e in affitto a Pordenone - Article Marketing<\/title>\n<meta name=\"description\" content=\"L&#039;agenzia di Intermediazioni Commerciali Gambaro \u00e8 specializzata in pasticcerie caffetterie in vendita e in affitto a Pordenone.\" \/>\n<meta name=\"robots\" content=\"index, follow, max-snippet:-1, max-image-preview:large, max-video-preview:-1\" \/>\n<link rel=\"canonical\" href=\"https:\/\/www.article-marketing.eu\/comunicatistampa\/pasticcerie-caffetterie-in-vendita-e-in-affitto-a-pordenone\/\" \/>\n<meta property=\"og:locale\" content=\"it_IT\" \/>\n<meta property=\"og:type\" content=\"article\" \/>\n<meta property=\"og:title\" content=\"Pasticcerie caffetterie in vendita e in affitto a Pordenone - Article Marketing\" \/>\n<meta property=\"og:description\" content=\"L&#039;agenzia di Intermediazioni Commerciali Gambaro \u00e8 specializzata in pasticcerie caffetterie in vendita e in affitto a Pordenone.\" \/>\n<meta property=\"og:url\" content=\"https:\/\/www.article-marketing.eu\/comunicatistampa\/pasticcerie-caffetterie-in-vendita-e-in-affitto-a-pordenone\/\" \/>\n<meta property=\"og:site_name\" content=\"Article Marketing\" \/>\n<meta property=\"article:published_time\" content=\"2021-01-19T17:58:50+00:00\" \/>\n<meta name=\"author\" content=\"mediacy\" \/>\n<meta name=\"twitter:card\" content=\"summary_large_image\" \/>\n<meta name=\"twitter:label1\" content=\"Scritto da\" \/>\n\t<meta name=\"twitter:data1\" content=\"mediacy\" \/>\n\t<meta name=\"twitter:label2\" content=\"Tempo di lettura stimato\" \/>\n\t<meta name=\"twitter:data2\" content=\"2 minuti\" \/>\n<script type=\"application\/ld+json\" class=\"yoast-schema-graph\">{\"@context\":\"https:\\\/\\\/schema.org\",\"@graph\":[{\"@type\":\"Article\",\"@id\":\"https:\\\/\\\/www.article-marketing.eu\\\/comunicatistampa\\\/pasticcerie-caffetterie-in-vendita-e-in-affitto-a-pordenone\\\/#article\",\"isPartOf\":{\"@id\":\"https:\\\/\\\/www.article-marketing.eu\\\/comunicatistampa\\\/pasticcerie-caffetterie-in-vendita-e-in-affitto-a-pordenone\\\/\"},\"author\":{\"name\":\"mediacy\",\"@id\":\"https:\\\/\\\/www.article-marketing.eu\\\/comunicatistampa\\\/#\\\/schema\\\/person\\\/413866b0020ff22c9c3a03b80c5596eb\"},\"headline\":\"Pasticcerie caffetterie in vendita e in affitto a Pordenone\",\"datePublished\":\"2021-01-19T17:58:50+00:00\",\"mainEntityOfPage\":{\"@id\":\"https:\\\/\\\/www.article-marketing.eu\\\/comunicatistampa\\\/pasticcerie-caffetterie-in-vendita-e-in-affitto-a-pordenone\\\/\"},\"wordCount\":322,\"commentCount\":0,\"keywords\":[\"Friuli\",\"Friuli Venezia Giulia\",\"pasticcerie\",\"pasticcerie in affitto\",\"pasticcerie in vendita\",\"Pordenone\",\"Udine\"],\"articleSection\":[\"Attivit\u00e0 commerciali\",\"Economia e lavoro\"],\"inLanguage\":\"it-IT\",\"potentialAction\":[{\"@type\":\"CommentAction\",\"name\":\"Comment\",\"target\":[\"https:\\\/\\\/www.article-marketing.eu\\\/comunicatistampa\\\/pasticcerie-caffetterie-in-vendita-e-in-affitto-a-pordenone\\\/#respond\"]}]},{\"@type\":\"WebPage\",\"@id\":\"https:\\\/\\\/www.article-marketing.eu\\\/comunicatistampa\\\/pasticcerie-caffetterie-in-vendita-e-in-affitto-a-pordenone\\\/\",\"url\":\"https:\\\/\\\/www.article-marketing.eu\\\/comunicatistampa\\\/pasticcerie-caffetterie-in-vendita-e-in-affitto-a-pordenone\\\/\",\"name\":\"Pasticcerie caffetterie in vendita e in affitto a Pordenone - Article Marketing\",\"isPartOf\":{\"@id\":\"https:\\\/\\\/www.article-marketing.eu\\\/comunicatistampa\\\/#website\"},\"datePublished\":\"2021-01-19T17:58:50+00:00\",\"author\":{\"@id\":\"https:\\\/\\\/www.article-marketing.eu\\\/comunicatistampa\\\/#\\\/schema\\\/person\\\/413866b0020ff22c9c3a03b80c5596eb\"},\"description\":\"L'agenzia di Intermediazioni Commerciali Gambaro \u00e8 specializzata in pasticcerie caffetterie in vendita e in affitto a Pordenone.\",\"breadcrumb\":{\"@id\":\"https:\\\/\\\/www.article-marketing.eu\\\/comunicatistampa\\\/pasticcerie-caffetterie-in-vendita-e-in-affitto-a-pordenone\\\/#breadcrumb\"},\"inLanguage\":\"it-IT\",\"potentialAction\":[{\"@type\":\"ReadAction\",\"target\":[\"https:\\\/\\\/www.article-marketing.eu\\\/comunicatistampa\\\/pasticcerie-caffetterie-in-vendita-e-in-affitto-a-pordenone\\\/\"]}]},{\"@type\":\"BreadcrumbList\",\"@id\":\"https:\\\/\\\/www.article-marketing.eu\\\/comunicatistampa\\\/pasticcerie-caffetterie-in-vendita-e-in-affitto-a-pordenone\\\/#breadcrumb\",\"itemListElement\":[{\"@type\":\"ListItem\",\"position\":1,\"name\":\"Home\",\"item\":\"https:\\\/\\\/www.article-marketing.eu\\\/comunicatistampa\\\/\"},{\"@type\":\"ListItem\",\"position\":2,\"name\":\"Pasticcerie caffetterie in vendita e in affitto a Pordenone\"}]},{\"@type\":\"WebSite\",\"@id\":\"https:\\\/\\\/www.article-marketing.eu\\\/comunicatistampa\\\/#website\",\"url\":\"https:\\\/\\\/www.article-marketing.eu\\\/comunicatistampa\\\/\",\"name\":\"Article Marketing\",\"description\":\"article marketing &amp; press release\",\"potentialAction\":[{\"@type\":\"SearchAction\",\"target\":{\"@type\":\"EntryPoint\",\"urlTemplate\":\"https:\\\/\\\/www.article-marketing.eu\\\/comunicatistampa\\\/?s={search_term_string}\"},\"query-input\":{\"@type\":\"PropertyValueSpecification\",\"valueRequired\":true,\"valueName\":\"search_term_string\"}}],\"inLanguage\":\"it-IT\"},{\"@type\":\"Person\",\"@id\":\"https:\\\/\\\/www.article-marketing.eu\\\/comunicatistampa\\\/#\\\/schema\\\/person\\\/413866b0020ff22c9c3a03b80c5596eb\",\"name\":\"mediacy\",\"image\":{\"@type\":\"ImageObject\",\"inLanguage\":\"it-IT\",\"@id\":\"https:\\\/\\\/secure.gravatar.com\\\/avatar\\\/65f922f257ce08edc42ee0a9ff965fd8daadbae8b6730f3b0261225132c3a7af?s=96&d=mm&r=g\",\"url\":\"https:\\\/\\\/secure.gravatar.com\\\/avatar\\\/65f922f257ce08edc42ee0a9ff965fd8daadbae8b6730f3b0261225132c3a7af?s=96&d=mm&r=g\",\"contentUrl\":\"https:\\\/\\\/secure.gravatar.com\\\/avatar\\\/65f922f257ce08edc42ee0a9ff965fd8daadbae8b6730f3b0261225132c3a7af?s=96&d=mm&r=g\",\"caption\":\"mediacy\"},\"url\":\"https:\\\/\\\/www.article-marketing.eu\\\/comunicatistampa\\\/author\\\/mediacy\\\/\"}]}<\/script>\n<!-- \/ Yoast SEO plugin. -->","yoast_head_json":{"title":"Pasticcerie caffetterie in vendita e in affitto a Pordenone - Article Marketing","description":"L'agenzia di Intermediazioni Commerciali Gambaro \u00e8 specializzata in pasticcerie caffetterie in vendita e in affitto a Pordenone.","robots":{"index":"index","follow":"follow","max-snippet":"max-snippet:-1","max-image-preview":"max-image-preview:large","max-video-preview":"max-video-preview:-1"},"canonical":"https:\/\/www.article-marketing.eu\/comunicatistampa\/pasticcerie-caffetterie-in-vendita-e-in-affitto-a-pordenone\/","og_locale":"it_IT","og_type":"article","og_title":"Pasticcerie caffetterie in vendita e in affitto a Pordenone - Article Marketing","og_description":"L'agenzia di Intermediazioni Commerciali Gambaro \u00e8 specializzata in pasticcerie caffetterie in vendita e in affitto a Pordenone.","og_url":"https:\/\/www.article-marketing.eu\/comunicatistampa\/pasticcerie-caffetterie-in-vendita-e-in-affitto-a-pordenone\/","og_site_name":"Article Marketing","article_published_time":"2021-01-19T17:58:50+00:00","author":"mediacy","twitter_card":"summary_large_image","twitter_misc":{"Scritto da":"mediacy","Tempo di lettura stimato":"2 minuti"},"schema":{"@context":"https:\/\/schema.org","@graph":[{"@type":"Article","@id":"https:\/\/www.article-marketing.eu\/comunicatistampa\/pasticcerie-caffetterie-in-vendita-e-in-affitto-a-pordenone\/#article","isPartOf":{"@id":"https:\/\/www.article-marketing.eu\/comunicatistampa\/pasticcerie-caffetterie-in-vendita-e-in-affitto-a-pordenone\/"},"author":{"name":"mediacy","@id":"https:\/\/www.article-marketing.eu\/comunicatistampa\/#\/schema\/person\/413866b0020ff22c9c3a03b80c5596eb"},"headline":"Pasticcerie caffetterie in vendita e in affitto a Pordenone","datePublished":"2021-01-19T17:58:50+00:00","mainEntityOfPage":{"@id":"https:\/\/www.article-marketing.eu\/comunicatistampa\/pasticcerie-caffetterie-in-vendita-e-in-affitto-a-pordenone\/"},"wordCount":322,"commentCount":0,"keywords":["Friuli","Friuli Venezia Giulia","pasticcerie","pasticcerie in affitto","pasticcerie in vendita","Pordenone","Udine"],"articleSection":["Attivit\u00e0 commerciali","Economia e lavoro"],"inLanguage":"it-IT","potentialAction":[{"@type":"CommentAction","name":"Comment","target":["https:\/\/www.article-marketing.eu\/comunicatistampa\/pasticcerie-caffetterie-in-vendita-e-in-affitto-a-pordenone\/#respond"]}]},{"@type":"WebPage","@id":"https:\/\/www.article-marketing.eu\/comunicatistampa\/pasticcerie-caffetterie-in-vendita-e-in-affitto-a-pordenone\/","url":"https:\/\/www.article-marketing.eu\/comunicatistampa\/pasticcerie-caffetterie-in-vendita-e-in-affitto-a-pordenone\/","name":"Pasticcerie caffetterie in vendita e in affitto a Pordenone - Article Marketing","isPartOf":{"@id":"https:\/\/www.article-marketing.eu\/comunicatistampa\/#website"},"datePublished":"2021-01-19T17:58:50+00:00","author":{"@id":"https:\/\/www.article-marketing.eu\/comunicatistampa\/#\/schema\/person\/413866b0020ff22c9c3a03b80c5596eb"},"description":"L'agenzia di Intermediazioni Commerciali Gambaro \u00e8 specializzata in pasticcerie caffetterie in vendita e in affitto a Pordenone.","breadcrumb":{"@id":"https:\/\/www.article-marketing.eu\/comunicatistampa\/pasticcerie-caffetterie-in-vendita-e-in-affitto-a-pordenone\/#breadcrumb"},"inLanguage":"it-IT","potentialAction":[{"@type":"ReadAction","target":["https:\/\/www.article-marketing.eu\/comunicatistampa\/pasticcerie-caffetterie-in-vendita-e-in-affitto-a-pordenone\/"]}]},{"@type":"BreadcrumbList","@id":"https:\/\/www.article-marketing.eu\/comunicatistampa\/pasticcerie-caffetterie-in-vendita-e-in-affitto-a-pordenone\/#breadcrumb","itemListElement":[{"@type":"ListItem","position":1,"name":"Home","item":"https:\/\/www.article-marketing.eu\/comunicatistampa\/"},{"@type":"ListItem","position":2,"name":"Pasticcerie caffetterie in vendita e in affitto a Pordenone"}]},{"@type":"WebSite","@id":"https:\/\/www.article-marketing.eu\/comunicatistampa\/#website","url":"https:\/\/www.article-marketing.eu\/comunicatistampa\/","name":"Article Marketing","description":"article marketing &amp; press release","potentialAction":[{"@type":"SearchAction","target":{"@type":"EntryPoint","urlTemplate":"https:\/\/www.article-marketing.eu\/comunicatistampa\/?s={search_term_string}"},"query-input":{"@type":"PropertyValueSpecification","valueRequired":true,"valueName":"search_term_string"}}],"inLanguage":"it-IT"},{"@type":"Person","@id":"https:\/\/www.article-marketing.eu\/comunicatistampa\/#\/schema\/person\/413866b0020ff22c9c3a03b80c5596eb","name":"mediacy","image":{"@type":"ImageObject","inLanguage":"it-IT","@id":"https:\/\/secure.gravatar.com\/avatar\/65f922f257ce08edc42ee0a9ff965fd8daadbae8b6730f3b0261225132c3a7af?s=96&d=mm&r=g","url":"https:\/\/secure.gravatar.com\/avatar\/65f922f257ce08edc42ee0a9ff965fd8daadbae8b6730f3b0261225132c3a7af?s=96&d=mm&r=g","contentUrl":"https:\/\/secure.gravatar.com\/avatar\/65f922f257ce08edc42ee0a9ff965fd8daadbae8b6730f3b0261225132c3a7af?s=96&d=mm&r=g","caption":"mediacy"},"url":"https:\/\/www.article-marketing.eu\/comunicatistampa\/author\/mediacy\/"}]}},"_links":{"self":[{"href":"https:\/\/www.article-marketing.eu\/comunicatistampa\/wp-json\/wp\/v2\/posts\/17168","targetHints":{"allow":["GET"]}}],"collection":[{"href":"https:\/\/www.article-marketing.eu\/comunicatistampa\/wp-json\/wp\/v2\/posts"}],"about":[{"href":"https:\/\/www.article-marketing.eu\/comunicatistampa\/wp-json\/wp\/v2\/types\/post"}],"author":[{"embeddable":true,"href":"https:\/\/www.article-marketing.eu\/comunicatistampa\/wp-json\/wp\/v2\/users\/2458"}],"replies":[{"embeddable":true,"href":"https:\/\/www.article-marketing.eu\/comunicatistampa\/wp-json\/wp\/v2\/comments?post=17168"}],"version-history":[{"count":4,"href":"https:\/\/www.article-marketing.eu\/comunicatistampa\/wp-json\/wp\/v2\/posts\/17168\/revisions"}],"predecessor-version":[{"id":17188,"href":"https:\/\/www.article-marketing.eu\/comunicatistampa\/wp-json\/wp\/v2\/posts\/17168\/revisions\/17188"}],"wp:attachment":[{"href":"https:\/\/www.article-marketing.eu\/comunicatistampa\/wp-json\/wp\/v2\/media?parent=17168"}],"wp:term":[{"taxonomy":"category","embeddable":true,"href":"https:\/\/www.article-marketing.eu\/comunicatistampa\/wp-json\/wp\/v2\/categories?post=17168"},{"taxonomy":"post_tag","embeddable":true,"href":"https:\/\/www.article-marketing.eu\/comunicatistampa\/wp-json\/wp\/v2\/tags?post=17168"}],"curies":[{"name":"wp","href":"https:\/\/api.w.org\/{rel}","templated":true}]}}