{"id":1720,"date":"2017-04-03T22:28:00","date_gmt":"2017-04-03T20:28:00","guid":{"rendered":"http:\/\/www.article-marketing.eu\/comunicatistampa\/?p=1720"},"modified":"2017-04-03T22:28:00","modified_gmt":"2017-04-03T20:28:00","slug":"ideallux-festeggia-30-anni-di-attivita-al-fuori-salone-in-via-tortona-9-milano","status":"publish","type":"post","link":"https:\/\/www.article-marketing.eu\/comunicatistampa\/ideallux-festeggia-30-anni-di-attivita-al-fuori-salone-in-via-tortona-9-milano\/","title":{"rendered":"Ideallux festeggia 30 anni di attivit\u00e0 al Fuori Salone in via Tortona 9 &#8211; Milano"},"content":{"rendered":"<p><strong>Dal 4 al 9 aprile Ideallux festeggia i suoi trent\u2019anni di attivit\u00e0 con un grande evento durante il Fuori<\/strong><br \/>\n<strong>Salone, negli spazi di Via Tortona 9.<br \/>\n<\/strong>Da sempre azienda primaria del settore dell\u2019illuminazione, Ideallux, consapevole di quanto sia importante la collaborazione e il confronto per la nascita di progetti di altissimo livello, anche in occasione del Fuori Salone si \u00e8 valsa della collaborazione di personalit\u00e0 esterne all\u2019azienda come i<strong>l lighting designer Massimo Marzorati e l\u2019artista Stefano Bolcato.<\/strong><br \/>\nIdeallux offrir\u00e0 al pubblico una nuova visione degli apparecchi di illuminazione, non pi\u00f9 semplici prodotti industriali, bens\u00ec moduli di forme astratte che si integreranno nello spazio. L\u2019allestimento non sar\u00e0 una semplice esposizione ma vuole invitare<strong> i visitatori, siano essi addetti al settore o soltanto curiosi, a guardare con occhi nuovi e liberi da ogni condizionamento ci\u00f2 che la luce<\/strong> pu\u00f2 essere o pu\u00f2 diventare, scoprire in che modo i singoli prodotti industriali interagiscano tra di loro assumendo una nuova funzione di installazione artistica.<br \/>\n<strong>La ludicit\u00e0 \u00e8 sicuramente il leit motive di questo evento, un invito a divertirsi che si propone anche attraverso l\u2019arte. Ideallux ha infatti sapientemente illuminato alcune delle opere della collezione \u201cPeople. L\u2019arte al tempo dei Lego\u201d<\/strong> proposte all\u2019interno dello Spazio Ideallux; opere che reinterpretano quadri di arte moderna in cui i veri volti verranno sostituiti con quelli degli omini della nota casa di mattoncini danese.<br \/>\n<strong>Ideallux festeggia i suoi primi 30 anni di attivit\u00e0 che vogliono per\u00f2 non solo celebrare il passato, ma soprattutto rivolgersi alle nuove generazioni. Infatti cos\u00ec come in azienda le nuove generazioni iniziano a ricoprire ruoli importanti nello staff, cos\u00ec Claudio Raina, l\u2019amministratore, ha deciso di dedicare un\u2019intera giornata esclusivamente agli under 30:<\/strong> durante domenica 9 aprile, infatti, dalle ore<br \/>\n10 alle ore 19 l\u2019ingresso sar\u00e0 consentito soltanto ai giovani, motore di una societ\u00e0 che ha bisogno di<br \/>\nrinascere.<br \/>\nNel pomeriggio verranno inoltre presentati due importanti<strong> bandi creativi dedicati a tutti i giovanissimi under 30 che vogliono affermarsi e che cercano qualcuno che permetta di dar voce alle loro intuizioni. L\u2019obiettivo \u00e8 dare valore alle idee di giovani talenti, poich\u00e9 Ideallux mira a sottolineare che la creativit\u00e0 italiana ha e deve avere un futuro anche e soprattutto qui in Italia.<\/strong><\/p>\n<p><strong>Fuori Salone 2017<\/strong><br \/>\n<strong>Da marted\u00ec 4 a domenica 9 aprile<\/strong><br \/>\n<strong>10 &#8211; 19 ingresso libero<\/strong><br \/>\n<strong>19 &#8211; 24 solo su invito<\/strong><br \/>\n<strong>Via Tortona, 9 Milano<\/strong><br \/>\n<a href=\"mailto:fuorisalone.30@ideallux.it\"><strong>fuorisalone.30@ideallux.it<\/strong><\/a><\/p>\n<p><strong>Ideallux &#8211; La storia<\/strong><br \/>\nCome alcune tra le pi\u00f9 importanti aziende al mondo, anche Ideallux ha origine dal genio creativo dei suoi fondatori in un piccolo garage.<br \/>\nLe esperienze, gli insegnamenti e il supporto di due uomini come Enrico Raina, responsabile presso Enel, e Giuseppe Seren, imprenditore del settore alimentare, e delle rispettive mogli, da sempre spina dorsale delle famiglie, hanno permesso che nel 1987 il giovane <strong>Claudio Raina con la moglie Emanuela Seren e il fratello Flavio Raina<\/strong> potessero vedere realizzato il loro sogno attraverso la fondazione dell\u2019azienda <strong>Ideallux, oggi importante realt\u00e0 industriale sia a livello nazionale che globale.<\/strong><br \/>\nSebbene l\u2019azienda abbia partecipato a numerosi ed <strong>importanti progetti architettonici di rilevanza internazionale<\/strong>, la maggiore peculiarit\u00e0 di Ideallux \u00e8 la sua artigianalit\u00e0 di produzione, attraverso una filiera interamente italiana che garantisce un altissimo livello qualitativo dei prodotti. In parte questa artigianalit\u00e0 \u00e8 dovuta anche alla zona in cui \u00e8 nata l\u2019azienda, una ristretta area industriale, un tempo fulcro dell\u2019industria calzaturiera, ma da cui ormai molti industriali sono scappati.<br \/>\nPer l\u2019azienda, questa zona non \u00e8 mai stata un vincolo, un limite od una giustificazione per non arrivare agli obiettivi preposti, bens\u00ec un grande stimolo a fare di pi\u00f9 e sempre meglio, pur mantenendo fede alla qualit\u00e0 del prodotto degno del miglior Made in Italy che tutto il mondo ci invidia; un 100% made in Italy certificato dall\u2019Istituto per la Tutela dei Produttori Italiani.<br \/>\nIn questi 30 anni Ideallux \u00e8 cresciuta molto, dai primi 100 mq di azienda nel cuore di Vigevano, \u00e8 ormai arrivata a pi\u00f9 di 7200 mq nella zona industriale di Cilavegna. Questa grande crescita non \u00e8 stata comunque motivo per dimenticare l\u2019atmosfera famigliare da cui tutto \u00e8 partito, e proprio per questo, all\u2019interno di Ideallux si respira aria di genuinit\u00e0 e di famiglia, in cui tutti si sentono parte di un gruppo che funziona solo se unito.<br \/>\nAttraverso l\u2019acquisizione di altre compagnie, e grazie alla progressiva ricerca, la gamma di prodotti Ideallux \u00e8 in costante crescita, e dal mero settore industriale l\u2019azienda si \u00e8 ormai inserita anche in un ambito pi\u00f9 dedito al design e all\u2019arredo d\u2019interni con il neonato marchio Ottounootto.<br \/>\n<strong>Forti della grande esperienza derivata da questi trent\u2019anni di attivit\u00e0, Ideallux intende continuare a crescere, oltre che come azienda, come innovazione tecnologica degli apparecchi d\u2019illuminazione prodotti al fine di garantire elevati livelli qualitativi sia per apparecchi industriali che per quanto concerne le linee d\u2019arredo.<\/strong><\/p>\n","protected":false},"excerpt":{"rendered":"<p>Dal 4 al 9 aprile Ideallux festeggia i suoi trent\u2019anni di attivit\u00e0 con un grande evento durante il Fuori Salone, negli spazi di Via Tortona 9. Da sempre azienda primaria del settore dell\u2019illuminazione, Ideallux, consapevole di quanto sia importante la collaborazione e il confronto per la nascita di progetti di altissimo livello, anche in occasione del Fuori Salone si \u00e8 valsa della collaborazione di personalit\u00e0 esterne all\u2019azienda come il lighting<\/p>\n<p><a class=\"continue-reading\" href=\"https:\/\/www.article-marketing.eu\/comunicatistampa\/ideallux-festeggia-30-anni-di-attivita-al-fuori-salone-in-via-tortona-9-milano\/\">Continue reading&#8230;<\/a><\/p>\n","protected":false},"author":222,"featured_media":0,"comment_status":"open","ping_status":"open","sticky":false,"template":"","format":"standard","meta":{"_monsterinsights_skip_tracking":false,"_monsterinsights_sitenote_active":false,"_monsterinsights_sitenote_note":"","_monsterinsights_sitenote_category":0,"footnotes":""},"categories":[407,78,392,393],"tags":[935,934,936,845],"class_list":["post-1720","post","type-post","status-publish","format-standard","hentry","category-arte-e-cultura","category-comunicati-stampa","category-eventi","category-prodotti","tag-design-week","tag-fuori-salone-2017","tag-ideallux","tag-illuminazione"],"yoast_head":"<!-- This site is optimized with the Yoast SEO plugin v27.3 - https:\/\/yoast.com\/product\/yoast-seo-wordpress\/ -->\n<title>Ideallux festeggia 30 anni di attivit\u00e0 al Fuori Salone in via Tortona 9 - Milano - Article Marketing<\/title>\n<meta name=\"robots\" content=\"index, follow, max-snippet:-1, max-image-preview:large, max-video-preview:-1\" \/>\n<link rel=\"canonical\" href=\"https:\/\/www.article-marketing.eu\/comunicatistampa\/ideallux-festeggia-30-anni-di-attivita-al-fuori-salone-in-via-tortona-9-milano\/\" \/>\n<meta property=\"og:locale\" content=\"it_IT\" \/>\n<meta property=\"og:type\" content=\"article\" \/>\n<meta property=\"og:title\" content=\"Ideallux festeggia 30 anni di attivit\u00e0 al Fuori Salone in via Tortona 9 - Milano - Article Marketing\" \/>\n<meta property=\"og:description\" content=\"Dal 4 al 9 aprile Ideallux festeggia i suoi trent\u2019anni di attivit\u00e0 con un grande evento durante il Fuori Salone, negli spazi di Via Tortona 9. Da sempre azienda primaria del settore dell\u2019illuminazione, Ideallux, consapevole di quanto sia importante la collaborazione e il confronto per la nascita di progetti di altissimo livello, anche in occasione del Fuori Salone si \u00e8 valsa della collaborazione di personalit\u00e0 esterne all\u2019azienda come il lightingContinue reading...\" \/>\n<meta property=\"og:url\" content=\"https:\/\/www.article-marketing.eu\/comunicatistampa\/ideallux-festeggia-30-anni-di-attivita-al-fuori-salone-in-via-tortona-9-milano\/\" \/>\n<meta property=\"og:site_name\" content=\"Article Marketing\" \/>\n<meta property=\"article:published_time\" content=\"2017-04-03T20:28:00+00:00\" \/>\n<meta name=\"author\" content=\"Valeria Francese\" \/>\n<meta name=\"twitter:card\" content=\"summary_large_image\" \/>\n<meta name=\"twitter:label1\" content=\"Scritto da\" \/>\n\t<meta name=\"twitter:data1\" content=\"Valeria Francese\" \/>\n\t<meta name=\"twitter:label2\" content=\"Tempo di lettura stimato\" \/>\n\t<meta name=\"twitter:data2\" content=\"4 minuti\" \/>\n<script type=\"application\/ld+json\" class=\"yoast-schema-graph\">{\"@context\":\"https:\\\/\\\/schema.org\",\"@graph\":[{\"@type\":\"Article\",\"@id\":\"https:\\\/\\\/www.article-marketing.eu\\\/comunicatistampa\\\/ideallux-festeggia-30-anni-di-attivita-al-fuori-salone-in-via-tortona-9-milano\\\/#article\",\"isPartOf\":{\"@id\":\"https:\\\/\\\/www.article-marketing.eu\\\/comunicatistampa\\\/ideallux-festeggia-30-anni-di-attivita-al-fuori-salone-in-via-tortona-9-milano\\\/\"},\"author\":{\"name\":\"Valeria Francese\",\"@id\":\"https:\\\/\\\/www.article-marketing.eu\\\/comunicatistampa\\\/#\\\/schema\\\/person\\\/be61ddd8605c2c8588e858f61d29ebd3\"},\"headline\":\"Ideallux festeggia 30 anni di attivit\u00e0 al Fuori Salone in via Tortona 9 &#8211; Milano\",\"datePublished\":\"2017-04-03T20:28:00+00:00\",\"mainEntityOfPage\":{\"@id\":\"https:\\\/\\\/www.article-marketing.eu\\\/comunicatistampa\\\/ideallux-festeggia-30-anni-di-attivita-al-fuori-salone-in-via-tortona-9-milano\\\/\"},\"wordCount\":795,\"commentCount\":0,\"keywords\":[\"design week\",\"fuori salone 2017\",\"Ideallux\",\"illuminazione\"],\"articleSection\":[\"Arte e cultura\",\"Comunicati stampa\",\"Eventi\",\"Prodotti\"],\"inLanguage\":\"it-IT\",\"potentialAction\":[{\"@type\":\"CommentAction\",\"name\":\"Comment\",\"target\":[\"https:\\\/\\\/www.article-marketing.eu\\\/comunicatistampa\\\/ideallux-festeggia-30-anni-di-attivita-al-fuori-salone-in-via-tortona-9-milano\\\/#respond\"]}]},{\"@type\":\"WebPage\",\"@id\":\"https:\\\/\\\/www.article-marketing.eu\\\/comunicatistampa\\\/ideallux-festeggia-30-anni-di-attivita-al-fuori-salone-in-via-tortona-9-milano\\\/\",\"url\":\"https:\\\/\\\/www.article-marketing.eu\\\/comunicatistampa\\\/ideallux-festeggia-30-anni-di-attivita-al-fuori-salone-in-via-tortona-9-milano\\\/\",\"name\":\"Ideallux festeggia 30 anni di attivit\u00e0 al Fuori Salone in via Tortona 9 - Milano - Article Marketing\",\"isPartOf\":{\"@id\":\"https:\\\/\\\/www.article-marketing.eu\\\/comunicatistampa\\\/#website\"},\"datePublished\":\"2017-04-03T20:28:00+00:00\",\"author\":{\"@id\":\"https:\\\/\\\/www.article-marketing.eu\\\/comunicatistampa\\\/#\\\/schema\\\/person\\\/be61ddd8605c2c8588e858f61d29ebd3\"},\"breadcrumb\":{\"@id\":\"https:\\\/\\\/www.article-marketing.eu\\\/comunicatistampa\\\/ideallux-festeggia-30-anni-di-attivita-al-fuori-salone-in-via-tortona-9-milano\\\/#breadcrumb\"},\"inLanguage\":\"it-IT\",\"potentialAction\":[{\"@type\":\"ReadAction\",\"target\":[\"https:\\\/\\\/www.article-marketing.eu\\\/comunicatistampa\\\/ideallux-festeggia-30-anni-di-attivita-al-fuori-salone-in-via-tortona-9-milano\\\/\"]}]},{\"@type\":\"BreadcrumbList\",\"@id\":\"https:\\\/\\\/www.article-marketing.eu\\\/comunicatistampa\\\/ideallux-festeggia-30-anni-di-attivita-al-fuori-salone-in-via-tortona-9-milano\\\/#breadcrumb\",\"itemListElement\":[{\"@type\":\"ListItem\",\"position\":1,\"name\":\"Home\",\"item\":\"https:\\\/\\\/www.article-marketing.eu\\\/comunicatistampa\\\/\"},{\"@type\":\"ListItem\",\"position\":2,\"name\":\"Ideallux festeggia 30 anni di attivit\u00e0 al Fuori Salone in via Tortona 9 &#8211; Milano\"}]},{\"@type\":\"WebSite\",\"@id\":\"https:\\\/\\\/www.article-marketing.eu\\\/comunicatistampa\\\/#website\",\"url\":\"https:\\\/\\\/www.article-marketing.eu\\\/comunicatistampa\\\/\",\"name\":\"Article Marketing\",\"description\":\"article marketing &amp; press release\",\"potentialAction\":[{\"@type\":\"SearchAction\",\"target\":{\"@type\":\"EntryPoint\",\"urlTemplate\":\"https:\\\/\\\/www.article-marketing.eu\\\/comunicatistampa\\\/?s={search_term_string}\"},\"query-input\":{\"@type\":\"PropertyValueSpecification\",\"valueRequired\":true,\"valueName\":\"search_term_string\"}}],\"inLanguage\":\"it-IT\"},{\"@type\":\"Person\",\"@id\":\"https:\\\/\\\/www.article-marketing.eu\\\/comunicatistampa\\\/#\\\/schema\\\/person\\\/be61ddd8605c2c8588e858f61d29ebd3\",\"name\":\"Valeria Francese\",\"image\":{\"@type\":\"ImageObject\",\"inLanguage\":\"it-IT\",\"@id\":\"https:\\\/\\\/secure.gravatar.com\\\/avatar\\\/90e1d32634f8ec5304b066cd4cc45d147d35a1bf4a0b8ebbe3183e791e86113e?s=96&d=mm&r=g\",\"url\":\"https:\\\/\\\/secure.gravatar.com\\\/avatar\\\/90e1d32634f8ec5304b066cd4cc45d147d35a1bf4a0b8ebbe3183e791e86113e?s=96&d=mm&r=g\",\"contentUrl\":\"https:\\\/\\\/secure.gravatar.com\\\/avatar\\\/90e1d32634f8ec5304b066cd4cc45d147d35a1bf4a0b8ebbe3183e791e86113e?s=96&d=mm&r=g\",\"caption\":\"Valeria Francese\"},\"url\":\"https:\\\/\\\/www.article-marketing.eu\\\/comunicatistampa\\\/author\\\/valeria-francese\\\/\"}]}<\/script>\n<!-- \/ Yoast SEO plugin. -->","yoast_head_json":{"title":"Ideallux festeggia 30 anni di attivit\u00e0 al Fuori Salone in via Tortona 9 - Milano - Article Marketing","robots":{"index":"index","follow":"follow","max-snippet":"max-snippet:-1","max-image-preview":"max-image-preview:large","max-video-preview":"max-video-preview:-1"},"canonical":"https:\/\/www.article-marketing.eu\/comunicatistampa\/ideallux-festeggia-30-anni-di-attivita-al-fuori-salone-in-via-tortona-9-milano\/","og_locale":"it_IT","og_type":"article","og_title":"Ideallux festeggia 30 anni di attivit\u00e0 al Fuori Salone in via Tortona 9 - Milano - Article Marketing","og_description":"Dal 4 al 9 aprile Ideallux festeggia i suoi trent\u2019anni di attivit\u00e0 con un grande evento durante il Fuori Salone, negli spazi di Via Tortona 9. Da sempre azienda primaria del settore dell\u2019illuminazione, Ideallux, consapevole di quanto sia importante la collaborazione e il confronto per la nascita di progetti di altissimo livello, anche in occasione del Fuori Salone si \u00e8 valsa della collaborazione di personalit\u00e0 esterne all\u2019azienda come il lightingContinue reading...","og_url":"https:\/\/www.article-marketing.eu\/comunicatistampa\/ideallux-festeggia-30-anni-di-attivita-al-fuori-salone-in-via-tortona-9-milano\/","og_site_name":"Article Marketing","article_published_time":"2017-04-03T20:28:00+00:00","author":"Valeria Francese","twitter_card":"summary_large_image","twitter_misc":{"Scritto da":"Valeria Francese","Tempo di lettura stimato":"4 minuti"},"schema":{"@context":"https:\/\/schema.org","@graph":[{"@type":"Article","@id":"https:\/\/www.article-marketing.eu\/comunicatistampa\/ideallux-festeggia-30-anni-di-attivita-al-fuori-salone-in-via-tortona-9-milano\/#article","isPartOf":{"@id":"https:\/\/www.article-marketing.eu\/comunicatistampa\/ideallux-festeggia-30-anni-di-attivita-al-fuori-salone-in-via-tortona-9-milano\/"},"author":{"name":"Valeria Francese","@id":"https:\/\/www.article-marketing.eu\/comunicatistampa\/#\/schema\/person\/be61ddd8605c2c8588e858f61d29ebd3"},"headline":"Ideallux festeggia 30 anni di attivit\u00e0 al Fuori Salone in via Tortona 9 &#8211; Milano","datePublished":"2017-04-03T20:28:00+00:00","mainEntityOfPage":{"@id":"https:\/\/www.article-marketing.eu\/comunicatistampa\/ideallux-festeggia-30-anni-di-attivita-al-fuori-salone-in-via-tortona-9-milano\/"},"wordCount":795,"commentCount":0,"keywords":["design week","fuori salone 2017","Ideallux","illuminazione"],"articleSection":["Arte e cultura","Comunicati stampa","Eventi","Prodotti"],"inLanguage":"it-IT","potentialAction":[{"@type":"CommentAction","name":"Comment","target":["https:\/\/www.article-marketing.eu\/comunicatistampa\/ideallux-festeggia-30-anni-di-attivita-al-fuori-salone-in-via-tortona-9-milano\/#respond"]}]},{"@type":"WebPage","@id":"https:\/\/www.article-marketing.eu\/comunicatistampa\/ideallux-festeggia-30-anni-di-attivita-al-fuori-salone-in-via-tortona-9-milano\/","url":"https:\/\/www.article-marketing.eu\/comunicatistampa\/ideallux-festeggia-30-anni-di-attivita-al-fuori-salone-in-via-tortona-9-milano\/","name":"Ideallux festeggia 30 anni di attivit\u00e0 al Fuori Salone in via Tortona 9 - Milano - Article Marketing","isPartOf":{"@id":"https:\/\/www.article-marketing.eu\/comunicatistampa\/#website"},"datePublished":"2017-04-03T20:28:00+00:00","author":{"@id":"https:\/\/www.article-marketing.eu\/comunicatistampa\/#\/schema\/person\/be61ddd8605c2c8588e858f61d29ebd3"},"breadcrumb":{"@id":"https:\/\/www.article-marketing.eu\/comunicatistampa\/ideallux-festeggia-30-anni-di-attivita-al-fuori-salone-in-via-tortona-9-milano\/#breadcrumb"},"inLanguage":"it-IT","potentialAction":[{"@type":"ReadAction","target":["https:\/\/www.article-marketing.eu\/comunicatistampa\/ideallux-festeggia-30-anni-di-attivita-al-fuori-salone-in-via-tortona-9-milano\/"]}]},{"@type":"BreadcrumbList","@id":"https:\/\/www.article-marketing.eu\/comunicatistampa\/ideallux-festeggia-30-anni-di-attivita-al-fuori-salone-in-via-tortona-9-milano\/#breadcrumb","itemListElement":[{"@type":"ListItem","position":1,"name":"Home","item":"https:\/\/www.article-marketing.eu\/comunicatistampa\/"},{"@type":"ListItem","position":2,"name":"Ideallux festeggia 30 anni di attivit\u00e0 al Fuori Salone in via Tortona 9 &#8211; Milano"}]},{"@type":"WebSite","@id":"https:\/\/www.article-marketing.eu\/comunicatistampa\/#website","url":"https:\/\/www.article-marketing.eu\/comunicatistampa\/","name":"Article Marketing","description":"article marketing &amp; press release","potentialAction":[{"@type":"SearchAction","target":{"@type":"EntryPoint","urlTemplate":"https:\/\/www.article-marketing.eu\/comunicatistampa\/?s={search_term_string}"},"query-input":{"@type":"PropertyValueSpecification","valueRequired":true,"valueName":"search_term_string"}}],"inLanguage":"it-IT"},{"@type":"Person","@id":"https:\/\/www.article-marketing.eu\/comunicatistampa\/#\/schema\/person\/be61ddd8605c2c8588e858f61d29ebd3","name":"Valeria Francese","image":{"@type":"ImageObject","inLanguage":"it-IT","@id":"https:\/\/secure.gravatar.com\/avatar\/90e1d32634f8ec5304b066cd4cc45d147d35a1bf4a0b8ebbe3183e791e86113e?s=96&d=mm&r=g","url":"https:\/\/secure.gravatar.com\/avatar\/90e1d32634f8ec5304b066cd4cc45d147d35a1bf4a0b8ebbe3183e791e86113e?s=96&d=mm&r=g","contentUrl":"https:\/\/secure.gravatar.com\/avatar\/90e1d32634f8ec5304b066cd4cc45d147d35a1bf4a0b8ebbe3183e791e86113e?s=96&d=mm&r=g","caption":"Valeria Francese"},"url":"https:\/\/www.article-marketing.eu\/comunicatistampa\/author\/valeria-francese\/"}]}},"_links":{"self":[{"href":"https:\/\/www.article-marketing.eu\/comunicatistampa\/wp-json\/wp\/v2\/posts\/1720","targetHints":{"allow":["GET"]}}],"collection":[{"href":"https:\/\/www.article-marketing.eu\/comunicatistampa\/wp-json\/wp\/v2\/posts"}],"about":[{"href":"https:\/\/www.article-marketing.eu\/comunicatistampa\/wp-json\/wp\/v2\/types\/post"}],"author":[{"embeddable":true,"href":"https:\/\/www.article-marketing.eu\/comunicatistampa\/wp-json\/wp\/v2\/users\/222"}],"replies":[{"embeddable":true,"href":"https:\/\/www.article-marketing.eu\/comunicatistampa\/wp-json\/wp\/v2\/comments?post=1720"}],"version-history":[{"count":5,"href":"https:\/\/www.article-marketing.eu\/comunicatistampa\/wp-json\/wp\/v2\/posts\/1720\/revisions"}],"predecessor-version":[{"id":1725,"href":"https:\/\/www.article-marketing.eu\/comunicatistampa\/wp-json\/wp\/v2\/posts\/1720\/revisions\/1725"}],"wp:attachment":[{"href":"https:\/\/www.article-marketing.eu\/comunicatistampa\/wp-json\/wp\/v2\/media?parent=1720"}],"wp:term":[{"taxonomy":"category","embeddable":true,"href":"https:\/\/www.article-marketing.eu\/comunicatistampa\/wp-json\/wp\/v2\/categories?post=1720"},{"taxonomy":"post_tag","embeddable":true,"href":"https:\/\/www.article-marketing.eu\/comunicatistampa\/wp-json\/wp\/v2\/tags?post=1720"}],"curies":[{"name":"wp","href":"https:\/\/api.w.org\/{rel}","templated":true}]}}