{"id":17205,"date":"2021-01-22T03:12:10","date_gmt":"2021-01-22T02:12:10","guid":{"rendered":"https:\/\/www.article-marketing.eu\/comunicatistampa\/?p=17205"},"modified":"2021-01-22T03:12:10","modified_gmt":"2021-01-22T02:12:10","slug":"hotel-fronte-mare-jesolo","status":"publish","type":"post","link":"https:\/\/www.article-marketing.eu\/comunicatistampa\/hotel-fronte-mare-jesolo\/","title":{"rendered":"Hotel fronte mare Jesolo"},"content":{"rendered":"<p><a href=\"https:\/\/www.hotelperujesolo.com\/hotel-fronte-mare-jesolo\/\">Hotel Park Per\u00f9<\/a> a Jesolo lido si trova tra piazza Milano e Torino, esso \u00e8 posizionato in modo da poter avere una vista sul mare in ogni angolo, sia per le camere che per la piscina e altri servizi come la spiaggia privata direttamente di fronte all&#8217;hotel.<\/p>\n<p>L&#8217;hotel \u00e8 diviso in vari piani, pi\u00f9 specificatamente in 5 piani, dal quinto piano si pu\u00f2 godere della vista sul mare, una cosa unica, da quest&#8217;altezza si potr\u00e0 intravedere il faro di Jesolo lido, esso si trova molto distante dallo stesso hotel, ma in piccola parte si pu\u00f2 vedere. La maggior parte delle camere del nostro hotel sono appunto vista mare, con ampie vetrate per godere al massimo tutto il giorno la bellezza del nostro mare e del tramonto che si pu\u00f2 notare ogni giorno.<\/p>\n<p>La piscina del nostro hotel \u00e8 posizionata in modo da poter godere della vista mare, mentre vi state rilassando con la vostra famiglia, all&#8217;esterno della piscina potrete trovare dei lettini o comunque delle poltrone comode per rilassarvi osservando il panorama sul mare. Oltre alla piscina, vantiamo di una grande terrazza di bar che del ristorante, cos\u00ec quando consumerete la vostra colazione, pranzo e cena potrete godere della vista sul mare. Al tramonto molte volte si pu\u00f2 godere di una vista e se osserverete bene il mare se il cielo \u00e8 sereno si potranno vedere in lontananza le montagne della Croazia, per scattare delle fotografie mozzafiato.<\/p>\n<p>Nella spiaggia di fronte all&#8217;hotel si trovano vari spot per scattare delle magnifiche foto, per immortalare il tramonto che ogni giorno \u00e8 molto bello con dei colori magnifici grazie alla luce particolare che riflette sull&#8217;acqua, le foto potrebbero essere un momento che potrete vedere sempre anche quando la vostra vacanza finir\u00e0, per non dimenticarvi della vostra magnifica vacanza passata qui con noi a Jesolo.<\/p>\n","protected":false},"excerpt":{"rendered":"<p>Hotel Park Per\u00f9 a Jesolo lido si trova tra piazza Milano e Torino, esso \u00e8 posizionato in modo da poter avere una vista sul mare in ogni angolo, sia per le camere che per la piscina e altri servizi come la spiaggia privata direttamente di fronte all&#8217;hotel. L&#8217;hotel \u00e8 diviso in vari piani, pi\u00f9 specificatamente in 5 piani, dal quinto piano si pu\u00f2 godere della vista sul mare, una cosa<\/p>\n<p><a class=\"continue-reading\" href=\"https:\/\/www.article-marketing.eu\/comunicatistampa\/hotel-fronte-mare-jesolo\/\">Continue reading&#8230;<\/a><\/p>\n","protected":false},"author":2458,"featured_media":0,"comment_status":"open","ping_status":"open","sticky":false,"template":"","format":"standard","meta":{"_monsterinsights_skip_tracking":false,"_monsterinsights_sitenote_active":false,"_monsterinsights_sitenote_note":"","_monsterinsights_sitenote_category":0,"footnotes":""},"categories":[416,348,418,346],"tags":[6382,7059,870,7058],"class_list":["post-17205","post","type-post","status-publish","format-standard","hentry","category-ambiente","category-destinazioni","category-natura","category-viaggi-e-turismo","tag-hotel-fronte-mare-jesolo","tag-tramonto","tag-vacanze","tag-vista-sul-mare"],"yoast_head":"<!-- This site is optimized with the Yoast SEO plugin v27.3 - https:\/\/yoast.com\/product\/yoast-seo-wordpress\/ -->\n<title>Hotel fronte mare Jesolo - Article Marketing<\/title>\n<meta name=\"description\" content=\"Hotel affacciato sul mare, tra piazza Milano e Torino. Uno spettacolo naturale per godervi al meglio le vostre vacanze e rilassarvi!\" \/>\n<meta name=\"robots\" content=\"index, follow, max-snippet:-1, max-image-preview:large, max-video-preview:-1\" \/>\n<link rel=\"canonical\" href=\"https:\/\/www.article-marketing.eu\/comunicatistampa\/hotel-fronte-mare-jesolo\/\" \/>\n<meta property=\"og:locale\" content=\"it_IT\" \/>\n<meta property=\"og:type\" content=\"article\" \/>\n<meta property=\"og:title\" content=\"Hotel fronte mare Jesolo - Article Marketing\" \/>\n<meta property=\"og:description\" content=\"Hotel affacciato sul mare, tra piazza Milano e Torino. Uno spettacolo naturale per godervi al meglio le vostre vacanze e rilassarvi!\" \/>\n<meta property=\"og:url\" content=\"https:\/\/www.article-marketing.eu\/comunicatistampa\/hotel-fronte-mare-jesolo\/\" \/>\n<meta property=\"og:site_name\" content=\"Article Marketing\" \/>\n<meta property=\"article:published_time\" content=\"2021-01-22T02:12:10+00:00\" \/>\n<meta name=\"author\" content=\"mediacy\" \/>\n<meta name=\"twitter:card\" content=\"summary_large_image\" \/>\n<meta name=\"twitter:label1\" content=\"Scritto da\" \/>\n\t<meta name=\"twitter:data1\" content=\"mediacy\" \/>\n\t<meta name=\"twitter:label2\" content=\"Tempo di lettura stimato\" \/>\n\t<meta name=\"twitter:data2\" content=\"2 minuti\" \/>\n<script type=\"application\/ld+json\" class=\"yoast-schema-graph\">{\"@context\":\"https:\\\/\\\/schema.org\",\"@graph\":[{\"@type\":\"Article\",\"@id\":\"https:\\\/\\\/www.article-marketing.eu\\\/comunicatistampa\\\/hotel-fronte-mare-jesolo\\\/#article\",\"isPartOf\":{\"@id\":\"https:\\\/\\\/www.article-marketing.eu\\\/comunicatistampa\\\/hotel-fronte-mare-jesolo\\\/\"},\"author\":{\"name\":\"mediacy\",\"@id\":\"https:\\\/\\\/www.article-marketing.eu\\\/comunicatistampa\\\/#\\\/schema\\\/person\\\/413866b0020ff22c9c3a03b80c5596eb\"},\"headline\":\"Hotel fronte mare Jesolo\",\"datePublished\":\"2021-01-22T02:12:10+00:00\",\"mainEntityOfPage\":{\"@id\":\"https:\\\/\\\/www.article-marketing.eu\\\/comunicatistampa\\\/hotel-fronte-mare-jesolo\\\/\"},\"wordCount\":299,\"commentCount\":0,\"keywords\":[\"hotel fronte mare Jesolo\",\"tramonto\",\"vacanze\",\"vista sul mare\"],\"articleSection\":[\"Ambiente\",\"Destinazioni\",\"Natura\",\"Viaggi e turismo\"],\"inLanguage\":\"it-IT\",\"potentialAction\":[{\"@type\":\"CommentAction\",\"name\":\"Comment\",\"target\":[\"https:\\\/\\\/www.article-marketing.eu\\\/comunicatistampa\\\/hotel-fronte-mare-jesolo\\\/#respond\"]}]},{\"@type\":\"WebPage\",\"@id\":\"https:\\\/\\\/www.article-marketing.eu\\\/comunicatistampa\\\/hotel-fronte-mare-jesolo\\\/\",\"url\":\"https:\\\/\\\/www.article-marketing.eu\\\/comunicatistampa\\\/hotel-fronte-mare-jesolo\\\/\",\"name\":\"Hotel fronte mare Jesolo - Article Marketing\",\"isPartOf\":{\"@id\":\"https:\\\/\\\/www.article-marketing.eu\\\/comunicatistampa\\\/#website\"},\"datePublished\":\"2021-01-22T02:12:10+00:00\",\"author\":{\"@id\":\"https:\\\/\\\/www.article-marketing.eu\\\/comunicatistampa\\\/#\\\/schema\\\/person\\\/413866b0020ff22c9c3a03b80c5596eb\"},\"description\":\"Hotel affacciato sul mare, tra piazza Milano e Torino. Uno spettacolo naturale per godervi al meglio le vostre vacanze e rilassarvi!\",\"breadcrumb\":{\"@id\":\"https:\\\/\\\/www.article-marketing.eu\\\/comunicatistampa\\\/hotel-fronte-mare-jesolo\\\/#breadcrumb\"},\"inLanguage\":\"it-IT\",\"potentialAction\":[{\"@type\":\"ReadAction\",\"target\":[\"https:\\\/\\\/www.article-marketing.eu\\\/comunicatistampa\\\/hotel-fronte-mare-jesolo\\\/\"]}]},{\"@type\":\"BreadcrumbList\",\"@id\":\"https:\\\/\\\/www.article-marketing.eu\\\/comunicatistampa\\\/hotel-fronte-mare-jesolo\\\/#breadcrumb\",\"itemListElement\":[{\"@type\":\"ListItem\",\"position\":1,\"name\":\"Home\",\"item\":\"https:\\\/\\\/www.article-marketing.eu\\\/comunicatistampa\\\/\"},{\"@type\":\"ListItem\",\"position\":2,\"name\":\"Hotel fronte mare Jesolo\"}]},{\"@type\":\"WebSite\",\"@id\":\"https:\\\/\\\/www.article-marketing.eu\\\/comunicatistampa\\\/#website\",\"url\":\"https:\\\/\\\/www.article-marketing.eu\\\/comunicatistampa\\\/\",\"name\":\"Article Marketing\",\"description\":\"article marketing &amp; press release\",\"potentialAction\":[{\"@type\":\"SearchAction\",\"target\":{\"@type\":\"EntryPoint\",\"urlTemplate\":\"https:\\\/\\\/www.article-marketing.eu\\\/comunicatistampa\\\/?s={search_term_string}\"},\"query-input\":{\"@type\":\"PropertyValueSpecification\",\"valueRequired\":true,\"valueName\":\"search_term_string\"}}],\"inLanguage\":\"it-IT\"},{\"@type\":\"Person\",\"@id\":\"https:\\\/\\\/www.article-marketing.eu\\\/comunicatistampa\\\/#\\\/schema\\\/person\\\/413866b0020ff22c9c3a03b80c5596eb\",\"name\":\"mediacy\",\"image\":{\"@type\":\"ImageObject\",\"inLanguage\":\"it-IT\",\"@id\":\"https:\\\/\\\/secure.gravatar.com\\\/avatar\\\/65f922f257ce08edc42ee0a9ff965fd8daadbae8b6730f3b0261225132c3a7af?s=96&d=mm&r=g\",\"url\":\"https:\\\/\\\/secure.gravatar.com\\\/avatar\\\/65f922f257ce08edc42ee0a9ff965fd8daadbae8b6730f3b0261225132c3a7af?s=96&d=mm&r=g\",\"contentUrl\":\"https:\\\/\\\/secure.gravatar.com\\\/avatar\\\/65f922f257ce08edc42ee0a9ff965fd8daadbae8b6730f3b0261225132c3a7af?s=96&d=mm&r=g\",\"caption\":\"mediacy\"},\"url\":\"https:\\\/\\\/www.article-marketing.eu\\\/comunicatistampa\\\/author\\\/mediacy\\\/\"}]}<\/script>\n<!-- \/ Yoast SEO plugin. -->","yoast_head_json":{"title":"Hotel fronte mare Jesolo - Article Marketing","description":"Hotel affacciato sul mare, tra piazza Milano e Torino. Uno spettacolo naturale per godervi al meglio le vostre vacanze e rilassarvi!","robots":{"index":"index","follow":"follow","max-snippet":"max-snippet:-1","max-image-preview":"max-image-preview:large","max-video-preview":"max-video-preview:-1"},"canonical":"https:\/\/www.article-marketing.eu\/comunicatistampa\/hotel-fronte-mare-jesolo\/","og_locale":"it_IT","og_type":"article","og_title":"Hotel fronte mare Jesolo - Article Marketing","og_description":"Hotel affacciato sul mare, tra piazza Milano e Torino. Uno spettacolo naturale per godervi al meglio le vostre vacanze e rilassarvi!","og_url":"https:\/\/www.article-marketing.eu\/comunicatistampa\/hotel-fronte-mare-jesolo\/","og_site_name":"Article Marketing","article_published_time":"2021-01-22T02:12:10+00:00","author":"mediacy","twitter_card":"summary_large_image","twitter_misc":{"Scritto da":"mediacy","Tempo di lettura stimato":"2 minuti"},"schema":{"@context":"https:\/\/schema.org","@graph":[{"@type":"Article","@id":"https:\/\/www.article-marketing.eu\/comunicatistampa\/hotel-fronte-mare-jesolo\/#article","isPartOf":{"@id":"https:\/\/www.article-marketing.eu\/comunicatistampa\/hotel-fronte-mare-jesolo\/"},"author":{"name":"mediacy","@id":"https:\/\/www.article-marketing.eu\/comunicatistampa\/#\/schema\/person\/413866b0020ff22c9c3a03b80c5596eb"},"headline":"Hotel fronte mare Jesolo","datePublished":"2021-01-22T02:12:10+00:00","mainEntityOfPage":{"@id":"https:\/\/www.article-marketing.eu\/comunicatistampa\/hotel-fronte-mare-jesolo\/"},"wordCount":299,"commentCount":0,"keywords":["hotel fronte mare Jesolo","tramonto","vacanze","vista sul mare"],"articleSection":["Ambiente","Destinazioni","Natura","Viaggi e turismo"],"inLanguage":"it-IT","potentialAction":[{"@type":"CommentAction","name":"Comment","target":["https:\/\/www.article-marketing.eu\/comunicatistampa\/hotel-fronte-mare-jesolo\/#respond"]}]},{"@type":"WebPage","@id":"https:\/\/www.article-marketing.eu\/comunicatistampa\/hotel-fronte-mare-jesolo\/","url":"https:\/\/www.article-marketing.eu\/comunicatistampa\/hotel-fronte-mare-jesolo\/","name":"Hotel fronte mare Jesolo - Article Marketing","isPartOf":{"@id":"https:\/\/www.article-marketing.eu\/comunicatistampa\/#website"},"datePublished":"2021-01-22T02:12:10+00:00","author":{"@id":"https:\/\/www.article-marketing.eu\/comunicatistampa\/#\/schema\/person\/413866b0020ff22c9c3a03b80c5596eb"},"description":"Hotel affacciato sul mare, tra piazza Milano e Torino. Uno spettacolo naturale per godervi al meglio le vostre vacanze e rilassarvi!","breadcrumb":{"@id":"https:\/\/www.article-marketing.eu\/comunicatistampa\/hotel-fronte-mare-jesolo\/#breadcrumb"},"inLanguage":"it-IT","potentialAction":[{"@type":"ReadAction","target":["https:\/\/www.article-marketing.eu\/comunicatistampa\/hotel-fronte-mare-jesolo\/"]}]},{"@type":"BreadcrumbList","@id":"https:\/\/www.article-marketing.eu\/comunicatistampa\/hotel-fronte-mare-jesolo\/#breadcrumb","itemListElement":[{"@type":"ListItem","position":1,"name":"Home","item":"https:\/\/www.article-marketing.eu\/comunicatistampa\/"},{"@type":"ListItem","position":2,"name":"Hotel fronte mare Jesolo"}]},{"@type":"WebSite","@id":"https:\/\/www.article-marketing.eu\/comunicatistampa\/#website","url":"https:\/\/www.article-marketing.eu\/comunicatistampa\/","name":"Article Marketing","description":"article marketing &amp; press release","potentialAction":[{"@type":"SearchAction","target":{"@type":"EntryPoint","urlTemplate":"https:\/\/www.article-marketing.eu\/comunicatistampa\/?s={search_term_string}"},"query-input":{"@type":"PropertyValueSpecification","valueRequired":true,"valueName":"search_term_string"}}],"inLanguage":"it-IT"},{"@type":"Person","@id":"https:\/\/www.article-marketing.eu\/comunicatistampa\/#\/schema\/person\/413866b0020ff22c9c3a03b80c5596eb","name":"mediacy","image":{"@type":"ImageObject","inLanguage":"it-IT","@id":"https:\/\/secure.gravatar.com\/avatar\/65f922f257ce08edc42ee0a9ff965fd8daadbae8b6730f3b0261225132c3a7af?s=96&d=mm&r=g","url":"https:\/\/secure.gravatar.com\/avatar\/65f922f257ce08edc42ee0a9ff965fd8daadbae8b6730f3b0261225132c3a7af?s=96&d=mm&r=g","contentUrl":"https:\/\/secure.gravatar.com\/avatar\/65f922f257ce08edc42ee0a9ff965fd8daadbae8b6730f3b0261225132c3a7af?s=96&d=mm&r=g","caption":"mediacy"},"url":"https:\/\/www.article-marketing.eu\/comunicatistampa\/author\/mediacy\/"}]}},"_links":{"self":[{"href":"https:\/\/www.article-marketing.eu\/comunicatistampa\/wp-json\/wp\/v2\/posts\/17205","targetHints":{"allow":["GET"]}}],"collection":[{"href":"https:\/\/www.article-marketing.eu\/comunicatistampa\/wp-json\/wp\/v2\/posts"}],"about":[{"href":"https:\/\/www.article-marketing.eu\/comunicatistampa\/wp-json\/wp\/v2\/types\/post"}],"author":[{"embeddable":true,"href":"https:\/\/www.article-marketing.eu\/comunicatistampa\/wp-json\/wp\/v2\/users\/2458"}],"replies":[{"embeddable":true,"href":"https:\/\/www.article-marketing.eu\/comunicatistampa\/wp-json\/wp\/v2\/comments?post=17205"}],"version-history":[{"count":6,"href":"https:\/\/www.article-marketing.eu\/comunicatistampa\/wp-json\/wp\/v2\/posts\/17205\/revisions"}],"predecessor-version":[{"id":17253,"href":"https:\/\/www.article-marketing.eu\/comunicatistampa\/wp-json\/wp\/v2\/posts\/17205\/revisions\/17253"}],"wp:attachment":[{"href":"https:\/\/www.article-marketing.eu\/comunicatistampa\/wp-json\/wp\/v2\/media?parent=17205"}],"wp:term":[{"taxonomy":"category","embeddable":true,"href":"https:\/\/www.article-marketing.eu\/comunicatistampa\/wp-json\/wp\/v2\/categories?post=17205"},{"taxonomy":"post_tag","embeddable":true,"href":"https:\/\/www.article-marketing.eu\/comunicatistampa\/wp-json\/wp\/v2\/tags?post=17205"}],"curies":[{"name":"wp","href":"https:\/\/api.w.org\/{rel}","templated":true}]}}