{"id":1728,"date":"2017-04-03T22:28:23","date_gmt":"2017-04-03T20:28:23","guid":{"rendered":"http:\/\/www.article-marketing.eu\/comunicatistampa\/?p=1728"},"modified":"2020-08-10T01:48:12","modified_gmt":"2020-08-09T23:48:12","slug":"150-coristi-al-3-festival-internazionale-di-cori-amatoriali-serata-di-beneficenza-a-spazio-reale","status":"publish","type":"post","link":"https:\/\/www.article-marketing.eu\/comunicatistampa\/150-coristi-al-3-festival-internazionale-di-cori-amatoriali-serata-di-beneficenza-a-spazio-reale\/","title":{"rendered":"150 coristi al 3\u00b0 festival internazionale di cori amatoriali \u2013  serata di beneficenza a Spazio Reale"},"content":{"rendered":"<p><em>Sabato 8 aprile, al <\/em><a href=\"http:\/\/www.spazioreale.it\"><em>centro congressi di Spazio Reale<\/em><\/a><em> a Campi Bisenzio, dalle ore 20:00, si alterneranno sul palco quattro cori di musica Gospel provenienti sia dalla Piana Fiorentina che dall\u2019Europa grazie all\u2019organizzazione della <\/em><a href=\"http:\/\/www.bisentius.it\/associazione.html\"><em>BTA (Bisentius Tourist Association) <\/em><\/a><em>che unisce numerosi imprenditori turistici della Piana e di Prato. Il <\/em><a href=\"http:\/\/www.essenelle.be\/index.php\"><em>Coro L\u2019Essenelle, da Esneux<\/em><\/a><em> in Belgio, il <\/em><em>Coro Les Voix du Garlaban<\/em><em>, da Aubagne in Francia, il Coro Cantantutticantanchio di Campi Bisenzio e il Coro Caos Armonico dell\u2019Associazione NAHAN di Signa. La serata nasce dalla volont\u00e0 di offrire alla popolazione un momento di incontro e condivisione oltre all\u2019opportunit\u00e0 di raccogliere fondi da destinare ad un\u2019Associazione di non vedenti per l\u2019acquisto di un cane guida. Fondamentale \u00e8 stato il supporto da parte dell\u2019Ufficio dei Consulenti Finanziari di Prato della <\/em><em>Banca Mediolanum<\/em><em> che ha creduto e sostenuto il progetto. <\/em><\/p>\n<p>&nbsp;<\/p>\n<p><strong>La terza edizione del<\/strong><strong> festival internazionale di cori amatoriali si terr\u00e0 nella Main Hall di Spazio Reale, via Di San Donnino 4\/6 a Campi Bisenzio, sabato 8 aprile dalle ore 20:00. <\/strong>La serata nasce dalla sinergia di numerose realt\u00e0 del territorio della Piana Fiorentina: dalla BTA (Bisentius Tourist Association) al Lions Club delle Signe passando per l\u2019azienda Chi.Ma, la fondazione culturale francese Aicler Provence e l\u2019Ufficio dei Consulenti Finanziari di Prato della Banca Mediolanum. <strong>Tutti insieme per organizzare una serata in cui sar\u00e0 possibile effettuare una donazione di 7,00\u20ac che andr\u00e0 in beneficenza ad un\u2019Associazione di non vedenti per l\u2019acquisto di un cane guida.<\/strong><\/p>\n<p>&nbsp;<\/p>\n<p><strong>Per l\u2019occasione verranno a Firenze, dal Belgio e dalla Francia, pi\u00f9 di 100 coristi che uniranno e alterneranno le loro voci a quelle dei membri del <\/strong><strong>Coro Cantantutticantanchio<\/strong><strong> di Campi Bisenzio e del <\/strong><strong>Coro Caos Armonico dell\u2019Associazione NAHAN di Signa<\/strong><strong>.<\/strong> Insieme accompagneranno il pubblico sulle note delle pi\u00f9 famose canzoni Gospel nazionali ed internazionali per rendere la serata divertente e ricca di emozioni.<\/p>\n<p>&nbsp;<\/p>\n<p>\u201c<em>\u00c8 naturale pensare, credere e dimostrare con fatti e poche parole, che nonostante il protrarsi della crisi<\/em>\u201d &#8211;\u00a0 afferma <strong>Bruno Migneco<\/strong>,<strong> presidente della <em>Bisentius Tourist Association<\/em><\/strong>\u00a0 \u201c<em>l\u2019unione, la passione, l\u2019abnegazione e l\u2019inventiva dell\u2019essere umano portano sempre con immutato successo al raggiungimento di uno scopo e di un bene comune. <strong>La speranza di tutti noi consiste nel far diventare questo festival una rassegna annuale che, con l\u2019apporto di vari soggetti pubblici e privati, si migliorer\u00e0 nel tempo e dar\u00e0 visibilit\u00e0 a tutto il territorio metropolitano a Nord-Ovest di Firenze e alla Provincia di Prato. <\/strong>Un sentito grazie, a nome di tutti gli organizzatori, va a coloro che ci hanno aiutato ed a chi vorr\u00e0 premiare la nostra fatica con la gradita presenza e partecipazione a questo evento.<\/em>\u201d<\/p>\n<p>&nbsp;<\/p>\n<p>Per informazioni e prenotazioni scrivere a b.migneco@westflorencehotel.it.<\/p>\n<p>&nbsp;<\/p>\n<p>Per rimanere aggiornato su tutti gli eventi e le attivit\u00e0 della\u00a0Fondazione Spazio Reale, s<em>eguici\u00a0su<\/em><em>\u00a0<\/em><strong><em>Facebook<\/em><\/strong><em>,<\/em><em>\u00a0<\/em><em><strong>Twitter<\/strong><\/em><em>,\u00a0<\/em><em><strong>Instagram<\/strong><\/em><em><strong>\u00a0<\/strong><\/em><em>e\u00a0<\/em><em><strong>YouTube<\/strong><\/em><em>.\u00a0<\/em><\/p>\n<p><em>\u00a0<\/em><\/p>\n<p><em>Dr. Michele Pasotti, Segreteria Comunicazione Fondazione Spazio Reale Impresa Sociale, 055 8991336 &#8211; e-mail: <\/em><em>segreteriacomunicazione@spazioreale.it<\/em><\/p>\n","protected":false},"excerpt":{"rendered":"<p>Sabato 8 aprile, al centro congressi di Spazio Reale a Campi Bisenzio, dalle ore 20:00, si alterneranno sul palco quattro cori di musica Gospel provenienti sia dalla Piana Fiorentina che dall\u2019Europa grazie all\u2019organizzazione della BTA (Bisentius Tourist Association) che unisce numerosi imprenditori turistici della Piana e di Prato. Il Coro L\u2019Essenelle, da Esneux in Belgio, il Coro Les Voix du Garlaban, da Aubagne in Francia, il Coro Cantantutticantanchio di Campi<\/p>\n<p><a class=\"continue-reading\" href=\"https:\/\/www.article-marketing.eu\/comunicatistampa\/150-coristi-al-3-festival-internazionale-di-cori-amatoriali-serata-di-beneficenza-a-spazio-reale\/\">Continue reading&#8230;<\/a><\/p>\n","protected":false},"author":50,"featured_media":0,"comment_status":"open","ping_status":"open","sticky":false,"template":"","format":"standard","meta":{"_monsterinsights_skip_tracking":false,"_monsterinsights_sitenote_active":false,"_monsterinsights_sitenote_note":"","_monsterinsights_sitenote_category":0,"footnotes":""},"categories":[407,78,386,392,367],"tags":[938,940,505,937,939,510],"class_list":["post-1728","post","type-post","status-publish","format-standard","hentry","category-arte-e-cultura","category-comunicati-stampa","category-economia-e-lavoro","category-eventi","category-news-e-attualita","tag-cori","tag-evento","tag-firenze","tag-gospel","tag-gratuito","tag-toscana"],"yoast_head":"<!-- This site is optimized with the Yoast SEO plugin v27.3 - https:\/\/yoast.com\/product\/yoast-seo-wordpress\/ -->\n<title>150 coristi al 3\u00b0 festival internazionale di cori amatoriali \u2013 serata di beneficenza a Spazio Reale - Article Marketing<\/title>\n<meta name=\"robots\" content=\"index, follow, max-snippet:-1, max-image-preview:large, max-video-preview:-1\" \/>\n<link rel=\"canonical\" href=\"https:\/\/www.article-marketing.eu\/comunicatistampa\/150-coristi-al-3-festival-internazionale-di-cori-amatoriali-serata-di-beneficenza-a-spazio-reale\/\" \/>\n<meta property=\"og:locale\" content=\"it_IT\" \/>\n<meta property=\"og:type\" content=\"article\" \/>\n<meta property=\"og:title\" content=\"150 coristi al 3\u00b0 festival internazionale di cori amatoriali \u2013 serata di beneficenza a Spazio Reale - Article Marketing\" \/>\n<meta property=\"og:description\" content=\"Sabato 8 aprile, al centro congressi di Spazio Reale a Campi Bisenzio, dalle ore 20:00, si alterneranno sul palco quattro cori di musica Gospel provenienti sia dalla Piana Fiorentina che dall\u2019Europa grazie all\u2019organizzazione della BTA (Bisentius Tourist Association) che unisce numerosi imprenditori turistici della Piana e di Prato. Il Coro L\u2019Essenelle, da Esneux in Belgio, il Coro Les Voix du Garlaban, da Aubagne in Francia, il Coro Cantantutticantanchio di CampiContinue reading...\" \/>\n<meta property=\"og:url\" content=\"https:\/\/www.article-marketing.eu\/comunicatistampa\/150-coristi-al-3-festival-internazionale-di-cori-amatoriali-serata-di-beneficenza-a-spazio-reale\/\" \/>\n<meta property=\"og:site_name\" content=\"Article Marketing\" \/>\n<meta property=\"article:published_time\" content=\"2017-04-03T20:28:23+00:00\" \/>\n<meta property=\"article:modified_time\" content=\"2020-08-09T23:48:12+00:00\" \/>\n<meta name=\"author\" content=\"Spazio Reale\" \/>\n<meta name=\"twitter:card\" content=\"summary_large_image\" \/>\n<meta name=\"twitter:label1\" content=\"Scritto da\" \/>\n\t<meta name=\"twitter:data1\" content=\"Spazio Reale\" \/>\n\t<meta name=\"twitter:label2\" content=\"Tempo di lettura stimato\" \/>\n\t<meta name=\"twitter:data2\" content=\"2 minuti\" \/>\n<script type=\"application\/ld+json\" class=\"yoast-schema-graph\">{\"@context\":\"https:\\\/\\\/schema.org\",\"@graph\":[{\"@type\":\"Article\",\"@id\":\"https:\\\/\\\/www.article-marketing.eu\\\/comunicatistampa\\\/150-coristi-al-3-festival-internazionale-di-cori-amatoriali-serata-di-beneficenza-a-spazio-reale\\\/#article\",\"isPartOf\":{\"@id\":\"https:\\\/\\\/www.article-marketing.eu\\\/comunicatistampa\\\/150-coristi-al-3-festival-internazionale-di-cori-amatoriali-serata-di-beneficenza-a-spazio-reale\\\/\"},\"author\":{\"name\":\"Spazio Reale\",\"@id\":\"https:\\\/\\\/www.article-marketing.eu\\\/comunicatistampa\\\/#\\\/schema\\\/person\\\/e9bf0845c46f90c5a1f241b03d7c9359\"},\"headline\":\"150 coristi al 3\u00b0 festival internazionale di cori amatoriali \u2013 serata di beneficenza a Spazio Reale\",\"datePublished\":\"2017-04-03T20:28:23+00:00\",\"dateModified\":\"2020-08-09T23:48:12+00:00\",\"mainEntityOfPage\":{\"@id\":\"https:\\\/\\\/www.article-marketing.eu\\\/comunicatistampa\\\/150-coristi-al-3-festival-internazionale-di-cori-amatoriali-serata-di-beneficenza-a-spazio-reale\\\/\"},\"wordCount\":504,\"commentCount\":0,\"keywords\":[\"cori\",\"evento\",\"firenze\",\"gospel\",\"gratuito\",\"toscana\"],\"articleSection\":[\"Arte e cultura\",\"Comunicati stampa\",\"Economia e lavoro\",\"Eventi\",\"News e Attualit\u00e0\"],\"inLanguage\":\"it-IT\",\"potentialAction\":[{\"@type\":\"CommentAction\",\"name\":\"Comment\",\"target\":[\"https:\\\/\\\/www.article-marketing.eu\\\/comunicatistampa\\\/150-coristi-al-3-festival-internazionale-di-cori-amatoriali-serata-di-beneficenza-a-spazio-reale\\\/#respond\"]}]},{\"@type\":\"WebPage\",\"@id\":\"https:\\\/\\\/www.article-marketing.eu\\\/comunicatistampa\\\/150-coristi-al-3-festival-internazionale-di-cori-amatoriali-serata-di-beneficenza-a-spazio-reale\\\/\",\"url\":\"https:\\\/\\\/www.article-marketing.eu\\\/comunicatistampa\\\/150-coristi-al-3-festival-internazionale-di-cori-amatoriali-serata-di-beneficenza-a-spazio-reale\\\/\",\"name\":\"150 coristi al 3\u00b0 festival internazionale di cori amatoriali \u2013 serata di beneficenza a Spazio Reale - Article Marketing\",\"isPartOf\":{\"@id\":\"https:\\\/\\\/www.article-marketing.eu\\\/comunicatistampa\\\/#website\"},\"datePublished\":\"2017-04-03T20:28:23+00:00\",\"dateModified\":\"2020-08-09T23:48:12+00:00\",\"author\":{\"@id\":\"https:\\\/\\\/www.article-marketing.eu\\\/comunicatistampa\\\/#\\\/schema\\\/person\\\/e9bf0845c46f90c5a1f241b03d7c9359\"},\"breadcrumb\":{\"@id\":\"https:\\\/\\\/www.article-marketing.eu\\\/comunicatistampa\\\/150-coristi-al-3-festival-internazionale-di-cori-amatoriali-serata-di-beneficenza-a-spazio-reale\\\/#breadcrumb\"},\"inLanguage\":\"it-IT\",\"potentialAction\":[{\"@type\":\"ReadAction\",\"target\":[\"https:\\\/\\\/www.article-marketing.eu\\\/comunicatistampa\\\/150-coristi-al-3-festival-internazionale-di-cori-amatoriali-serata-di-beneficenza-a-spazio-reale\\\/\"]}]},{\"@type\":\"BreadcrumbList\",\"@id\":\"https:\\\/\\\/www.article-marketing.eu\\\/comunicatistampa\\\/150-coristi-al-3-festival-internazionale-di-cori-amatoriali-serata-di-beneficenza-a-spazio-reale\\\/#breadcrumb\",\"itemListElement\":[{\"@type\":\"ListItem\",\"position\":1,\"name\":\"Home\",\"item\":\"https:\\\/\\\/www.article-marketing.eu\\\/comunicatistampa\\\/\"},{\"@type\":\"ListItem\",\"position\":2,\"name\":\"150 coristi al 3\u00b0 festival internazionale di cori amatoriali \u2013 serata di beneficenza a Spazio Reale\"}]},{\"@type\":\"WebSite\",\"@id\":\"https:\\\/\\\/www.article-marketing.eu\\\/comunicatistampa\\\/#website\",\"url\":\"https:\\\/\\\/www.article-marketing.eu\\\/comunicatistampa\\\/\",\"name\":\"Article Marketing\",\"description\":\"article marketing &amp; press release\",\"potentialAction\":[{\"@type\":\"SearchAction\",\"target\":{\"@type\":\"EntryPoint\",\"urlTemplate\":\"https:\\\/\\\/www.article-marketing.eu\\\/comunicatistampa\\\/?s={search_term_string}\"},\"query-input\":{\"@type\":\"PropertyValueSpecification\",\"valueRequired\":true,\"valueName\":\"search_term_string\"}}],\"inLanguage\":\"it-IT\"},{\"@type\":\"Person\",\"@id\":\"https:\\\/\\\/www.article-marketing.eu\\\/comunicatistampa\\\/#\\\/schema\\\/person\\\/e9bf0845c46f90c5a1f241b03d7c9359\",\"name\":\"Spazio Reale\",\"image\":{\"@type\":\"ImageObject\",\"inLanguage\":\"it-IT\",\"@id\":\"https:\\\/\\\/secure.gravatar.com\\\/avatar\\\/de27c856b5a7e55054c1cb4f5043371dc937bc0803e57a7c576fe03530928179?s=96&d=mm&r=g\",\"url\":\"https:\\\/\\\/secure.gravatar.com\\\/avatar\\\/de27c856b5a7e55054c1cb4f5043371dc937bc0803e57a7c576fe03530928179?s=96&d=mm&r=g\",\"contentUrl\":\"https:\\\/\\\/secure.gravatar.com\\\/avatar\\\/de27c856b5a7e55054c1cb4f5043371dc937bc0803e57a7c576fe03530928179?s=96&d=mm&r=g\",\"caption\":\"Spazio Reale\"},\"description\":\"A pochi chilometri da Firenze, nel 1995 \u00e8 sorto Spazio Reale, un centro polifunzionale di coesione sociale e intercultura che ha avuto la capacit\u00e0 e il merito di riqualificare un\u2019area pi\u00f9 volte definita \u201cperiferia delle periferie\u201d. Spazio Reale ha integrato i servizi offerti, senza tralasciare l\u2019essenza della propria mission: promuovere la coesione sociale attraverso l\u2019interazione tra persone di diverse generazioni, abilita e culture, diffondere conoscenza e saperi ospitando ed organizzando eventi culturali, aziendali, sportivi e ludici, valorizzando l\u2019identit\u00e0 delle persone e del territorio. Oggi Spazio Reale \u00e8 un centro congressuale, sportivo, formativo e ristorativo orientato alla cultura della socializzazione, formazione e organizzazione di eventi di ogni tipologia. Parliamo della vasta gamma di attivit\u00e0 realizzabili sui 5000 mq dedicati agli eventi, di cui 900 della Main Hall, sui 4000 degli impianti sportivi e nelle aule dell\u2019agenzia formativa accreditata dal Miur e da Regione Toscana. A cui aggiungere: lo sportello di orientamento al lavoro, il coworking, la terrazza panoramica, il bar\\\/ristorante, i 2500mq di parco Oltregioco dedicato ai bambini e la parte ricettiva con i suoi 75 posti letto. In pratica Spazio Reale offre tutte le comodit\u00e0 di un grande campus con servizi a 360\u00b0 compreso l\u2019enorme parcheggio a disposizione. Di recente \u00e8 stato dato un nuovo look agli spazi esterni e all\u2019area ristorativa per far emergere i punti di forza della struttura quali la flessibilit\u00e0, la ricchezza degli spazi e il supporto messi a disposizione di chi organizza qui il proprio evento.\",\"sameAs\":[\"http:\\\/\\\/www.spazioreale.it\"],\"url\":\"https:\\\/\\\/www.article-marketing.eu\\\/comunicatistampa\\\/author\\\/spazio-reale\\\/\"}]}<\/script>\n<!-- \/ Yoast SEO plugin. -->","yoast_head_json":{"title":"150 coristi al 3\u00b0 festival internazionale di cori amatoriali \u2013 serata di beneficenza a Spazio Reale - Article Marketing","robots":{"index":"index","follow":"follow","max-snippet":"max-snippet:-1","max-image-preview":"max-image-preview:large","max-video-preview":"max-video-preview:-1"},"canonical":"https:\/\/www.article-marketing.eu\/comunicatistampa\/150-coristi-al-3-festival-internazionale-di-cori-amatoriali-serata-di-beneficenza-a-spazio-reale\/","og_locale":"it_IT","og_type":"article","og_title":"150 coristi al 3\u00b0 festival internazionale di cori amatoriali \u2013 serata di beneficenza a Spazio Reale - Article Marketing","og_description":"Sabato 8 aprile, al centro congressi di Spazio Reale a Campi Bisenzio, dalle ore 20:00, si alterneranno sul palco quattro cori di musica Gospel provenienti sia dalla Piana Fiorentina che dall\u2019Europa grazie all\u2019organizzazione della BTA (Bisentius Tourist Association) che unisce numerosi imprenditori turistici della Piana e di Prato. Il Coro L\u2019Essenelle, da Esneux in Belgio, il Coro Les Voix du Garlaban, da Aubagne in Francia, il Coro Cantantutticantanchio di CampiContinue reading...","og_url":"https:\/\/www.article-marketing.eu\/comunicatistampa\/150-coristi-al-3-festival-internazionale-di-cori-amatoriali-serata-di-beneficenza-a-spazio-reale\/","og_site_name":"Article Marketing","article_published_time":"2017-04-03T20:28:23+00:00","article_modified_time":"2020-08-09T23:48:12+00:00","author":"Spazio Reale","twitter_card":"summary_large_image","twitter_misc":{"Scritto da":"Spazio Reale","Tempo di lettura stimato":"2 minuti"},"schema":{"@context":"https:\/\/schema.org","@graph":[{"@type":"Article","@id":"https:\/\/www.article-marketing.eu\/comunicatistampa\/150-coristi-al-3-festival-internazionale-di-cori-amatoriali-serata-di-beneficenza-a-spazio-reale\/#article","isPartOf":{"@id":"https:\/\/www.article-marketing.eu\/comunicatistampa\/150-coristi-al-3-festival-internazionale-di-cori-amatoriali-serata-di-beneficenza-a-spazio-reale\/"},"author":{"name":"Spazio Reale","@id":"https:\/\/www.article-marketing.eu\/comunicatistampa\/#\/schema\/person\/e9bf0845c46f90c5a1f241b03d7c9359"},"headline":"150 coristi al 3\u00b0 festival internazionale di cori amatoriali \u2013 serata di beneficenza a Spazio Reale","datePublished":"2017-04-03T20:28:23+00:00","dateModified":"2020-08-09T23:48:12+00:00","mainEntityOfPage":{"@id":"https:\/\/www.article-marketing.eu\/comunicatistampa\/150-coristi-al-3-festival-internazionale-di-cori-amatoriali-serata-di-beneficenza-a-spazio-reale\/"},"wordCount":504,"commentCount":0,"keywords":["cori","evento","firenze","gospel","gratuito","toscana"],"articleSection":["Arte e cultura","Comunicati stampa","Economia e lavoro","Eventi","News e Attualit\u00e0"],"inLanguage":"it-IT","potentialAction":[{"@type":"CommentAction","name":"Comment","target":["https:\/\/www.article-marketing.eu\/comunicatistampa\/150-coristi-al-3-festival-internazionale-di-cori-amatoriali-serata-di-beneficenza-a-spazio-reale\/#respond"]}]},{"@type":"WebPage","@id":"https:\/\/www.article-marketing.eu\/comunicatistampa\/150-coristi-al-3-festival-internazionale-di-cori-amatoriali-serata-di-beneficenza-a-spazio-reale\/","url":"https:\/\/www.article-marketing.eu\/comunicatistampa\/150-coristi-al-3-festival-internazionale-di-cori-amatoriali-serata-di-beneficenza-a-spazio-reale\/","name":"150 coristi al 3\u00b0 festival internazionale di cori amatoriali \u2013 serata di beneficenza a Spazio Reale - Article Marketing","isPartOf":{"@id":"https:\/\/www.article-marketing.eu\/comunicatistampa\/#website"},"datePublished":"2017-04-03T20:28:23+00:00","dateModified":"2020-08-09T23:48:12+00:00","author":{"@id":"https:\/\/www.article-marketing.eu\/comunicatistampa\/#\/schema\/person\/e9bf0845c46f90c5a1f241b03d7c9359"},"breadcrumb":{"@id":"https:\/\/www.article-marketing.eu\/comunicatistampa\/150-coristi-al-3-festival-internazionale-di-cori-amatoriali-serata-di-beneficenza-a-spazio-reale\/#breadcrumb"},"inLanguage":"it-IT","potentialAction":[{"@type":"ReadAction","target":["https:\/\/www.article-marketing.eu\/comunicatistampa\/150-coristi-al-3-festival-internazionale-di-cori-amatoriali-serata-di-beneficenza-a-spazio-reale\/"]}]},{"@type":"BreadcrumbList","@id":"https:\/\/www.article-marketing.eu\/comunicatistampa\/150-coristi-al-3-festival-internazionale-di-cori-amatoriali-serata-di-beneficenza-a-spazio-reale\/#breadcrumb","itemListElement":[{"@type":"ListItem","position":1,"name":"Home","item":"https:\/\/www.article-marketing.eu\/comunicatistampa\/"},{"@type":"ListItem","position":2,"name":"150 coristi al 3\u00b0 festival internazionale di cori amatoriali \u2013 serata di beneficenza a Spazio Reale"}]},{"@type":"WebSite","@id":"https:\/\/www.article-marketing.eu\/comunicatistampa\/#website","url":"https:\/\/www.article-marketing.eu\/comunicatistampa\/","name":"Article Marketing","description":"article marketing &amp; press release","potentialAction":[{"@type":"SearchAction","target":{"@type":"EntryPoint","urlTemplate":"https:\/\/www.article-marketing.eu\/comunicatistampa\/?s={search_term_string}"},"query-input":{"@type":"PropertyValueSpecification","valueRequired":true,"valueName":"search_term_string"}}],"inLanguage":"it-IT"},{"@type":"Person","@id":"https:\/\/www.article-marketing.eu\/comunicatistampa\/#\/schema\/person\/e9bf0845c46f90c5a1f241b03d7c9359","name":"Spazio Reale","image":{"@type":"ImageObject","inLanguage":"it-IT","@id":"https:\/\/secure.gravatar.com\/avatar\/de27c856b5a7e55054c1cb4f5043371dc937bc0803e57a7c576fe03530928179?s=96&d=mm&r=g","url":"https:\/\/secure.gravatar.com\/avatar\/de27c856b5a7e55054c1cb4f5043371dc937bc0803e57a7c576fe03530928179?s=96&d=mm&r=g","contentUrl":"https:\/\/secure.gravatar.com\/avatar\/de27c856b5a7e55054c1cb4f5043371dc937bc0803e57a7c576fe03530928179?s=96&d=mm&r=g","caption":"Spazio Reale"},"description":"A pochi chilometri da Firenze, nel 1995 \u00e8 sorto Spazio Reale, un centro polifunzionale di coesione sociale e intercultura che ha avuto la capacit\u00e0 e il merito di riqualificare un\u2019area pi\u00f9 volte definita \u201cperiferia delle periferie\u201d. Spazio Reale ha integrato i servizi offerti, senza tralasciare l\u2019essenza della propria mission: promuovere la coesione sociale attraverso l\u2019interazione tra persone di diverse generazioni, abilita e culture, diffondere conoscenza e saperi ospitando ed organizzando eventi culturali, aziendali, sportivi e ludici, valorizzando l\u2019identit\u00e0 delle persone e del territorio. Oggi Spazio Reale \u00e8 un centro congressuale, sportivo, formativo e ristorativo orientato alla cultura della socializzazione, formazione e organizzazione di eventi di ogni tipologia. Parliamo della vasta gamma di attivit\u00e0 realizzabili sui 5000 mq dedicati agli eventi, di cui 900 della Main Hall, sui 4000 degli impianti sportivi e nelle aule dell\u2019agenzia formativa accreditata dal Miur e da Regione Toscana. A cui aggiungere: lo sportello di orientamento al lavoro, il coworking, la terrazza panoramica, il bar\/ristorante, i 2500mq di parco Oltregioco dedicato ai bambini e la parte ricettiva con i suoi 75 posti letto. In pratica Spazio Reale offre tutte le comodit\u00e0 di un grande campus con servizi a 360\u00b0 compreso l\u2019enorme parcheggio a disposizione. Di recente \u00e8 stato dato un nuovo look agli spazi esterni e all\u2019area ristorativa per far emergere i punti di forza della struttura quali la flessibilit\u00e0, la ricchezza degli spazi e il supporto messi a disposizione di chi organizza qui il proprio evento.","sameAs":["http:\/\/www.spazioreale.it"],"url":"https:\/\/www.article-marketing.eu\/comunicatistampa\/author\/spazio-reale\/"}]}},"_links":{"self":[{"href":"https:\/\/www.article-marketing.eu\/comunicatistampa\/wp-json\/wp\/v2\/posts\/1728","targetHints":{"allow":["GET"]}}],"collection":[{"href":"https:\/\/www.article-marketing.eu\/comunicatistampa\/wp-json\/wp\/v2\/posts"}],"about":[{"href":"https:\/\/www.article-marketing.eu\/comunicatistampa\/wp-json\/wp\/v2\/types\/post"}],"author":[{"embeddable":true,"href":"https:\/\/www.article-marketing.eu\/comunicatistampa\/wp-json\/wp\/v2\/users\/50"}],"replies":[{"embeddable":true,"href":"https:\/\/www.article-marketing.eu\/comunicatistampa\/wp-json\/wp\/v2\/comments?post=1728"}],"version-history":[{"count":2,"href":"https:\/\/www.article-marketing.eu\/comunicatistampa\/wp-json\/wp\/v2\/posts\/1728\/revisions"}],"predecessor-version":[{"id":1749,"href":"https:\/\/www.article-marketing.eu\/comunicatistampa\/wp-json\/wp\/v2\/posts\/1728\/revisions\/1749"}],"wp:attachment":[{"href":"https:\/\/www.article-marketing.eu\/comunicatistampa\/wp-json\/wp\/v2\/media?parent=1728"}],"wp:term":[{"taxonomy":"category","embeddable":true,"href":"https:\/\/www.article-marketing.eu\/comunicatistampa\/wp-json\/wp\/v2\/categories?post=1728"},{"taxonomy":"post_tag","embeddable":true,"href":"https:\/\/www.article-marketing.eu\/comunicatistampa\/wp-json\/wp\/v2\/tags?post=1728"}],"curies":[{"name":"wp","href":"https:\/\/api.w.org\/{rel}","templated":true}]}}