{"id":17290,"date":"2021-01-28T20:03:02","date_gmt":"2021-01-28T19:03:02","guid":{"rendered":"https:\/\/www.article-marketing.eu\/comunicatistampa\/?p=17290"},"modified":"2021-01-28T20:03:02","modified_gmt":"2021-01-28T19:03:02","slug":"webinar-su-lavoro-sicurezza-e-formazione-ai-tempi-del-coronavirus","status":"publish","type":"post","link":"https:\/\/www.article-marketing.eu\/comunicatistampa\/webinar-su-lavoro-sicurezza-e-formazione-ai-tempi-del-coronavirus\/","title":{"rendered":"Webinar su lavoro, sicurezza e formazione ai tempi del coronavirus"},"content":{"rendered":"<h2>Comunicato Stampa<\/h2>\n<h2><strong>Webinar su lavoro, sicurezza e formazione ai tempi del coronavirus<\/strong><\/h2>\n<p><strong><em>La presentazione, in modalit\u00e0 webinar, della ricerca su lavoro, sicurezza e formazione ai tempi del coronavirus. Come \u00e8 stata gestita l\u2019emergenza nelle aziende e tra gli operatori in materia di salute e sicurezza?<\/em><\/strong><\/p>\n<p>&nbsp;<\/p>\n<p>Dopo un anno di pandemia e un\u2019<strong>emergenza COVID-19<\/strong> che \u00e8 entrata, oltre che nelle nostre vite quotidiane, nei luoghi di lavoro modificando l\u2019organizzazione, mutando le priorit\u00e0, ponendo aziende e operatori in materia di salute e sicurezza in condizioni nuove e difficili, ora \u00e8 il tempo di riflettere sulle conseguenze dell\u2019impatto del virus sul mondo del lavoro.<\/p>\n<p>\u00c8 necessario capire, ad esempio, come le aziende e gli operatori hanno fronteggiato e stanno fronteggiando l\u2019emergenza. \u00c8 importante comprendere quali strumenti sono stati utilizzati, quali criticit\u00e0 sono state riscontrate, quali sono le impressioni generali dei vari attori della sicurezza aziendale, cosa si pu\u00f2 fare, in futuro, per migliorare la prevenzione e la gestione di queste fasi di crisi.<\/p>\n<p>&nbsp;<\/p>\n<p><strong>Il nuovo webinar su lavoro, sicurezza e formazione ai tempi del coronavirus<\/strong><\/p>\n<p>Proprio per poter approfondire l\u2019impatto dell\u2019emergenza COVID-19 l\u2019<strong>Associazione Italiana Formatori ed Operatori della Sicurezza sul Lavoro<\/strong> (AiFOS) ha realizzato nel 2020 una importante attivit\u00e0 di ricerca per indagare come i professionisti della sicurezza hanno gestito la fase emergenziale. Attivit\u00e0 di ricerca, dal titolo \u201c<strong>Lavoro, sicurezza e formazione ai tempi del coronavirus<\/strong>\u201d, che \u00e8 stata presentata il 3 dicembre ad <strong>Ambiente Lavoro<\/strong> e raccolta e commentata nel <strong>Rapporto AiFOS 2020<\/strong>, pubblicato sulla rivista \u201c<strong>Quaderni della sicurezza AiFOS<\/strong>\u201d n. 4\/2020.<\/p>\n<p>Perch\u00e9 questa ricerca possa diventare un reale e diffuso <strong>momento di riflessione e supporto<\/strong> per chi opera nel campo della salute e sicurezza nei luoghi di vita e di lavoro, l\u2019Associazione AiFOS organizza per il <strong>10 febbraio 2021<\/strong> il <strong>seminario gratuito<\/strong> in modalit\u00e0 webinar \u201c<strong>Lavoro, sicurezza e formazione ai tempi del coronavirus<\/strong>\u201d.<\/p>\n<p>Il seminario si terr\u00e0 a distanza, in <strong>modalit\u00e0<\/strong> <strong>webinar<\/strong>, un termine nato dalla fusione dei termini <strong>web<\/strong> e <strong>seminar<\/strong> e utilizzato per identificare sessioni informative e formative a cui \u00e8 possibile prender parte attraverso una connessione informatica.<\/p>\n<p>&nbsp;<\/p>\n<p><strong>I temi affrontati dalla ricerca in materia di emergenza e lavoro<\/strong><\/p>\n<p>La ricerca, pubblicata all\u2019interno del <strong>Rapporto AiFOS 2020<\/strong>, si \u00e8 svolta attraverso la compilazione di <strong>questionari<\/strong>, in forma anonima, tra la fine del mese di maggio e il mese di giugno 2020 da <strong>RSPP<\/strong>, <strong>ASPP<\/strong>, <strong>HSE manager<\/strong>, <strong>Consulenti<\/strong> e <strong>Formatori<\/strong> e <strong>Coordinatori di Cantiere<\/strong>. Inoltre nel mese di settembre 2020 l\u2019indagine \u00e8 stata diffusa anche tra i <strong>Medici Competenti<\/strong> per indagare il loro vissuto e le loro opinioni in merito alla fase pi\u00f9 acuta dell\u2019emergenza.<\/p>\n<p>I temi trattati hanno riguardato le modalit\u00e0 con cui le aziende e gli operatori hanno affrontato l\u2019emergenza. Si \u00e8 parlato, ad esempio, di valutazione dei rischi, di protocolli anticontagio, di dispositivi di protezione, di collaborazione tra i diversi attori della sicurezza aziendale.<\/p>\n<p>Si \u00e8 parlato anche di informazione e formazione ai lavoratori, di smart working, della redazione dei piani di sicurezza nei cantieri, del coordinamento nelle fasi di progettazione, di sorveglianza sanitaria, dei rapporti con le aziende sanitarie regionali, \u2026<\/p>\n<p>I dati mostrano, almeno per il capitolo relativo alla valutazione dei rischi, ai protocolli anti-contagio e alla gestione dei dispositivi di protezione individuali, che le aziende italiane, pur nella confusione legislativa che ha caratterizzato l\u2019emergenza, hanno recepito lo spirito della normativa e hanno fatte proprie molte delle prescrizioni.<\/p>\n<p>&nbsp;<\/p>\n<p><strong>Il programma e le informazioni per iscriversi al nuovo webinar<\/strong><\/p>\n<p>Per condividere i risultati della ricerca e le riflessioni sulla gestione dell\u2019emergenza, sulle eventuali criticit\u00e0 e su cosa fare per migliorare la prevenzione e la gestione delle emergenze sanitarie, mercoled\u00ec <strong>10 febbraio 2021<\/strong> \u2013 dalle ore 14.30 alle ore 17.30 \u2013 si terr\u00e0 il seminario gratuito, in modalit\u00e0 webinar, \u201c<strong>Lavoro, sicurezza e formazione ai tempi del coronavirus<\/strong>\u201d.<\/p>\n<p>&nbsp;<\/p>\n<p>Il <strong>programma<\/strong> del seminario:<\/p>\n<p>&nbsp;<\/p>\n<p><strong>Moderatore<\/strong><\/p>\n<p>&#8211; <strong>Francesco Naviglio<\/strong>, <em>Segretario Generale AiFOS<\/em><\/p>\n<p><strong>\u00a0<\/strong><\/p>\n<p><strong>Interventi<\/strong>:<\/p>\n<ul>\n<li><strong>Marco Masi<\/strong>, <em>Presidente Comitato Scientifico AiFOS<\/em>: \u201cIntroduzione alla ricerca AiFOS\u201d<\/li>\n<li><strong>Alberto Andreani<\/strong>, <em>Comitato Scientifico AiFOS<\/em>: \u201cLe responsabilit\u00e0 del datore di lavoro\u201d<\/li>\n<li><strong>Mario Gallo<\/strong>, <em>Comitato Scientifico AiFOS<\/em>: \u201cIl coinvolgimento dei lavoratori\u201d<\/li>\n<li><strong>Renato Bisceglie<\/strong>, <em>Comitato Scientifico AiFOS<\/em>: \u201cSmart working: da normazione a emergenza a lavoro ibrido\u201d<\/li>\n<li><strong>Rocco Vitale<\/strong>, <em>Presidente AiFOS<\/em>: \u201cLa formazione tra passato e futuro\u201d<\/li>\n<li><strong>Stefano Farina<\/strong>, <em>Consigliere Nazionale AiFOS<\/em>: \u201cIl punto di vista dei coordinatori\u201d<\/li>\n<li><strong>Lorenzo Fantini<\/strong>, <em>Direttore dei Quaderni della Sicurezza AiFOS<\/em>: \u201cQuali spunti e prospettive per il futuro?\u201d<\/li>\n<\/ul>\n<p>&nbsp;<\/p>\n<p>Per i partecipanti al webinar sar\u00e0 disponibile un <strong>attestato di presenza<\/strong> valido per il rilascio di <strong>2 crediti<\/strong> per Formatori area tematica n.1 (normativo-organizzativa), RSPP\/ASPP, CSE\/CSP, RLS.<\/p>\n<p>&nbsp;<\/p>\n<p>Il link per avere informazioni e iscriversi al webinar:<\/p>\n<p><a href=\"https:\/\/aifos.org\/home\/eventi\/intev\/convegni_aifos\/lavoro_sicurezza_e_formazione_ai_tempi_del_coronavirus_webinar\">https:\/\/aifos.org\/home\/eventi\/intev\/convegni_aifos\/lavoro_sicurezza_e_formazione_ai_tempi_del_coronavirus_webinar<\/a><\/p>\n<p>&nbsp;<\/p>\n<p>Invitiamo chi volesse conoscere i risultati della ricerca, o volesse approfondire alcune analisi e riflessioni, a richiedere il <strong>Quaderno della Sicurezza AiFOS n. 4\/2020<\/strong> all\u2019indirizzo quaderni@aifos.it.<\/p>\n<p>&nbsp;<\/p>\n<p>Per avere ulteriori <strong>informazioni<\/strong> sulla ricerca e sul nuovo webinar si pu\u00f2 fare riferimento a AiFOS via Branze, 45 &#8211; 25123 Brescia c\/o CSMT, Universit\u00e0 degli Studi di Brescia tel.030.6595031 &#8211; fax 030.6595040 www.aifos.it &#8211; quaderni@aifos.it, \u00a0relazioniesterne@aifos.it.<\/p>\n<p><em>\u00a0<\/em><\/p>\n<p><em>\u00a0<\/em><\/p>\n<p><em>28 gennaio 2021<\/em><\/p>\n<p>&nbsp;<\/p>\n<p>&nbsp;<\/p>\n<p>Ufficio Stampa di AiFOS<\/p>\n<p>ufficiostampa@aifos.it<\/p>\n<p>http:\/\/www.aifos.it\/<\/p>\n","protected":false},"excerpt":{"rendered":"<p>Comunicato Stampa Webinar su lavoro, sicurezza e formazione ai tempi del coronavirus La presentazione, in modalit\u00e0 webinar, della ricerca su lavoro, sicurezza e formazione ai tempi del coronavirus. Come \u00e8 stata gestita l\u2019emergenza nelle aziende e tra gli operatori in materia di salute e sicurezza? &nbsp; Dopo un anno di pandemia e un\u2019emergenza COVID-19 che \u00e8 entrata, oltre che nelle nostre vite quotidiane, nei luoghi di lavoro modificando l\u2019organizzazione, mutando<\/p>\n<p><a class=\"continue-reading\" href=\"https:\/\/www.article-marketing.eu\/comunicatistampa\/webinar-su-lavoro-sicurezza-e-formazione-ai-tempi-del-coronavirus\/\">Continue reading&#8230;<\/a><\/p>\n","protected":false},"author":881,"featured_media":0,"comment_status":"open","ping_status":"open","sticky":false,"template":"","format":"standard","meta":{"_monsterinsights_skip_tracking":false,"_monsterinsights_sitenote_active":false,"_monsterinsights_sitenote_note":"","_monsterinsights_sitenote_category":0,"footnotes":""},"categories":[78,392,378,369,362],"tags":[3301,4851,6922,3235,6923,3043,5941,193,5949,721,6569,6108,6815,3951,6024,6204,3767,174,6023,6342],"class_list":["post-17290","post","type-post","status-publish","format-standard","hentry","category-comunicati-stampa","category-eventi","category-istruzione","category-salute-e-benessere","category-societa","tag-aifos","tag-ambiente-lavoro","tag-aspp","tag-brescia","tag-consulenti-e-formatori-e-coordinatori-di-cantiere","tag-convegno","tag-emergenza-covid-19","tag-formazione","tag-hse-manager","tag-lavoro","tag-medici-competenti","tag-pandemia","tag-quaderni-della-sicurezza-aifos","tag-rspp","tag-sars-cov-2","tag-sicurezza-e-formazione-ai-tempi-del-coronavirus","tag-smart-working","tag-video","tag-videoconferenza","tag-webinar"],"yoast_head":"<!-- This site is optimized with the Yoast SEO plugin v27.3 - https:\/\/yoast.com\/product\/yoast-seo-wordpress\/ -->\n<title>Webinar su lavoro, sicurezza e formazione ai tempi del coronavirus<\/title>\n<meta name=\"robots\" content=\"index, follow, max-snippet:-1, max-image-preview:large, max-video-preview:-1\" \/>\n<link rel=\"canonical\" href=\"https:\/\/www.article-marketing.eu\/comunicatistampa\/webinar-su-lavoro-sicurezza-e-formazione-ai-tempi-del-coronavirus\/\" \/>\n<meta property=\"og:locale\" content=\"it_IT\" \/>\n<meta property=\"og:type\" content=\"article\" \/>\n<meta property=\"og:title\" content=\"Webinar su lavoro, sicurezza e formazione ai tempi del coronavirus\" \/>\n<meta property=\"og:description\" content=\"Comunicato Stampa Webinar su lavoro, sicurezza e formazione ai tempi del coronavirus La presentazione, in modalit\u00e0 webinar, della ricerca su lavoro, sicurezza e formazione ai tempi del coronavirus. Come \u00e8 stata gestita l\u2019emergenza nelle aziende e tra gli operatori in materia di salute e sicurezza? &nbsp; Dopo un anno di pandemia e un\u2019emergenza COVID-19 che \u00e8 entrata, oltre che nelle nostre vite quotidiane, nei luoghi di lavoro modificando l\u2019organizzazione, mutandoContinue reading...\" \/>\n<meta property=\"og:url\" content=\"https:\/\/www.article-marketing.eu\/comunicatistampa\/webinar-su-lavoro-sicurezza-e-formazione-ai-tempi-del-coronavirus\/\" \/>\n<meta property=\"og:site_name\" content=\"Article Marketing\" \/>\n<meta property=\"article:published_time\" content=\"2021-01-28T19:03:02+00:00\" \/>\n<meta name=\"author\" content=\"AIFUS\" \/>\n<meta name=\"twitter:card\" content=\"summary_large_image\" \/>\n<meta name=\"twitter:label1\" content=\"Scritto da\" \/>\n\t<meta name=\"twitter:data1\" content=\"AIFUS\" \/>\n\t<meta name=\"twitter:label2\" content=\"Tempo di lettura stimato\" \/>\n\t<meta name=\"twitter:data2\" content=\"4 minuti\" \/>\n<script type=\"application\/ld+json\" class=\"yoast-schema-graph\">{\"@context\":\"https:\\\/\\\/schema.org\",\"@graph\":[{\"@type\":\"Article\",\"@id\":\"https:\\\/\\\/www.article-marketing.eu\\\/comunicatistampa\\\/webinar-su-lavoro-sicurezza-e-formazione-ai-tempi-del-coronavirus\\\/#article\",\"isPartOf\":{\"@id\":\"https:\\\/\\\/www.article-marketing.eu\\\/comunicatistampa\\\/webinar-su-lavoro-sicurezza-e-formazione-ai-tempi-del-coronavirus\\\/\"},\"author\":{\"name\":\"AIFUS\",\"@id\":\"https:\\\/\\\/www.article-marketing.eu\\\/comunicatistampa\\\/#\\\/schema\\\/person\\\/d1985c4955ff71a05f49d68e3034b3cd\"},\"headline\":\"Webinar su lavoro, sicurezza e formazione ai tempi del coronavirus\",\"datePublished\":\"2021-01-28T19:03:02+00:00\",\"mainEntityOfPage\":{\"@id\":\"https:\\\/\\\/www.article-marketing.eu\\\/comunicatistampa\\\/webinar-su-lavoro-sicurezza-e-formazione-ai-tempi-del-coronavirus\\\/\"},\"wordCount\":857,\"commentCount\":0,\"keywords\":[\"Aifos\",\"Ambiente Lavoro\",\"ASPP\",\"Brescia\",\"Consulenti e Formatori e Coordinatori di Cantiere\",\"convegno\",\"emergenza COVID-19\",\"formazione\",\"HSE Manager\",\"lavoro\",\"Medici competenti\",\"pandemia\",\"Quaderni della Sicurezza AiFOS\",\"rspp\",\"SARS-CoV-2\",\"sicurezza e formazione ai tempi del coronavirus\",\"smart working\",\"Video\",\"videoconferenza\",\"webinar\"],\"articleSection\":[\"Comunicati stampa\",\"Eventi\",\"Istruzione\",\"Salute e benessere\",\"Societ\u00e0\"],\"inLanguage\":\"it-IT\",\"potentialAction\":[{\"@type\":\"CommentAction\",\"name\":\"Comment\",\"target\":[\"https:\\\/\\\/www.article-marketing.eu\\\/comunicatistampa\\\/webinar-su-lavoro-sicurezza-e-formazione-ai-tempi-del-coronavirus\\\/#respond\"]}]},{\"@type\":\"WebPage\",\"@id\":\"https:\\\/\\\/www.article-marketing.eu\\\/comunicatistampa\\\/webinar-su-lavoro-sicurezza-e-formazione-ai-tempi-del-coronavirus\\\/\",\"url\":\"https:\\\/\\\/www.article-marketing.eu\\\/comunicatistampa\\\/webinar-su-lavoro-sicurezza-e-formazione-ai-tempi-del-coronavirus\\\/\",\"name\":\"Webinar su lavoro, sicurezza e formazione ai tempi del coronavirus\",\"isPartOf\":{\"@id\":\"https:\\\/\\\/www.article-marketing.eu\\\/comunicatistampa\\\/#website\"},\"datePublished\":\"2021-01-28T19:03:02+00:00\",\"author\":{\"@id\":\"https:\\\/\\\/www.article-marketing.eu\\\/comunicatistampa\\\/#\\\/schema\\\/person\\\/d1985c4955ff71a05f49d68e3034b3cd\"},\"breadcrumb\":{\"@id\":\"https:\\\/\\\/www.article-marketing.eu\\\/comunicatistampa\\\/webinar-su-lavoro-sicurezza-e-formazione-ai-tempi-del-coronavirus\\\/#breadcrumb\"},\"inLanguage\":\"it-IT\",\"potentialAction\":[{\"@type\":\"ReadAction\",\"target\":[\"https:\\\/\\\/www.article-marketing.eu\\\/comunicatistampa\\\/webinar-su-lavoro-sicurezza-e-formazione-ai-tempi-del-coronavirus\\\/\"]}]},{\"@type\":\"BreadcrumbList\",\"@id\":\"https:\\\/\\\/www.article-marketing.eu\\\/comunicatistampa\\\/webinar-su-lavoro-sicurezza-e-formazione-ai-tempi-del-coronavirus\\\/#breadcrumb\",\"itemListElement\":[{\"@type\":\"ListItem\",\"position\":1,\"name\":\"Home\",\"item\":\"https:\\\/\\\/www.article-marketing.eu\\\/comunicatistampa\\\/\"},{\"@type\":\"ListItem\",\"position\":2,\"name\":\"Webinar su lavoro, sicurezza e formazione ai tempi del coronavirus\"}]},{\"@type\":\"WebSite\",\"@id\":\"https:\\\/\\\/www.article-marketing.eu\\\/comunicatistampa\\\/#website\",\"url\":\"https:\\\/\\\/www.article-marketing.eu\\\/comunicatistampa\\\/\",\"name\":\"Article Marketing\",\"description\":\"article marketing &amp; press release\",\"potentialAction\":[{\"@type\":\"SearchAction\",\"target\":{\"@type\":\"EntryPoint\",\"urlTemplate\":\"https:\\\/\\\/www.article-marketing.eu\\\/comunicatistampa\\\/?s={search_term_string}\"},\"query-input\":{\"@type\":\"PropertyValueSpecification\",\"valueRequired\":true,\"valueName\":\"search_term_string\"}}],\"inLanguage\":\"it-IT\"},{\"@type\":\"Person\",\"@id\":\"https:\\\/\\\/www.article-marketing.eu\\\/comunicatistampa\\\/#\\\/schema\\\/person\\\/d1985c4955ff71a05f49d68e3034b3cd\",\"name\":\"AIFUS\",\"image\":{\"@type\":\"ImageObject\",\"inLanguage\":\"it-IT\",\"@id\":\"https:\\\/\\\/secure.gravatar.com\\\/avatar\\\/05cf2a2ba057667571308b94c84f00ff48766ffac95710a87491a9b3ddcee484?s=96&d=mm&r=g\",\"url\":\"https:\\\/\\\/secure.gravatar.com\\\/avatar\\\/05cf2a2ba057667571308b94c84f00ff48766ffac95710a87491a9b3ddcee484?s=96&d=mm&r=g\",\"contentUrl\":\"https:\\\/\\\/secure.gravatar.com\\\/avatar\\\/05cf2a2ba057667571308b94c84f00ff48766ffac95710a87491a9b3ddcee484?s=96&d=mm&r=g\",\"caption\":\"AIFUS\"},\"url\":\"https:\\\/\\\/www.article-marketing.eu\\\/comunicatistampa\\\/author\\\/aifus\\\/\"}]}<\/script>\n<!-- \/ Yoast SEO plugin. -->","yoast_head_json":{"title":"Webinar su lavoro, sicurezza e formazione ai tempi del coronavirus","robots":{"index":"index","follow":"follow","max-snippet":"max-snippet:-1","max-image-preview":"max-image-preview:large","max-video-preview":"max-video-preview:-1"},"canonical":"https:\/\/www.article-marketing.eu\/comunicatistampa\/webinar-su-lavoro-sicurezza-e-formazione-ai-tempi-del-coronavirus\/","og_locale":"it_IT","og_type":"article","og_title":"Webinar su lavoro, sicurezza e formazione ai tempi del coronavirus","og_description":"Comunicato Stampa Webinar su lavoro, sicurezza e formazione ai tempi del coronavirus La presentazione, in modalit\u00e0 webinar, della ricerca su lavoro, sicurezza e formazione ai tempi del coronavirus. Come \u00e8 stata gestita l\u2019emergenza nelle aziende e tra gli operatori in materia di salute e sicurezza? &nbsp; Dopo un anno di pandemia e un\u2019emergenza COVID-19 che \u00e8 entrata, oltre che nelle nostre vite quotidiane, nei luoghi di lavoro modificando l\u2019organizzazione, mutandoContinue reading...","og_url":"https:\/\/www.article-marketing.eu\/comunicatistampa\/webinar-su-lavoro-sicurezza-e-formazione-ai-tempi-del-coronavirus\/","og_site_name":"Article Marketing","article_published_time":"2021-01-28T19:03:02+00:00","author":"AIFUS","twitter_card":"summary_large_image","twitter_misc":{"Scritto da":"AIFUS","Tempo di lettura stimato":"4 minuti"},"schema":{"@context":"https:\/\/schema.org","@graph":[{"@type":"Article","@id":"https:\/\/www.article-marketing.eu\/comunicatistampa\/webinar-su-lavoro-sicurezza-e-formazione-ai-tempi-del-coronavirus\/#article","isPartOf":{"@id":"https:\/\/www.article-marketing.eu\/comunicatistampa\/webinar-su-lavoro-sicurezza-e-formazione-ai-tempi-del-coronavirus\/"},"author":{"name":"AIFUS","@id":"https:\/\/www.article-marketing.eu\/comunicatistampa\/#\/schema\/person\/d1985c4955ff71a05f49d68e3034b3cd"},"headline":"Webinar su lavoro, sicurezza e formazione ai tempi del coronavirus","datePublished":"2021-01-28T19:03:02+00:00","mainEntityOfPage":{"@id":"https:\/\/www.article-marketing.eu\/comunicatistampa\/webinar-su-lavoro-sicurezza-e-formazione-ai-tempi-del-coronavirus\/"},"wordCount":857,"commentCount":0,"keywords":["Aifos","Ambiente Lavoro","ASPP","Brescia","Consulenti e Formatori e Coordinatori di Cantiere","convegno","emergenza COVID-19","formazione","HSE Manager","lavoro","Medici competenti","pandemia","Quaderni della Sicurezza AiFOS","rspp","SARS-CoV-2","sicurezza e formazione ai tempi del coronavirus","smart working","Video","videoconferenza","webinar"],"articleSection":["Comunicati stampa","Eventi","Istruzione","Salute e benessere","Societ\u00e0"],"inLanguage":"it-IT","potentialAction":[{"@type":"CommentAction","name":"Comment","target":["https:\/\/www.article-marketing.eu\/comunicatistampa\/webinar-su-lavoro-sicurezza-e-formazione-ai-tempi-del-coronavirus\/#respond"]}]},{"@type":"WebPage","@id":"https:\/\/www.article-marketing.eu\/comunicatistampa\/webinar-su-lavoro-sicurezza-e-formazione-ai-tempi-del-coronavirus\/","url":"https:\/\/www.article-marketing.eu\/comunicatistampa\/webinar-su-lavoro-sicurezza-e-formazione-ai-tempi-del-coronavirus\/","name":"Webinar su lavoro, sicurezza e formazione ai tempi del coronavirus","isPartOf":{"@id":"https:\/\/www.article-marketing.eu\/comunicatistampa\/#website"},"datePublished":"2021-01-28T19:03:02+00:00","author":{"@id":"https:\/\/www.article-marketing.eu\/comunicatistampa\/#\/schema\/person\/d1985c4955ff71a05f49d68e3034b3cd"},"breadcrumb":{"@id":"https:\/\/www.article-marketing.eu\/comunicatistampa\/webinar-su-lavoro-sicurezza-e-formazione-ai-tempi-del-coronavirus\/#breadcrumb"},"inLanguage":"it-IT","potentialAction":[{"@type":"ReadAction","target":["https:\/\/www.article-marketing.eu\/comunicatistampa\/webinar-su-lavoro-sicurezza-e-formazione-ai-tempi-del-coronavirus\/"]}]},{"@type":"BreadcrumbList","@id":"https:\/\/www.article-marketing.eu\/comunicatistampa\/webinar-su-lavoro-sicurezza-e-formazione-ai-tempi-del-coronavirus\/#breadcrumb","itemListElement":[{"@type":"ListItem","position":1,"name":"Home","item":"https:\/\/www.article-marketing.eu\/comunicatistampa\/"},{"@type":"ListItem","position":2,"name":"Webinar su lavoro, sicurezza e formazione ai tempi del coronavirus"}]},{"@type":"WebSite","@id":"https:\/\/www.article-marketing.eu\/comunicatistampa\/#website","url":"https:\/\/www.article-marketing.eu\/comunicatistampa\/","name":"Article Marketing","description":"article marketing &amp; press release","potentialAction":[{"@type":"SearchAction","target":{"@type":"EntryPoint","urlTemplate":"https:\/\/www.article-marketing.eu\/comunicatistampa\/?s={search_term_string}"},"query-input":{"@type":"PropertyValueSpecification","valueRequired":true,"valueName":"search_term_string"}}],"inLanguage":"it-IT"},{"@type":"Person","@id":"https:\/\/www.article-marketing.eu\/comunicatistampa\/#\/schema\/person\/d1985c4955ff71a05f49d68e3034b3cd","name":"AIFUS","image":{"@type":"ImageObject","inLanguage":"it-IT","@id":"https:\/\/secure.gravatar.com\/avatar\/05cf2a2ba057667571308b94c84f00ff48766ffac95710a87491a9b3ddcee484?s=96&d=mm&r=g","url":"https:\/\/secure.gravatar.com\/avatar\/05cf2a2ba057667571308b94c84f00ff48766ffac95710a87491a9b3ddcee484?s=96&d=mm&r=g","contentUrl":"https:\/\/secure.gravatar.com\/avatar\/05cf2a2ba057667571308b94c84f00ff48766ffac95710a87491a9b3ddcee484?s=96&d=mm&r=g","caption":"AIFUS"},"url":"https:\/\/www.article-marketing.eu\/comunicatistampa\/author\/aifus\/"}]}},"_links":{"self":[{"href":"https:\/\/www.article-marketing.eu\/comunicatistampa\/wp-json\/wp\/v2\/posts\/17290","targetHints":{"allow":["GET"]}}],"collection":[{"href":"https:\/\/www.article-marketing.eu\/comunicatistampa\/wp-json\/wp\/v2\/posts"}],"about":[{"href":"https:\/\/www.article-marketing.eu\/comunicatistampa\/wp-json\/wp\/v2\/types\/post"}],"author":[{"embeddable":true,"href":"https:\/\/www.article-marketing.eu\/comunicatistampa\/wp-json\/wp\/v2\/users\/881"}],"replies":[{"embeddable":true,"href":"https:\/\/www.article-marketing.eu\/comunicatistampa\/wp-json\/wp\/v2\/comments?post=17290"}],"version-history":[{"count":3,"href":"https:\/\/www.article-marketing.eu\/comunicatistampa\/wp-json\/wp\/v2\/posts\/17290\/revisions"}],"predecessor-version":[{"id":17295,"href":"https:\/\/www.article-marketing.eu\/comunicatistampa\/wp-json\/wp\/v2\/posts\/17290\/revisions\/17295"}],"wp:attachment":[{"href":"https:\/\/www.article-marketing.eu\/comunicatistampa\/wp-json\/wp\/v2\/media?parent=17290"}],"wp:term":[{"taxonomy":"category","embeddable":true,"href":"https:\/\/www.article-marketing.eu\/comunicatistampa\/wp-json\/wp\/v2\/categories?post=17290"},{"taxonomy":"post_tag","embeddable":true,"href":"https:\/\/www.article-marketing.eu\/comunicatistampa\/wp-json\/wp\/v2\/tags?post=17290"}],"curies":[{"name":"wp","href":"https:\/\/api.w.org\/{rel}","templated":true}]}}