{"id":17315,"date":"2021-02-01T19:38:35","date_gmt":"2021-02-01T18:38:35","guid":{"rendered":"https:\/\/www.article-marketing.eu\/comunicatistampa\/?p=17315"},"modified":"2021-02-01T19:38:35","modified_gmt":"2021-02-01T18:38:35","slug":"poggi-larma-in-piu-si-chiama-fotovoltaico","status":"publish","type":"post","link":"https:\/\/www.article-marketing.eu\/comunicatistampa\/poggi-larma-in-piu-si-chiama-fotovoltaico\/","title":{"rendered":"Poggi, l&#8217;arma in pi\u00f9 si chiama fotovoltaico"},"content":{"rendered":"<p lang=\"it-IT\" align=\"JUSTIFY\"><span style=\"color: #000000;\"> <span style=\"font-family: Verdana;\"><span style=\"font-size: medium;\"><i>Nel primo anno di esercizio l&#8217;impianto ha registrato performance di livello, producendo un totale di energia pari a 402.383 kWh e riducendo <\/i><\/span><\/span><\/span><span style=\"color: #000000;\"><span style=\"font-family: Times New Roman, serif;\"><span style=\"font-size: small;\"><span style=\"font-family: Verdana;\"><span style=\"font-size: medium;\"><i>l&#8217;emissione in atmosfera di 233,4 tonnellate di <\/i><\/span><\/span><strong><span style=\"font-family: Verdana;\"><span style=\"font-size: medium;\"><i>CO<\/i><\/span><\/span><\/strong><strong><sub><span style=\"font-family: Verdana;\"><span style=\"font-size: medium;\"><i>2<\/i><\/span><\/span><\/sub><\/strong><\/span><\/span><\/span><\/p>\n<p lang=\"it-IT\" align=\"JUSTIFY\"><span style=\"color: #000000;\"><span style=\"font-family: Times New Roman, serif;\"><span style=\"font-size: small;\"><span style=\"font-family: Verdana;\"><span style=\"font-size: medium;\"><b>Il presente e il futuro di Poggi Trasmissioni Meccaniche S.p.a<\/b><\/span><\/span><span style=\"font-family: Verdana;\"><span style=\"font-size: medium;\">., azienda leader nella progettazione e produzione di organi di trasmissione, <\/span><\/span><span style=\"font-family: Verdana;\"><span style=\"font-size: medium;\"><b>si delinea sempre di pi\u00f9 all&#8217;insegna di soluzioni green<\/b><\/span><\/span><span style=\"font-family: Verdana;\"><span style=\"font-size: medium;\"> e di politiche aziendali virtuose in grado di conciliare il rispetto dell&#8217;ambiente con il conseguimento degli obiettivi di ricerca e sviluppo. <\/span><\/span><span style=\"font-family: Verdana;\"><span style=\"font-size: medium;\"><b>I risultati del primo anno d&#8217;esercizio dell&#8217;impianto fotovoltaico<\/b><\/span><\/span><span style=\"font-family: Verdana;\"><span style=\"font-size: medium;\">, installato lo scorso inverno, presso l&#8217;headquarter di Castenaso (BO), <\/span><\/span><span style=\"font-family: Verdana;\"><span style=\"font-size: medium;\"><b>confermano<\/b><\/span><\/span><span style=\"font-family: Verdana;\"><span style=\"font-size: medium;\">, infatti, <\/span><\/span><span style=\"font-family: Verdana;\"><span style=\"font-size: medium;\"><b>la bont\u00e0 <\/b><\/span><\/span><span style=\"font-family: Verdana;\"><span style=\"font-size: medium;\">e l&#8217;opportunit\u00e0 <\/span><\/span><span style=\"font-family: Verdana;\"><span style=\"font-size: medium;\"><b>della strategia aziendale<\/b><\/span><\/span><span style=\"font-family: Verdana;\"><span style=\"font-size: medium;\"> di puntare su energie rinnovabili. <\/span><\/span><\/span><\/span><\/span><\/p>\n<p lang=\"it-IT\" align=\"JUSTIFY\"><span style=\"color: #000000;\"><span style=\"font-family: Times New Roman, serif;\"><span style=\"font-size: small;\"><span style=\"font-family: Verdana;\"><span style=\"font-size: medium;\"><b>L&#8217;impianto<\/b><\/span><\/span><span style=\"font-family: Verdana;\"><span style=\"font-size: medium;\">, composto da 1383 moduli da 285 Wp e con potenza nominale di 394, 155 kWP, <\/span><\/span><span style=\"font-family: Verdana;\"><span style=\"font-size: medium;\"><b>ha registrato performance in linea<\/b><\/span><\/span> <span style=\"font-family: Verdana;\"><span style=\"font-size: medium;\"><b>con<\/b><\/span><\/span><span style=\"font-family: Verdana;\"><span style=\"font-size: medium;\"> quelle che erano<\/span><\/span><span style=\"font-family: Verdana;\"><span style=\"font-size: medium;\"><b> le<\/b><\/span><\/span> <span style=\"font-family: Verdana;\"><span style=\"font-size: medium;\"><b>aspettative<\/b><\/span><\/span><span style=\"font-family: Verdana;\"><span style=\"font-size: medium;\"> e le stime degli ingegneri e dei tecnici <\/span><\/span><span style=\"font-family: Verdana;\"><span style=\"font-size: medium;\"><b>della Siat Energy<\/b><\/span><\/span><span style=\"font-family: Verdana;\"><span style=\"font-size: medium;\">, realt\u00e0 di spicco del settore, che ne ha curato lo sviluppo in tutte le sue fasi, dallo studio di fattibilit\u00e0 alla realizzazione tecnica. A partire dal 13\/03\/2020 (entrata in esercizio) fino al 31\/12\/2020 il confronto mensile tra produzione attesa e reale ha segnato differenze molte lievi, in alcuni casi in negativo, in altri casi in positivo come a marzo, ad aprile e a settembre quando l&#8217;energia effettiva prodotta ha superato quella stimata. <\/span><\/span><\/span><\/span><\/span><\/p>\n<p lang=\"it-IT\" align=\"JUSTIFY\"><span style=\"color: #000000;\"><span style=\"font-family: Times New Roman, serif;\"><span style=\"font-size: small;\"><span style=\"font-family: Verdana;\"><span style=\"font-size: medium;\">Nel complesso <\/span><\/span><span style=\"font-family: Verdana;\"><span style=\"font-size: medium;\"><b>i valori attesi di progetto sono stati rispettati con un totale di energia prodotta pari a 402.383 kWh<\/b><\/span><\/span><span style=\"font-family: Verdana;\"><span style=\"font-size: medium;\"> invece che di 412.538 kWh. Infine sul profilo dell&#8217;impatto ambientale sono derivati importanti benefici per l&#8217;intera collettivit\u00e0 e comunit\u00e0. <\/span><\/span><span style=\"font-family: Verdana;\"><span style=\"font-size: medium;\"><b>L&#8217;impianto ha ridotto l&#8217;emissione in atmosfera di 233,4 tonnellate di CO2<\/b><\/span><\/span><span style=\"font-family: Verdana;\"><span style=\"font-size: medium;\">, una cifra importante e che in maniera pi\u00f9 efficace si pu\u00f2 tradurre con l&#8217;immaginaria presenza di <\/span><\/span><span style=\"font-family: Verdana;\"><span style=\"font-size: medium;\"><b>una piccola foresta di 30.470 alberi<\/b><\/span><\/span><span style=\"font-family: Verdana;\"><span style=\"font-size: medium;\">. <\/span><\/span><\/span><\/span><\/span><\/p>\n<p lang=\"it-IT\" align=\"JUSTIFY\"><span style=\"color: #000000;\">\u201c<span style=\"font-family: Times New Roman, serif;\"><span style=\"font-size: small;\"><span style=\"font-family: Verdana;\"><span style=\"font-size: medium;\"><i>Dopo questi primi risultati \u2013 <\/i><\/span><\/span><span style=\"font-family: Verdana;\"><span style=\"font-size: medium;\"><b>commenta il presidente Andrea Poggi<\/b><\/span><\/span> <span style=\"font-family: Verdana;\"><span style=\"font-size: medium;\"><i>&#8211; siamo ancora pi\u00f9 convinti dell&#8217;investimento fatto.<\/i><\/span><\/span> <span style=\"font-family: Verdana;\"><span style=\"font-size: medium;\"><i>La scelta di realizzare un impianto fotovoltaico riflette l&#8217;impegno nei confronti dell&#8217;ambiente, ma allo stesso tempo la nostra volont\u00e0 di crescere come azienda. Sono certo che questo impianto si riveler\u00e0 nei prossimi anni come un asset sempre pi\u00f9 importante e strategico, in grado d&#8217;incidere positivamente non solo sulla sostenibilit\u00e0 ma anche sull&#8217;intera produttivit\u00e0 aziendale\u201d. <\/i><\/span><\/span><\/span><\/span><\/span><\/p>\n<p lang=\"it-IT\" align=\"JUSTIFY\"><span style=\"color: #000000;\"><span style=\"font-family: Verdana;\"><span style=\"font-size: medium;\"><i>https:\/\/www.poggispa.com\/<\/i><\/span><\/span><\/span><\/p>\n","protected":false},"excerpt":{"rendered":"<p>Nel primo anno di esercizio l&#8217;impianto ha registrato performance di livello, producendo un totale di energia pari a 402.383 kWh e riducendo l&#8217;emissione in atmosfera di 233,4 tonnellate di CO2 Il presente e il futuro di Poggi Trasmissioni Meccaniche S.p.a., azienda leader nella progettazione e produzione di organi di trasmissione, si delinea sempre di pi\u00f9 all&#8217;insegna di soluzioni green e di politiche aziendali virtuose in grado di conciliare il rispetto<\/p>\n<p><a class=\"continue-reading\" href=\"https:\/\/www.article-marketing.eu\/comunicatistampa\/poggi-larma-in-piu-si-chiama-fotovoltaico\/\">Continue reading&#8230;<\/a><\/p>\n","protected":false},"author":397,"featured_media":0,"comment_status":"open","ping_status":"open","sticky":false,"template":"","format":"standard","meta":{"_monsterinsights_skip_tracking":false,"_monsterinsights_sitenote_active":false,"_monsterinsights_sitenote_note":"","_monsterinsights_sitenote_category":0,"footnotes":""},"categories":[78],"tags":[6110,6722,7104,7105,5864,7102,7103],"class_list":["post-17315","post","type-post","status-publish","format-standard","hentry","category-comunicati-stampa","tag-impianto-fotovoltaico","tag-poggi-organi-di-trasmissione","tag-poggi-politche-green","tag-poggi-sostenibilita","tag-poggi-trasmissioni-meccaniche-spa","tag-risultati-impianto-fotovoltaico","tag-siat-energy"],"yoast_head":"<!-- This site is optimized with the Yoast SEO plugin v27.3 - https:\/\/yoast.com\/product\/yoast-seo-wordpress\/ -->\n<title>Poggi, l&#039;arma in pi\u00f9 si chiama fotovoltaico - Article Marketing<\/title>\n<meta name=\"robots\" content=\"index, follow, max-snippet:-1, max-image-preview:large, max-video-preview:-1\" \/>\n<link rel=\"canonical\" href=\"https:\/\/www.article-marketing.eu\/comunicatistampa\/poggi-larma-in-piu-si-chiama-fotovoltaico\/\" \/>\n<meta property=\"og:locale\" content=\"it_IT\" \/>\n<meta property=\"og:type\" content=\"article\" \/>\n<meta property=\"og:title\" content=\"Poggi, l&#039;arma in pi\u00f9 si chiama fotovoltaico - Article Marketing\" \/>\n<meta property=\"og:description\" content=\"Nel primo anno di esercizio l&#8217;impianto ha registrato performance di livello, producendo un totale di energia pari a 402.383 kWh e riducendo l&#8217;emissione in atmosfera di 233,4 tonnellate di CO2 Il presente e il futuro di Poggi Trasmissioni Meccaniche S.p.a., azienda leader nella progettazione e produzione di organi di trasmissione, si delinea sempre di pi\u00f9 all&#8217;insegna di soluzioni green e di politiche aziendali virtuose in grado di conciliare il rispettoContinue reading...\" \/>\n<meta property=\"og:url\" content=\"https:\/\/www.article-marketing.eu\/comunicatistampa\/poggi-larma-in-piu-si-chiama-fotovoltaico\/\" \/>\n<meta property=\"og:site_name\" content=\"Article Marketing\" \/>\n<meta property=\"article:published_time\" content=\"2021-02-01T18:38:35+00:00\" \/>\n<meta name=\"author\" content=\"Borderline Agency\" \/>\n<meta name=\"twitter:card\" content=\"summary_large_image\" \/>\n<meta name=\"twitter:label1\" content=\"Scritto da\" \/>\n\t<meta name=\"twitter:data1\" content=\"Borderline Agency\" \/>\n\t<meta name=\"twitter:label2\" content=\"Tempo di lettura stimato\" \/>\n\t<meta name=\"twitter:data2\" content=\"2 minuti\" \/>\n<script type=\"application\/ld+json\" class=\"yoast-schema-graph\">{\"@context\":\"https:\\\/\\\/schema.org\",\"@graph\":[{\"@type\":\"Article\",\"@id\":\"https:\\\/\\\/www.article-marketing.eu\\\/comunicatistampa\\\/poggi-larma-in-piu-si-chiama-fotovoltaico\\\/#article\",\"isPartOf\":{\"@id\":\"https:\\\/\\\/www.article-marketing.eu\\\/comunicatistampa\\\/poggi-larma-in-piu-si-chiama-fotovoltaico\\\/\"},\"author\":{\"name\":\"Borderline Agency\",\"@id\":\"https:\\\/\\\/www.article-marketing.eu\\\/comunicatistampa\\\/#\\\/schema\\\/person\\\/1c4ab1c7aad84347e26e78235da6ff1b\"},\"headline\":\"Poggi, l&#8217;arma in pi\u00f9 si chiama fotovoltaico\",\"datePublished\":\"2021-02-01T18:38:35+00:00\",\"mainEntityOfPage\":{\"@id\":\"https:\\\/\\\/www.article-marketing.eu\\\/comunicatistampa\\\/poggi-larma-in-piu-si-chiama-fotovoltaico\\\/\"},\"wordCount\":364,\"commentCount\":0,\"keywords\":[\"Impianto fotovoltaico\",\"Poggi organi di trasmissione\",\"Poggi politche green\",\"Poggi sostenibilit\u00e0\",\"Poggi Trasmissioni Meccaniche SpA\",\"risultati impianto fotovoltaico\",\"Siat Energy\"],\"articleSection\":[\"Comunicati stampa\"],\"inLanguage\":\"it-IT\",\"potentialAction\":[{\"@type\":\"CommentAction\",\"name\":\"Comment\",\"target\":[\"https:\\\/\\\/www.article-marketing.eu\\\/comunicatistampa\\\/poggi-larma-in-piu-si-chiama-fotovoltaico\\\/#respond\"]}]},{\"@type\":\"WebPage\",\"@id\":\"https:\\\/\\\/www.article-marketing.eu\\\/comunicatistampa\\\/poggi-larma-in-piu-si-chiama-fotovoltaico\\\/\",\"url\":\"https:\\\/\\\/www.article-marketing.eu\\\/comunicatistampa\\\/poggi-larma-in-piu-si-chiama-fotovoltaico\\\/\",\"name\":\"Poggi, l'arma in pi\u00f9 si chiama fotovoltaico - Article Marketing\",\"isPartOf\":{\"@id\":\"https:\\\/\\\/www.article-marketing.eu\\\/comunicatistampa\\\/#website\"},\"datePublished\":\"2021-02-01T18:38:35+00:00\",\"author\":{\"@id\":\"https:\\\/\\\/www.article-marketing.eu\\\/comunicatistampa\\\/#\\\/schema\\\/person\\\/1c4ab1c7aad84347e26e78235da6ff1b\"},\"breadcrumb\":{\"@id\":\"https:\\\/\\\/www.article-marketing.eu\\\/comunicatistampa\\\/poggi-larma-in-piu-si-chiama-fotovoltaico\\\/#breadcrumb\"},\"inLanguage\":\"it-IT\",\"potentialAction\":[{\"@type\":\"ReadAction\",\"target\":[\"https:\\\/\\\/www.article-marketing.eu\\\/comunicatistampa\\\/poggi-larma-in-piu-si-chiama-fotovoltaico\\\/\"]}]},{\"@type\":\"BreadcrumbList\",\"@id\":\"https:\\\/\\\/www.article-marketing.eu\\\/comunicatistampa\\\/poggi-larma-in-piu-si-chiama-fotovoltaico\\\/#breadcrumb\",\"itemListElement\":[{\"@type\":\"ListItem\",\"position\":1,\"name\":\"Home\",\"item\":\"https:\\\/\\\/www.article-marketing.eu\\\/comunicatistampa\\\/\"},{\"@type\":\"ListItem\",\"position\":2,\"name\":\"Poggi, l&#8217;arma in pi\u00f9 si chiama fotovoltaico\"}]},{\"@type\":\"WebSite\",\"@id\":\"https:\\\/\\\/www.article-marketing.eu\\\/comunicatistampa\\\/#website\",\"url\":\"https:\\\/\\\/www.article-marketing.eu\\\/comunicatistampa\\\/\",\"name\":\"Article Marketing\",\"description\":\"article marketing &amp; press release\",\"potentialAction\":[{\"@type\":\"SearchAction\",\"target\":{\"@type\":\"EntryPoint\",\"urlTemplate\":\"https:\\\/\\\/www.article-marketing.eu\\\/comunicatistampa\\\/?s={search_term_string}\"},\"query-input\":{\"@type\":\"PropertyValueSpecification\",\"valueRequired\":true,\"valueName\":\"search_term_string\"}}],\"inLanguage\":\"it-IT\"},{\"@type\":\"Person\",\"@id\":\"https:\\\/\\\/www.article-marketing.eu\\\/comunicatistampa\\\/#\\\/schema\\\/person\\\/1c4ab1c7aad84347e26e78235da6ff1b\",\"name\":\"Borderline Agency\",\"image\":{\"@type\":\"ImageObject\",\"inLanguage\":\"it-IT\",\"@id\":\"https:\\\/\\\/secure.gravatar.com\\\/avatar\\\/741fa053101610cb0be7dc835c116926549ae4ae2142ff35eac04d78fda61461?s=96&d=mm&r=g\",\"url\":\"https:\\\/\\\/secure.gravatar.com\\\/avatar\\\/741fa053101610cb0be7dc835c116926549ae4ae2142ff35eac04d78fda61461?s=96&d=mm&r=g\",\"contentUrl\":\"https:\\\/\\\/secure.gravatar.com\\\/avatar\\\/741fa053101610cb0be7dc835c116926549ae4ae2142ff35eac04d78fda61461?s=96&d=mm&r=g\",\"caption\":\"Borderline Agency\"},\"url\":\"https:\\\/\\\/www.article-marketing.eu\\\/comunicatistampa\\\/author\\\/borderline-agency\\\/\"}]}<\/script>\n<!-- \/ Yoast SEO plugin. -->","yoast_head_json":{"title":"Poggi, l'arma in pi\u00f9 si chiama fotovoltaico - Article Marketing","robots":{"index":"index","follow":"follow","max-snippet":"max-snippet:-1","max-image-preview":"max-image-preview:large","max-video-preview":"max-video-preview:-1"},"canonical":"https:\/\/www.article-marketing.eu\/comunicatistampa\/poggi-larma-in-piu-si-chiama-fotovoltaico\/","og_locale":"it_IT","og_type":"article","og_title":"Poggi, l'arma in pi\u00f9 si chiama fotovoltaico - Article Marketing","og_description":"Nel primo anno di esercizio l&#8217;impianto ha registrato performance di livello, producendo un totale di energia pari a 402.383 kWh e riducendo l&#8217;emissione in atmosfera di 233,4 tonnellate di CO2 Il presente e il futuro di Poggi Trasmissioni Meccaniche S.p.a., azienda leader nella progettazione e produzione di organi di trasmissione, si delinea sempre di pi\u00f9 all&#8217;insegna di soluzioni green e di politiche aziendali virtuose in grado di conciliare il rispettoContinue reading...","og_url":"https:\/\/www.article-marketing.eu\/comunicatistampa\/poggi-larma-in-piu-si-chiama-fotovoltaico\/","og_site_name":"Article Marketing","article_published_time":"2021-02-01T18:38:35+00:00","author":"Borderline Agency","twitter_card":"summary_large_image","twitter_misc":{"Scritto da":"Borderline Agency","Tempo di lettura stimato":"2 minuti"},"schema":{"@context":"https:\/\/schema.org","@graph":[{"@type":"Article","@id":"https:\/\/www.article-marketing.eu\/comunicatistampa\/poggi-larma-in-piu-si-chiama-fotovoltaico\/#article","isPartOf":{"@id":"https:\/\/www.article-marketing.eu\/comunicatistampa\/poggi-larma-in-piu-si-chiama-fotovoltaico\/"},"author":{"name":"Borderline Agency","@id":"https:\/\/www.article-marketing.eu\/comunicatistampa\/#\/schema\/person\/1c4ab1c7aad84347e26e78235da6ff1b"},"headline":"Poggi, l&#8217;arma in pi\u00f9 si chiama fotovoltaico","datePublished":"2021-02-01T18:38:35+00:00","mainEntityOfPage":{"@id":"https:\/\/www.article-marketing.eu\/comunicatistampa\/poggi-larma-in-piu-si-chiama-fotovoltaico\/"},"wordCount":364,"commentCount":0,"keywords":["Impianto fotovoltaico","Poggi organi di trasmissione","Poggi politche green","Poggi sostenibilit\u00e0","Poggi Trasmissioni Meccaniche SpA","risultati impianto fotovoltaico","Siat Energy"],"articleSection":["Comunicati stampa"],"inLanguage":"it-IT","potentialAction":[{"@type":"CommentAction","name":"Comment","target":["https:\/\/www.article-marketing.eu\/comunicatistampa\/poggi-larma-in-piu-si-chiama-fotovoltaico\/#respond"]}]},{"@type":"WebPage","@id":"https:\/\/www.article-marketing.eu\/comunicatistampa\/poggi-larma-in-piu-si-chiama-fotovoltaico\/","url":"https:\/\/www.article-marketing.eu\/comunicatistampa\/poggi-larma-in-piu-si-chiama-fotovoltaico\/","name":"Poggi, l'arma in pi\u00f9 si chiama fotovoltaico - Article Marketing","isPartOf":{"@id":"https:\/\/www.article-marketing.eu\/comunicatistampa\/#website"},"datePublished":"2021-02-01T18:38:35+00:00","author":{"@id":"https:\/\/www.article-marketing.eu\/comunicatistampa\/#\/schema\/person\/1c4ab1c7aad84347e26e78235da6ff1b"},"breadcrumb":{"@id":"https:\/\/www.article-marketing.eu\/comunicatistampa\/poggi-larma-in-piu-si-chiama-fotovoltaico\/#breadcrumb"},"inLanguage":"it-IT","potentialAction":[{"@type":"ReadAction","target":["https:\/\/www.article-marketing.eu\/comunicatistampa\/poggi-larma-in-piu-si-chiama-fotovoltaico\/"]}]},{"@type":"BreadcrumbList","@id":"https:\/\/www.article-marketing.eu\/comunicatistampa\/poggi-larma-in-piu-si-chiama-fotovoltaico\/#breadcrumb","itemListElement":[{"@type":"ListItem","position":1,"name":"Home","item":"https:\/\/www.article-marketing.eu\/comunicatistampa\/"},{"@type":"ListItem","position":2,"name":"Poggi, l&#8217;arma in pi\u00f9 si chiama fotovoltaico"}]},{"@type":"WebSite","@id":"https:\/\/www.article-marketing.eu\/comunicatistampa\/#website","url":"https:\/\/www.article-marketing.eu\/comunicatistampa\/","name":"Article Marketing","description":"article marketing &amp; press release","potentialAction":[{"@type":"SearchAction","target":{"@type":"EntryPoint","urlTemplate":"https:\/\/www.article-marketing.eu\/comunicatistampa\/?s={search_term_string}"},"query-input":{"@type":"PropertyValueSpecification","valueRequired":true,"valueName":"search_term_string"}}],"inLanguage":"it-IT"},{"@type":"Person","@id":"https:\/\/www.article-marketing.eu\/comunicatistampa\/#\/schema\/person\/1c4ab1c7aad84347e26e78235da6ff1b","name":"Borderline Agency","image":{"@type":"ImageObject","inLanguage":"it-IT","@id":"https:\/\/secure.gravatar.com\/avatar\/741fa053101610cb0be7dc835c116926549ae4ae2142ff35eac04d78fda61461?s=96&d=mm&r=g","url":"https:\/\/secure.gravatar.com\/avatar\/741fa053101610cb0be7dc835c116926549ae4ae2142ff35eac04d78fda61461?s=96&d=mm&r=g","contentUrl":"https:\/\/secure.gravatar.com\/avatar\/741fa053101610cb0be7dc835c116926549ae4ae2142ff35eac04d78fda61461?s=96&d=mm&r=g","caption":"Borderline Agency"},"url":"https:\/\/www.article-marketing.eu\/comunicatistampa\/author\/borderline-agency\/"}]}},"_links":{"self":[{"href":"https:\/\/www.article-marketing.eu\/comunicatistampa\/wp-json\/wp\/v2\/posts\/17315","targetHints":{"allow":["GET"]}}],"collection":[{"href":"https:\/\/www.article-marketing.eu\/comunicatistampa\/wp-json\/wp\/v2\/posts"}],"about":[{"href":"https:\/\/www.article-marketing.eu\/comunicatistampa\/wp-json\/wp\/v2\/types\/post"}],"author":[{"embeddable":true,"href":"https:\/\/www.article-marketing.eu\/comunicatistampa\/wp-json\/wp\/v2\/users\/397"}],"replies":[{"embeddable":true,"href":"https:\/\/www.article-marketing.eu\/comunicatistampa\/wp-json\/wp\/v2\/comments?post=17315"}],"version-history":[{"count":2,"href":"https:\/\/www.article-marketing.eu\/comunicatistampa\/wp-json\/wp\/v2\/posts\/17315\/revisions"}],"predecessor-version":[{"id":17321,"href":"https:\/\/www.article-marketing.eu\/comunicatistampa\/wp-json\/wp\/v2\/posts\/17315\/revisions\/17321"}],"wp:attachment":[{"href":"https:\/\/www.article-marketing.eu\/comunicatistampa\/wp-json\/wp\/v2\/media?parent=17315"}],"wp:term":[{"taxonomy":"category","embeddable":true,"href":"https:\/\/www.article-marketing.eu\/comunicatistampa\/wp-json\/wp\/v2\/categories?post=17315"},{"taxonomy":"post_tag","embeddable":true,"href":"https:\/\/www.article-marketing.eu\/comunicatistampa\/wp-json\/wp\/v2\/tags?post=17315"}],"curies":[{"name":"wp","href":"https:\/\/api.w.org\/{rel}","templated":true}]}}