{"id":1735,"date":"2017-04-03T22:31:50","date_gmt":"2017-04-03T20:31:50","guid":{"rendered":"http:\/\/www.article-marketing.eu\/comunicatistampa\/?p=1735"},"modified":"2017-04-03T22:31:50","modified_gmt":"2017-04-03T20:31:50","slug":"poli-design-alla-settimana-del-design-milanese","status":"publish","type":"post","link":"https:\/\/www.article-marketing.eu\/comunicatistampa\/poli-design-alla-settimana-del-design-milanese\/","title":{"rendered":"POLI.design alla settimana del Design milanese"},"content":{"rendered":"<p><strong>Ecco tutti gli appuntamenti POLI.design della settimana fra Salone e Fuorisalone <\/strong><\/p>\n<p><strong>Anche quest\u2019anno POLI.design partecipa alla settimana del Design milanese con diversi appuntamenti fra Salone e Fuorisalone<\/strong>. Diverse le iniziative organizzate in Fiera e nei <em>design district<\/em> cittadini per raccontare l\u2019attivit\u00e0 di POLI.design e del Sistema Design del Politecnico di Milano attraverso i progetti realizzati dagli studenti, dai vincitori dei concorsi promossi a livello internazionale durante l\u2019anno e dai docenti di alcuni Master e Corsi.<\/p>\n<p>Con un\u2019offerta composta da oltre 50 prodotti formativi tra Master Universitari e Corsi di Alta Formazione, Design Competitions ed eventi speciali pensati per esplorare la cultura del <em>design<\/em> a 360\u00b0, <strong>POLI.design offre a giovani laureati e professionisti molte possibilit\u00e0 di aggiornamento e approfondimento in diversi ambiti<\/strong>: dal Prodotto agli Interni alla Moda, dalla Comunicazione ai Servizi, dalla Progettazione Culturale al Management.<\/p>\n<p>Ecco <strong>gli appuntamenti<\/strong> della settimana:<\/p>\n<p><strong><u>Per il Sistema Design del Politecnico di Milano<\/u><\/strong><\/p>\n<p><strong><em>Design X Designers &#8211; Mostra<\/em><\/strong><\/p>\n<p><strong>Campus Bovisa &#8211; Politecnico di Milano, via Candiani 72, Edificio B2<\/strong><\/p>\n<p>Design X Designers \u00e8 una grande mostra di progetti didattici provenienti da tutto il <strong>Sistema Design del Politecnico di Milano: Scuola del Design, Dipartimento di Design e POLI.design<\/strong>, in collaborazione con l\u2019<strong>Academy of Arts &amp; Design della Tsinghua University di Pechino <\/strong>e altre importanti scuole internazionali. La mostra mette in luce molteplici settori progettuali: dal prodotto industriale alla moda, dal <em>design<\/em> degli interni e dell\u2019arredo alla comunicazione, senza escludere servizi, <em>brand<\/em> e strategia, <em>trasportation<\/em> e <em>design engineering<\/em>. La mostra \u00e8 coordinata dalla Presidenza della Scuola del Design e dal Laboratorio Allestimenti del Dipartimento di Design. I progetti sono stati selezionati da una giuria composta da docenti e professionisti dei diversi settori disciplinari. <strong>L\u2019esposizione si sviluppa su 1500 mq<\/strong> e include tavole di progetto, modelli, prototipi e installazioni in scala naturale. La selezione dei lavori mette in risalto non solo le qualit\u00e0 progettuali ma anche l\u2019eterogeneit\u00e0 e la multidisciplinariet\u00e0 che caratterizzano il Sistema Design del Politecnico di Milano.<\/p>\n<p><strong>In mostra per POLI.design:<\/strong> <em>Master in Accessory Design,<\/em> <em>Master in Industrial Design Engineering and Innovation, Master in Industrial Design for Architecture, Master in Interior Design, Master in Lighting Design &amp; LED Technology<\/em>, <em>Master in Transportation &amp; Automobile Design<\/em>, <em>Master in Yacht Design<\/em>, <em>Corso di Alta Formazione in Design for Kids &amp; Toys.<\/em><\/p>\n<p><strong>QUANDO: 29 marzo &#8211; 5 maggio 2017, ore 10.00 -19.00 (domenica esclusa)<\/strong><\/p>\n<p><strong>OPENING: 28 marzo, ore 13.30 <\/strong><\/p>\n<p><a href=\"http:\/\/www.design.polimi.it\/designxdesigners2017\/\">www.design.polimi.it\/designxdesigners2017\/<\/a><\/p>\n<p><a href=\"http:\/\/polidesign.net\/it\/designXdesigners2017\">polidesign.net\/it\/designXdesigners2017<\/a><\/p>\n<p><strong><em>\u00a0<\/em><\/strong><\/p>\n<p><strong><em>Polimi mates<\/em><\/strong><\/p>\n<p><strong>Salone Satellite, Rho, Fiera (MI), Pad. 22-24<\/strong><\/p>\n<p>In mostra i prodotti realizzati dagli <strong>ex Alumni del Polimi Design System<\/strong> premiati con importanti riconoscimenti, selezionati da Odo Fioravanti e significativi di un approccio \u201cPolitecnico\u201d alla cultura del progetto.<\/p>\n<p><strong>QUANDO: 04 &#8211; 09 aprile 2017, ore 9.30 &#8211; 18.30<\/strong><\/p>\n<p><a href=\"http:\/\/www.design.polimi.it\/salonedelmobile2017\/\">www.design.polimi.it\/salonedelmobile2017\/<\/a><\/p>\n<p>&nbsp;<\/p>\n<p><strong><em>Make with POLIMI<\/em><\/strong><\/p>\n<p><strong>Salone Internazionale del Mobile, Rho, Fiera (MI), Pad. 6-10 \u2013 Reception<\/strong><\/p>\n<p>Il Sistema Design Politecnico si presenta al Salone Internazionale del Mobile, mettendo in scena le <strong>collaborazioni con imprese e istituzioni<\/strong>, l&#8217;offerta di formazione, ricerca e servizi, le risorse e le facilities del Dipartimento di Design, della Scuola del Design e di POLI.design.<\/p>\n<p><strong>QUANDO: 04 &#8211; 09 aprile 2017, ore 9.30 &#8211; 18.30<\/strong><\/p>\n<p>www.design.polimi.it\/salonedelmobile2017\/<\/p>\n<p>&nbsp;<\/p>\n<p><strong><em>Never stop kindness <\/em><\/strong><\/p>\n<p><strong>Appartamento e Casa LAGO<\/strong><\/p>\n<p><strong>Via Brera 30 e via S. Tomaso 6, Milano<\/strong><\/p>\n<p><em>Gentilezza: che cos\u2019\u00e8?<\/em><\/p>\n<p><em>Da dove viene? Dove si trova?<\/em><\/p>\n<p>Un&#8217;esortazione d&#8217;intenti, che inizia con interrogativi tanto semplici quanto complessi.<\/p>\n<p>Per la Design Week 2017, LAGO sceglie la gentilezza come driver di sperimentazione, innovazione e cambiamento. Lancia un forte tema di riflessione. Il Politecnico di Milano (Scuola del Design, Dipartimento di Design e POLI.design) accoglie la sfida e decide di affrontarla, insieme. Coinvolge un corposo gruppo di studenti, docenti e tutor appassionati in un lungo scambio interdisciplinare. Appartamento Lago, un consolidato esperimento abitativo e culturale, apre le porte ai semi della gentilezza. Diviene luogo e scenario scelto della fertile collaborazione tra azienda e ateneo. Ospita rituali gentili, trasformandoli in piccoli gesti quotidiani che accolgono il visitatore in un\u2019atmosfera calda e familiare. Coinvolge il pubblico in installazioni multimediali, interazioni analogiche e digitali.<\/p>\n<p><strong>QUANDO: 04 \u2013 09 aprile 2017<\/strong><\/p>\n<p><strong>In particolare: <\/strong><\/p>\n<p><strong>NEVER STOP SHARING KINDNESS by PoliMi &amp; 7Gr.<\/strong><\/p>\n<p>4, 5 , 6, 7 aprile, dalle ore 10.30<\/p>\n<p>Un momento in cui gustare un caff\u00e8, con una colazione preparata da 7Gr. in collaborazione con gli studenti del Politecnico di Milano.<\/p>\n<p><strong>NEVER STOP SHARING KINDNESS by PoliMi<\/strong><\/p>\n<p>4, 5 , 6, 7 aprile, dalle ore 17.00<\/p>\n<p>Gli studenti del Politecnico di Milano declinano il concetto di gentilezza, organizzando per i visitatori diverse attivita\u0300:<\/p>\n<p>&#8211; 4 e 7 aprile, FLOWERGAMI + APP HELP lezioni di origami floreale e presentazione di app utili a migliorare il quotidiano.<\/p>\n<p>&#8211; 5 aprile: BOOK READING, lettura di un libro ad alta voce.<\/p>\n<p>&#8211; 6 aprile: il rituale del te\u0300 trasformato in un momento di relax tenuto in lingue straniere.<\/p>\n<p><strong>NEVER STOP SEEDING KINDNESS by\u00a0 Luca Fois<\/strong><\/p>\n<p>4, 5 , 6, 7 aprile, ore 17.00 \u2013 19.00<\/p>\n<p>Luca Fois, Docente di Comunicazione, Scuola del Design del Politecnico di Milano e Direttore Corso di Alta Formazione Design for Kids &amp; Toys POLI.design, modera ogni giorno una tavola rotonda sul tema infanzia in zona Kids &amp; Young.<\/p>\n<p><strong>DOVE: CASA LAGO, via S.Tomaso 6, Milano<\/strong><\/p>\n<p><strong>QUANDO: 6 e 7 aprile dalle 18.30<\/strong><\/p>\n<p><strong>A Kind Talk by Cristina Celestino &amp; Luisa Collina<\/strong><\/p>\n<p>L\u2019architetto e designer Cristina Celestino e la preside del Politecnico di Milano Luisa Collina si raccontano in un dialogo sulla gentilezza, interrogandosi su come si possa dare forma a un design gentile. Interviene: Daniele Lago.<\/p>\n<p>www.lago.it\/design-week\/milano-design-week-2017\/never-stop-living-kindness<\/p>\n<p>www.design.polimi.it\/salonedelmobile2017\/<\/p>\n<p>&nbsp;<\/p>\n<p><strong><em>T 7TH &#8211; TALENTS FROM THE 7TH DESIGN UNIVERSITY IN THE WORLD<\/em><\/strong><\/p>\n<p><strong>The Mall, Porta Nuova Ingresso da Piazza Lina Bo Bardi \/ Piazza Alvar Alto nell&#8217;ambito di Space&amp;Interiors by MADE Expo<\/strong><\/p>\n<p><strong>T<\/strong> come i <strong>Talenti<\/strong> della 7\u00b0 Universit\u00e0 al Mondo in Design.<\/p>\n<p><strong>T<\/strong> come <strong>Tre pomeriggi<\/strong> dedicati ai migliori progetti di laurea della Scuola del Design del Politecnico di Milano.<\/p>\n<p><strong>T<\/strong> come le <strong>Tre anime del Sistema Design del Politecnico di Milano<\/strong>: Scuola Del Design, Dipartimento di Design e POLI.design.<\/p>\n<p><strong>T<\/strong> come <strong>Tre pm<\/strong>, l\u2019orario ideale per una merenda a base di Design.<\/p>\n<p>Il <strong>QS World University Rankings by Subject 2017<\/strong> <strong>attribuisce al Politecnico di Milano il<\/strong> <strong>7\u00b0 posto al mondo nell\u2019area Art &amp; Design<\/strong>. Un evento, nella settimana del <em>design<\/em> milanese, per celebrare il traguardo raggiunto attraverso il racconto dei docenti e dei migliori laureati del Polimi Design System.<\/p>\n<p><strong>QUANDO: 05 \u2013 07 aprile 2017, ore 15.00<\/strong><\/p>\n<p>www.space-interiors.it<\/p>\n<p>&nbsp;<\/p>\n<p><strong><em>A letto con il Design \u2013 Design Hostel<\/em><\/strong><\/p>\n<p><strong><em>Mostra\/Ostello di giovani designer internazionali<\/em><\/strong><\/p>\n<p><strong>Via Cosenz 44\/4 \u2013 Milano<\/strong><\/p>\n<p>&#8220;A letto con il DESIGN&#8221; trasforma una vecchia fabbrica verticale, oggi appena diventata il makerspace pi\u00f9 grande d\u2019Italia, in un <strong>nuovo modello di ospitalit\u00e0<\/strong> dove i progettisti vivranno e al contempo esporranno le loro opere. <strong>Per questa iniziativa lo spazio si dispiegher\u00e0 come un inedito ostello<\/strong>, sar\u00e0 un luogo dove &#8220;la vita&#8221; si mischia all\u2019esposizione, e l&#8217;esposizione ai macchinari analogici e digitali che animano il lavoro quotidiano e scandiscono il disegno dello spazio.<\/p>\n<p><strong>QUANDO: 1-10 aprile 2017, 10.30 &#8211; 00.30<\/strong><\/p>\n<p><strong>OPENING: 02 aprile, ore 21.00<\/strong><\/p>\n<p><strong>EVENT NIGHT: 05 aprile, ore 21.00<\/strong><\/p>\n<p>www.designhostel.it\/it\/<\/p>\n<p>www.polidesign.net\/it\/DesignHostel<\/p>\n<p>&nbsp;<\/p>\n<p><strong><u>Per i Master e Corsi POLI.design<\/u><\/strong><\/p>\n<p><strong><u>\u00a0<\/u><\/strong><\/p>\n<p><strong><em>Toys Design manifesto<\/em><\/strong><\/p>\n<p><strong>La Triennale di Milano, Viale Emilio Alemagna, 6, 20121 Milano<\/strong><\/p>\n<p>Il <strong>Creative Industries Lab \u2013 CILAB<\/strong>, con le risorse del <strong>Corso di Alta Formazione Design for Kids and Toys<\/strong> di <strong>POLI.design<\/strong> e i partner sostenitori, sar\u00e0 protagonista della presentazione ufficiale della <strong>1\u00b0 Edizione del Toys Design Manifesto<\/strong>, a cura di Francesco Schianchi e coordinato da Luca Fois durante una metaforica cerimonia di affissione sulle porte della cattedrale del <em>design<\/em>: la nostra <strong>Triennale<\/strong>. L\u2019elaborazione di queste prime 96 tesi, una in pi\u00f9 di Martin Lutero che appese le sue 95 sulla porta della chiesa di Wittenberg esattamente 500 anni fa, continuer\u00e0 in futuro con i contributi internazionali di esperti impegnati a vario titolo nel <strong>processo di innovazione di prodotti e servizi dedicati ai bambini<\/strong>.<\/p>\n<p><strong>QUANDO: 04 aprile 2017, ore 9.00 \u2013 11.00<\/strong><\/p>\n<p>www.cilab.polimi.it<\/p>\n<p>www.polidesign.net\/it\/ddgio<\/p>\n<p>&nbsp;<\/p>\n<p><strong><em>I primi mille giorni_4 tavole rotonde<\/em><\/strong><\/p>\n<p><strong>Via Brera, 30, 20121 Milano<\/strong><\/p>\n<p><strong>Il CILAB (Creative Industries Lab) del Dipartimento di Design del Politecnico di Milano e il Corso di Alta Formazione Design for Kids and Toys di POLI.design<\/strong> all&#8217;interno della ricerca e stesura del <strong><em>Manifesto Internazionale del Toys Design<\/em><\/strong>, guida alla progettazione consapevole del giocattolo, organizza anche quest&#8217;anno un <strong>ciclo di Tavole Rotonde sul tema del <em>Kids &amp; Toys Design<\/em><\/strong>.<\/p>\n<p>Dal marted\u00ec al venerd\u00ec, dalle 17 alle 19, quattro Tavole Rotonde vedranno dibattere professionisti con differenti e complementari competenze sul tema dei primi mille giorni dalla nascita di un individuo.<\/p>\n<p><strong>QUANDO: 04 \u2013 07 aprile 2017, ore 17.00<\/strong><\/p>\n<p>4 aprile, ore 17.00: IN-FORMAZIONE : premessa della consapevolezza<\/p>\n<p>5 aprile, ore 17.00: BAMBINO USER\/GENITORE CONSUMER : la\u00a0 contraddizione del mercato per i kids<\/p>\n<p>6 aprile, ore 17.00: INDIVIDUALE\/SOCIALE : fragili e complessi equilibri<\/p>\n<p>7 aprile, ore 17.00: SICUREZZA\/LIBERTA\u2019: compromessi progettuali evolutivi<\/p>\n<p>www.cilab.polimi.it<\/p>\n<p>www.polidesign.net\/it\/ddgio<\/p>\n<p>&nbsp;<\/p>\n<p><strong><em>Design For 2017<\/em><\/strong><\/p>\n<p><strong>Triennale di Milano &#8211; Teatro Agor\u00e0, Viale Alemagna, 6 &#8211; Milano<\/strong><\/p>\n<p><strong><em>Design For<\/em><\/strong>, iniziativa editoriale curata annualmente da Promotedesign.it e giunta alla sua sesta edizione, si conferma ancora una volta come eccezionale <strong>vetrina per i giovani creativi che vogliono proporre il loro ingegno ai produttori di idee<\/strong>. In occasione della presentazione del 4 aprile interverranno Enzo Carbone, Fondatore Promotedesign.it; Daniele Lupetti editore della Fausto Lupetti Editore; Paola Pozzoli e Marco Allegri del team di Digistal Strategies: Odoardo Fioravanti, product designer; Alessandro Dubini, product designer; <strong>Gianpietro Sacchi, Direttore di alcuni Corsi di Alta Formazione POLI.design<\/strong><\/p>\n<p><strong>QUANDO: 04 aprile 2017, ore 17.00<\/strong><\/p>\n<p>www.polidesign.net\/it\/Temporary-Retail<\/p>\n<p>www.polidesign.net\/it\/Hotel-Solutions<\/p>\n<p>www.polidesign.net\/it\/Food-Retail<\/p>\n<p>www.polidesign.net\/it\/horeca<\/p>\n<p>www.promotedesign.it<\/p>\n<p><strong><u>\u00a0<\/u><\/strong><\/p>\n<p><strong><em>Din &#8211; Design In 2017<\/em><\/strong><\/p>\n<p><strong>Ventura Design District via Massimiano 6 \/ via Sbodio 9<\/strong><\/p>\n<p>I <strong>Corsi di Alta Formazione<\/strong> in <strong>HO.RE.CA.DESIGN<\/strong>, <strong>TEMPORARY SHOP &amp; RETAIL DESIGN<\/strong>, <strong>WELLNESS DESIGN<\/strong>, <strong>HOTEL DESIGN SOLUTIONS<\/strong>, <strong>LEISURE LOUNGE &amp; RESTAURANT DESIGN<\/strong> di POLI.design presenti a <strong>Din \u2013 Design In<\/strong>, il grande evento espositivo organizzato da Promotedesign.it.<\/p>\n<p>Le idee di oltre 100 <em>designer<\/em> provenienti da ogni parte del mondo e oltre 600 prodotti esposti che spazieranno dall\u2019 hi-tech sino ad oggetti dall\u2019elevato contenuto artistico e innovativo.<\/p>\n<p><strong>QUANDO: 04 \u2013 09 aprile 2017<\/strong><\/p>\n<p>www.polidesign.net\/it\/Temporary-Retail<\/p>\n<p>www.polidesign.net\/it\/Hotel-Solutions<\/p>\n<p>www.polidesign.net\/it\/Food-Retail<\/p>\n<p>www.polidesign.net\/it\/horeca<\/p>\n<p>www.promotedesign.it<\/p>\n<p><strong>\u00a0<\/strong><\/p>\n<p><strong><em>Essere, fare, dire, toccare<\/em><\/strong><\/p>\n<p><strong>Makers Hub &#8211; via Cosenz 44\/4, 20158 Milano<\/strong><\/p>\n<p>Nell&#8217;ambito degli eventi <strong>IN BOVISA<\/strong>, il <strong>Creative Industries Lab (CILAB)<\/strong> <strong>del Politecnico di Milano<\/strong>, insieme ad <strong>Assogiocattoli<\/strong> e al <strong>Corso di Alta formazione in<\/strong> <strong>Design for Kids and Toys<\/strong> di <strong>POLI.design<\/strong> presenta i risultati della ricerca realizzata su come aziende del settore giocattolo comunicano identit\u00e0 e valori. Sar\u00e0 l&#8217;occasione per riflettere insieme sull&#8217;opportunit\u00e0 di dar vita ad un Osservatorio stabile su questo tema, con un approccio originale tipico del <em>design<\/em>.<\/p>\n<p><strong>QUANDO: 5 aprile 2017, ore 17.00<\/strong><\/p>\n<p>www.cilab.polimi.it<\/p>\n<p>www.polidesign.net\/it\/ddgio<\/p>\n<p>&nbsp;<\/p>\n<p><strong><em>EVERYDAY SERVICE DESIGN<\/em><\/strong><\/p>\n<p><strong>Clubhouse Brera, Foro Buonaparte 22, 20121 Milano<\/strong><\/p>\n<p><strong>EVERYDAY SERVICE DESIGN<\/strong> torna per il secondo anno consecutivo durante la Design Week milanese, con lo scopo di <strong>connettere il sistema del <em>Service Design<\/em> in Italia<\/strong> e di consolidare il quadro culturale di riferimento sul tema. Le finalit\u00e0 di quest&#8217;anno mirano, da un lato, a rafforzare i legami esistenti tra organizzazioni e professionisti che si occupano di <strong>innovazione e progettazione dei servizi<\/strong>, dall\u2019altro stimolare un dibattito culturale al fine di connettere esperienze e individuare sfide future. Il format di questa seconda edizione prevede la realizzazione di un <strong>talk in cui i partner del Master in <em>Service Design<\/em> del Politecnico di Milano e POLI.design interagiranno col pubblico<\/strong> e porteranno il loro punto di vista sui driver di cambiamento delle logiche di progettazione e realizzazione di servizi all\u2019interno delle loro organizzazioni.<\/p>\n<p><strong>Interverranno:<\/strong><\/p>\n<p><strong>Gianluca Loparco<\/strong>, Digital Transformation Leader Deloitte Digital Milano,<\/p>\n<p><strong>Fabio Salierno<\/strong>, Head of Experience Design Innovation Center di Intesa Sanpaolo<\/p>\n<p><strong>Tiziana Caglioti<\/strong>, Head of Innovation ActionAid Italia<\/p>\n<p><strong>Francesco Cavalli<\/strong>, founder e Creative Director Leftloft<\/p>\n<p><strong>QUANDO: 05 aprile 2017, ore 19.00 \u2013 21.00<\/strong><\/p>\n<p>www.polidesign.net\/servicedesign<\/p>\n<p>www.polidesign.net\/servicedesignforbusiness<\/p>\n<p>www.serviceinnovationacademy.com<\/p>\n<p><strong><u>\u00a0<\/u><\/strong><\/p>\n<p><strong><em>Wellness&amp;Design Trend&amp;Innovation<\/em><\/strong><\/p>\n<p><strong>Hotel Meli\u00e0 via Masaccio 19, Milano<\/strong><\/p>\n<p>Un <strong>confronto con aziende e designer italiani<\/strong> su design e wellness nell\u2019ambito di <strong><em>Tourism Investment \u2013 Hospitality &amp; Real Estate Forum<\/em><\/strong>.<\/p>\n<p>Intervengono: Simone Micheli (Studio Micheli), Alessandro Sciarrone (Technogym spa) e <strong>Francesco Scullica (POLI.design e Politecnico di Milano)<\/strong><\/p>\n<p><strong>QUANDO: 04 aprile 2017, ore 14.15<\/strong><\/p>\n<p>www.tourisminvestment.it\/<\/p>\n<p><strong><u>\u00a0<\/u><\/strong><\/p>\n<p><strong><u>Per i Concorsi POLI.design<\/u><\/strong><\/p>\n<p><strong><em>\u00a0<\/em><\/strong><\/p>\n<p><strong><em>Cerimonia di premiazione: Porada International Design Award 2016<\/em><\/strong><\/p>\n<p><strong>Salone Internazionale del Mobile 2017- Rho, Fiera (MI),<\/strong><strong> Pad. 05 \/ Stand C 03 D 02<\/strong><\/p>\n<p>Porada annuncer\u00e0 e incontrer\u00e0 i <strong>6 vincitori<\/strong> del Porada International Design Award 2016 (3 nella categoria studenti e 3 nella categoria professionisti). Con l\u2019occasione, verranno presentati anche <strong>i due progetti che hanno ottenuto una menzione speciale<\/strong> da parte della giuria. L\u2019edizione 2016 della <em>competition <\/em>promossa da PORADA ARREDI srl e POLI.design, ha riguardato nuove proposte per l\u2019individuazione di soluzioni progettuali su diverse tipologie di appendiabiti in cui fosse prevalente, ma non esclusivo, l\u2019uso del legno.<\/p>\n<p><strong>QUANDO: 04 \u2013 09 aprile 2017, ore 9.30\u201318.30<\/strong><\/p>\n<p><strong>PREMIAZIONE:<\/strong> <strong>05 aprile ore 14.00 <\/strong><\/p>\n<p><u>www.porada.it<\/u><\/p>\n<p>www.polidesign.net\/it\/Porada2016<\/p>\n<p>&nbsp;<\/p>\n<p><strong><em>MAD FOR BRASIL, MAD FOR DESIGN<\/em><\/strong><\/p>\n<p>Il contest <strong><em>MAD FOR BRAZIL, MAD FOR DESIGN<\/em><\/strong>, <strong>si rivolge a giovani progettisti brasiliani<\/strong>: attraverso il loro sguardo, i promotori intendono favorire uno scambio tra la cultura del <em>design<\/em> made in Italy e quella brasiliana.<\/p>\n<p>Fanno parte di MAD FOR BRAZIL una serie di eventi che collegano moda, arte, cibo e <em>design<\/em>, all\u2019insegna della creativit\u00e0 d\u2019ispirazione brasiliana.<\/p>\n<p><strong>Presentazione dei progetti:<\/strong> <strong>Boscolo Hotel, Corso Matteotti, 4\/6 &#8211; 20121 Milano &#8211; Sala Arlecchino<\/strong><\/p>\n<p><strong>QUANDO: 04 aprile 2017, ore 19.00 \u2013 21.00 <\/strong><\/p>\n<p><strong>Cerimonia di premiazione: Universit\u00e0 Statale di Milano, Via Festa del Perdono 7, presso BRAZIL SA<\/strong><\/p>\n<p><strong>QUANDO: 07 aprile 2017, ore 19.00 \u2013 20.00<\/strong><\/p>\n<p>www.polidesign.net\/it\/mad-for-brazil<\/p>\n<p>www.madzone.it\/mad-for-brazil\/<\/p>\n<p><strong>\u00a0<\/strong><\/p>\n<p>Per informazioni su tutti gli eventi della settimana e per saperne di pi\u00f9, si prega di consultare la seguenti pagina: www.polidesign.net\/designweek2017 \u00a0e\u00a0 www.design.polimi.it\/salonedelmobile2017<\/p>\n<p><strong>\u00a0<\/strong><\/p>\n<p><strong>Press Contact: <\/strong><\/p>\n<p>Valeria Valdonio &#8211; Ufficio Comunicazione POLI.design<\/p>\n<p>Tel. (+39) 02 2399 7201;<\/p>\n<p>Mail comunicazione@polidesign.net<\/p>\n","protected":false},"excerpt":{"rendered":"<p>Ecco tutti gli appuntamenti POLI.design della settimana fra Salone e Fuorisalone Anche quest\u2019anno POLI.design partecipa alla settimana del Design milanese con diversi appuntamenti fra Salone e Fuorisalone. Diverse le iniziative organizzate in Fiera e nei design district cittadini per raccontare l\u2019attivit\u00e0 di POLI.design e del Sistema Design del Politecnico di Milano attraverso i progetti realizzati dagli studenti, dai vincitori dei concorsi promossi a livello internazionale durante l\u2019anno e dai docenti<\/p>\n<p><a class=\"continue-reading\" href=\"https:\/\/www.article-marketing.eu\/comunicatistampa\/poli-design-alla-settimana-del-design-milanese\/\">Continue reading&#8230;<\/a><\/p>\n","protected":false},"author":18,"featured_media":0,"comment_status":"open","ping_status":"open","sticky":false,"template":"","format":"standard","meta":{"_monsterinsights_skip_tracking":false,"_monsterinsights_sitenote_active":false,"_monsterinsights_sitenote_note":"","_monsterinsights_sitenote_category":0,"footnotes":""},"categories":[392],"tags":[959,961,954,950,965,953,963,956,957,524,955,952,962,951,958,960,964],"class_list":["post-1735","post","type-post","status-publish","format-standard","hentry","category-eventi","tag-a-letto-con-il-design-design-hostel","tag-design-for-2017","tag-design-x-designers-mostra","tag-designweek2017","tag-din-design-in-2017","tag-fuorisalone","tag-mad-for-brasil","tag-make-with-polimi","tag-never-stop-kindness","tag-poli-design","tag-polimi-mates","tag-politecnico-di-milano","tag-porada","tag-salone-del-mobile","tag-t-7th-talents-from-the-7th-design-university-in-the-world","tag-toys-design-manifesto","tag-wellnessdesign-trendinnovation"],"yoast_head":"<!-- This site is optimized with the Yoast SEO plugin v27.3 - https:\/\/yoast.com\/product\/yoast-seo-wordpress\/ -->\n<title>POLI.design alla settimana del Design milanese - Article Marketing<\/title>\n<meta name=\"robots\" content=\"index, follow, max-snippet:-1, max-image-preview:large, max-video-preview:-1\" \/>\n<link rel=\"canonical\" href=\"https:\/\/www.article-marketing.eu\/comunicatistampa\/poli-design-alla-settimana-del-design-milanese\/\" \/>\n<meta property=\"og:locale\" content=\"it_IT\" \/>\n<meta property=\"og:type\" content=\"article\" \/>\n<meta property=\"og:title\" content=\"POLI.design alla settimana del Design milanese - Article Marketing\" \/>\n<meta property=\"og:description\" content=\"Ecco tutti gli appuntamenti POLI.design della settimana fra Salone e Fuorisalone Anche quest\u2019anno POLI.design partecipa alla settimana del Design milanese con diversi appuntamenti fra Salone e Fuorisalone. Diverse le iniziative organizzate in Fiera e nei design district cittadini per raccontare l\u2019attivit\u00e0 di POLI.design e del Sistema Design del Politecnico di Milano attraverso i progetti realizzati dagli studenti, dai vincitori dei concorsi promossi a livello internazionale durante l\u2019anno e dai docentiContinue reading...\" \/>\n<meta property=\"og:url\" content=\"https:\/\/www.article-marketing.eu\/comunicatistampa\/poli-design-alla-settimana-del-design-milanese\/\" \/>\n<meta property=\"og:site_name\" content=\"Article Marketing\" \/>\n<meta property=\"article:published_time\" content=\"2017-04-03T20:31:50+00:00\" \/>\n<meta name=\"author\" content=\"POLI.design\" \/>\n<meta name=\"twitter:card\" content=\"summary_large_image\" \/>\n<meta name=\"twitter:label1\" content=\"Scritto da\" \/>\n\t<meta name=\"twitter:data1\" content=\"POLI.design\" \/>\n\t<meta name=\"twitter:label2\" content=\"Tempo di lettura stimato\" \/>\n\t<meta name=\"twitter:data2\" content=\"11 minuti\" \/>\n<script type=\"application\/ld+json\" class=\"yoast-schema-graph\">{\"@context\":\"https:\\\/\\\/schema.org\",\"@graph\":[{\"@type\":\"Article\",\"@id\":\"https:\\\/\\\/www.article-marketing.eu\\\/comunicatistampa\\\/poli-design-alla-settimana-del-design-milanese\\\/#article\",\"isPartOf\":{\"@id\":\"https:\\\/\\\/www.article-marketing.eu\\\/comunicatistampa\\\/poli-design-alla-settimana-del-design-milanese\\\/\"},\"author\":{\"name\":\"POLI.design\",\"@id\":\"https:\\\/\\\/www.article-marketing.eu\\\/comunicatistampa\\\/#\\\/schema\\\/person\\\/146a6885c81198281a9e0ba0035b8e2d\"},\"headline\":\"POLI.design alla settimana del Design milanese\",\"datePublished\":\"2017-04-03T20:31:50+00:00\",\"mainEntityOfPage\":{\"@id\":\"https:\\\/\\\/www.article-marketing.eu\\\/comunicatistampa\\\/poli-design-alla-settimana-del-design-milanese\\\/\"},\"wordCount\":2271,\"commentCount\":0,\"keywords\":[\"A letto con il Design \u2013 Design Hostel\",\"Design For 2017\",\"Design X Designers \u2013 Mostra\",\"Designweek2017\",\"Din - Design In 2017\",\"Fuorisalone\",\"MAD FOR BRASIL\",\"Make with POLIMI\",\"Never stop kindness\",\"POLI.design\",\"Polimi mates\",\"politecnico di milano\",\"Porada\",\"salone del mobile\",\"T 7TH - TALENTS FROM THE 7TH DESIGN UNIVERSITY IN THE WORLD\",\"Toys Design manifesto\",\"Wellness&amp;Design Trend&amp;Innovation\"],\"articleSection\":[\"Eventi\"],\"inLanguage\":\"it-IT\",\"potentialAction\":[{\"@type\":\"CommentAction\",\"name\":\"Comment\",\"target\":[\"https:\\\/\\\/www.article-marketing.eu\\\/comunicatistampa\\\/poli-design-alla-settimana-del-design-milanese\\\/#respond\"]}]},{\"@type\":\"WebPage\",\"@id\":\"https:\\\/\\\/www.article-marketing.eu\\\/comunicatistampa\\\/poli-design-alla-settimana-del-design-milanese\\\/\",\"url\":\"https:\\\/\\\/www.article-marketing.eu\\\/comunicatistampa\\\/poli-design-alla-settimana-del-design-milanese\\\/\",\"name\":\"POLI.design alla settimana del Design milanese - Article Marketing\",\"isPartOf\":{\"@id\":\"https:\\\/\\\/www.article-marketing.eu\\\/comunicatistampa\\\/#website\"},\"datePublished\":\"2017-04-03T20:31:50+00:00\",\"author\":{\"@id\":\"https:\\\/\\\/www.article-marketing.eu\\\/comunicatistampa\\\/#\\\/schema\\\/person\\\/146a6885c81198281a9e0ba0035b8e2d\"},\"breadcrumb\":{\"@id\":\"https:\\\/\\\/www.article-marketing.eu\\\/comunicatistampa\\\/poli-design-alla-settimana-del-design-milanese\\\/#breadcrumb\"},\"inLanguage\":\"it-IT\",\"potentialAction\":[{\"@type\":\"ReadAction\",\"target\":[\"https:\\\/\\\/www.article-marketing.eu\\\/comunicatistampa\\\/poli-design-alla-settimana-del-design-milanese\\\/\"]}]},{\"@type\":\"BreadcrumbList\",\"@id\":\"https:\\\/\\\/www.article-marketing.eu\\\/comunicatistampa\\\/poli-design-alla-settimana-del-design-milanese\\\/#breadcrumb\",\"itemListElement\":[{\"@type\":\"ListItem\",\"position\":1,\"name\":\"Home\",\"item\":\"https:\\\/\\\/www.article-marketing.eu\\\/comunicatistampa\\\/\"},{\"@type\":\"ListItem\",\"position\":2,\"name\":\"POLI.design alla settimana del Design milanese\"}]},{\"@type\":\"WebSite\",\"@id\":\"https:\\\/\\\/www.article-marketing.eu\\\/comunicatistampa\\\/#website\",\"url\":\"https:\\\/\\\/www.article-marketing.eu\\\/comunicatistampa\\\/\",\"name\":\"Article Marketing\",\"description\":\"article marketing &amp; press release\",\"potentialAction\":[{\"@type\":\"SearchAction\",\"target\":{\"@type\":\"EntryPoint\",\"urlTemplate\":\"https:\\\/\\\/www.article-marketing.eu\\\/comunicatistampa\\\/?s={search_term_string}\"},\"query-input\":{\"@type\":\"PropertyValueSpecification\",\"valueRequired\":true,\"valueName\":\"search_term_string\"}}],\"inLanguage\":\"it-IT\"},{\"@type\":\"Person\",\"@id\":\"https:\\\/\\\/www.article-marketing.eu\\\/comunicatistampa\\\/#\\\/schema\\\/person\\\/146a6885c81198281a9e0ba0035b8e2d\",\"name\":\"POLI.design\",\"image\":{\"@type\":\"ImageObject\",\"inLanguage\":\"it-IT\",\"@id\":\"https:\\\/\\\/secure.gravatar.com\\\/avatar\\\/87f7987dbfa674c5dd5f9fa3495ce312cba20aa6ee3f9f6df08061703fd5b3c2?s=96&d=mm&r=g\",\"url\":\"https:\\\/\\\/secure.gravatar.com\\\/avatar\\\/87f7987dbfa674c5dd5f9fa3495ce312cba20aa6ee3f9f6df08061703fd5b3c2?s=96&d=mm&r=g\",\"contentUrl\":\"https:\\\/\\\/secure.gravatar.com\\\/avatar\\\/87f7987dbfa674c5dd5f9fa3495ce312cba20aa6ee3f9f6df08061703fd5b3c2?s=96&d=mm&r=g\",\"caption\":\"POLI.design\"},\"url\":\"https:\\\/\\\/www.article-marketing.eu\\\/comunicatistampa\\\/author\\\/poli-design\\\/\"}]}<\/script>\n<!-- \/ Yoast SEO plugin. -->","yoast_head_json":{"title":"POLI.design alla settimana del Design milanese - Article Marketing","robots":{"index":"index","follow":"follow","max-snippet":"max-snippet:-1","max-image-preview":"max-image-preview:large","max-video-preview":"max-video-preview:-1"},"canonical":"https:\/\/www.article-marketing.eu\/comunicatistampa\/poli-design-alla-settimana-del-design-milanese\/","og_locale":"it_IT","og_type":"article","og_title":"POLI.design alla settimana del Design milanese - Article Marketing","og_description":"Ecco tutti gli appuntamenti POLI.design della settimana fra Salone e Fuorisalone Anche quest\u2019anno POLI.design partecipa alla settimana del Design milanese con diversi appuntamenti fra Salone e Fuorisalone. Diverse le iniziative organizzate in Fiera e nei design district cittadini per raccontare l\u2019attivit\u00e0 di POLI.design e del Sistema Design del Politecnico di Milano attraverso i progetti realizzati dagli studenti, dai vincitori dei concorsi promossi a livello internazionale durante l\u2019anno e dai docentiContinue reading...","og_url":"https:\/\/www.article-marketing.eu\/comunicatistampa\/poli-design-alla-settimana-del-design-milanese\/","og_site_name":"Article Marketing","article_published_time":"2017-04-03T20:31:50+00:00","author":"POLI.design","twitter_card":"summary_large_image","twitter_misc":{"Scritto da":"POLI.design","Tempo di lettura stimato":"11 minuti"},"schema":{"@context":"https:\/\/schema.org","@graph":[{"@type":"Article","@id":"https:\/\/www.article-marketing.eu\/comunicatistampa\/poli-design-alla-settimana-del-design-milanese\/#article","isPartOf":{"@id":"https:\/\/www.article-marketing.eu\/comunicatistampa\/poli-design-alla-settimana-del-design-milanese\/"},"author":{"name":"POLI.design","@id":"https:\/\/www.article-marketing.eu\/comunicatistampa\/#\/schema\/person\/146a6885c81198281a9e0ba0035b8e2d"},"headline":"POLI.design alla settimana del Design milanese","datePublished":"2017-04-03T20:31:50+00:00","mainEntityOfPage":{"@id":"https:\/\/www.article-marketing.eu\/comunicatistampa\/poli-design-alla-settimana-del-design-milanese\/"},"wordCount":2271,"commentCount":0,"keywords":["A letto con il Design \u2013 Design Hostel","Design For 2017","Design X Designers \u2013 Mostra","Designweek2017","Din - Design In 2017","Fuorisalone","MAD FOR BRASIL","Make with POLIMI","Never stop kindness","POLI.design","Polimi mates","politecnico di milano","Porada","salone del mobile","T 7TH - TALENTS FROM THE 7TH DESIGN UNIVERSITY IN THE WORLD","Toys Design manifesto","Wellness&amp;Design Trend&amp;Innovation"],"articleSection":["Eventi"],"inLanguage":"it-IT","potentialAction":[{"@type":"CommentAction","name":"Comment","target":["https:\/\/www.article-marketing.eu\/comunicatistampa\/poli-design-alla-settimana-del-design-milanese\/#respond"]}]},{"@type":"WebPage","@id":"https:\/\/www.article-marketing.eu\/comunicatistampa\/poli-design-alla-settimana-del-design-milanese\/","url":"https:\/\/www.article-marketing.eu\/comunicatistampa\/poli-design-alla-settimana-del-design-milanese\/","name":"POLI.design alla settimana del Design milanese - Article Marketing","isPartOf":{"@id":"https:\/\/www.article-marketing.eu\/comunicatistampa\/#website"},"datePublished":"2017-04-03T20:31:50+00:00","author":{"@id":"https:\/\/www.article-marketing.eu\/comunicatistampa\/#\/schema\/person\/146a6885c81198281a9e0ba0035b8e2d"},"breadcrumb":{"@id":"https:\/\/www.article-marketing.eu\/comunicatistampa\/poli-design-alla-settimana-del-design-milanese\/#breadcrumb"},"inLanguage":"it-IT","potentialAction":[{"@type":"ReadAction","target":["https:\/\/www.article-marketing.eu\/comunicatistampa\/poli-design-alla-settimana-del-design-milanese\/"]}]},{"@type":"BreadcrumbList","@id":"https:\/\/www.article-marketing.eu\/comunicatistampa\/poli-design-alla-settimana-del-design-milanese\/#breadcrumb","itemListElement":[{"@type":"ListItem","position":1,"name":"Home","item":"https:\/\/www.article-marketing.eu\/comunicatistampa\/"},{"@type":"ListItem","position":2,"name":"POLI.design alla settimana del Design milanese"}]},{"@type":"WebSite","@id":"https:\/\/www.article-marketing.eu\/comunicatistampa\/#website","url":"https:\/\/www.article-marketing.eu\/comunicatistampa\/","name":"Article Marketing","description":"article marketing &amp; press release","potentialAction":[{"@type":"SearchAction","target":{"@type":"EntryPoint","urlTemplate":"https:\/\/www.article-marketing.eu\/comunicatistampa\/?s={search_term_string}"},"query-input":{"@type":"PropertyValueSpecification","valueRequired":true,"valueName":"search_term_string"}}],"inLanguage":"it-IT"},{"@type":"Person","@id":"https:\/\/www.article-marketing.eu\/comunicatistampa\/#\/schema\/person\/146a6885c81198281a9e0ba0035b8e2d","name":"POLI.design","image":{"@type":"ImageObject","inLanguage":"it-IT","@id":"https:\/\/secure.gravatar.com\/avatar\/87f7987dbfa674c5dd5f9fa3495ce312cba20aa6ee3f9f6df08061703fd5b3c2?s=96&d=mm&r=g","url":"https:\/\/secure.gravatar.com\/avatar\/87f7987dbfa674c5dd5f9fa3495ce312cba20aa6ee3f9f6df08061703fd5b3c2?s=96&d=mm&r=g","contentUrl":"https:\/\/secure.gravatar.com\/avatar\/87f7987dbfa674c5dd5f9fa3495ce312cba20aa6ee3f9f6df08061703fd5b3c2?s=96&d=mm&r=g","caption":"POLI.design"},"url":"https:\/\/www.article-marketing.eu\/comunicatistampa\/author\/poli-design\/"}]}},"_links":{"self":[{"href":"https:\/\/www.article-marketing.eu\/comunicatistampa\/wp-json\/wp\/v2\/posts\/1735","targetHints":{"allow":["GET"]}}],"collection":[{"href":"https:\/\/www.article-marketing.eu\/comunicatistampa\/wp-json\/wp\/v2\/posts"}],"about":[{"href":"https:\/\/www.article-marketing.eu\/comunicatistampa\/wp-json\/wp\/v2\/types\/post"}],"author":[{"embeddable":true,"href":"https:\/\/www.article-marketing.eu\/comunicatistampa\/wp-json\/wp\/v2\/users\/18"}],"replies":[{"embeddable":true,"href":"https:\/\/www.article-marketing.eu\/comunicatistampa\/wp-json\/wp\/v2\/comments?post=1735"}],"version-history":[{"count":2,"href":"https:\/\/www.article-marketing.eu\/comunicatistampa\/wp-json\/wp\/v2\/posts\/1735\/revisions"}],"predecessor-version":[{"id":1754,"href":"https:\/\/www.article-marketing.eu\/comunicatistampa\/wp-json\/wp\/v2\/posts\/1735\/revisions\/1754"}],"wp:attachment":[{"href":"https:\/\/www.article-marketing.eu\/comunicatistampa\/wp-json\/wp\/v2\/media?parent=1735"}],"wp:term":[{"taxonomy":"category","embeddable":true,"href":"https:\/\/www.article-marketing.eu\/comunicatistampa\/wp-json\/wp\/v2\/categories?post=1735"},{"taxonomy":"post_tag","embeddable":true,"href":"https:\/\/www.article-marketing.eu\/comunicatistampa\/wp-json\/wp\/v2\/tags?post=1735"}],"curies":[{"name":"wp","href":"https:\/\/api.w.org\/{rel}","templated":true}]}}