{"id":17376,"date":"2021-02-14T09:56:08","date_gmt":"2021-02-14T08:56:08","guid":{"rendered":"https:\/\/www.article-marketing.eu\/comunicatistampa\/?p=17376"},"modified":"2021-02-14T09:56:08","modified_gmt":"2021-02-14T08:56:08","slug":"gente-distratta-di-cristina-galiero-%e2%80%a8","status":"publish","type":"post","link":"https:\/\/www.article-marketing.eu\/comunicatistampa\/gente-distratta-di-cristina-galiero-%e2%80%a8\/","title":{"rendered":"Gente Distratta, di Cristina Galiero \u2028"},"content":{"rendered":"<p style=\"text-align: center;\"><strong><i>il nuovo Album e Singolo<\/i><\/strong><\/p>\n<p><iframe loading=\"lazy\" title=\"Cristina Galiero - Gente Distratta - Official Music Video 2020\" width=\"1050\" height=\"591\" src=\"https:\/\/www.youtube.com\/embed\/fyFHKPsuViY?feature=oembed\" frameborder=\"0\" allow=\"accelerometer; autoplay; clipboard-write; encrypted-media; gyroscope; picture-in-picture\" allowfullscreen><\/iframe><\/p>\n<p>Attraverso la voce di Cristina la napoletanit\u00e0 pulsa prepotentemente in un Album che vuole raccontare l\u2019anima dei napoletani che abbraccia anche le citt\u00e0 limitrofe, l\u2019amore e la capacit\u00e0 di affrontare tutte le difficolt\u00e0 della vita con un sorriso.<\/p>\n<p>Cristina dice: \u201c<i>ho scritto anche brani in lingua italiana ma sentivo dal profondo del mio cuore che dovevo dedicare il mio Album al mio paese a Napoli ed alla Campania, alla terra che amo! Avevo in mente questo progetto da molto tempo, ma non avevo ancora elaborato come doveva essere strutturato; poi la morte prematura del grande Pino Daniele ha acceso una luce viva dentro di me come una lampada votiva. Questa fiamma e la sua luce sono state la guida per raccontare quella Napoli che Pino aveva tanto amato e sostenuto con la sua musica ed il brano \u201cGente distratta\u201d, che ha lo stesso titolo di un brano di Pino Daniele, \u00e8 stato frutto di una lunga riflessione. Infatti lo avevo inizialmente chiamato \u201cGente\u201d, ma in realt\u00e0 quello che dava pi\u00f9 significato alla mia idea era proprio la distrazione intesa nella sua accezione pi\u00f9 larga, cio\u00e8 come distrazione dalle difficolt\u00e0 della vita, dalle bellezze della propria terra e dall&#8217;amore. Ho ritenuto doveroso omaggiare Piano Daniele anche con una sua cover, \u201cJe so pazzo\u201d, poich\u00e9 questa canzone parla di un uomo che in realt\u00e0 rispecchia tutto il popolo napoletano e la sua \u201cpazzia\u201d intesa come libert\u00e0 di esprimersi e protestare a modo suo, esattamente ci\u00f2 che ed io identifico con lo spirito napoletano pi\u00f9 autentico. La versione finale \u00e8 stata completamente riarrangiata ed ha un approccio psicologico molto teatrale perch\u00e9 sto artisticamente lavorando ad un progetto che celebrer\u00e0 per l&#8217;appunto l&#8217;anima napoletana\u201d<\/i>.<\/p>\n<p>Le voci che hanno collaborato alla realizzazione dell&#8217;Album sono di: Licia D\u2019Alesio, Mariapia Nunneri, Teresa Galiero, Gianpaolo Aspasini e Giuseppe Lanzone.<\/p>\n<p>Cristina Galiero \u00e8 un&#8217;affermata cantante nonch\u00e9 Vocal Coach titolare dell&#8217;Accademia di Canto \u201cUNISOUND\u201d di Aversa (CE) ed \u00e8 un&#8217;Artista conosciuta per le sue performance di grande spessore interpretativo che l&#8217;hanno vista protagonista su prestigiosi palcoscenici come Italian Festival Days di Cardiff in Galles, Pozzuoli Jazz Festival, Spring Art, Fermo Jazz etc.: il suo innovativo metodo di canto \u201cBody Singing\u201d l&#8217;ha inoltre segnalata da tempo come una delle insegnanti pi\u00f9 affermate e qualificate del territorio. Non \u00e8 un caso che questo suo primo Album dal titolo \u201cgente distratta\u201d sia tutto in lingua napoletana, poich\u00e9 il lavoro testimonia l\u2019amore che la cantautrice ha per la sua citt\u00e0 e per la \u201cnapoletanit\u00e0\u201d di cui il grande Troisi ci ha dato una visione illuminante.<\/p>\n<p><a href=\"https:\/\/www.instagram.com\/cristinagalier\">https:\/\/www.instagram.com\/cristinagalier<\/a>o\/<br \/>\n<a href=\"https:\/\/www.facebook.com\/galierocristina\" rel=\"nofollow\">https:\/\/www.facebook.com\/galierocristina<\/a><\/p>\n<p>Etichetta Discografica SUD IN SOUND &#8211; Napoli<\/p>\n","protected":false},"excerpt":{"rendered":"<p>il nuovo Album e Singolo Attraverso la voce di Cristina la napoletanit\u00e0 pulsa prepotentemente in un Album che vuole raccontare l\u2019anima dei napoletani che abbraccia anche le citt\u00e0 limitrofe, l\u2019amore e la capacit\u00e0 di affrontare tutte le difficolt\u00e0 della vita con un sorriso. Cristina dice: \u201cho scritto anche brani in lingua italiana ma sentivo dal profondo del mio cuore che dovevo dedicare il mio Album al mio paese a Napoli<\/p>\n<p><a class=\"continue-reading\" href=\"https:\/\/www.article-marketing.eu\/comunicatistampa\/gente-distratta-di-cristina-galiero-%e2%80%a8\/\">Continue reading&#8230;<\/a><\/p>\n","protected":false},"author":1680,"featured_media":0,"comment_status":"open","ping_status":"open","sticky":false,"template":"","format":"standard","meta":{"_monsterinsights_skip_tracking":false,"_monsterinsights_sitenote_active":false,"_monsterinsights_sitenote_note":"","_monsterinsights_sitenote_category":0,"footnotes":""},"categories":[6466,411],"tags":[3270,7166,7044,3522],"class_list":["post-17376","post","type-post","status-publish","format-standard","hentry","category-_r04","category-musica","tag-album","tag-galiero","tag-napoli","tag-singolo"],"yoast_head":"<!-- This site is optimized with the Yoast SEO plugin v27.3 - https:\/\/yoast.com\/product\/yoast-seo-wordpress\/ -->\n<title>Gente Distratta, di Cristina Galiero \u2028 - Article Marketing<\/title>\n<meta name=\"robots\" content=\"index, follow, max-snippet:-1, max-image-preview:large, max-video-preview:-1\" \/>\n<link rel=\"canonical\" href=\"https:\/\/www.article-marketing.eu\/comunicatistampa\/gente-distratta-di-cristina-galiero-\u2028\/\" \/>\n<meta property=\"og:locale\" content=\"it_IT\" \/>\n<meta property=\"og:type\" content=\"article\" \/>\n<meta property=\"og:title\" content=\"Gente Distratta, di Cristina Galiero \u2028 - Article Marketing\" \/>\n<meta property=\"og:description\" content=\"il nuovo Album e Singolo Attraverso la voce di Cristina la napoletanit\u00e0 pulsa prepotentemente in un Album che vuole raccontare l\u2019anima dei napoletani che abbraccia anche le citt\u00e0 limitrofe, l\u2019amore e la capacit\u00e0 di affrontare tutte le difficolt\u00e0 della vita con un sorriso. Cristina dice: \u201cho scritto anche brani in lingua italiana ma sentivo dal profondo del mio cuore che dovevo dedicare il mio Album al mio paese a NapoliContinue reading...\" \/>\n<meta property=\"og:url\" content=\"https:\/\/www.article-marketing.eu\/comunicatistampa\/gente-distratta-di-cristina-galiero-\u2028\/\" \/>\n<meta property=\"og:site_name\" content=\"Article Marketing\" \/>\n<meta property=\"article:published_time\" content=\"2021-02-14T08:56:08+00:00\" \/>\n<meta name=\"author\" content=\"Micro961\" \/>\n<meta name=\"twitter:card\" content=\"summary_large_image\" \/>\n<meta name=\"twitter:label1\" content=\"Scritto da\" \/>\n\t<meta name=\"twitter:data1\" content=\"Micro961\" \/>\n\t<meta name=\"twitter:label2\" content=\"Tempo di lettura stimato\" \/>\n\t<meta name=\"twitter:data2\" content=\"2 minuti\" \/>\n<script type=\"application\/ld+json\" class=\"yoast-schema-graph\">{\"@context\":\"https:\\\/\\\/schema.org\",\"@graph\":[{\"@type\":\"Article\",\"@id\":\"https:\\\/\\\/www.article-marketing.eu\\\/comunicatistampa\\\/gente-distratta-di-cristina-galiero-%e2%80%a8\\\/#article\",\"isPartOf\":{\"@id\":\"https:\\\/\\\/www.article-marketing.eu\\\/comunicatistampa\\\/gente-distratta-di-cristina-galiero-%e2%80%a8\\\/\"},\"author\":{\"name\":\"Micro961\",\"@id\":\"https:\\\/\\\/www.article-marketing.eu\\\/comunicatistampa\\\/#\\\/schema\\\/person\\\/9beeb909be59832a9bcbec84cb3786f5\"},\"headline\":\"Gente Distratta, di Cristina Galiero \\u2028\",\"datePublished\":\"2021-02-14T08:56:08+00:00\",\"mainEntityOfPage\":{\"@id\":\"https:\\\/\\\/www.article-marketing.eu\\\/comunicatistampa\\\/gente-distratta-di-cristina-galiero-%e2%80%a8\\\/\"},\"wordCount\":451,\"commentCount\":0,\"keywords\":[\"album\",\"Galiero\",\"Napoli\",\"Singolo\"],\"articleSection\":[\"_R04\",\"Musica\"],\"inLanguage\":\"it-IT\",\"potentialAction\":[{\"@type\":\"CommentAction\",\"name\":\"Comment\",\"target\":[\"https:\\\/\\\/www.article-marketing.eu\\\/comunicatistampa\\\/gente-distratta-di-cristina-galiero-%e2%80%a8\\\/#respond\"]}]},{\"@type\":\"WebPage\",\"@id\":\"https:\\\/\\\/www.article-marketing.eu\\\/comunicatistampa\\\/gente-distratta-di-cristina-galiero-%e2%80%a8\\\/\",\"url\":\"https:\\\/\\\/www.article-marketing.eu\\\/comunicatistampa\\\/gente-distratta-di-cristina-galiero-%e2%80%a8\\\/\",\"name\":\"Gente Distratta, di Cristina Galiero \\u2028 - Article Marketing\",\"isPartOf\":{\"@id\":\"https:\\\/\\\/www.article-marketing.eu\\\/comunicatistampa\\\/#website\"},\"datePublished\":\"2021-02-14T08:56:08+00:00\",\"author\":{\"@id\":\"https:\\\/\\\/www.article-marketing.eu\\\/comunicatistampa\\\/#\\\/schema\\\/person\\\/9beeb909be59832a9bcbec84cb3786f5\"},\"breadcrumb\":{\"@id\":\"https:\\\/\\\/www.article-marketing.eu\\\/comunicatistampa\\\/gente-distratta-di-cristina-galiero-%e2%80%a8\\\/#breadcrumb\"},\"inLanguage\":\"it-IT\",\"potentialAction\":[{\"@type\":\"ReadAction\",\"target\":[\"https:\\\/\\\/www.article-marketing.eu\\\/comunicatistampa\\\/gente-distratta-di-cristina-galiero-%e2%80%a8\\\/\"]}]},{\"@type\":\"BreadcrumbList\",\"@id\":\"https:\\\/\\\/www.article-marketing.eu\\\/comunicatistampa\\\/gente-distratta-di-cristina-galiero-%e2%80%a8\\\/#breadcrumb\",\"itemListElement\":[{\"@type\":\"ListItem\",\"position\":1,\"name\":\"Home\",\"item\":\"https:\\\/\\\/www.article-marketing.eu\\\/comunicatistampa\\\/\"},{\"@type\":\"ListItem\",\"position\":2,\"name\":\"Gente Distratta, di Cristina Galiero \\u2028\"}]},{\"@type\":\"WebSite\",\"@id\":\"https:\\\/\\\/www.article-marketing.eu\\\/comunicatistampa\\\/#website\",\"url\":\"https:\\\/\\\/www.article-marketing.eu\\\/comunicatistampa\\\/\",\"name\":\"Article Marketing\",\"description\":\"article marketing &amp; press release\",\"potentialAction\":[{\"@type\":\"SearchAction\",\"target\":{\"@type\":\"EntryPoint\",\"urlTemplate\":\"https:\\\/\\\/www.article-marketing.eu\\\/comunicatistampa\\\/?s={search_term_string}\"},\"query-input\":{\"@type\":\"PropertyValueSpecification\",\"valueRequired\":true,\"valueName\":\"search_term_string\"}}],\"inLanguage\":\"it-IT\"},{\"@type\":\"Person\",\"@id\":\"https:\\\/\\\/www.article-marketing.eu\\\/comunicatistampa\\\/#\\\/schema\\\/person\\\/9beeb909be59832a9bcbec84cb3786f5\",\"name\":\"Micro961\",\"image\":{\"@type\":\"ImageObject\",\"inLanguage\":\"it-IT\",\"@id\":\"https:\\\/\\\/secure.gravatar.com\\\/avatar\\\/cd6f5864b85cc3687c05b2965bb186afcd70a2a89789a156c92a4f1d66e87827?s=96&d=mm&r=g\",\"url\":\"https:\\\/\\\/secure.gravatar.com\\\/avatar\\\/cd6f5864b85cc3687c05b2965bb186afcd70a2a89789a156c92a4f1d66e87827?s=96&d=mm&r=g\",\"contentUrl\":\"https:\\\/\\\/secure.gravatar.com\\\/avatar\\\/cd6f5864b85cc3687c05b2965bb186afcd70a2a89789a156c92a4f1d66e87827?s=96&d=mm&r=g\",\"caption\":\"Micro961\"},\"url\":\"https:\\\/\\\/www.article-marketing.eu\\\/comunicatistampa\\\/author\\\/micro961\\\/\"}]}<\/script>\n<!-- \/ Yoast SEO plugin. -->","yoast_head_json":{"title":"Gente Distratta, di Cristina Galiero \u2028 - Article Marketing","robots":{"index":"index","follow":"follow","max-snippet":"max-snippet:-1","max-image-preview":"max-image-preview:large","max-video-preview":"max-video-preview:-1"},"canonical":"https:\/\/www.article-marketing.eu\/comunicatistampa\/gente-distratta-di-cristina-galiero-\u2028\/","og_locale":"it_IT","og_type":"article","og_title":"Gente Distratta, di Cristina Galiero \u2028 - Article Marketing","og_description":"il nuovo Album e Singolo Attraverso la voce di Cristina la napoletanit\u00e0 pulsa prepotentemente in un Album che vuole raccontare l\u2019anima dei napoletani che abbraccia anche le citt\u00e0 limitrofe, l\u2019amore e la capacit\u00e0 di affrontare tutte le difficolt\u00e0 della vita con un sorriso. Cristina dice: \u201cho scritto anche brani in lingua italiana ma sentivo dal profondo del mio cuore che dovevo dedicare il mio Album al mio paese a NapoliContinue reading...","og_url":"https:\/\/www.article-marketing.eu\/comunicatistampa\/gente-distratta-di-cristina-galiero-\u2028\/","og_site_name":"Article Marketing","article_published_time":"2021-02-14T08:56:08+00:00","author":"Micro961","twitter_card":"summary_large_image","twitter_misc":{"Scritto da":"Micro961","Tempo di lettura stimato":"2 minuti"},"schema":{"@context":"https:\/\/schema.org","@graph":[{"@type":"Article","@id":"https:\/\/www.article-marketing.eu\/comunicatistampa\/gente-distratta-di-cristina-galiero-%e2%80%a8\/#article","isPartOf":{"@id":"https:\/\/www.article-marketing.eu\/comunicatistampa\/gente-distratta-di-cristina-galiero-%e2%80%a8\/"},"author":{"name":"Micro961","@id":"https:\/\/www.article-marketing.eu\/comunicatistampa\/#\/schema\/person\/9beeb909be59832a9bcbec84cb3786f5"},"headline":"Gente Distratta, di Cristina Galiero \u2028","datePublished":"2021-02-14T08:56:08+00:00","mainEntityOfPage":{"@id":"https:\/\/www.article-marketing.eu\/comunicatistampa\/gente-distratta-di-cristina-galiero-%e2%80%a8\/"},"wordCount":451,"commentCount":0,"keywords":["album","Galiero","Napoli","Singolo"],"articleSection":["_R04","Musica"],"inLanguage":"it-IT","potentialAction":[{"@type":"CommentAction","name":"Comment","target":["https:\/\/www.article-marketing.eu\/comunicatistampa\/gente-distratta-di-cristina-galiero-%e2%80%a8\/#respond"]}]},{"@type":"WebPage","@id":"https:\/\/www.article-marketing.eu\/comunicatistampa\/gente-distratta-di-cristina-galiero-%e2%80%a8\/","url":"https:\/\/www.article-marketing.eu\/comunicatistampa\/gente-distratta-di-cristina-galiero-%e2%80%a8\/","name":"Gente Distratta, di Cristina Galiero \u2028 - Article Marketing","isPartOf":{"@id":"https:\/\/www.article-marketing.eu\/comunicatistampa\/#website"},"datePublished":"2021-02-14T08:56:08+00:00","author":{"@id":"https:\/\/www.article-marketing.eu\/comunicatistampa\/#\/schema\/person\/9beeb909be59832a9bcbec84cb3786f5"},"breadcrumb":{"@id":"https:\/\/www.article-marketing.eu\/comunicatistampa\/gente-distratta-di-cristina-galiero-%e2%80%a8\/#breadcrumb"},"inLanguage":"it-IT","potentialAction":[{"@type":"ReadAction","target":["https:\/\/www.article-marketing.eu\/comunicatistampa\/gente-distratta-di-cristina-galiero-%e2%80%a8\/"]}]},{"@type":"BreadcrumbList","@id":"https:\/\/www.article-marketing.eu\/comunicatistampa\/gente-distratta-di-cristina-galiero-%e2%80%a8\/#breadcrumb","itemListElement":[{"@type":"ListItem","position":1,"name":"Home","item":"https:\/\/www.article-marketing.eu\/comunicatistampa\/"},{"@type":"ListItem","position":2,"name":"Gente Distratta, di Cristina Galiero \u2028"}]},{"@type":"WebSite","@id":"https:\/\/www.article-marketing.eu\/comunicatistampa\/#website","url":"https:\/\/www.article-marketing.eu\/comunicatistampa\/","name":"Article Marketing","description":"article marketing &amp; press release","potentialAction":[{"@type":"SearchAction","target":{"@type":"EntryPoint","urlTemplate":"https:\/\/www.article-marketing.eu\/comunicatistampa\/?s={search_term_string}"},"query-input":{"@type":"PropertyValueSpecification","valueRequired":true,"valueName":"search_term_string"}}],"inLanguage":"it-IT"},{"@type":"Person","@id":"https:\/\/www.article-marketing.eu\/comunicatistampa\/#\/schema\/person\/9beeb909be59832a9bcbec84cb3786f5","name":"Micro961","image":{"@type":"ImageObject","inLanguage":"it-IT","@id":"https:\/\/secure.gravatar.com\/avatar\/cd6f5864b85cc3687c05b2965bb186afcd70a2a89789a156c92a4f1d66e87827?s=96&d=mm&r=g","url":"https:\/\/secure.gravatar.com\/avatar\/cd6f5864b85cc3687c05b2965bb186afcd70a2a89789a156c92a4f1d66e87827?s=96&d=mm&r=g","contentUrl":"https:\/\/secure.gravatar.com\/avatar\/cd6f5864b85cc3687c05b2965bb186afcd70a2a89789a156c92a4f1d66e87827?s=96&d=mm&r=g","caption":"Micro961"},"url":"https:\/\/www.article-marketing.eu\/comunicatistampa\/author\/micro961\/"}]}},"_links":{"self":[{"href":"https:\/\/www.article-marketing.eu\/comunicatistampa\/wp-json\/wp\/v2\/posts\/17376","targetHints":{"allow":["GET"]}}],"collection":[{"href":"https:\/\/www.article-marketing.eu\/comunicatistampa\/wp-json\/wp\/v2\/posts"}],"about":[{"href":"https:\/\/www.article-marketing.eu\/comunicatistampa\/wp-json\/wp\/v2\/types\/post"}],"author":[{"embeddable":true,"href":"https:\/\/www.article-marketing.eu\/comunicatistampa\/wp-json\/wp\/v2\/users\/1680"}],"replies":[{"embeddable":true,"href":"https:\/\/www.article-marketing.eu\/comunicatistampa\/wp-json\/wp\/v2\/comments?post=17376"}],"version-history":[{"count":3,"href":"https:\/\/www.article-marketing.eu\/comunicatistampa\/wp-json\/wp\/v2\/posts\/17376\/revisions"}],"predecessor-version":[{"id":17406,"href":"https:\/\/www.article-marketing.eu\/comunicatistampa\/wp-json\/wp\/v2\/posts\/17376\/revisions\/17406"}],"wp:attachment":[{"href":"https:\/\/www.article-marketing.eu\/comunicatistampa\/wp-json\/wp\/v2\/media?parent=17376"}],"wp:term":[{"taxonomy":"category","embeddable":true,"href":"https:\/\/www.article-marketing.eu\/comunicatistampa\/wp-json\/wp\/v2\/categories?post=17376"},{"taxonomy":"post_tag","embeddable":true,"href":"https:\/\/www.article-marketing.eu\/comunicatistampa\/wp-json\/wp\/v2\/tags?post=17376"}],"curies":[{"name":"wp","href":"https:\/\/api.w.org\/{rel}","templated":true}]}}