{"id":17508,"date":"2021-02-24T18:37:02","date_gmt":"2021-02-24T17:37:02","guid":{"rendered":"https:\/\/www.article-marketing.eu\/comunicatistampa\/?p=17508"},"modified":"2021-02-24T18:37:02","modified_gmt":"2021-02-24T17:37:02","slug":"da-marzo-nuove-classificazioni-energetiche-per-gli-elettrodomestici-ma-30-milioni-di-italiani-non-lo-sanno","status":"publish","type":"post","link":"https:\/\/www.article-marketing.eu\/comunicatistampa\/da-marzo-nuove-classificazioni-energetiche-per-gli-elettrodomestici-ma-30-milioni-di-italiani-non-lo-sanno\/","title":{"rendered":"Da marzo nuove classificazioni energetiche per gli elettrodomestici, ma 30 milioni di italiani non lo sanno"},"content":{"rendered":"<p>Dal primo marzo l\u2019etichetta di classificazione dei consumi energetici degli elettrodomestici alla quale ormai siamo abituati sar\u00e0 sostituita da una nuova scala di valori ma, secondo quanto emerso da un\u2019indagine* commissionata da <a href=\"https:\/\/www.facile.it\/\"><strong>Facile.it<\/strong><\/a> agli istituti di ricerca <em>mUp Research<\/em> e <em>Norstat<\/em>, il <strong>69,4% degli italiani non lo sa<\/strong>.<\/p>\n<p>La percentuale \u00e8 gi\u00e0 di per s\u00e9 sorprendente, ma il quadro generale diventa ancora pi\u00f9 cupo se si traducono quei valori in numeri assoluti visto che, cos\u00ec facendo, il bacino dei consumatori italiani che dichiarano di <strong>non essere a conoscenza della novit\u00e0<\/strong> risulta pari a <strong>pi\u00f9 di 30 milioni di individui<\/strong>.<\/p>\n<p><strong>Cosa cambia<\/strong><\/p>\n<p>Quali sono le ragioni di questo cambiamento e, anche, che cosa cambia nello specifico? Il vecchio sistema di etichette \u00e8 giudicato <strong>non pi\u00f9 adatto <\/strong>a rappresentare le differenze tra gli elettrodomestici; ormai quasi tutti concentrati nelle classi migliori con conseguente confusione per i consumatori.<\/p>\n<p>Le nuove etichette si baseranno sempre su una scala di valori che va da A (classe pi\u00f9 efficiente) a G (la meno efficiente), con la differenza che scomparir\u00e0 il simbolo \u201c+\u201d e, soprattutto, si <strong>irrigidiranno i criteri <\/strong>con cui verranno assegnate le lettere. Ad esempio, un elettrodomestico oggi classificato in classe A+++, con le nuove etichette verr\u00e0 reinserito con tutta probabilit\u00e0 nella classe B se non addirittura C (fonte: Label 2020).<\/p>\n<p>Pu\u00f2 sembrare confusionario, ma niente paura! A partire <strong>dal primo marzo e fino al trenta novembre<\/strong> 2021 le nuove etichette verranno<strong> affiancate a quelle vecchie<\/strong>, cos\u00ec i consumatori potranno gradualmente abituarsi al sistema di classificazione. Solo dal primo dicembre 2021 le vecchie etichette scompariranno del tutto.<\/p>\n<p><strong>L\u2019etichetta guida la scelta di acquisto<\/strong><\/p>\n<p>Va detto che nel corso di questi 23 anni (l\u2019obbligo di apporre l\u2019etichetta su ogni apparecchio \u00e8 entrato in vigore nel 1998) gli italiani hanno imparato a usare molto bene l\u2019attuale <strong>sistema di classificazione <\/strong>dei consumi degli elettrodomestici per<strong> indirizzare i propri acquisti<\/strong>; tanto \u00e8 vero che, secondo quanto emerso dall\u2019indagine di Facile.it, alla domanda <em>\u201cQuando acquista un elettrodomestico, quanto incide la classe energetica sulla sua decisione?\u201d <\/em><strong>ben il 95% dichiara che questa sia un\u2019informazione importante<\/strong> ed \u00e8 addirittura esplicitamente descritta come <em>molto<\/em> importante dal 55,9% del campione.<\/p>\n<p><strong>P<\/strong><strong>erch\u00e9 s\u00ec e perch\u00e9 no<\/strong><\/p>\n<p>L\u2019indagine condotta per Facile.it ha approfondito anche le ragioni per le quali i consumatori valutano molto importante (o, al contrario, poco o per nulla utile) considerare la classe energetica dell\u2019elettrodomestico prima di acquistarlo.<\/p>\n<p>Fra chi d\u00e0 grande importanza alla classificazione le ragioni principali sono risultate essere il <strong>risparmio<\/strong> &#8211; sia esso economico (63% del campione) o energetico (32%) &#8211; e la convinzione che basarsi sulla classificazione energetica per compiere l\u2019acquisto sia in qualche modo utile a <strong>salvaguardare l\u2019ambiente<\/strong> (25%).<\/p>\n<p>Per gli oltre 1.100.000 italiani che <strong>non considerano utile la classificazione<\/strong>, invece, i motivi dichiarati sono la volont\u00e0 di spendere meno per lo specifico acquisto o, anche, l\u2019ammissione di non capire realmente fino in fondo quale sia il significato della classificazione riportata nell\u2019etichetta.<\/p>\n<p><strong>Quanto incidono gli elettrodomestici sulla bolletta<\/strong><\/p>\n<p>L&#8217;attenzione degli italiani verso le etichette energetiche \u00e8 comprensibile se si considera che il consumo degli elettrodomestici incide moltissimo sulla spesa elettrica; basti pensare che il frigorifero, da solo, <strong>arriva a pesare tra il 10-15% della bolletta totale<\/strong> annua di una famiglia media.<\/p>\n<p><em>\u00abScegliere un elettrodomestico efficiente \u00e8 un passo fondamentale per ridurre la bolletta energetica, ma se non si vuole vanificare il risparmio \u00e8 bene fare attenzione ad altri due elementi\u00bb,<\/em><strong> spiega Mario Rasimelli, Managing Director Utilities di Facile.it, <\/strong><em>\u00abin primis la scelta del fornitore in grado di offrirci la tariffa pi\u00f9 adatta alle nostre esigenze e, in secondo luogo, l\u2019uso corretto degli elettrodomestici stessi per ridurre al contempo consumi e sprechi\u00bb.<\/em><\/p>\n<p>Scegliere un elettrodomestico con bassi consumi \u00e8 in effetti un ottimo modo per risparmiare e a volte, per alleggerire la bolletta \u00e8 sufficiente cambiare i dispositivi pi\u00f9 datati; conti alla mano, ad esempio, gi\u00e0 oggi basta sostituire il vecchio condizionatore in classe B con uno nuovo in classe A+++ per risparmiare fino a 90 euro all\u2019anno.<\/p>\n<p>&nbsp;<\/p>\n<p><em>\u00a0<\/em><\/p>\n<p><em>*Nota metodologica: l\u2019indagine \u00e8 stata svolta tra il 15 ed il 16 febbraio 2021 attraverso la somministrazione di n.1.005 interviste CAWI con ad un campione di individui in et\u00e0 compresa fra 18 e 74 anni, rappresentativo della popolazione italiana adulta residente sull\u2019intero territorio nazionale.<\/em><\/p>\n","protected":false},"excerpt":{"rendered":"<p>Dal primo marzo l\u2019etichetta di classificazione dei consumi energetici degli elettrodomestici alla quale ormai siamo abituati sar\u00e0 sostituita da una nuova scala di valori ma, secondo quanto emerso da un\u2019indagine* commissionata da Facile.it agli istituti di ricerca mUp Research e Norstat, il 69,4% degli italiani non lo sa. La percentuale \u00e8 gi\u00e0 di per s\u00e9 sorprendente, ma il quadro generale diventa ancora pi\u00f9 cupo se si traducono quei valori in<\/p>\n<p><a class=\"continue-reading\" href=\"https:\/\/www.article-marketing.eu\/comunicatistampa\/da-marzo-nuove-classificazioni-energetiche-per-gli-elettrodomestici-ma-30-milioni-di-italiani-non-lo-sanno\/\">Continue reading&#8230;<\/a><\/p>\n","protected":false},"author":62,"featured_media":0,"comment_status":"open","ping_status":"open","sticky":false,"template":"","format":"standard","meta":{"_monsterinsights_skip_tracking":false,"_monsterinsights_sitenote_active":false,"_monsterinsights_sitenote_note":"","_monsterinsights_sitenote_category":0,"footnotes":""},"categories":[416],"tags":[323,1501,3175,608,7243,555],"class_list":["post-17508","post","type-post","status-publish","format-standard","hentry","category-ambiente","tag-ambiente","tag-casa","tag-consumi","tag-energia","tag-etichette-energetiche","tag-facile-it"],"yoast_head":"<!-- This site is optimized with the Yoast SEO plugin v27.3 - https:\/\/yoast.com\/product\/yoast-seo-wordpress\/ -->\n<title>Da marzo nuove classificazioni energetiche per gli elettrodomestici, ma 30 milioni di italiani non lo sanno - Article Marketing<\/title>\n<meta name=\"robots\" content=\"index, follow, max-snippet:-1, max-image-preview:large, max-video-preview:-1\" \/>\n<link rel=\"canonical\" href=\"https:\/\/www.article-marketing.eu\/comunicatistampa\/da-marzo-nuove-classificazioni-energetiche-per-gli-elettrodomestici-ma-30-milioni-di-italiani-non-lo-sanno\/\" \/>\n<meta property=\"og:locale\" content=\"it_IT\" \/>\n<meta property=\"og:type\" content=\"article\" \/>\n<meta property=\"og:title\" content=\"Da marzo nuove classificazioni energetiche per gli elettrodomestici, ma 30 milioni di italiani non lo sanno - Article Marketing\" \/>\n<meta property=\"og:description\" content=\"Dal primo marzo l\u2019etichetta di classificazione dei consumi energetici degli elettrodomestici alla quale ormai siamo abituati sar\u00e0 sostituita da una nuova scala di valori ma, secondo quanto emerso da un\u2019indagine* commissionata da Facile.it agli istituti di ricerca mUp Research e Norstat, il 69,4% degli italiani non lo sa. La percentuale \u00e8 gi\u00e0 di per s\u00e9 sorprendente, ma il quadro generale diventa ancora pi\u00f9 cupo se si traducono quei valori inContinue reading...\" \/>\n<meta property=\"og:url\" content=\"https:\/\/www.article-marketing.eu\/comunicatistampa\/da-marzo-nuove-classificazioni-energetiche-per-gli-elettrodomestici-ma-30-milioni-di-italiani-non-lo-sanno\/\" \/>\n<meta property=\"og:site_name\" content=\"Article Marketing\" \/>\n<meta property=\"article:published_time\" content=\"2021-02-24T17:37:02+00:00\" \/>\n<meta name=\"author\" content=\"Facile.it\" \/>\n<meta name=\"twitter:card\" content=\"summary_large_image\" \/>\n<meta name=\"twitter:label1\" content=\"Scritto da\" \/>\n\t<meta name=\"twitter:data1\" content=\"Facile.it\" \/>\n\t<meta name=\"twitter:label2\" content=\"Tempo di lettura stimato\" \/>\n\t<meta name=\"twitter:data2\" content=\"4 minuti\" \/>\n<script type=\"application\/ld+json\" class=\"yoast-schema-graph\">{\"@context\":\"https:\\\/\\\/schema.org\",\"@graph\":[{\"@type\":\"Article\",\"@id\":\"https:\\\/\\\/www.article-marketing.eu\\\/comunicatistampa\\\/da-marzo-nuove-classificazioni-energetiche-per-gli-elettrodomestici-ma-30-milioni-di-italiani-non-lo-sanno\\\/#article\",\"isPartOf\":{\"@id\":\"https:\\\/\\\/www.article-marketing.eu\\\/comunicatistampa\\\/da-marzo-nuove-classificazioni-energetiche-per-gli-elettrodomestici-ma-30-milioni-di-italiani-non-lo-sanno\\\/\"},\"author\":{\"name\":\"Facile.it\",\"@id\":\"https:\\\/\\\/www.article-marketing.eu\\\/comunicatistampa\\\/#\\\/schema\\\/person\\\/1deca6d9e0cf173abfe76a90ef261a2a\"},\"headline\":\"Da marzo nuove classificazioni energetiche per gli elettrodomestici, ma 30 milioni di italiani non lo sanno\",\"datePublished\":\"2021-02-24T17:37:02+00:00\",\"mainEntityOfPage\":{\"@id\":\"https:\\\/\\\/www.article-marketing.eu\\\/comunicatistampa\\\/da-marzo-nuove-classificazioni-energetiche-per-gli-elettrodomestici-ma-30-milioni-di-italiani-non-lo-sanno\\\/\"},\"wordCount\":710,\"commentCount\":0,\"keywords\":[\"ambiente\",\"casa\",\"consumi\",\"energia\",\"etichette energetiche\",\"facile.it\"],\"articleSection\":[\"Ambiente\"],\"inLanguage\":\"it-IT\",\"potentialAction\":[{\"@type\":\"CommentAction\",\"name\":\"Comment\",\"target\":[\"https:\\\/\\\/www.article-marketing.eu\\\/comunicatistampa\\\/da-marzo-nuove-classificazioni-energetiche-per-gli-elettrodomestici-ma-30-milioni-di-italiani-non-lo-sanno\\\/#respond\"]}]},{\"@type\":\"WebPage\",\"@id\":\"https:\\\/\\\/www.article-marketing.eu\\\/comunicatistampa\\\/da-marzo-nuove-classificazioni-energetiche-per-gli-elettrodomestici-ma-30-milioni-di-italiani-non-lo-sanno\\\/\",\"url\":\"https:\\\/\\\/www.article-marketing.eu\\\/comunicatistampa\\\/da-marzo-nuove-classificazioni-energetiche-per-gli-elettrodomestici-ma-30-milioni-di-italiani-non-lo-sanno\\\/\",\"name\":\"Da marzo nuove classificazioni energetiche per gli elettrodomestici, ma 30 milioni di italiani non lo sanno - Article Marketing\",\"isPartOf\":{\"@id\":\"https:\\\/\\\/www.article-marketing.eu\\\/comunicatistampa\\\/#website\"},\"datePublished\":\"2021-02-24T17:37:02+00:00\",\"author\":{\"@id\":\"https:\\\/\\\/www.article-marketing.eu\\\/comunicatistampa\\\/#\\\/schema\\\/person\\\/1deca6d9e0cf173abfe76a90ef261a2a\"},\"breadcrumb\":{\"@id\":\"https:\\\/\\\/www.article-marketing.eu\\\/comunicatistampa\\\/da-marzo-nuove-classificazioni-energetiche-per-gli-elettrodomestici-ma-30-milioni-di-italiani-non-lo-sanno\\\/#breadcrumb\"},\"inLanguage\":\"it-IT\",\"potentialAction\":[{\"@type\":\"ReadAction\",\"target\":[\"https:\\\/\\\/www.article-marketing.eu\\\/comunicatistampa\\\/da-marzo-nuove-classificazioni-energetiche-per-gli-elettrodomestici-ma-30-milioni-di-italiani-non-lo-sanno\\\/\"]}]},{\"@type\":\"BreadcrumbList\",\"@id\":\"https:\\\/\\\/www.article-marketing.eu\\\/comunicatistampa\\\/da-marzo-nuove-classificazioni-energetiche-per-gli-elettrodomestici-ma-30-milioni-di-italiani-non-lo-sanno\\\/#breadcrumb\",\"itemListElement\":[{\"@type\":\"ListItem\",\"position\":1,\"name\":\"Home\",\"item\":\"https:\\\/\\\/www.article-marketing.eu\\\/comunicatistampa\\\/\"},{\"@type\":\"ListItem\",\"position\":2,\"name\":\"Da marzo nuove classificazioni energetiche per gli elettrodomestici, ma 30 milioni di italiani non lo sanno\"}]},{\"@type\":\"WebSite\",\"@id\":\"https:\\\/\\\/www.article-marketing.eu\\\/comunicatistampa\\\/#website\",\"url\":\"https:\\\/\\\/www.article-marketing.eu\\\/comunicatistampa\\\/\",\"name\":\"Article Marketing\",\"description\":\"article marketing &amp; press release\",\"potentialAction\":[{\"@type\":\"SearchAction\",\"target\":{\"@type\":\"EntryPoint\",\"urlTemplate\":\"https:\\\/\\\/www.article-marketing.eu\\\/comunicatistampa\\\/?s={search_term_string}\"},\"query-input\":{\"@type\":\"PropertyValueSpecification\",\"valueRequired\":true,\"valueName\":\"search_term_string\"}}],\"inLanguage\":\"it-IT\"},{\"@type\":\"Person\",\"@id\":\"https:\\\/\\\/www.article-marketing.eu\\\/comunicatistampa\\\/#\\\/schema\\\/person\\\/1deca6d9e0cf173abfe76a90ef261a2a\",\"name\":\"Facile.it\",\"image\":{\"@type\":\"ImageObject\",\"inLanguage\":\"it-IT\",\"@id\":\"https:\\\/\\\/secure.gravatar.com\\\/avatar\\\/2623775dfcd174bde1a788a4bc028e9035747fa40886953f4954f56c45cf4b34?s=96&d=mm&r=g\",\"url\":\"https:\\\/\\\/secure.gravatar.com\\\/avatar\\\/2623775dfcd174bde1a788a4bc028e9035747fa40886953f4954f56c45cf4b34?s=96&d=mm&r=g\",\"contentUrl\":\"https:\\\/\\\/secure.gravatar.com\\\/avatar\\\/2623775dfcd174bde1a788a4bc028e9035747fa40886953f4954f56c45cf4b34?s=96&d=mm&r=g\",\"caption\":\"Facile.it\"},\"url\":\"https:\\\/\\\/www.article-marketing.eu\\\/comunicatistampa\\\/author\\\/facile-it\\\/\"}]}<\/script>\n<!-- \/ Yoast SEO plugin. -->","yoast_head_json":{"title":"Da marzo nuove classificazioni energetiche per gli elettrodomestici, ma 30 milioni di italiani non lo sanno - Article Marketing","robots":{"index":"index","follow":"follow","max-snippet":"max-snippet:-1","max-image-preview":"max-image-preview:large","max-video-preview":"max-video-preview:-1"},"canonical":"https:\/\/www.article-marketing.eu\/comunicatistampa\/da-marzo-nuove-classificazioni-energetiche-per-gli-elettrodomestici-ma-30-milioni-di-italiani-non-lo-sanno\/","og_locale":"it_IT","og_type":"article","og_title":"Da marzo nuove classificazioni energetiche per gli elettrodomestici, ma 30 milioni di italiani non lo sanno - Article Marketing","og_description":"Dal primo marzo l\u2019etichetta di classificazione dei consumi energetici degli elettrodomestici alla quale ormai siamo abituati sar\u00e0 sostituita da una nuova scala di valori ma, secondo quanto emerso da un\u2019indagine* commissionata da Facile.it agli istituti di ricerca mUp Research e Norstat, il 69,4% degli italiani non lo sa. La percentuale \u00e8 gi\u00e0 di per s\u00e9 sorprendente, ma il quadro generale diventa ancora pi\u00f9 cupo se si traducono quei valori inContinue reading...","og_url":"https:\/\/www.article-marketing.eu\/comunicatistampa\/da-marzo-nuove-classificazioni-energetiche-per-gli-elettrodomestici-ma-30-milioni-di-italiani-non-lo-sanno\/","og_site_name":"Article Marketing","article_published_time":"2021-02-24T17:37:02+00:00","author":"Facile.it","twitter_card":"summary_large_image","twitter_misc":{"Scritto da":"Facile.it","Tempo di lettura stimato":"4 minuti"},"schema":{"@context":"https:\/\/schema.org","@graph":[{"@type":"Article","@id":"https:\/\/www.article-marketing.eu\/comunicatistampa\/da-marzo-nuove-classificazioni-energetiche-per-gli-elettrodomestici-ma-30-milioni-di-italiani-non-lo-sanno\/#article","isPartOf":{"@id":"https:\/\/www.article-marketing.eu\/comunicatistampa\/da-marzo-nuove-classificazioni-energetiche-per-gli-elettrodomestici-ma-30-milioni-di-italiani-non-lo-sanno\/"},"author":{"name":"Facile.it","@id":"https:\/\/www.article-marketing.eu\/comunicatistampa\/#\/schema\/person\/1deca6d9e0cf173abfe76a90ef261a2a"},"headline":"Da marzo nuove classificazioni energetiche per gli elettrodomestici, ma 30 milioni di italiani non lo sanno","datePublished":"2021-02-24T17:37:02+00:00","mainEntityOfPage":{"@id":"https:\/\/www.article-marketing.eu\/comunicatistampa\/da-marzo-nuove-classificazioni-energetiche-per-gli-elettrodomestici-ma-30-milioni-di-italiani-non-lo-sanno\/"},"wordCount":710,"commentCount":0,"keywords":["ambiente","casa","consumi","energia","etichette energetiche","facile.it"],"articleSection":["Ambiente"],"inLanguage":"it-IT","potentialAction":[{"@type":"CommentAction","name":"Comment","target":["https:\/\/www.article-marketing.eu\/comunicatistampa\/da-marzo-nuove-classificazioni-energetiche-per-gli-elettrodomestici-ma-30-milioni-di-italiani-non-lo-sanno\/#respond"]}]},{"@type":"WebPage","@id":"https:\/\/www.article-marketing.eu\/comunicatistampa\/da-marzo-nuove-classificazioni-energetiche-per-gli-elettrodomestici-ma-30-milioni-di-italiani-non-lo-sanno\/","url":"https:\/\/www.article-marketing.eu\/comunicatistampa\/da-marzo-nuove-classificazioni-energetiche-per-gli-elettrodomestici-ma-30-milioni-di-italiani-non-lo-sanno\/","name":"Da marzo nuove classificazioni energetiche per gli elettrodomestici, ma 30 milioni di italiani non lo sanno - Article Marketing","isPartOf":{"@id":"https:\/\/www.article-marketing.eu\/comunicatistampa\/#website"},"datePublished":"2021-02-24T17:37:02+00:00","author":{"@id":"https:\/\/www.article-marketing.eu\/comunicatistampa\/#\/schema\/person\/1deca6d9e0cf173abfe76a90ef261a2a"},"breadcrumb":{"@id":"https:\/\/www.article-marketing.eu\/comunicatistampa\/da-marzo-nuove-classificazioni-energetiche-per-gli-elettrodomestici-ma-30-milioni-di-italiani-non-lo-sanno\/#breadcrumb"},"inLanguage":"it-IT","potentialAction":[{"@type":"ReadAction","target":["https:\/\/www.article-marketing.eu\/comunicatistampa\/da-marzo-nuove-classificazioni-energetiche-per-gli-elettrodomestici-ma-30-milioni-di-italiani-non-lo-sanno\/"]}]},{"@type":"BreadcrumbList","@id":"https:\/\/www.article-marketing.eu\/comunicatistampa\/da-marzo-nuove-classificazioni-energetiche-per-gli-elettrodomestici-ma-30-milioni-di-italiani-non-lo-sanno\/#breadcrumb","itemListElement":[{"@type":"ListItem","position":1,"name":"Home","item":"https:\/\/www.article-marketing.eu\/comunicatistampa\/"},{"@type":"ListItem","position":2,"name":"Da marzo nuove classificazioni energetiche per gli elettrodomestici, ma 30 milioni di italiani non lo sanno"}]},{"@type":"WebSite","@id":"https:\/\/www.article-marketing.eu\/comunicatistampa\/#website","url":"https:\/\/www.article-marketing.eu\/comunicatistampa\/","name":"Article Marketing","description":"article marketing &amp; press release","potentialAction":[{"@type":"SearchAction","target":{"@type":"EntryPoint","urlTemplate":"https:\/\/www.article-marketing.eu\/comunicatistampa\/?s={search_term_string}"},"query-input":{"@type":"PropertyValueSpecification","valueRequired":true,"valueName":"search_term_string"}}],"inLanguage":"it-IT"},{"@type":"Person","@id":"https:\/\/www.article-marketing.eu\/comunicatistampa\/#\/schema\/person\/1deca6d9e0cf173abfe76a90ef261a2a","name":"Facile.it","image":{"@type":"ImageObject","inLanguage":"it-IT","@id":"https:\/\/secure.gravatar.com\/avatar\/2623775dfcd174bde1a788a4bc028e9035747fa40886953f4954f56c45cf4b34?s=96&d=mm&r=g","url":"https:\/\/secure.gravatar.com\/avatar\/2623775dfcd174bde1a788a4bc028e9035747fa40886953f4954f56c45cf4b34?s=96&d=mm&r=g","contentUrl":"https:\/\/secure.gravatar.com\/avatar\/2623775dfcd174bde1a788a4bc028e9035747fa40886953f4954f56c45cf4b34?s=96&d=mm&r=g","caption":"Facile.it"},"url":"https:\/\/www.article-marketing.eu\/comunicatistampa\/author\/facile-it\/"}]}},"_links":{"self":[{"href":"https:\/\/www.article-marketing.eu\/comunicatistampa\/wp-json\/wp\/v2\/posts\/17508","targetHints":{"allow":["GET"]}}],"collection":[{"href":"https:\/\/www.article-marketing.eu\/comunicatistampa\/wp-json\/wp\/v2\/posts"}],"about":[{"href":"https:\/\/www.article-marketing.eu\/comunicatistampa\/wp-json\/wp\/v2\/types\/post"}],"author":[{"embeddable":true,"href":"https:\/\/www.article-marketing.eu\/comunicatistampa\/wp-json\/wp\/v2\/users\/62"}],"replies":[{"embeddable":true,"href":"https:\/\/www.article-marketing.eu\/comunicatistampa\/wp-json\/wp\/v2\/comments?post=17508"}],"version-history":[{"count":2,"href":"https:\/\/www.article-marketing.eu\/comunicatistampa\/wp-json\/wp\/v2\/posts\/17508\/revisions"}],"predecessor-version":[{"id":17510,"href":"https:\/\/www.article-marketing.eu\/comunicatistampa\/wp-json\/wp\/v2\/posts\/17508\/revisions\/17510"}],"wp:attachment":[{"href":"https:\/\/www.article-marketing.eu\/comunicatistampa\/wp-json\/wp\/v2\/media?parent=17508"}],"wp:term":[{"taxonomy":"category","embeddable":true,"href":"https:\/\/www.article-marketing.eu\/comunicatistampa\/wp-json\/wp\/v2\/categories?post=17508"},{"taxonomy":"post_tag","embeddable":true,"href":"https:\/\/www.article-marketing.eu\/comunicatistampa\/wp-json\/wp\/v2\/tags?post=17508"}],"curies":[{"name":"wp","href":"https:\/\/api.w.org\/{rel}","templated":true}]}}