{"id":17595,"date":"2021-03-03T23:29:30","date_gmt":"2021-03-03T22:29:30","guid":{"rendered":"https:\/\/www.article-marketing.eu\/comunicatistampa\/?p=17595"},"modified":"2021-03-03T23:29:30","modified_gmt":"2021-03-03T22:29:30","slug":"perche-regalare-una-collana-di-perle","status":"publish","type":"post","link":"https:\/\/www.article-marketing.eu\/comunicatistampa\/perche-regalare-una-collana-di-perle\/","title":{"rendered":"Perch\u00e8 regalare una collana di perle?"},"content":{"rendered":"<table width=\"100%\">\n<tbody>\n<tr>\n<td width=\"100%\">Parlando di <strong>perle<\/strong> a molti vengono in mente le <a href=\"https:\/\/www.biffigioielli.com\/collane\/collana-di-perle\/\">collane di perle<\/a> della nonna, quelle che ad ogni natale o compleanno ha cercato di rifilarci contro la nostra volont\u00e0 ma noi abbiamo sempre declinato con la scusa \u201cmi fanno vecchia\u201d oppure \u201cporta sfortuna regalare le perle\u201d SBAGLIATO! Le perle sono un <strong>simbolo di estrema femminilit\u00e0 <\/strong>e regalare le perle non porta sfortuna anzi \u00e8 un omaggio alla nostra femminilit\u00e0 e poi \u00e8 un accessorio intramontabile, come diceva Coco Chanel \u201cUna donna ha bisogno di <strong>fili e fili di perle<\/strong>\u201d.<\/p>\n<p>Essa viene maggiormente regalata in prossimit\u00e0 di eventi importanti per la persona scelta, come ad esempio una laurea o un diciottesimo compleanno, come ad indicare l\u2019entrata in et\u00e0 adulta. Essendo realizzate in vari colori, i pi\u00f9 usati sono il rosa, il nero e il grigio. Cos\u00ec le perle si adatteranno ancora di pi\u00f9 alla personalit\u00e0 della persona scelta e all\u2019occasione in cui le regali. Tutto per rendere il tuo regalo perfetto e memorabile.<\/p>\n<h2>Una collana di perle \u00e8 la risposta<\/h2>\n<p>Si avvicina il compleanno della tua fidanzata o il vostro anniversario e non sai cosa regalarle? Una <strong>collana d<\/strong>i <strong>perle<\/strong> \u00e8 la risposta giusta! Le perle utilizzate per la realizzazione sia di <strong>collane che bracciali<\/strong>, esse provengono principalmente dall\u2019Ostrica Akoya, coltivata generalmente in Cina, Giappone o Vietnam. Essa \u00e8 la categoria migliore da cui ricavare perle perfette.<\/p>\n<p>La <strong>collana<\/strong> pu\u00f2 essere scelta tra diversi modelli, dal <strong>punto luce<\/strong> in combinazione con un <strong>diamante<\/strong> per un regalo ancora pi\u00f9 prezioso, alla <strong>singola perla a giro collo<\/strong> per un regalo semplice ma d\u2019impatto, oppure il classico <strong>filo di perle <\/strong>per un regalo che non passer\u00e0 mai di moda.<\/p>\n<p>La <strong>montatura della collana<\/strong> \u00e8 realizzata sia in <strong>oro giallo<\/strong> sia in <strong>oro bianco<\/strong>, con l\u2019aggiunta di <strong>pietre preziose <\/strong>\u00a0il tutto per impreziosire ancora di pi\u00f9 il tuo regalo.<\/p>\n<p>Puoi trovare tu la collana che pi\u00f9 si adatta alla sua personalit\u00e0. La potr\u00e0 utilizzare in ogni situazione anche semplicemente in un look da giorno, impreziosir\u00e0 il suo outfit, le regaler\u00e0 una luce al viso mai vista e sar\u00e0 soddisfatta del regalo.<\/p>\n<p>Se poi si vuole fare un figurone, allora realizza una <strong>splendida parure<\/strong>, con <strong>braccialetti in fili di perle<\/strong> ed\u00a0 impreziositi anch\u2019essi da oro e pietre preziose. Farai un figurone.<\/p>\n<h2>Perle bianche o colorate?<\/h2>\n<p>Hai deciso di regalare una <strong>collana di perle<\/strong>, hai deciso il modello, la montatura, ma non sai se scegliere la classica perla avorio o scegliere una perla colorata? Eccoti alcune curiosit\u00e0 per far sentire il regalo ancora pi\u00f9 personale e unico.<\/p>\n<p>Devi sapere che i colori delle perle hanno diversi significati; partendo dalla classica <strong>perla avorio<\/strong>, essa indica sincerit\u00e0 e purezza. La <strong>perla rosa<\/strong> invece \u00e8 molto rara, indica femminilit\u00e0 e unicit\u00e0. Infine molto pi\u00f9 rara invece \u00e8 la <strong>perla nera<\/strong>, indica indipendenza e forza. I <strong>colori delle perle<\/strong> variano in base al tipo di mollusco che le produce e dall\u2019acqua in cui esso cresce.<\/p>\n<p>Ora tocca a te scegliere la perla che pi\u00f9 rappresenta la persona a cui devi regalarla!<\/td>\n<\/tr>\n<\/tbody>\n<\/table>\n","protected":false},"excerpt":{"rendered":"<p>Parlando di perle a molti vengono in mente le collane di perle della nonna, quelle che ad ogni natale o compleanno ha cercato di rifilarci contro la nostra volont\u00e0 ma noi abbiamo sempre declinato con la scusa \u201cmi fanno vecchia\u201d oppure \u201cporta sfortuna regalare le perle\u201d SBAGLIATO! Le perle sono un simbolo di estrema femminilit\u00e0 e regalare le perle non porta sfortuna anzi \u00e8 un omaggio alla nostra femminilit\u00e0 e<\/p>\n<p><a class=\"continue-reading\" href=\"https:\/\/www.article-marketing.eu\/comunicatistampa\/perche-regalare-una-collana-di-perle\/\">Continue reading&#8230;<\/a><\/p>\n","protected":false},"author":983,"featured_media":0,"comment_status":"open","ping_status":"open","sticky":false,"template":"","format":"standard","meta":{"_monsterinsights_skip_tracking":false,"_monsterinsights_sitenote_active":false,"_monsterinsights_sitenote_note":"","_monsterinsights_sitenote_category":0,"footnotes":""},"categories":[78],"tags":[],"class_list":["post-17595","post","type-post","status-publish","format-standard","hentry","category-comunicati-stampa"],"yoast_head":"<!-- This site is optimized with the Yoast SEO plugin v27.3 - https:\/\/yoast.com\/product\/yoast-seo-wordpress\/ -->\n<title>Perch\u00e8 regalare una collana di perle? - Article Marketing<\/title>\n<meta name=\"robots\" content=\"index, follow, max-snippet:-1, max-image-preview:large, max-video-preview:-1\" \/>\n<link rel=\"canonical\" href=\"https:\/\/www.article-marketing.eu\/comunicatistampa\/perche-regalare-una-collana-di-perle\/\" \/>\n<meta property=\"og:locale\" content=\"it_IT\" \/>\n<meta property=\"og:type\" content=\"article\" \/>\n<meta property=\"og:title\" content=\"Perch\u00e8 regalare una collana di perle? - Article Marketing\" \/>\n<meta property=\"og:description\" content=\"Parlando di perle a molti vengono in mente le collane di perle della nonna, quelle che ad ogni natale o compleanno ha cercato di rifilarci contro la nostra volont\u00e0 ma noi abbiamo sempre declinato con la scusa \u201cmi fanno vecchia\u201d oppure \u201cporta sfortuna regalare le perle\u201d SBAGLIATO! Le perle sono un simbolo di estrema femminilit\u00e0 e regalare le perle non porta sfortuna anzi \u00e8 un omaggio alla nostra femminilit\u00e0 eContinue reading...\" \/>\n<meta property=\"og:url\" content=\"https:\/\/www.article-marketing.eu\/comunicatistampa\/perche-regalare-una-collana-di-perle\/\" \/>\n<meta property=\"og:site_name\" content=\"Article Marketing\" \/>\n<meta property=\"article:published_time\" content=\"2021-03-03T22:29:30+00:00\" \/>\n<meta name=\"author\" content=\"Sofia Barbieri\" \/>\n<meta name=\"twitter:card\" content=\"summary_large_image\" \/>\n<meta name=\"twitter:label1\" content=\"Scritto da\" \/>\n\t<meta name=\"twitter:data1\" content=\"Sofia Barbieri\" \/>\n\t<meta name=\"twitter:label2\" content=\"Tempo di lettura stimato\" \/>\n\t<meta name=\"twitter:data2\" content=\"3 minuti\" \/>\n<script type=\"application\/ld+json\" class=\"yoast-schema-graph\">{\"@context\":\"https:\\\/\\\/schema.org\",\"@graph\":[{\"@type\":\"Article\",\"@id\":\"https:\\\/\\\/www.article-marketing.eu\\\/comunicatistampa\\\/perche-regalare-una-collana-di-perle\\\/#article\",\"isPartOf\":{\"@id\":\"https:\\\/\\\/www.article-marketing.eu\\\/comunicatistampa\\\/perche-regalare-una-collana-di-perle\\\/\"},\"author\":{\"name\":\"Sofia Barbieri\",\"@id\":\"https:\\\/\\\/www.article-marketing.eu\\\/comunicatistampa\\\/#\\\/schema\\\/person\\\/f45a9a7c402da6be5c3afee97259f911\"},\"headline\":\"Perch\u00e8 regalare una collana di perle?\",\"datePublished\":\"2021-03-03T22:29:30+00:00\",\"mainEntityOfPage\":{\"@id\":\"https:\\\/\\\/www.article-marketing.eu\\\/comunicatistampa\\\/perche-regalare-una-collana-di-perle\\\/\"},\"wordCount\":505,\"commentCount\":0,\"articleSection\":[\"Comunicati stampa\"],\"inLanguage\":\"it-IT\",\"potentialAction\":[{\"@type\":\"CommentAction\",\"name\":\"Comment\",\"target\":[\"https:\\\/\\\/www.article-marketing.eu\\\/comunicatistampa\\\/perche-regalare-una-collana-di-perle\\\/#respond\"]}]},{\"@type\":\"WebPage\",\"@id\":\"https:\\\/\\\/www.article-marketing.eu\\\/comunicatistampa\\\/perche-regalare-una-collana-di-perle\\\/\",\"url\":\"https:\\\/\\\/www.article-marketing.eu\\\/comunicatistampa\\\/perche-regalare-una-collana-di-perle\\\/\",\"name\":\"Perch\u00e8 regalare una collana di perle? - Article Marketing\",\"isPartOf\":{\"@id\":\"https:\\\/\\\/www.article-marketing.eu\\\/comunicatistampa\\\/#website\"},\"datePublished\":\"2021-03-03T22:29:30+00:00\",\"author\":{\"@id\":\"https:\\\/\\\/www.article-marketing.eu\\\/comunicatistampa\\\/#\\\/schema\\\/person\\\/f45a9a7c402da6be5c3afee97259f911\"},\"breadcrumb\":{\"@id\":\"https:\\\/\\\/www.article-marketing.eu\\\/comunicatistampa\\\/perche-regalare-una-collana-di-perle\\\/#breadcrumb\"},\"inLanguage\":\"it-IT\",\"potentialAction\":[{\"@type\":\"ReadAction\",\"target\":[\"https:\\\/\\\/www.article-marketing.eu\\\/comunicatistampa\\\/perche-regalare-una-collana-di-perle\\\/\"]}]},{\"@type\":\"BreadcrumbList\",\"@id\":\"https:\\\/\\\/www.article-marketing.eu\\\/comunicatistampa\\\/perche-regalare-una-collana-di-perle\\\/#breadcrumb\",\"itemListElement\":[{\"@type\":\"ListItem\",\"position\":1,\"name\":\"Home\",\"item\":\"https:\\\/\\\/www.article-marketing.eu\\\/comunicatistampa\\\/\"},{\"@type\":\"ListItem\",\"position\":2,\"name\":\"Perch\u00e8 regalare una collana di perle?\"}]},{\"@type\":\"WebSite\",\"@id\":\"https:\\\/\\\/www.article-marketing.eu\\\/comunicatistampa\\\/#website\",\"url\":\"https:\\\/\\\/www.article-marketing.eu\\\/comunicatistampa\\\/\",\"name\":\"Article Marketing\",\"description\":\"article marketing &amp; press release\",\"potentialAction\":[{\"@type\":\"SearchAction\",\"target\":{\"@type\":\"EntryPoint\",\"urlTemplate\":\"https:\\\/\\\/www.article-marketing.eu\\\/comunicatistampa\\\/?s={search_term_string}\"},\"query-input\":{\"@type\":\"PropertyValueSpecification\",\"valueRequired\":true,\"valueName\":\"search_term_string\"}}],\"inLanguage\":\"it-IT\"},{\"@type\":\"Person\",\"@id\":\"https:\\\/\\\/www.article-marketing.eu\\\/comunicatistampa\\\/#\\\/schema\\\/person\\\/f45a9a7c402da6be5c3afee97259f911\",\"name\":\"Sofia Barbieri\",\"image\":{\"@type\":\"ImageObject\",\"inLanguage\":\"it-IT\",\"@id\":\"https:\\\/\\\/secure.gravatar.com\\\/avatar\\\/3ec4141881de2841e969a3ceae39527d88c1a33819219b9854ba1e1828efa7b3?s=96&d=mm&r=g\",\"url\":\"https:\\\/\\\/secure.gravatar.com\\\/avatar\\\/3ec4141881de2841e969a3ceae39527d88c1a33819219b9854ba1e1828efa7b3?s=96&d=mm&r=g\",\"contentUrl\":\"https:\\\/\\\/secure.gravatar.com\\\/avatar\\\/3ec4141881de2841e969a3ceae39527d88c1a33819219b9854ba1e1828efa7b3?s=96&d=mm&r=g\",\"caption\":\"Sofia Barbieri\"},\"url\":\"https:\\\/\\\/www.article-marketing.eu\\\/comunicatistampa\\\/author\\\/sofia-barbieri\\\/\"}]}<\/script>\n<!-- \/ Yoast SEO plugin. -->","yoast_head_json":{"title":"Perch\u00e8 regalare una collana di perle? - Article Marketing","robots":{"index":"index","follow":"follow","max-snippet":"max-snippet:-1","max-image-preview":"max-image-preview:large","max-video-preview":"max-video-preview:-1"},"canonical":"https:\/\/www.article-marketing.eu\/comunicatistampa\/perche-regalare-una-collana-di-perle\/","og_locale":"it_IT","og_type":"article","og_title":"Perch\u00e8 regalare una collana di perle? - Article Marketing","og_description":"Parlando di perle a molti vengono in mente le collane di perle della nonna, quelle che ad ogni natale o compleanno ha cercato di rifilarci contro la nostra volont\u00e0 ma noi abbiamo sempre declinato con la scusa \u201cmi fanno vecchia\u201d oppure \u201cporta sfortuna regalare le perle\u201d SBAGLIATO! Le perle sono un simbolo di estrema femminilit\u00e0 e regalare le perle non porta sfortuna anzi \u00e8 un omaggio alla nostra femminilit\u00e0 eContinue reading...","og_url":"https:\/\/www.article-marketing.eu\/comunicatistampa\/perche-regalare-una-collana-di-perle\/","og_site_name":"Article Marketing","article_published_time":"2021-03-03T22:29:30+00:00","author":"Sofia Barbieri","twitter_card":"summary_large_image","twitter_misc":{"Scritto da":"Sofia Barbieri","Tempo di lettura stimato":"3 minuti"},"schema":{"@context":"https:\/\/schema.org","@graph":[{"@type":"Article","@id":"https:\/\/www.article-marketing.eu\/comunicatistampa\/perche-regalare-una-collana-di-perle\/#article","isPartOf":{"@id":"https:\/\/www.article-marketing.eu\/comunicatistampa\/perche-regalare-una-collana-di-perle\/"},"author":{"name":"Sofia Barbieri","@id":"https:\/\/www.article-marketing.eu\/comunicatistampa\/#\/schema\/person\/f45a9a7c402da6be5c3afee97259f911"},"headline":"Perch\u00e8 regalare una collana di perle?","datePublished":"2021-03-03T22:29:30+00:00","mainEntityOfPage":{"@id":"https:\/\/www.article-marketing.eu\/comunicatistampa\/perche-regalare-una-collana-di-perle\/"},"wordCount":505,"commentCount":0,"articleSection":["Comunicati stampa"],"inLanguage":"it-IT","potentialAction":[{"@type":"CommentAction","name":"Comment","target":["https:\/\/www.article-marketing.eu\/comunicatistampa\/perche-regalare-una-collana-di-perle\/#respond"]}]},{"@type":"WebPage","@id":"https:\/\/www.article-marketing.eu\/comunicatistampa\/perche-regalare-una-collana-di-perle\/","url":"https:\/\/www.article-marketing.eu\/comunicatistampa\/perche-regalare-una-collana-di-perle\/","name":"Perch\u00e8 regalare una collana di perle? - Article Marketing","isPartOf":{"@id":"https:\/\/www.article-marketing.eu\/comunicatistampa\/#website"},"datePublished":"2021-03-03T22:29:30+00:00","author":{"@id":"https:\/\/www.article-marketing.eu\/comunicatistampa\/#\/schema\/person\/f45a9a7c402da6be5c3afee97259f911"},"breadcrumb":{"@id":"https:\/\/www.article-marketing.eu\/comunicatistampa\/perche-regalare-una-collana-di-perle\/#breadcrumb"},"inLanguage":"it-IT","potentialAction":[{"@type":"ReadAction","target":["https:\/\/www.article-marketing.eu\/comunicatistampa\/perche-regalare-una-collana-di-perle\/"]}]},{"@type":"BreadcrumbList","@id":"https:\/\/www.article-marketing.eu\/comunicatistampa\/perche-regalare-una-collana-di-perle\/#breadcrumb","itemListElement":[{"@type":"ListItem","position":1,"name":"Home","item":"https:\/\/www.article-marketing.eu\/comunicatistampa\/"},{"@type":"ListItem","position":2,"name":"Perch\u00e8 regalare una collana di perle?"}]},{"@type":"WebSite","@id":"https:\/\/www.article-marketing.eu\/comunicatistampa\/#website","url":"https:\/\/www.article-marketing.eu\/comunicatistampa\/","name":"Article Marketing","description":"article marketing &amp; press release","potentialAction":[{"@type":"SearchAction","target":{"@type":"EntryPoint","urlTemplate":"https:\/\/www.article-marketing.eu\/comunicatistampa\/?s={search_term_string}"},"query-input":{"@type":"PropertyValueSpecification","valueRequired":true,"valueName":"search_term_string"}}],"inLanguage":"it-IT"},{"@type":"Person","@id":"https:\/\/www.article-marketing.eu\/comunicatistampa\/#\/schema\/person\/f45a9a7c402da6be5c3afee97259f911","name":"Sofia Barbieri","image":{"@type":"ImageObject","inLanguage":"it-IT","@id":"https:\/\/secure.gravatar.com\/avatar\/3ec4141881de2841e969a3ceae39527d88c1a33819219b9854ba1e1828efa7b3?s=96&d=mm&r=g","url":"https:\/\/secure.gravatar.com\/avatar\/3ec4141881de2841e969a3ceae39527d88c1a33819219b9854ba1e1828efa7b3?s=96&d=mm&r=g","contentUrl":"https:\/\/secure.gravatar.com\/avatar\/3ec4141881de2841e969a3ceae39527d88c1a33819219b9854ba1e1828efa7b3?s=96&d=mm&r=g","caption":"Sofia Barbieri"},"url":"https:\/\/www.article-marketing.eu\/comunicatistampa\/author\/sofia-barbieri\/"}]}},"_links":{"self":[{"href":"https:\/\/www.article-marketing.eu\/comunicatistampa\/wp-json\/wp\/v2\/posts\/17595","targetHints":{"allow":["GET"]}}],"collection":[{"href":"https:\/\/www.article-marketing.eu\/comunicatistampa\/wp-json\/wp\/v2\/posts"}],"about":[{"href":"https:\/\/www.article-marketing.eu\/comunicatistampa\/wp-json\/wp\/v2\/types\/post"}],"author":[{"embeddable":true,"href":"https:\/\/www.article-marketing.eu\/comunicatistampa\/wp-json\/wp\/v2\/users\/983"}],"replies":[{"embeddable":true,"href":"https:\/\/www.article-marketing.eu\/comunicatistampa\/wp-json\/wp\/v2\/comments?post=17595"}],"version-history":[{"count":2,"href":"https:\/\/www.article-marketing.eu\/comunicatistampa\/wp-json\/wp\/v2\/posts\/17595\/revisions"}],"predecessor-version":[{"id":17633,"href":"https:\/\/www.article-marketing.eu\/comunicatistampa\/wp-json\/wp\/v2\/posts\/17595\/revisions\/17633"}],"wp:attachment":[{"href":"https:\/\/www.article-marketing.eu\/comunicatistampa\/wp-json\/wp\/v2\/media?parent=17595"}],"wp:term":[{"taxonomy":"category","embeddable":true,"href":"https:\/\/www.article-marketing.eu\/comunicatistampa\/wp-json\/wp\/v2\/categories?post=17595"},{"taxonomy":"post_tag","embeddable":true,"href":"https:\/\/www.article-marketing.eu\/comunicatistampa\/wp-json\/wp\/v2\/tags?post=17595"}],"curies":[{"name":"wp","href":"https:\/\/api.w.org\/{rel}","templated":true}]}}