{"id":17646,"date":"2021-03-07T15:18:48","date_gmt":"2021-03-07T14:18:48","guid":{"rendered":"https:\/\/www.article-marketing.eu\/comunicatistampa\/?p=17646"},"modified":"2021-03-07T15:18:48","modified_gmt":"2021-03-07T14:18:48","slug":"videoconferenza-il-mio-stile-di-leadership-e-efficace","status":"publish","type":"post","link":"https:\/\/www.article-marketing.eu\/comunicatistampa\/videoconferenza-il-mio-stile-di-leadership-e-efficace\/","title":{"rendered":"Videoconferenza: il mio stile di leadership \u00e8 efficace?"},"content":{"rendered":"<h2>Comunicato Stampa<\/h2>\n<h2>Videoconferenza: il mio stile di leadership \u00e8 efficace?<\/h2>\n<p><strong><em>Il 25 marzo 2021 un nuovo corso in videoconferenza permette di individuare lo stile di leadership e di incrementare ed esplorare nuove capacit\u00e0 promuovendo la crescita professionale propria e dei collaboratori.<\/em><\/strong><\/p>\n<p>Perch\u00e9 in ogni azienda la <strong>cultura della sicurezza sul lavoro<\/strong> si integri con i valori ed i principi che regolano i rapporti tra gli individui e l&#8217;organizzazione, \u00e8 necessario che il middle e il top management esercitino una corretta <strong>leadership<\/strong>. Una leadership efficace non solo nell\u2019azione di tutela della salute e della sicurezza, ma anche nel coinvolgimento del personale nelle attivit\u00e0 di gestione e nell\u2019applicazione delle regole e delle misure di sicurezza.<\/p>\n<p>Il problema \u00e8 che spesso si assiste nelle aziende ad una mancanza di un adeguato stile di leadership e alla carenza di una cultura soggettiva della sicurezza. Queste lacune possono essere la fonte primaria di diversi problemi che possono riguardare sia i lavoratori (aumento dello stress lavoro correlato, disaffezione al lavoro, ecc.) sia l\u2019azienda stessa (assenteismo, conflittualit\u00e0 interne, inefficienze, scarsa produttivit\u00e0 problemi legali, ecc.).<\/p>\n<p>Se in un\u2019azienda sono spesso i buoni leader che fanno la differenza,<strong> esistono dei percorsi formativi in grado di aiutarci a comprendere il nostro stile di leadership e a fornirci adeguati strumenti di crescita personale e aziendale? <\/strong><\/p>\n<p>&nbsp;<\/p>\n<p><strong>Un corso in videoconferenza per migliorare le capacit\u00e0 di leadership<\/strong><\/p>\n<p>Per trasmettere queste importanti informazioni e strumenti, l\u2019<strong>Associazione Italiana Formatori ed Operatori della Sicurezza sul Lavoro<\/strong> (AiFOS) organizza il <strong>25 marzo 2021 <\/strong>il corso di 4 ore in videoconferenza dal titolo \u201c<strong>Il mio stile di leadership \u00e8 efficace?<\/strong>\u201d.<\/p>\n<p><strong>\u00a0<\/strong>L\u2019obiettivo del corso \u00e8 quello di permettere l\u2019individuazione del proprio stile di leadership, di incrementare ed esplorare nuove capacit\u00e0 dei partecipanti attraverso l\u2019approfondimento delle skills relative ad una leadership efficace, comprendendo come promuovere la propria crescita professionale e dei propri collaboratori.<\/p>\n<p>Attraverso le attivit\u00e0 esperienziali e le riflessioni che ne scaturiscono, il partecipante avr\u00e0 modo di misurare l\u2019efficacia dei propri comportamenti rafforzandoli o modificandoli.<\/p>\n<p>La docente della videoconferenza &#8211; erogata tramite piattaforma informatica ed equiparata alla formazione in presenza &#8211; \u00e8 <strong>Sara Cal\u00ec<\/strong>, formatrice esperienziale e mediatrice interculturale.<\/p>\n<p>&nbsp;<\/p>\n<p><strong>Come essere una guida per i propri collaboratori<\/strong><\/p>\n<p>\u00c8 indubbio che un modello di leadership aziendale efficace preveda la capacit\u00e0 non solo di ottenere la fiducia dei collaboratori, ma anche di costruire un idoneo gruppo\/team e per farlo \u00e8 necessario, tra le altre cose, essere sempre d\u2019esempio ai propri collaboratori evitando di confondere autorit\u00e0 ed autorevolezza.<\/p>\n<p>Essere una buona guida per i propri collaboratori vuol dire anche saper affrontare in prima persona, insieme ai collaboratori, gli eventuali rischi d\u2019insuccesso di un\u2019iniziativa, trasmettendo giorno dopo giorno coraggio e intraprendenza. In questo modo non si perde leadership, ma si delega il potere ai collaboratori innescando un processo di creazione e crescita.<\/p>\n<p>Per un leader \u00e8 importante lavorare con le persone e non sulle cose, anche se questa modalit\u00e0 di lavoro pu\u00f2 non essere automatica e necessita di doti e competenze.<\/p>\n<p>&nbsp;<\/p>\n<p><strong>Il programma del corso e le informazioni per iscriversi<\/strong><\/p>\n<p>Il corso in videoconferenza \u201c<strong>Il mio stile di leadership \u00e8 efficace?<\/strong>\u201d, organizzato dall\u2019Associazione <strong>AiFOS<\/strong>, si terr\u00e0 dunque il <strong>25 marzo 2021, <\/strong>dalle ore 9:00 alle 13.00.<\/p>\n<p>&nbsp;<\/p>\n<p>Durante il corso verranno affrontati i seguenti <strong>argomenti<\/strong>:<\/p>\n<ul>\n<li>Riflettere sul proprio stile di leadership: sviluppo di un modello di leadership efficace e personalizzato<\/li>\n<li>Conoscenza delle proprie risorse e accrescimento dell&#8217;autoefficacia<\/li>\n<li>Ottenere la fiducia dai collaboratori<\/li>\n<li>Ottenere risultati dai collaboratori: capacit\u00e0 di costruire un team<\/li>\n<li>Migliorare le capacit\u00e0 comunicative: i diversi stili di comunicazione<\/li>\n<li>Teorie e tecniche di comunicazione<\/li>\n<\/ul>\n<p>&nbsp;<\/p>\n<p>La partecipazione al corso vale come 4 ore di <strong>aggiornamento<\/strong> per RSPP\/ASPP, Coordinatori alla sicurezza e per Formatori qualificati area 3. Il corso \u00e8 valido anche ai fini della formazione specifica prevista per il Manager HSE (UNI 11720:2018 \u2013 area organizzativa e gestionale) e per il Registro Consulenti AiFOS ambito organizzazione e gestione risorse umane.<\/p>\n<p>&nbsp;<\/p>\n<p>Per avere ulteriori dettagli sul corso e iscriversi, \u00e8 possibile utilizzare questo link:<\/p>\n<p><a href=\"https:\/\/aifos.org\/home\/formazione\/corsi\/corsi-in-programma\/corsi-in-programma\/il_mio_stile_di_leadership_efficace\">https:\/\/aifos.org\/home\/formazione\/corsi\/corsi-in-programma\/corsi-in-programma\/il_mio_stile_di_leadership_efficace<\/a><\/p>\n<p>&nbsp;<\/p>\n<p>&nbsp;<\/p>\n<p>Per <strong>informazioni<\/strong>:<\/p>\n<p><strong>Sede nazionale AiFOS<\/strong> &#8211; via Branze, 45 &#8211; 25123 Brescia c\/o CSMT, Universit\u00e0 degli Studi di Brescia &#8211; tel. 030.6595035 &#8211; fax 030.6595040 <a href=\"http:\/\/www.aifos.it\">www.aifos.it<\/a> &#8211; <a href=\"mailto:formarsi@aifos.it\">formarsi@aifos.it<\/a> &#8211; videoconferenze@aifos.it<\/p>\n<p><em>\u00a0<\/em><\/p>\n<p><em>\u00a0<\/em><\/p>\n<p><em>04 marzo 2021<\/em><\/p>\n<p>&nbsp;<\/p>\n<p>&nbsp;<\/p>\n<p>Ufficio Stampa di AiFOS<\/p>\n<p>ufficiostampa@aifos.it<\/p>\n<p>http:\/\/www.aifos.it\/<\/p>\n","protected":false},"excerpt":{"rendered":"<p>Comunicato Stampa Videoconferenza: il mio stile di leadership \u00e8 efficace? Il 25 marzo 2021 un nuovo corso in videoconferenza permette di individuare lo stile di leadership e di incrementare ed esplorare nuove capacit\u00e0 promuovendo la crescita professionale propria e dei collaboratori. Perch\u00e9 in ogni azienda la cultura della sicurezza sul lavoro si integri con i valori ed i principi che regolano i rapporti tra gli individui e l&#8217;organizzazione, \u00e8 necessario<\/p>\n<p><a class=\"continue-reading\" href=\"https:\/\/www.article-marketing.eu\/comunicatistampa\/videoconferenza-il-mio-stile-di-leadership-e-efficace\/\">Continue reading&#8230;<\/a><\/p>\n","protected":false},"author":881,"featured_media":0,"comment_status":"open","ping_status":"open","sticky":false,"template":"","format":"standard","meta":{"_monsterinsights_skip_tracking":false,"_monsterinsights_sitenote_active":false,"_monsterinsights_sitenote_note":"","_monsterinsights_sitenote_category":0,"footnotes":""},"categories":[388,78,379,386,390],"tags":[3301,3235,7369,791,4775,7372,193,7366,7373,7371,5846,7368,3951,7367,7370,6023],"class_list":["post-17646","post","type-post","status-publish","format-standard","hentry","category-aziende","category-comunicati-stampa","category-corsi","category-economia-e-lavoro","category-professionisti","tag-aifos","tag-brescia","tag-capacita-di-costruire-un-team","tag-corso","tag-datore-di-lavoro","tag-dirigenti","tag-formazione","tag-il-mio-stile-di-leadership-e-efficace","tag-leader","tag-manager","tag-manager-hse","tag-modello-di-leadership-aziendale-efficace","tag-rspp","tag-stile-di-leadership","tag-stili-di-comunicazione","tag-videoconferenza"],"yoast_head":"<!-- This site is optimized with the Yoast SEO plugin v27.3 - https:\/\/yoast.com\/product\/yoast-seo-wordpress\/ -->\n<title>Videoconferenza: il mio stile di leadership \u00e8 efficace? - Article Marketing<\/title>\n<meta name=\"robots\" content=\"index, follow, max-snippet:-1, max-image-preview:large, max-video-preview:-1\" \/>\n<link rel=\"canonical\" href=\"https:\/\/www.article-marketing.eu\/comunicatistampa\/videoconferenza-il-mio-stile-di-leadership-e-efficace\/\" \/>\n<meta property=\"og:locale\" content=\"it_IT\" \/>\n<meta property=\"og:type\" content=\"article\" \/>\n<meta property=\"og:title\" content=\"Videoconferenza: il mio stile di leadership \u00e8 efficace? - Article Marketing\" \/>\n<meta property=\"og:description\" content=\"Comunicato Stampa Videoconferenza: il mio stile di leadership \u00e8 efficace? Il 25 marzo 2021 un nuovo corso in videoconferenza permette di individuare lo stile di leadership e di incrementare ed esplorare nuove capacit\u00e0 promuovendo la crescita professionale propria e dei collaboratori. Perch\u00e9 in ogni azienda la cultura della sicurezza sul lavoro si integri con i valori ed i principi che regolano i rapporti tra gli individui e l&#8217;organizzazione, \u00e8 necessarioContinue reading...\" \/>\n<meta property=\"og:url\" content=\"https:\/\/www.article-marketing.eu\/comunicatistampa\/videoconferenza-il-mio-stile-di-leadership-e-efficace\/\" \/>\n<meta property=\"og:site_name\" content=\"Article Marketing\" \/>\n<meta property=\"article:published_time\" content=\"2021-03-07T14:18:48+00:00\" \/>\n<meta name=\"author\" content=\"AIFUS\" \/>\n<meta name=\"twitter:card\" content=\"summary_large_image\" \/>\n<meta name=\"twitter:label1\" content=\"Scritto da\" \/>\n\t<meta name=\"twitter:data1\" content=\"AIFUS\" \/>\n\t<meta name=\"twitter:label2\" content=\"Tempo di lettura stimato\" \/>\n\t<meta name=\"twitter:data2\" content=\"3 minuti\" \/>\n<script type=\"application\/ld+json\" class=\"yoast-schema-graph\">{\"@context\":\"https:\\\/\\\/schema.org\",\"@graph\":[{\"@type\":\"Article\",\"@id\":\"https:\\\/\\\/www.article-marketing.eu\\\/comunicatistampa\\\/videoconferenza-il-mio-stile-di-leadership-e-efficace\\\/#article\",\"isPartOf\":{\"@id\":\"https:\\\/\\\/www.article-marketing.eu\\\/comunicatistampa\\\/videoconferenza-il-mio-stile-di-leadership-e-efficace\\\/\"},\"author\":{\"name\":\"AIFUS\",\"@id\":\"https:\\\/\\\/www.article-marketing.eu\\\/comunicatistampa\\\/#\\\/schema\\\/person\\\/d1985c4955ff71a05f49d68e3034b3cd\"},\"headline\":\"Videoconferenza: il mio stile di leadership \u00e8 efficace?\",\"datePublished\":\"2021-03-07T14:18:48+00:00\",\"mainEntityOfPage\":{\"@id\":\"https:\\\/\\\/www.article-marketing.eu\\\/comunicatistampa\\\/videoconferenza-il-mio-stile-di-leadership-e-efficace\\\/\"},\"wordCount\":715,\"commentCount\":0,\"keywords\":[\"Aifos\",\"Brescia\",\"capacit\u00e0 di costruire un team\",\"corso\",\"datore di lavoro\",\"dirigenti\",\"formazione\",\"Il mio stile di leadership \u00e8 efficace?\",\"leader\",\"manager\",\"Manager HSE\",\"modello di leadership aziendale efficace\",\"rspp\",\"stile di leadership\",\"stili di comunicazione\",\"videoconferenza\"],\"articleSection\":[\"Aziende\",\"Comunicati stampa\",\"Corsi\",\"Economia e lavoro\",\"Professionisti\"],\"inLanguage\":\"it-IT\",\"potentialAction\":[{\"@type\":\"CommentAction\",\"name\":\"Comment\",\"target\":[\"https:\\\/\\\/www.article-marketing.eu\\\/comunicatistampa\\\/videoconferenza-il-mio-stile-di-leadership-e-efficace\\\/#respond\"]}]},{\"@type\":\"WebPage\",\"@id\":\"https:\\\/\\\/www.article-marketing.eu\\\/comunicatistampa\\\/videoconferenza-il-mio-stile-di-leadership-e-efficace\\\/\",\"url\":\"https:\\\/\\\/www.article-marketing.eu\\\/comunicatistampa\\\/videoconferenza-il-mio-stile-di-leadership-e-efficace\\\/\",\"name\":\"Videoconferenza: il mio stile di leadership \u00e8 efficace? - Article Marketing\",\"isPartOf\":{\"@id\":\"https:\\\/\\\/www.article-marketing.eu\\\/comunicatistampa\\\/#website\"},\"datePublished\":\"2021-03-07T14:18:48+00:00\",\"author\":{\"@id\":\"https:\\\/\\\/www.article-marketing.eu\\\/comunicatistampa\\\/#\\\/schema\\\/person\\\/d1985c4955ff71a05f49d68e3034b3cd\"},\"breadcrumb\":{\"@id\":\"https:\\\/\\\/www.article-marketing.eu\\\/comunicatistampa\\\/videoconferenza-il-mio-stile-di-leadership-e-efficace\\\/#breadcrumb\"},\"inLanguage\":\"it-IT\",\"potentialAction\":[{\"@type\":\"ReadAction\",\"target\":[\"https:\\\/\\\/www.article-marketing.eu\\\/comunicatistampa\\\/videoconferenza-il-mio-stile-di-leadership-e-efficace\\\/\"]}]},{\"@type\":\"BreadcrumbList\",\"@id\":\"https:\\\/\\\/www.article-marketing.eu\\\/comunicatistampa\\\/videoconferenza-il-mio-stile-di-leadership-e-efficace\\\/#breadcrumb\",\"itemListElement\":[{\"@type\":\"ListItem\",\"position\":1,\"name\":\"Home\",\"item\":\"https:\\\/\\\/www.article-marketing.eu\\\/comunicatistampa\\\/\"},{\"@type\":\"ListItem\",\"position\":2,\"name\":\"Videoconferenza: il mio stile di leadership \u00e8 efficace?\"}]},{\"@type\":\"WebSite\",\"@id\":\"https:\\\/\\\/www.article-marketing.eu\\\/comunicatistampa\\\/#website\",\"url\":\"https:\\\/\\\/www.article-marketing.eu\\\/comunicatistampa\\\/\",\"name\":\"Article Marketing\",\"description\":\"article marketing &amp; press release\",\"potentialAction\":[{\"@type\":\"SearchAction\",\"target\":{\"@type\":\"EntryPoint\",\"urlTemplate\":\"https:\\\/\\\/www.article-marketing.eu\\\/comunicatistampa\\\/?s={search_term_string}\"},\"query-input\":{\"@type\":\"PropertyValueSpecification\",\"valueRequired\":true,\"valueName\":\"search_term_string\"}}],\"inLanguage\":\"it-IT\"},{\"@type\":\"Person\",\"@id\":\"https:\\\/\\\/www.article-marketing.eu\\\/comunicatistampa\\\/#\\\/schema\\\/person\\\/d1985c4955ff71a05f49d68e3034b3cd\",\"name\":\"AIFUS\",\"image\":{\"@type\":\"ImageObject\",\"inLanguage\":\"it-IT\",\"@id\":\"https:\\\/\\\/secure.gravatar.com\\\/avatar\\\/05cf2a2ba057667571308b94c84f00ff48766ffac95710a87491a9b3ddcee484?s=96&d=mm&r=g\",\"url\":\"https:\\\/\\\/secure.gravatar.com\\\/avatar\\\/05cf2a2ba057667571308b94c84f00ff48766ffac95710a87491a9b3ddcee484?s=96&d=mm&r=g\",\"contentUrl\":\"https:\\\/\\\/secure.gravatar.com\\\/avatar\\\/05cf2a2ba057667571308b94c84f00ff48766ffac95710a87491a9b3ddcee484?s=96&d=mm&r=g\",\"caption\":\"AIFUS\"},\"url\":\"https:\\\/\\\/www.article-marketing.eu\\\/comunicatistampa\\\/author\\\/aifus\\\/\"}]}<\/script>\n<!-- \/ Yoast SEO plugin. -->","yoast_head_json":{"title":"Videoconferenza: il mio stile di leadership \u00e8 efficace? - Article Marketing","robots":{"index":"index","follow":"follow","max-snippet":"max-snippet:-1","max-image-preview":"max-image-preview:large","max-video-preview":"max-video-preview:-1"},"canonical":"https:\/\/www.article-marketing.eu\/comunicatistampa\/videoconferenza-il-mio-stile-di-leadership-e-efficace\/","og_locale":"it_IT","og_type":"article","og_title":"Videoconferenza: il mio stile di leadership \u00e8 efficace? - Article Marketing","og_description":"Comunicato Stampa Videoconferenza: il mio stile di leadership \u00e8 efficace? Il 25 marzo 2021 un nuovo corso in videoconferenza permette di individuare lo stile di leadership e di incrementare ed esplorare nuove capacit\u00e0 promuovendo la crescita professionale propria e dei collaboratori. Perch\u00e9 in ogni azienda la cultura della sicurezza sul lavoro si integri con i valori ed i principi che regolano i rapporti tra gli individui e l&#8217;organizzazione, \u00e8 necessarioContinue reading...","og_url":"https:\/\/www.article-marketing.eu\/comunicatistampa\/videoconferenza-il-mio-stile-di-leadership-e-efficace\/","og_site_name":"Article Marketing","article_published_time":"2021-03-07T14:18:48+00:00","author":"AIFUS","twitter_card":"summary_large_image","twitter_misc":{"Scritto da":"AIFUS","Tempo di lettura stimato":"3 minuti"},"schema":{"@context":"https:\/\/schema.org","@graph":[{"@type":"Article","@id":"https:\/\/www.article-marketing.eu\/comunicatistampa\/videoconferenza-il-mio-stile-di-leadership-e-efficace\/#article","isPartOf":{"@id":"https:\/\/www.article-marketing.eu\/comunicatistampa\/videoconferenza-il-mio-stile-di-leadership-e-efficace\/"},"author":{"name":"AIFUS","@id":"https:\/\/www.article-marketing.eu\/comunicatistampa\/#\/schema\/person\/d1985c4955ff71a05f49d68e3034b3cd"},"headline":"Videoconferenza: il mio stile di leadership \u00e8 efficace?","datePublished":"2021-03-07T14:18:48+00:00","mainEntityOfPage":{"@id":"https:\/\/www.article-marketing.eu\/comunicatistampa\/videoconferenza-il-mio-stile-di-leadership-e-efficace\/"},"wordCount":715,"commentCount":0,"keywords":["Aifos","Brescia","capacit\u00e0 di costruire un team","corso","datore di lavoro","dirigenti","formazione","Il mio stile di leadership \u00e8 efficace?","leader","manager","Manager HSE","modello di leadership aziendale efficace","rspp","stile di leadership","stili di comunicazione","videoconferenza"],"articleSection":["Aziende","Comunicati stampa","Corsi","Economia e lavoro","Professionisti"],"inLanguage":"it-IT","potentialAction":[{"@type":"CommentAction","name":"Comment","target":["https:\/\/www.article-marketing.eu\/comunicatistampa\/videoconferenza-il-mio-stile-di-leadership-e-efficace\/#respond"]}]},{"@type":"WebPage","@id":"https:\/\/www.article-marketing.eu\/comunicatistampa\/videoconferenza-il-mio-stile-di-leadership-e-efficace\/","url":"https:\/\/www.article-marketing.eu\/comunicatistampa\/videoconferenza-il-mio-stile-di-leadership-e-efficace\/","name":"Videoconferenza: il mio stile di leadership \u00e8 efficace? - Article Marketing","isPartOf":{"@id":"https:\/\/www.article-marketing.eu\/comunicatistampa\/#website"},"datePublished":"2021-03-07T14:18:48+00:00","author":{"@id":"https:\/\/www.article-marketing.eu\/comunicatistampa\/#\/schema\/person\/d1985c4955ff71a05f49d68e3034b3cd"},"breadcrumb":{"@id":"https:\/\/www.article-marketing.eu\/comunicatistampa\/videoconferenza-il-mio-stile-di-leadership-e-efficace\/#breadcrumb"},"inLanguage":"it-IT","potentialAction":[{"@type":"ReadAction","target":["https:\/\/www.article-marketing.eu\/comunicatistampa\/videoconferenza-il-mio-stile-di-leadership-e-efficace\/"]}]},{"@type":"BreadcrumbList","@id":"https:\/\/www.article-marketing.eu\/comunicatistampa\/videoconferenza-il-mio-stile-di-leadership-e-efficace\/#breadcrumb","itemListElement":[{"@type":"ListItem","position":1,"name":"Home","item":"https:\/\/www.article-marketing.eu\/comunicatistampa\/"},{"@type":"ListItem","position":2,"name":"Videoconferenza: il mio stile di leadership \u00e8 efficace?"}]},{"@type":"WebSite","@id":"https:\/\/www.article-marketing.eu\/comunicatistampa\/#website","url":"https:\/\/www.article-marketing.eu\/comunicatistampa\/","name":"Article Marketing","description":"article marketing &amp; press release","potentialAction":[{"@type":"SearchAction","target":{"@type":"EntryPoint","urlTemplate":"https:\/\/www.article-marketing.eu\/comunicatistampa\/?s={search_term_string}"},"query-input":{"@type":"PropertyValueSpecification","valueRequired":true,"valueName":"search_term_string"}}],"inLanguage":"it-IT"},{"@type":"Person","@id":"https:\/\/www.article-marketing.eu\/comunicatistampa\/#\/schema\/person\/d1985c4955ff71a05f49d68e3034b3cd","name":"AIFUS","image":{"@type":"ImageObject","inLanguage":"it-IT","@id":"https:\/\/secure.gravatar.com\/avatar\/05cf2a2ba057667571308b94c84f00ff48766ffac95710a87491a9b3ddcee484?s=96&d=mm&r=g","url":"https:\/\/secure.gravatar.com\/avatar\/05cf2a2ba057667571308b94c84f00ff48766ffac95710a87491a9b3ddcee484?s=96&d=mm&r=g","contentUrl":"https:\/\/secure.gravatar.com\/avatar\/05cf2a2ba057667571308b94c84f00ff48766ffac95710a87491a9b3ddcee484?s=96&d=mm&r=g","caption":"AIFUS"},"url":"https:\/\/www.article-marketing.eu\/comunicatistampa\/author\/aifus\/"}]}},"_links":{"self":[{"href":"https:\/\/www.article-marketing.eu\/comunicatistampa\/wp-json\/wp\/v2\/posts\/17646","targetHints":{"allow":["GET"]}}],"collection":[{"href":"https:\/\/www.article-marketing.eu\/comunicatistampa\/wp-json\/wp\/v2\/posts"}],"about":[{"href":"https:\/\/www.article-marketing.eu\/comunicatistampa\/wp-json\/wp\/v2\/types\/post"}],"author":[{"embeddable":true,"href":"https:\/\/www.article-marketing.eu\/comunicatistampa\/wp-json\/wp\/v2\/users\/881"}],"replies":[{"embeddable":true,"href":"https:\/\/www.article-marketing.eu\/comunicatistampa\/wp-json\/wp\/v2\/comments?post=17646"}],"version-history":[{"count":3,"href":"https:\/\/www.article-marketing.eu\/comunicatistampa\/wp-json\/wp\/v2\/posts\/17646\/revisions"}],"predecessor-version":[{"id":17663,"href":"https:\/\/www.article-marketing.eu\/comunicatistampa\/wp-json\/wp\/v2\/posts\/17646\/revisions\/17663"}],"wp:attachment":[{"href":"https:\/\/www.article-marketing.eu\/comunicatistampa\/wp-json\/wp\/v2\/media?parent=17646"}],"wp:term":[{"taxonomy":"category","embeddable":true,"href":"https:\/\/www.article-marketing.eu\/comunicatistampa\/wp-json\/wp\/v2\/categories?post=17646"},{"taxonomy":"post_tag","embeddable":true,"href":"https:\/\/www.article-marketing.eu\/comunicatistampa\/wp-json\/wp\/v2\/tags?post=17646"}],"curies":[{"name":"wp","href":"https:\/\/api.w.org\/{rel}","templated":true}]}}