{"id":17667,"date":"2021-03-09T05:59:45","date_gmt":"2021-03-09T04:59:45","guid":{"rendered":"https:\/\/www.article-marketing.eu\/comunicatistampa\/?p=17667"},"modified":"2021-03-09T05:59:45","modified_gmt":"2021-03-09T04:59:45","slug":"riello-ups-in-pista-con-audi-sport-nel-campionato-mondiale-di-formula-e-2020-2021","status":"publish","type":"post","link":"https:\/\/www.article-marketing.eu\/comunicatistampa\/riello-ups-in-pista-con-audi-sport-nel-campionato-mondiale-di-formula-e-2020-2021\/","title":{"rendered":"Riello UPS in pista con Audi Sport nel Campionato Mondiale di Formula E 2020-2021"},"content":{"rendered":"<p align=\"center\"><strong><i>Riello UPS e Team Audi Sport ABT Schaeffler: gestione intelligente dell\u2019energia\u00a0 e filosofia green.<\/i><\/strong><\/p>\n<p><strong>Legnago, 3 marzo 2021.\u00a0<\/strong>Riello UPS, brand del gruppo Riello Elettronica, player mondiale nella produzione di gruppi statici di continuit\u00e0 (UPS), inverter fotovoltaici e sistemi di \u201cEnergy Storage\u201d \u00e8 lieta di annunciare di aver rinnovato l\u2019accordo di partnership con il Team Audi Sport ABT Schaeffler per l\u2019imminente campionato FIA 2020-2021 di Formula E. La settima stagione ha gi\u00e0 avuto inizio il 26 febbraio con la prima delle due gare del Diriyah E-Prix in Arabia Saudita; da quest\u2019anno la competizione diventa ancora pi\u00f9 importante avendo ottenuto lo status di \u201cCampionato del Mondo\u201d, certificato dalla FIA.<\/p>\n<p align=\"center\"><a href=\"https:\/\/rgrcomunicazionemarketing.us9.list-manage.com\/track\/click?u=8bb44d5cac457bcfe1c0f1168&amp;id=dcb7c9affb&amp;e=b8a3f7aafa\" target=\"_blank\" rel=\"noopener noreferrer\" data-auth=\"NotApplicable\"><img decoding=\"async\" id=\"x__x0000_i1027\" src=\"https:\/\/mcusercontent.com\/8bb44d5cac457bcfe1c0f1168\/_compresseds\/3727d773-869e-44b4-a302-fca868b99c6a.jpg\" border=\"0\" data-imagetype=\"External\" \/><\/a><\/p>\n<p>Le innovative monoposto Audi e-tron FE07, progettate per raggiungere il 95% di efficienza complessiva (e fino al 97% per il gruppo motopropulsore) e arrivare da zero a cento in 2,8 secondi, porteranno anche quest\u2019anno il logo Riello UPS sugli alettoni anteriori delle auto e sulla tuta dei piloti\u00a0<strong>Lucas Di Grassi<\/strong>\u00a0e\u00a0<strong>Rene Rast<\/strong>.<\/p>\n<p>Il progetto energetico della FE07 \u00e8 basato su una batteria al Litio della capacit\u00e0 di 52 kWh e del peso di 385 kg, ricaricabile in 45 minuti, ed \u00e8 in grado di recuperare energia nelle fasi di rilascio e frenata, ripristinando durante una gara fino al 40% della capacit\u00e0 iniziale.<br \/>\nIl trasferimento di tecnologie avanguardia dalla Formula E alle auto \u201cfull electric\u201d di uso quotidiano \u00e8 gi\u00e0 una realt\u00e0, e il sempre maggiore investimento da parte dei grandi operatori della distribuzione dell\u2019energia per la diffusione delle infrastrutture di ricarica consente a queste auto di proporsi come il protagonista della mobilit\u00e0 futura.<\/p>\n<p>Riello UPS \u00e8 fortemente convinta che, per essere veramente sostenibile, la propulsione elettrica deve essere associata all\u2019impiego di energie rinnovabili; ha colto pertanto l\u2019unione dei due concetti come una sfida motivante per il suo impegno per il rispetto dell\u2019ambiente, e propone innovative soluzioni finalizzate a questo scopo.<\/p>\n<p>Da sempre Riello UPS \u00e8 orientata a tematiche di gestione intelligente dell\u2019energia, che ha sviluppato con la sua gamma di gruppi di continuit\u00e0 sempre pi\u00f9 performanti ed in grado di svolgere compiti che vanno oltre la protezione di potenza, per arrivare all\u2019interazione con la rete, con applicazioni che vanno dalla riduzione dei picchi di carico, fino al vero e proprio supporto alla rete nei momenti di massimo consumo (la famosa \u201cSmart Grid\u201d).<\/p>\n<p>Riello UPS ha recentemente ampliato questo scenario, introducendo la possibilit\u00e0 di accumulo di energia, tramite l\u2019innovativo ed esclusivo sistema Hybrid Battery Storage (HBS), che sfrutta le caratteristiche delle batterie al litio per realizzare una effettiva integrazione con le energie rinnovabili, per loro natura intermittenti.\u00a0 L\u2019HBS permette una gestione multipla e bilanciata dell\u2019alimentazione elettrica, proveniente o da diverse sorgenti esterne (rete elettrica, o altre fonti da sistemi di generazione sostenibili) o dall\u2019energia accumulata, gestendo allo stesso tempo la ricarica delle batterie nei momenti di abbondanza di disponibilit\u00e0 in ingresso.<br \/>\nIl sistema HBS trova una applicazione ideale per la ricarica delle auto elettriche, in quanto da un lato consente l\u2019auspicata integrazione con le fonti rinnovabili, dall\u2019altro permette una ricarica veloce del veicolo senza sovraccaricare la rete, prelevando gli spunti di alto assorbimento dall\u2019energia accumulata.<\/p>\n<p>A completamento di questo quadro, grazie al marchio\u00a0<strong>Riello Solartech,<\/strong>\u00a0dedicato alla gamma di inverter fotovoltaici monofase da 1.5 a 6.0 kW per il comparto residenziale e trifase da 6 a 800 kW per il settore per commerciale e industriale, l\u2019azienda veronese \u00e8 in prima linea con le proprie eccellenze tecnologiche anche per offrire prestazioni elevate e una gestione pi\u00f9 efficiente ed ottimale dell\u2019energia agli impianti fotovoltaici.<\/p>\n<p>La mobilit\u00e0 elettrica \u00e8 il futuro dell\u2019automobile e per questo Riello UPS continua con entusiasmo la partnership con Audi. Dove c\u2019\u00e8 sfida tecnologica attraverso innovazione, sostenibilit\u00e0, eccellenza e affidabilit\u00e0, Riello UPS \u00e8 presente, restando sempre fedele alla sua filosofia green di sostenibilit\u00e0 \u201cReliable Power for a Sustainable World<strong>\u201d<\/strong>.<\/p>\n","protected":false},"excerpt":{"rendered":"<p>Riello UPS e Team Audi Sport ABT Schaeffler: gestione intelligente dell\u2019energia\u00a0 e filosofia green. Legnago, 3 marzo 2021.\u00a0Riello UPS, brand del gruppo Riello Elettronica, player mondiale nella produzione di gruppi statici di continuit\u00e0 (UPS), inverter fotovoltaici e sistemi di \u201cEnergy Storage\u201d \u00e8 lieta di annunciare di aver rinnovato l\u2019accordo di partnership con il Team Audi Sport ABT Schaeffler per l\u2019imminente campionato FIA 2020-2021 di Formula E. La settima stagione ha<\/p>\n<p><a class=\"continue-reading\" href=\"https:\/\/www.article-marketing.eu\/comunicatistampa\/riello-ups-in-pista-con-audi-sport-nel-campionato-mondiale-di-formula-e-2020-2021\/\">Continue reading&#8230;<\/a><\/p>\n","protected":false},"author":1112,"featured_media":0,"comment_status":"open","ping_status":"open","sticky":false,"template":"","format":"standard","meta":{"_monsterinsights_skip_tracking":false,"_monsterinsights_sitenote_active":false,"_monsterinsights_sitenote_note":"","_monsterinsights_sitenote_category":0,"footnotes":""},"categories":[78],"tags":[7381,608,529,7090,1995],"class_list":["post-17667","post","type-post","status-publish","format-standard","hentry","category-comunicati-stampa","tag-elettrico-audi-sport","tag-energia","tag-innovazione","tag-riello","tag-sostenibilita"],"yoast_head":"<!-- This site is optimized with the Yoast SEO plugin v27.3 - https:\/\/yoast.com\/product\/yoast-seo-wordpress\/ -->\n<title>Riello UPS in pista con Audi Sport nel Campionato Mondiale di Formula E 2020-2021<\/title>\n<meta name=\"description\" content=\"Riello UPS e Team Audi Sport ABT Schaeffler: gestione intelligente dell\u2019energia e filosofia green.\" \/>\n<meta name=\"robots\" content=\"index, follow, max-snippet:-1, max-image-preview:large, max-video-preview:-1\" \/>\n<link rel=\"canonical\" href=\"https:\/\/www.article-marketing.eu\/comunicatistampa\/riello-ups-in-pista-con-audi-sport-nel-campionato-mondiale-di-formula-e-2020-2021\/\" \/>\n<meta property=\"og:locale\" content=\"it_IT\" \/>\n<meta property=\"og:type\" content=\"article\" \/>\n<meta property=\"og:title\" content=\"Riello UPS in pista con Audi Sport nel Campionato Mondiale di Formula E 2020-2021\" \/>\n<meta property=\"og:description\" content=\"Riello UPS e Team Audi Sport ABT Schaeffler: gestione intelligente dell\u2019energia e filosofia green.\" \/>\n<meta property=\"og:url\" content=\"https:\/\/www.article-marketing.eu\/comunicatistampa\/riello-ups-in-pista-con-audi-sport-nel-campionato-mondiale-di-formula-e-2020-2021\/\" \/>\n<meta property=\"og:site_name\" content=\"Article Marketing\" \/>\n<meta property=\"article:published_time\" content=\"2021-03-09T04:59:45+00:00\" \/>\n<meta property=\"og:image\" content=\"https:\/\/mcusercontent.com\/8bb44d5cac457bcfe1c0f1168\/_compresseds\/3727d773-869e-44b4-a302-fca868b99c6a.jpg\" \/>\n<meta name=\"author\" content=\"RGR Comunicazione\" \/>\n<meta name=\"twitter:card\" content=\"summary_large_image\" \/>\n<meta name=\"twitter:label1\" content=\"Scritto da\" \/>\n\t<meta name=\"twitter:data1\" content=\"RGR Comunicazione\" \/>\n\t<meta name=\"twitter:label2\" content=\"Tempo di lettura stimato\" \/>\n\t<meta name=\"twitter:data2\" content=\"3 minuti\" \/>\n<script type=\"application\/ld+json\" class=\"yoast-schema-graph\">{\"@context\":\"https:\\\/\\\/schema.org\",\"@graph\":[{\"@type\":\"Article\",\"@id\":\"https:\\\/\\\/www.article-marketing.eu\\\/comunicatistampa\\\/riello-ups-in-pista-con-audi-sport-nel-campionato-mondiale-di-formula-e-2020-2021\\\/#article\",\"isPartOf\":{\"@id\":\"https:\\\/\\\/www.article-marketing.eu\\\/comunicatistampa\\\/riello-ups-in-pista-con-audi-sport-nel-campionato-mondiale-di-formula-e-2020-2021\\\/\"},\"author\":{\"name\":\"RGR Comunicazione\",\"@id\":\"https:\\\/\\\/www.article-marketing.eu\\\/comunicatistampa\\\/#\\\/schema\\\/person\\\/76367e3093e2d092ab725eb726737838\"},\"headline\":\"Riello UPS in pista con Audi Sport nel Campionato Mondiale di Formula E 2020-2021\",\"datePublished\":\"2021-03-09T04:59:45+00:00\",\"mainEntityOfPage\":{\"@id\":\"https:\\\/\\\/www.article-marketing.eu\\\/comunicatistampa\\\/riello-ups-in-pista-con-audi-sport-nel-campionato-mondiale-di-formula-e-2020-2021\\\/\"},\"wordCount\":641,\"commentCount\":0,\"image\":{\"@id\":\"https:\\\/\\\/www.article-marketing.eu\\\/comunicatistampa\\\/riello-ups-in-pista-con-audi-sport-nel-campionato-mondiale-di-formula-e-2020-2021\\\/#primaryimage\"},\"thumbnailUrl\":\"https:\\\/\\\/mcusercontent.com\\\/8bb44d5cac457bcfe1c0f1168\\\/_compresseds\\\/3727d773-869e-44b4-a302-fca868b99c6a.jpg\",\"keywords\":[\"elettrico. audi sport\",\"energia\",\"innovazione\",\"riello\",\"sostenibilit\u00e0\"],\"articleSection\":[\"Comunicati stampa\"],\"inLanguage\":\"it-IT\",\"potentialAction\":[{\"@type\":\"CommentAction\",\"name\":\"Comment\",\"target\":[\"https:\\\/\\\/www.article-marketing.eu\\\/comunicatistampa\\\/riello-ups-in-pista-con-audi-sport-nel-campionato-mondiale-di-formula-e-2020-2021\\\/#respond\"]}]},{\"@type\":\"WebPage\",\"@id\":\"https:\\\/\\\/www.article-marketing.eu\\\/comunicatistampa\\\/riello-ups-in-pista-con-audi-sport-nel-campionato-mondiale-di-formula-e-2020-2021\\\/\",\"url\":\"https:\\\/\\\/www.article-marketing.eu\\\/comunicatistampa\\\/riello-ups-in-pista-con-audi-sport-nel-campionato-mondiale-di-formula-e-2020-2021\\\/\",\"name\":\"Riello UPS in pista con Audi Sport nel Campionato Mondiale di Formula E 2020-2021\",\"isPartOf\":{\"@id\":\"https:\\\/\\\/www.article-marketing.eu\\\/comunicatistampa\\\/#website\"},\"primaryImageOfPage\":{\"@id\":\"https:\\\/\\\/www.article-marketing.eu\\\/comunicatistampa\\\/riello-ups-in-pista-con-audi-sport-nel-campionato-mondiale-di-formula-e-2020-2021\\\/#primaryimage\"},\"image\":{\"@id\":\"https:\\\/\\\/www.article-marketing.eu\\\/comunicatistampa\\\/riello-ups-in-pista-con-audi-sport-nel-campionato-mondiale-di-formula-e-2020-2021\\\/#primaryimage\"},\"thumbnailUrl\":\"https:\\\/\\\/mcusercontent.com\\\/8bb44d5cac457bcfe1c0f1168\\\/_compresseds\\\/3727d773-869e-44b4-a302-fca868b99c6a.jpg\",\"datePublished\":\"2021-03-09T04:59:45+00:00\",\"author\":{\"@id\":\"https:\\\/\\\/www.article-marketing.eu\\\/comunicatistampa\\\/#\\\/schema\\\/person\\\/76367e3093e2d092ab725eb726737838\"},\"description\":\"Riello UPS e Team Audi Sport ABT Schaeffler: gestione intelligente dell\u2019energia e filosofia green.\",\"breadcrumb\":{\"@id\":\"https:\\\/\\\/www.article-marketing.eu\\\/comunicatistampa\\\/riello-ups-in-pista-con-audi-sport-nel-campionato-mondiale-di-formula-e-2020-2021\\\/#breadcrumb\"},\"inLanguage\":\"it-IT\",\"potentialAction\":[{\"@type\":\"ReadAction\",\"target\":[\"https:\\\/\\\/www.article-marketing.eu\\\/comunicatistampa\\\/riello-ups-in-pista-con-audi-sport-nel-campionato-mondiale-di-formula-e-2020-2021\\\/\"]}]},{\"@type\":\"ImageObject\",\"inLanguage\":\"it-IT\",\"@id\":\"https:\\\/\\\/www.article-marketing.eu\\\/comunicatistampa\\\/riello-ups-in-pista-con-audi-sport-nel-campionato-mondiale-di-formula-e-2020-2021\\\/#primaryimage\",\"url\":\"https:\\\/\\\/mcusercontent.com\\\/8bb44d5cac457bcfe1c0f1168\\\/_compresseds\\\/3727d773-869e-44b4-a302-fca868b99c6a.jpg\",\"contentUrl\":\"https:\\\/\\\/mcusercontent.com\\\/8bb44d5cac457bcfe1c0f1168\\\/_compresseds\\\/3727d773-869e-44b4-a302-fca868b99c6a.jpg\"},{\"@type\":\"BreadcrumbList\",\"@id\":\"https:\\\/\\\/www.article-marketing.eu\\\/comunicatistampa\\\/riello-ups-in-pista-con-audi-sport-nel-campionato-mondiale-di-formula-e-2020-2021\\\/#breadcrumb\",\"itemListElement\":[{\"@type\":\"ListItem\",\"position\":1,\"name\":\"Home\",\"item\":\"https:\\\/\\\/www.article-marketing.eu\\\/comunicatistampa\\\/\"},{\"@type\":\"ListItem\",\"position\":2,\"name\":\"Riello UPS in pista con Audi Sport nel Campionato Mondiale di Formula E 2020-2021\"}]},{\"@type\":\"WebSite\",\"@id\":\"https:\\\/\\\/www.article-marketing.eu\\\/comunicatistampa\\\/#website\",\"url\":\"https:\\\/\\\/www.article-marketing.eu\\\/comunicatistampa\\\/\",\"name\":\"Article Marketing\",\"description\":\"article marketing &amp; press release\",\"potentialAction\":[{\"@type\":\"SearchAction\",\"target\":{\"@type\":\"EntryPoint\",\"urlTemplate\":\"https:\\\/\\\/www.article-marketing.eu\\\/comunicatistampa\\\/?s={search_term_string}\"},\"query-input\":{\"@type\":\"PropertyValueSpecification\",\"valueRequired\":true,\"valueName\":\"search_term_string\"}}],\"inLanguage\":\"it-IT\"},{\"@type\":\"Person\",\"@id\":\"https:\\\/\\\/www.article-marketing.eu\\\/comunicatistampa\\\/#\\\/schema\\\/person\\\/76367e3093e2d092ab725eb726737838\",\"name\":\"RGR Comunicazione\",\"image\":{\"@type\":\"ImageObject\",\"inLanguage\":\"it-IT\",\"@id\":\"https:\\\/\\\/secure.gravatar.com\\\/avatar\\\/ede9863dffa1dd4d938132da0a252a3ccea8941d92fcb0abedb060c3e79f35ce?s=96&d=mm&r=g\",\"url\":\"https:\\\/\\\/secure.gravatar.com\\\/avatar\\\/ede9863dffa1dd4d938132da0a252a3ccea8941d92fcb0abedb060c3e79f35ce?s=96&d=mm&r=g\",\"contentUrl\":\"https:\\\/\\\/secure.gravatar.com\\\/avatar\\\/ede9863dffa1dd4d938132da0a252a3ccea8941d92fcb0abedb060c3e79f35ce?s=96&d=mm&r=g\",\"caption\":\"RGR Comunicazione\"},\"description\":\"RGR \u00e8 un\u2019agenzia di comunicazione integrata e ufficio stampa, che supporta le aziende nell\u2019esaltare la propria immagine e le proprie eccellenze attraverso il mix pi\u00f9 opportuno di canali di comunicazione.\",\"sameAs\":[\"https:\\\/\\\/www.rgrcomunicazionemarketing.it\\\/\"],\"url\":\"https:\\\/\\\/www.article-marketing.eu\\\/comunicatistampa\\\/author\\\/rgr-comunicazione\\\/\"}]}<\/script>\n<!-- \/ Yoast SEO plugin. -->","yoast_head_json":{"title":"Riello UPS in pista con Audi Sport nel Campionato Mondiale di Formula E 2020-2021","description":"Riello UPS e Team Audi Sport ABT Schaeffler: gestione intelligente dell\u2019energia e filosofia green.","robots":{"index":"index","follow":"follow","max-snippet":"max-snippet:-1","max-image-preview":"max-image-preview:large","max-video-preview":"max-video-preview:-1"},"canonical":"https:\/\/www.article-marketing.eu\/comunicatistampa\/riello-ups-in-pista-con-audi-sport-nel-campionato-mondiale-di-formula-e-2020-2021\/","og_locale":"it_IT","og_type":"article","og_title":"Riello UPS in pista con Audi Sport nel Campionato Mondiale di Formula E 2020-2021","og_description":"Riello UPS e Team Audi Sport ABT Schaeffler: gestione intelligente dell\u2019energia e filosofia green.","og_url":"https:\/\/www.article-marketing.eu\/comunicatistampa\/riello-ups-in-pista-con-audi-sport-nel-campionato-mondiale-di-formula-e-2020-2021\/","og_site_name":"Article Marketing","article_published_time":"2021-03-09T04:59:45+00:00","og_image":[{"url":"https:\/\/mcusercontent.com\/8bb44d5cac457bcfe1c0f1168\/_compresseds\/3727d773-869e-44b4-a302-fca868b99c6a.jpg","type":"","width":"","height":""}],"author":"RGR Comunicazione","twitter_card":"summary_large_image","twitter_misc":{"Scritto da":"RGR Comunicazione","Tempo di lettura stimato":"3 minuti"},"schema":{"@context":"https:\/\/schema.org","@graph":[{"@type":"Article","@id":"https:\/\/www.article-marketing.eu\/comunicatistampa\/riello-ups-in-pista-con-audi-sport-nel-campionato-mondiale-di-formula-e-2020-2021\/#article","isPartOf":{"@id":"https:\/\/www.article-marketing.eu\/comunicatistampa\/riello-ups-in-pista-con-audi-sport-nel-campionato-mondiale-di-formula-e-2020-2021\/"},"author":{"name":"RGR Comunicazione","@id":"https:\/\/www.article-marketing.eu\/comunicatistampa\/#\/schema\/person\/76367e3093e2d092ab725eb726737838"},"headline":"Riello UPS in pista con Audi Sport nel Campionato Mondiale di Formula E 2020-2021","datePublished":"2021-03-09T04:59:45+00:00","mainEntityOfPage":{"@id":"https:\/\/www.article-marketing.eu\/comunicatistampa\/riello-ups-in-pista-con-audi-sport-nel-campionato-mondiale-di-formula-e-2020-2021\/"},"wordCount":641,"commentCount":0,"image":{"@id":"https:\/\/www.article-marketing.eu\/comunicatistampa\/riello-ups-in-pista-con-audi-sport-nel-campionato-mondiale-di-formula-e-2020-2021\/#primaryimage"},"thumbnailUrl":"https:\/\/mcusercontent.com\/8bb44d5cac457bcfe1c0f1168\/_compresseds\/3727d773-869e-44b4-a302-fca868b99c6a.jpg","keywords":["elettrico. audi sport","energia","innovazione","riello","sostenibilit\u00e0"],"articleSection":["Comunicati stampa"],"inLanguage":"it-IT","potentialAction":[{"@type":"CommentAction","name":"Comment","target":["https:\/\/www.article-marketing.eu\/comunicatistampa\/riello-ups-in-pista-con-audi-sport-nel-campionato-mondiale-di-formula-e-2020-2021\/#respond"]}]},{"@type":"WebPage","@id":"https:\/\/www.article-marketing.eu\/comunicatistampa\/riello-ups-in-pista-con-audi-sport-nel-campionato-mondiale-di-formula-e-2020-2021\/","url":"https:\/\/www.article-marketing.eu\/comunicatistampa\/riello-ups-in-pista-con-audi-sport-nel-campionato-mondiale-di-formula-e-2020-2021\/","name":"Riello UPS in pista con Audi Sport nel Campionato Mondiale di Formula E 2020-2021","isPartOf":{"@id":"https:\/\/www.article-marketing.eu\/comunicatistampa\/#website"},"primaryImageOfPage":{"@id":"https:\/\/www.article-marketing.eu\/comunicatistampa\/riello-ups-in-pista-con-audi-sport-nel-campionato-mondiale-di-formula-e-2020-2021\/#primaryimage"},"image":{"@id":"https:\/\/www.article-marketing.eu\/comunicatistampa\/riello-ups-in-pista-con-audi-sport-nel-campionato-mondiale-di-formula-e-2020-2021\/#primaryimage"},"thumbnailUrl":"https:\/\/mcusercontent.com\/8bb44d5cac457bcfe1c0f1168\/_compresseds\/3727d773-869e-44b4-a302-fca868b99c6a.jpg","datePublished":"2021-03-09T04:59:45+00:00","author":{"@id":"https:\/\/www.article-marketing.eu\/comunicatistampa\/#\/schema\/person\/76367e3093e2d092ab725eb726737838"},"description":"Riello UPS e Team Audi Sport ABT Schaeffler: gestione intelligente dell\u2019energia e filosofia green.","breadcrumb":{"@id":"https:\/\/www.article-marketing.eu\/comunicatistampa\/riello-ups-in-pista-con-audi-sport-nel-campionato-mondiale-di-formula-e-2020-2021\/#breadcrumb"},"inLanguage":"it-IT","potentialAction":[{"@type":"ReadAction","target":["https:\/\/www.article-marketing.eu\/comunicatistampa\/riello-ups-in-pista-con-audi-sport-nel-campionato-mondiale-di-formula-e-2020-2021\/"]}]},{"@type":"ImageObject","inLanguage":"it-IT","@id":"https:\/\/www.article-marketing.eu\/comunicatistampa\/riello-ups-in-pista-con-audi-sport-nel-campionato-mondiale-di-formula-e-2020-2021\/#primaryimage","url":"https:\/\/mcusercontent.com\/8bb44d5cac457bcfe1c0f1168\/_compresseds\/3727d773-869e-44b4-a302-fca868b99c6a.jpg","contentUrl":"https:\/\/mcusercontent.com\/8bb44d5cac457bcfe1c0f1168\/_compresseds\/3727d773-869e-44b4-a302-fca868b99c6a.jpg"},{"@type":"BreadcrumbList","@id":"https:\/\/www.article-marketing.eu\/comunicatistampa\/riello-ups-in-pista-con-audi-sport-nel-campionato-mondiale-di-formula-e-2020-2021\/#breadcrumb","itemListElement":[{"@type":"ListItem","position":1,"name":"Home","item":"https:\/\/www.article-marketing.eu\/comunicatistampa\/"},{"@type":"ListItem","position":2,"name":"Riello UPS in pista con Audi Sport nel Campionato Mondiale di Formula E 2020-2021"}]},{"@type":"WebSite","@id":"https:\/\/www.article-marketing.eu\/comunicatistampa\/#website","url":"https:\/\/www.article-marketing.eu\/comunicatistampa\/","name":"Article Marketing","description":"article marketing &amp; press release","potentialAction":[{"@type":"SearchAction","target":{"@type":"EntryPoint","urlTemplate":"https:\/\/www.article-marketing.eu\/comunicatistampa\/?s={search_term_string}"},"query-input":{"@type":"PropertyValueSpecification","valueRequired":true,"valueName":"search_term_string"}}],"inLanguage":"it-IT"},{"@type":"Person","@id":"https:\/\/www.article-marketing.eu\/comunicatistampa\/#\/schema\/person\/76367e3093e2d092ab725eb726737838","name":"RGR Comunicazione","image":{"@type":"ImageObject","inLanguage":"it-IT","@id":"https:\/\/secure.gravatar.com\/avatar\/ede9863dffa1dd4d938132da0a252a3ccea8941d92fcb0abedb060c3e79f35ce?s=96&d=mm&r=g","url":"https:\/\/secure.gravatar.com\/avatar\/ede9863dffa1dd4d938132da0a252a3ccea8941d92fcb0abedb060c3e79f35ce?s=96&d=mm&r=g","contentUrl":"https:\/\/secure.gravatar.com\/avatar\/ede9863dffa1dd4d938132da0a252a3ccea8941d92fcb0abedb060c3e79f35ce?s=96&d=mm&r=g","caption":"RGR Comunicazione"},"description":"RGR \u00e8 un\u2019agenzia di comunicazione integrata e ufficio stampa, che supporta le aziende nell\u2019esaltare la propria immagine e le proprie eccellenze attraverso il mix pi\u00f9 opportuno di canali di comunicazione.","sameAs":["https:\/\/www.rgrcomunicazionemarketing.it\/"],"url":"https:\/\/www.article-marketing.eu\/comunicatistampa\/author\/rgr-comunicazione\/"}]}},"_links":{"self":[{"href":"https:\/\/www.article-marketing.eu\/comunicatistampa\/wp-json\/wp\/v2\/posts\/17667","targetHints":{"allow":["GET"]}}],"collection":[{"href":"https:\/\/www.article-marketing.eu\/comunicatistampa\/wp-json\/wp\/v2\/posts"}],"about":[{"href":"https:\/\/www.article-marketing.eu\/comunicatistampa\/wp-json\/wp\/v2\/types\/post"}],"author":[{"embeddable":true,"href":"https:\/\/www.article-marketing.eu\/comunicatistampa\/wp-json\/wp\/v2\/users\/1112"}],"replies":[{"embeddable":true,"href":"https:\/\/www.article-marketing.eu\/comunicatistampa\/wp-json\/wp\/v2\/comments?post=17667"}],"version-history":[{"count":3,"href":"https:\/\/www.article-marketing.eu\/comunicatistampa\/wp-json\/wp\/v2\/posts\/17667\/revisions"}],"predecessor-version":[{"id":17688,"href":"https:\/\/www.article-marketing.eu\/comunicatistampa\/wp-json\/wp\/v2\/posts\/17667\/revisions\/17688"}],"wp:attachment":[{"href":"https:\/\/www.article-marketing.eu\/comunicatistampa\/wp-json\/wp\/v2\/media?parent=17667"}],"wp:term":[{"taxonomy":"category","embeddable":true,"href":"https:\/\/www.article-marketing.eu\/comunicatistampa\/wp-json\/wp\/v2\/categories?post=17667"},{"taxonomy":"post_tag","embeddable":true,"href":"https:\/\/www.article-marketing.eu\/comunicatistampa\/wp-json\/wp\/v2\/tags?post=17667"}],"curies":[{"name":"wp","href":"https:\/\/api.w.org\/{rel}","templated":true}]}}