{"id":17678,"date":"2021-03-09T06:02:17","date_gmt":"2021-03-09T05:02:17","guid":{"rendered":"https:\/\/www.article-marketing.eu\/comunicatistampa\/?p=17678"},"modified":"2021-03-09T06:02:38","modified_gmt":"2021-03-09T05:02:38","slug":"8-marzo-basta-con-le-mimose","status":"publish","type":"post","link":"https:\/\/www.article-marketing.eu\/comunicatistampa\/8-marzo-basta-con-le-mimose\/","title":{"rendered":"8 MARZO: BASTA CON LE MIMOSE!"},"content":{"rendered":"<p>By Martina Servidio<\/p>\n<p><strong><em>\u201cLe donne non siano bersaglio dell\u2019odio; No alla<\/em><\/strong><strong><em> violenza alle donne e ai femminicidi, sono &#8220;inaccettabili&#8221;, No alla discriminazione che frena lo sviluppo del Paese\u201d, No alle molestie, alle violenze fisiche e morali che talvolta irrompono nei rapporti professionali e di lavoro o tra le mura domestiche ferendo le coscienze, prevaricando libert\u00e0 e speranze; tutto ci\u00f2 costituisce una realt\u00e0 inaccettabile e purtroppo tuttora presente, basta\u00a0assistere inerti alla violenza sulle donne\u201d<\/em><\/strong><\/p>\n<p>Sono le illuminate parole del nostro <strong>Presidente della Repubblica Sergio Mattarella<\/strong> che in ogni occasione, ed in particolar modo nella rievocazione dell\u20198 marzo 2020 dedicato al valore della donna, sottolinea e stigmatizza quanto \u00e8 ancora lungo ed irto di ostacoli il percorso per l\u2019ottenimento della parit\u00e0 tra uomo e donna.<\/p>\n<p>Ma il <strong>Presidente<\/strong> <strong>Mattarella<\/strong> dice ancora di pi\u00f9: l\u2019aberrante e perverso fenomeno della violenza sulle donne, che troppo spesso culmina nel <strong>femminicidio,<\/strong> deve essere combattuto e sconfitto.<\/p>\n<p>Nel <strong>2020<\/strong>, secondo i dati ISTAT, le <strong>vittime <\/strong>di <strong>femminicidio <\/strong>sono state <strong>91<\/strong> donne gran parte delle quali ha avuto come violentatore ed assassino un membro della propria famiglia.<\/p>\n<p>Nei primi 2 mesi del <strong>2021<\/strong> le vittime di <strong>femminicidio<\/strong> sono gi\u00e0 <strong>8<\/strong>; \u00e8 impressionante osservare quanto, purtroppo, le accorate parole del Presidente della Repubblica e di tutte le realt\u00e0 che si prodigano per denunciare ed arginare il fenomeno non abbiano raggiunto i risultati voluti.<\/p>\n<p><strong>Perch\u00e9? \u00a0<\/strong><\/p>\n<p>E\u2019 ancora fortemente radicato nella mente dell\u2019uomo l\u2019antico concetto di \u201c<em>possesso<\/em>\u201d sia materiale che spirituale della partner, di sudditanza che la propria donna gli deve e questo pensiero non \u00e8 presente solo nelle vecchie generazioni ma \u2013 <em>ancora pi\u00f9 terribile <\/em>\u2013 anche nelle nuove. Vediamo infatti che giovani ventenni, che dovrebbero avere ormai preso coscienza del nuovo <em>sentire<\/em> basato sul rispetto reciproco, sulla valorizzazione della figura femminile quale integrazione e completamento della propria, si macchiano del reato di <strong>femminicidio.<\/strong><\/p>\n<p>Le condanne comminate ai colpevoli sono forse lievi e, forse, per effetto di riduzioni di pena, non sono sempre scontate secondo quanto disposto dalla sentenza di condanna?<\/p>\n<p>E\u2019 un aspetto squisitamente giuridico che varrebbe la pena approfondire.<\/p>\n<p><strong>L\u20198 marzo \u00e8 la festa della donna?<\/strong><\/p>\n<p>Non pu\u00f2 essere una festa se, ancora oggi, torniamo di nuovo a conteggiare le nostre morti.<\/p>\n<p>Grazie, Martina.<\/p>\n","protected":false},"excerpt":{"rendered":"<p>By Martina Servidio \u201cLe donne non siano bersaglio dell\u2019odio; No alla violenza alle donne e ai femminicidi, sono &#8220;inaccettabili&#8221;, No alla discriminazione che frena lo sviluppo del Paese\u201d, No alle molestie, alle violenze fisiche e morali che talvolta irrompono nei rapporti professionali e di lavoro o tra le mura domestiche ferendo le coscienze, prevaricando libert\u00e0 e speranze; tutto ci\u00f2 costituisce una realt\u00e0 inaccettabile e purtroppo tuttora presente, basta\u00a0assistere inerti alla<\/p>\n<p><a class=\"continue-reading\" href=\"https:\/\/www.article-marketing.eu\/comunicatistampa\/8-marzo-basta-con-le-mimose\/\">Continue reading&#8230;<\/a><\/p>\n","protected":false},"author":5603,"featured_media":0,"comment_status":"open","ping_status":"open","sticky":false,"template":"","format":"standard","meta":{"_monsterinsights_skip_tracking":false,"_monsterinsights_sitenote_active":false,"_monsterinsights_sitenote_note":"","_monsterinsights_sitenote_category":0,"footnotes":""},"categories":[362],"tags":[7385,7386,1486,7387],"class_list":["post-17678","post","type-post","status-publish","format-standard","hentry","category-societa","tag-8-marzo","tag-donna","tag-femminicidio","tag-tutela"],"yoast_head":"<!-- This site is optimized with the Yoast SEO plugin v27.3 - https:\/\/yoast.com\/product\/yoast-seo-wordpress\/ -->\n<title>8 MARZO: BASTA CON LE MIMOSE! - Article Marketing 8 MARZO: BASTA CON LE MIMOSE!<\/title>\n<meta name=\"description\" content=\"8 MARZO: BASTA CON LE MIMOSE! 8 MARZO, E&#039; VERAMENTE UNA FESTA PER LA DONNA?\" \/>\n<meta name=\"robots\" content=\"index, follow, max-snippet:-1, max-image-preview:large, max-video-preview:-1\" \/>\n<link rel=\"canonical\" href=\"https:\/\/www.article-marketing.eu\/comunicatistampa\/8-marzo-basta-con-le-mimose\/\" \/>\n<meta property=\"og:locale\" content=\"it_IT\" \/>\n<meta property=\"og:type\" content=\"article\" \/>\n<meta property=\"og:title\" content=\"8 MARZO: BASTA CON LE MIMOSE! - Article Marketing 8 MARZO: BASTA CON LE MIMOSE!\" \/>\n<meta property=\"og:description\" content=\"8 MARZO: BASTA CON LE MIMOSE! 8 MARZO, E&#039; VERAMENTE UNA FESTA PER LA DONNA?\" \/>\n<meta property=\"og:url\" content=\"https:\/\/www.article-marketing.eu\/comunicatistampa\/8-marzo-basta-con-le-mimose\/\" \/>\n<meta property=\"og:site_name\" content=\"Article Marketing\" \/>\n<meta property=\"article:author\" content=\"https:\/\/www.facebook.com\/lamacina.onlus\" \/>\n<meta property=\"article:published_time\" content=\"2021-03-09T05:02:17+00:00\" \/>\n<meta property=\"article:modified_time\" content=\"2021-03-09T05:02:38+00:00\" \/>\n<meta name=\"author\" content=\"La Macina Magazine\" \/>\n<meta name=\"twitter:card\" content=\"summary_large_image\" \/>\n<meta name=\"twitter:creator\" content=\"@https:\/\/twitter.com\/LAMACINAONLUS\" \/>\n<meta name=\"twitter:label1\" content=\"Scritto da\" \/>\n\t<meta name=\"twitter:data1\" content=\"La Macina Magazine\" \/>\n\t<meta name=\"twitter:label2\" content=\"Tempo di lettura stimato\" \/>\n\t<meta name=\"twitter:data2\" content=\"2 minuti\" \/>\n<script type=\"application\/ld+json\" class=\"yoast-schema-graph\">{\"@context\":\"https:\\\/\\\/schema.org\",\"@graph\":[{\"@type\":\"Article\",\"@id\":\"https:\\\/\\\/www.article-marketing.eu\\\/comunicatistampa\\\/8-marzo-basta-con-le-mimose\\\/#article\",\"isPartOf\":{\"@id\":\"https:\\\/\\\/www.article-marketing.eu\\\/comunicatistampa\\\/8-marzo-basta-con-le-mimose\\\/\"},\"author\":{\"name\":\"La Macina Magazine\",\"@id\":\"https:\\\/\\\/www.article-marketing.eu\\\/comunicatistampa\\\/#\\\/schema\\\/person\\\/1745353dbe89ed35550459191c7824c9\"},\"headline\":\"8 MARZO: BASTA CON LE MIMOSE!\",\"datePublished\":\"2021-03-09T05:02:17+00:00\",\"dateModified\":\"2021-03-09T05:02:38+00:00\",\"mainEntityOfPage\":{\"@id\":\"https:\\\/\\\/www.article-marketing.eu\\\/comunicatistampa\\\/8-marzo-basta-con-le-mimose\\\/\"},\"wordCount\":365,\"commentCount\":0,\"keywords\":[\"8 marzo\",\"donna\",\"femminicidio\",\"tutela\"],\"articleSection\":[\"Societ\u00e0\"],\"inLanguage\":\"it-IT\",\"potentialAction\":[{\"@type\":\"CommentAction\",\"name\":\"Comment\",\"target\":[\"https:\\\/\\\/www.article-marketing.eu\\\/comunicatistampa\\\/8-marzo-basta-con-le-mimose\\\/#respond\"]}]},{\"@type\":\"WebPage\",\"@id\":\"https:\\\/\\\/www.article-marketing.eu\\\/comunicatistampa\\\/8-marzo-basta-con-le-mimose\\\/\",\"url\":\"https:\\\/\\\/www.article-marketing.eu\\\/comunicatistampa\\\/8-marzo-basta-con-le-mimose\\\/\",\"name\":\"8 MARZO: BASTA CON LE MIMOSE! - Article Marketing 8 MARZO: BASTA CON LE MIMOSE!\",\"isPartOf\":{\"@id\":\"https:\\\/\\\/www.article-marketing.eu\\\/comunicatistampa\\\/#website\"},\"datePublished\":\"2021-03-09T05:02:17+00:00\",\"dateModified\":\"2021-03-09T05:02:38+00:00\",\"author\":{\"@id\":\"https:\\\/\\\/www.article-marketing.eu\\\/comunicatistampa\\\/#\\\/schema\\\/person\\\/1745353dbe89ed35550459191c7824c9\"},\"description\":\"8 MARZO: BASTA CON LE MIMOSE! 8 MARZO, E' VERAMENTE UNA FESTA PER LA DONNA?\",\"breadcrumb\":{\"@id\":\"https:\\\/\\\/www.article-marketing.eu\\\/comunicatistampa\\\/8-marzo-basta-con-le-mimose\\\/#breadcrumb\"},\"inLanguage\":\"it-IT\",\"potentialAction\":[{\"@type\":\"ReadAction\",\"target\":[\"https:\\\/\\\/www.article-marketing.eu\\\/comunicatistampa\\\/8-marzo-basta-con-le-mimose\\\/\"]}]},{\"@type\":\"BreadcrumbList\",\"@id\":\"https:\\\/\\\/www.article-marketing.eu\\\/comunicatistampa\\\/8-marzo-basta-con-le-mimose\\\/#breadcrumb\",\"itemListElement\":[{\"@type\":\"ListItem\",\"position\":1,\"name\":\"Home\",\"item\":\"https:\\\/\\\/www.article-marketing.eu\\\/comunicatistampa\\\/\"},{\"@type\":\"ListItem\",\"position\":2,\"name\":\"8 MARZO: BASTA CON LE MIMOSE!\"}]},{\"@type\":\"WebSite\",\"@id\":\"https:\\\/\\\/www.article-marketing.eu\\\/comunicatistampa\\\/#website\",\"url\":\"https:\\\/\\\/www.article-marketing.eu\\\/comunicatistampa\\\/\",\"name\":\"Article Marketing\",\"description\":\"article marketing &amp; press release\",\"potentialAction\":[{\"@type\":\"SearchAction\",\"target\":{\"@type\":\"EntryPoint\",\"urlTemplate\":\"https:\\\/\\\/www.article-marketing.eu\\\/comunicatistampa\\\/?s={search_term_string}\"},\"query-input\":{\"@type\":\"PropertyValueSpecification\",\"valueRequired\":true,\"valueName\":\"search_term_string\"}}],\"inLanguage\":\"it-IT\"},{\"@type\":\"Person\",\"@id\":\"https:\\\/\\\/www.article-marketing.eu\\\/comunicatistampa\\\/#\\\/schema\\\/person\\\/1745353dbe89ed35550459191c7824c9\",\"name\":\"La Macina Magazine\",\"image\":{\"@type\":\"ImageObject\",\"inLanguage\":\"it-IT\",\"@id\":\"https:\\\/\\\/secure.gravatar.com\\\/avatar\\\/cda0654dfaa9cea252a11d3b7706406282e513bb36c8715d95f1126f7ac5a90b?s=96&d=mm&r=g\",\"url\":\"https:\\\/\\\/secure.gravatar.com\\\/avatar\\\/cda0654dfaa9cea252a11d3b7706406282e513bb36c8715d95f1126f7ac5a90b?s=96&d=mm&r=g\",\"contentUrl\":\"https:\\\/\\\/secure.gravatar.com\\\/avatar\\\/cda0654dfaa9cea252a11d3b7706406282e513bb36c8715d95f1126f7ac5a90b?s=96&d=mm&r=g\",\"caption\":\"La Macina Magazine\"},\"sameAs\":[\"https:\\\/\\\/www.lamacinamagazine.it\\\/\",\"https:\\\/\\\/www.facebook.com\\\/lamacina.onlus\",\"https:\\\/\\\/www.linkedin.com\\\/in\\\/la-macina-onlus-roma-67564941\\\/\",\"https:\\\/\\\/x.com\\\/https:\\\/\\\/twitter.com\\\/LAMACINAONLUS\"],\"url\":\"https:\\\/\\\/www.article-marketing.eu\\\/comunicatistampa\\\/author\\\/piero-casoli\\\/\"}]}<\/script>\n<!-- \/ Yoast SEO plugin. -->","yoast_head_json":{"title":"8 MARZO: BASTA CON LE MIMOSE! - Article Marketing 8 MARZO: BASTA CON LE MIMOSE!","description":"8 MARZO: BASTA CON LE MIMOSE! 8 MARZO, E' VERAMENTE UNA FESTA PER LA DONNA?","robots":{"index":"index","follow":"follow","max-snippet":"max-snippet:-1","max-image-preview":"max-image-preview:large","max-video-preview":"max-video-preview:-1"},"canonical":"https:\/\/www.article-marketing.eu\/comunicatistampa\/8-marzo-basta-con-le-mimose\/","og_locale":"it_IT","og_type":"article","og_title":"8 MARZO: BASTA CON LE MIMOSE! - Article Marketing 8 MARZO: BASTA CON LE MIMOSE!","og_description":"8 MARZO: BASTA CON LE MIMOSE! 8 MARZO, E' VERAMENTE UNA FESTA PER LA DONNA?","og_url":"https:\/\/www.article-marketing.eu\/comunicatistampa\/8-marzo-basta-con-le-mimose\/","og_site_name":"Article Marketing","article_author":"https:\/\/www.facebook.com\/lamacina.onlus","article_published_time":"2021-03-09T05:02:17+00:00","article_modified_time":"2021-03-09T05:02:38+00:00","author":"La Macina Magazine","twitter_card":"summary_large_image","twitter_creator":"@https:\/\/twitter.com\/LAMACINAONLUS","twitter_misc":{"Scritto da":"La Macina Magazine","Tempo di lettura stimato":"2 minuti"},"schema":{"@context":"https:\/\/schema.org","@graph":[{"@type":"Article","@id":"https:\/\/www.article-marketing.eu\/comunicatistampa\/8-marzo-basta-con-le-mimose\/#article","isPartOf":{"@id":"https:\/\/www.article-marketing.eu\/comunicatistampa\/8-marzo-basta-con-le-mimose\/"},"author":{"name":"La Macina Magazine","@id":"https:\/\/www.article-marketing.eu\/comunicatistampa\/#\/schema\/person\/1745353dbe89ed35550459191c7824c9"},"headline":"8 MARZO: BASTA CON LE MIMOSE!","datePublished":"2021-03-09T05:02:17+00:00","dateModified":"2021-03-09T05:02:38+00:00","mainEntityOfPage":{"@id":"https:\/\/www.article-marketing.eu\/comunicatistampa\/8-marzo-basta-con-le-mimose\/"},"wordCount":365,"commentCount":0,"keywords":["8 marzo","donna","femminicidio","tutela"],"articleSection":["Societ\u00e0"],"inLanguage":"it-IT","potentialAction":[{"@type":"CommentAction","name":"Comment","target":["https:\/\/www.article-marketing.eu\/comunicatistampa\/8-marzo-basta-con-le-mimose\/#respond"]}]},{"@type":"WebPage","@id":"https:\/\/www.article-marketing.eu\/comunicatistampa\/8-marzo-basta-con-le-mimose\/","url":"https:\/\/www.article-marketing.eu\/comunicatistampa\/8-marzo-basta-con-le-mimose\/","name":"8 MARZO: BASTA CON LE MIMOSE! - Article Marketing 8 MARZO: BASTA CON LE MIMOSE!","isPartOf":{"@id":"https:\/\/www.article-marketing.eu\/comunicatistampa\/#website"},"datePublished":"2021-03-09T05:02:17+00:00","dateModified":"2021-03-09T05:02:38+00:00","author":{"@id":"https:\/\/www.article-marketing.eu\/comunicatistampa\/#\/schema\/person\/1745353dbe89ed35550459191c7824c9"},"description":"8 MARZO: BASTA CON LE MIMOSE! 8 MARZO, E' VERAMENTE UNA FESTA PER LA DONNA?","breadcrumb":{"@id":"https:\/\/www.article-marketing.eu\/comunicatistampa\/8-marzo-basta-con-le-mimose\/#breadcrumb"},"inLanguage":"it-IT","potentialAction":[{"@type":"ReadAction","target":["https:\/\/www.article-marketing.eu\/comunicatistampa\/8-marzo-basta-con-le-mimose\/"]}]},{"@type":"BreadcrumbList","@id":"https:\/\/www.article-marketing.eu\/comunicatistampa\/8-marzo-basta-con-le-mimose\/#breadcrumb","itemListElement":[{"@type":"ListItem","position":1,"name":"Home","item":"https:\/\/www.article-marketing.eu\/comunicatistampa\/"},{"@type":"ListItem","position":2,"name":"8 MARZO: BASTA CON LE MIMOSE!"}]},{"@type":"WebSite","@id":"https:\/\/www.article-marketing.eu\/comunicatistampa\/#website","url":"https:\/\/www.article-marketing.eu\/comunicatistampa\/","name":"Article Marketing","description":"article marketing &amp; press release","potentialAction":[{"@type":"SearchAction","target":{"@type":"EntryPoint","urlTemplate":"https:\/\/www.article-marketing.eu\/comunicatistampa\/?s={search_term_string}"},"query-input":{"@type":"PropertyValueSpecification","valueRequired":true,"valueName":"search_term_string"}}],"inLanguage":"it-IT"},{"@type":"Person","@id":"https:\/\/www.article-marketing.eu\/comunicatistampa\/#\/schema\/person\/1745353dbe89ed35550459191c7824c9","name":"La Macina Magazine","image":{"@type":"ImageObject","inLanguage":"it-IT","@id":"https:\/\/secure.gravatar.com\/avatar\/cda0654dfaa9cea252a11d3b7706406282e513bb36c8715d95f1126f7ac5a90b?s=96&d=mm&r=g","url":"https:\/\/secure.gravatar.com\/avatar\/cda0654dfaa9cea252a11d3b7706406282e513bb36c8715d95f1126f7ac5a90b?s=96&d=mm&r=g","contentUrl":"https:\/\/secure.gravatar.com\/avatar\/cda0654dfaa9cea252a11d3b7706406282e513bb36c8715d95f1126f7ac5a90b?s=96&d=mm&r=g","caption":"La Macina Magazine"},"sameAs":["https:\/\/www.lamacinamagazine.it\/","https:\/\/www.facebook.com\/lamacina.onlus","https:\/\/www.linkedin.com\/in\/la-macina-onlus-roma-67564941\/","https:\/\/x.com\/https:\/\/twitter.com\/LAMACINAONLUS"],"url":"https:\/\/www.article-marketing.eu\/comunicatistampa\/author\/piero-casoli\/"}]}},"_links":{"self":[{"href":"https:\/\/www.article-marketing.eu\/comunicatistampa\/wp-json\/wp\/v2\/posts\/17678","targetHints":{"allow":["GET"]}}],"collection":[{"href":"https:\/\/www.article-marketing.eu\/comunicatistampa\/wp-json\/wp\/v2\/posts"}],"about":[{"href":"https:\/\/www.article-marketing.eu\/comunicatistampa\/wp-json\/wp\/v2\/types\/post"}],"author":[{"embeddable":true,"href":"https:\/\/www.article-marketing.eu\/comunicatistampa\/wp-json\/wp\/v2\/users\/5603"}],"replies":[{"embeddable":true,"href":"https:\/\/www.article-marketing.eu\/comunicatistampa\/wp-json\/wp\/v2\/comments?post=17678"}],"version-history":[{"count":3,"href":"https:\/\/www.article-marketing.eu\/comunicatistampa\/wp-json\/wp\/v2\/posts\/17678\/revisions"}],"predecessor-version":[{"id":17692,"href":"https:\/\/www.article-marketing.eu\/comunicatistampa\/wp-json\/wp\/v2\/posts\/17678\/revisions\/17692"}],"wp:attachment":[{"href":"https:\/\/www.article-marketing.eu\/comunicatistampa\/wp-json\/wp\/v2\/media?parent=17678"}],"wp:term":[{"taxonomy":"category","embeddable":true,"href":"https:\/\/www.article-marketing.eu\/comunicatistampa\/wp-json\/wp\/v2\/categories?post=17678"},{"taxonomy":"post_tag","embeddable":true,"href":"https:\/\/www.article-marketing.eu\/comunicatistampa\/wp-json\/wp\/v2\/tags?post=17678"}],"curies":[{"name":"wp","href":"https:\/\/api.w.org\/{rel}","templated":true}]}}