{"id":1770,"date":"2017-04-05T21:58:29","date_gmt":"2017-04-05T19:58:29","guid":{"rendered":"http:\/\/www.article-marketing.eu\/comunicatistampa\/?p=1770"},"modified":"2017-04-05T21:58:29","modified_gmt":"2017-04-05T19:58:29","slug":"i-tessuti-di-carvico-s-p-a-alla-design-week-di-milano-insieme-a-save-my-bag","status":"publish","type":"post","link":"https:\/\/www.article-marketing.eu\/comunicatistampa\/i-tessuti-di-carvico-s-p-a-alla-design-week-di-milano-insieme-a-save-my-bag\/","title":{"rendered":"I tessuti di Carvico S.p.A. alla Design Week di Milano insieme a Save My Bag"},"content":{"rendered":"<h2><strong>Da sempre partner, <a href=\"http:\/\/www.carvico.com\/\">Carvico<\/a> e Save My Bag si mettono in mostra in occasione del Fuorisalone Milanese<\/strong><\/h2>\n<p>Dal 4 al 9 aprile nello spazio Technic di via Tortona, nel cortile dell\u2019Opificio 31, due eccellenze del Made in Italy come Carvico e Save My Bag saranno insieme per dar vita a stile, colore e avanguardia.<\/p>\n<p>L\u2019esclusiva installazione di tecno tessuti elasticizzati sar\u00e0 una dei protagonisti all\u2019interno della suggestiva location, a celebrazione di questa vincente sinergia italiana che ha dato il via alla produzione dell\u2019innovativo materiale delle iconiche borse multicolor.<\/p>\n<p>Da 55 anni Carvico S.p.A. produce tessuti indemagliabili elasticizzati di ultima generazione per il mondo dello sport, del tempo libero e del bagno, ma non \u00e8 nuova a collaborazioni con brand del fashion system come Save My Bag. Soprattutto quando si condivide lo stesso valore di altissima qualit\u00e0 100% italiana.<br \/>\nOggi Carvico vanta una produzione in grado di rivaleggiare con i maggiori competitor a livello mondiale, \u00e8 leader di settore e conosce l\u2019importanza della tradizione ma sa anche stare al passo col futuro affrontando sfide sempre diverse.<br \/>\nResponsabilit\u00e0 sociale, ambientale e continua ricerca e sviluppo di nuovi materiali, soprattutto ad alto contenuto eco-compatibile, sono i suoi punti di forza.<br \/>\nModa, design, arte e cultura sono invece le sue fonti di ispirazione per determinare e individuare le nuove tendenze colore, campo in cui l\u2019azienda bergamasca segna la strada e che Save My Bag ha saputo tradurre in borse e nuovissimi complementi d\u2019arredo.<\/p>\n<p>Chi ha detto che un tessuto tecnico non pu\u00f2 essere sinonimo di stile?<\/p>\n<p>&nbsp;<\/p>\n<p><em><strong>Chi \u00e8 Carvico S.p.A.<br \/>\n<u>Innovazione<br \/>\n<\/u><\/strong>La sperimentazione di nuovi tessuti non si ferma mai, grazie all\u2019esclusivo centro di Ricerca e Sviluppo dove si studiano tessuti dalle prestazioni eccezionali: traspiranti, confortevoli, resistenti al pilling e alle abrasioni.<\/em><br \/>\n<em><strong><u>Tecnologia e qualit\u00e0<br \/>\n<\/u><\/strong>La forte impronta tecnologica degli impianti \u00e8 il plus che fa la differenza, permette di avere una capacit\u00e0 produttiva molto elevata e flessibile e soprattutto il 100% di controllo della qualit\u00e0 dei tessuti, per garantire, sempre, prodotti di ultima generazione.<\/em><br \/>\n<em><strong><u>Responsabilit\u00e0<br \/>\n<\/u><\/strong>Carvico crede fortemente nella necessit\u00e0 di porre al centro del suo sviluppo il benessere dei propri collaboratori, delle comunit\u00e0 territoriali e dell\u2019ecosistema globale, perch\u00e9 la tutela ambientale e lo sviluppo aziendale viaggino di pari passo.<\/em><br \/>\n<em><strong><u>Unicit\u00e0<br \/>\n<\/u><\/strong>Le competenze eredit\u00e0 del passato, e lo sguardo rivolto al futuro: questa la filosofia che rende Carvico S.p.A. unica nel suo genere.<\/em><\/p>\n<p>&nbsp;<\/p>\n","protected":false},"excerpt":{"rendered":"<p>Da sempre partner, Carvico e Save My Bag si mettono in mostra in occasione del Fuorisalone Milanese Dal 4 al 9 aprile nello spazio Technic di via Tortona, nel cortile dell\u2019Opificio 31, due eccellenze del Made in Italy come Carvico e Save My Bag saranno insieme per dar vita a stile, colore e avanguardia. L\u2019esclusiva installazione di tecno tessuti elasticizzati sar\u00e0 una dei protagonisti all\u2019interno della suggestiva location, a celebrazione<\/p>\n<p><a class=\"continue-reading\" href=\"https:\/\/www.article-marketing.eu\/comunicatistampa\/i-tessuti-di-carvico-s-p-a-alla-design-week-di-milano-insieme-a-save-my-bag\/\">Continue reading&#8230;<\/a><\/p>\n","protected":false},"author":232,"featured_media":0,"comment_status":"open","ping_status":"open","sticky":false,"template":"","format":"standard","meta":{"_monsterinsights_skip_tracking":false,"_monsterinsights_sitenote_active":false,"_monsterinsights_sitenote_note":"","_monsterinsights_sitenote_category":0,"footnotes":""},"categories":[363,78,392,351],"tags":[248,977,979,36,978],"class_list":["post-1770","post","type-post","status-publish","format-standard","hentry","category-abbigliamento-e-accessori","category-comunicati-stampa","category-eventi","category-tempo-libero","tag-design","tag-designweek","tag-eventi-milano","tag-milano","tag-tessuti"],"yoast_head":"<!-- This site is optimized with the Yoast SEO plugin v27.3 - https:\/\/yoast.com\/product\/yoast-seo-wordpress\/ -->\n<title>I tessuti di Carvico S.p.A. alla Design Week di Milano insieme a Save My Bag - Article Marketing<\/title>\n<meta name=\"robots\" content=\"index, follow, max-snippet:-1, max-image-preview:large, max-video-preview:-1\" \/>\n<link rel=\"canonical\" href=\"https:\/\/www.article-marketing.eu\/comunicatistampa\/i-tessuti-di-carvico-s-p-a-alla-design-week-di-milano-insieme-a-save-my-bag\/\" \/>\n<meta property=\"og:locale\" content=\"it_IT\" \/>\n<meta property=\"og:type\" content=\"article\" \/>\n<meta property=\"og:title\" content=\"I tessuti di Carvico S.p.A. alla Design Week di Milano insieme a Save My Bag - Article Marketing\" \/>\n<meta property=\"og:description\" content=\"Da sempre partner, Carvico e Save My Bag si mettono in mostra in occasione del Fuorisalone Milanese Dal 4 al 9 aprile nello spazio Technic di via Tortona, nel cortile dell\u2019Opificio 31, due eccellenze del Made in Italy come Carvico e Save My Bag saranno insieme per dar vita a stile, colore e avanguardia. L\u2019esclusiva installazione di tecno tessuti elasticizzati sar\u00e0 una dei protagonisti all\u2019interno della suggestiva location, a celebrazioneContinue reading...\" \/>\n<meta property=\"og:url\" content=\"https:\/\/www.article-marketing.eu\/comunicatistampa\/i-tessuti-di-carvico-s-p-a-alla-design-week-di-milano-insieme-a-save-my-bag\/\" \/>\n<meta property=\"og:site_name\" content=\"Article Marketing\" \/>\n<meta property=\"article:published_time\" content=\"2017-04-05T19:58:29+00:00\" \/>\n<meta name=\"author\" content=\"carvicoejl\" \/>\n<meta name=\"twitter:card\" content=\"summary_large_image\" \/>\n<meta name=\"twitter:label1\" content=\"Scritto da\" \/>\n\t<meta name=\"twitter:data1\" content=\"carvicoejl\" \/>\n\t<meta name=\"twitter:label2\" content=\"Tempo di lettura stimato\" \/>\n\t<meta name=\"twitter:data2\" content=\"2 minuti\" \/>\n<script type=\"application\/ld+json\" class=\"yoast-schema-graph\">{\"@context\":\"https:\\\/\\\/schema.org\",\"@graph\":[{\"@type\":\"Article\",\"@id\":\"https:\\\/\\\/www.article-marketing.eu\\\/comunicatistampa\\\/i-tessuti-di-carvico-s-p-a-alla-design-week-di-milano-insieme-a-save-my-bag\\\/#article\",\"isPartOf\":{\"@id\":\"https:\\\/\\\/www.article-marketing.eu\\\/comunicatistampa\\\/i-tessuti-di-carvico-s-p-a-alla-design-week-di-milano-insieme-a-save-my-bag\\\/\"},\"author\":{\"name\":\"carvicoejl\",\"@id\":\"https:\\\/\\\/www.article-marketing.eu\\\/comunicatistampa\\\/#\\\/schema\\\/person\\\/3c7b515d0a3c92f258a4caec0eba62f0\"},\"headline\":\"I tessuti di Carvico S.p.A. alla Design Week di Milano insieme a Save My Bag\",\"datePublished\":\"2017-04-05T19:58:29+00:00\",\"mainEntityOfPage\":{\"@id\":\"https:\\\/\\\/www.article-marketing.eu\\\/comunicatistampa\\\/i-tessuti-di-carvico-s-p-a-alla-design-week-di-milano-insieme-a-save-my-bag\\\/\"},\"wordCount\":414,\"commentCount\":0,\"keywords\":[\"design\",\"designweek\",\"eventi milano\",\"Milano\",\"tessuti\"],\"articleSection\":[\"Abbigliamento e accessori\",\"Comunicati stampa\",\"Eventi\",\"Tempo libero\"],\"inLanguage\":\"it-IT\",\"potentialAction\":[{\"@type\":\"CommentAction\",\"name\":\"Comment\",\"target\":[\"https:\\\/\\\/www.article-marketing.eu\\\/comunicatistampa\\\/i-tessuti-di-carvico-s-p-a-alla-design-week-di-milano-insieme-a-save-my-bag\\\/#respond\"]}]},{\"@type\":\"WebPage\",\"@id\":\"https:\\\/\\\/www.article-marketing.eu\\\/comunicatistampa\\\/i-tessuti-di-carvico-s-p-a-alla-design-week-di-milano-insieme-a-save-my-bag\\\/\",\"url\":\"https:\\\/\\\/www.article-marketing.eu\\\/comunicatistampa\\\/i-tessuti-di-carvico-s-p-a-alla-design-week-di-milano-insieme-a-save-my-bag\\\/\",\"name\":\"I tessuti di Carvico S.p.A. alla Design Week di Milano insieme a Save My Bag - Article Marketing\",\"isPartOf\":{\"@id\":\"https:\\\/\\\/www.article-marketing.eu\\\/comunicatistampa\\\/#website\"},\"datePublished\":\"2017-04-05T19:58:29+00:00\",\"author\":{\"@id\":\"https:\\\/\\\/www.article-marketing.eu\\\/comunicatistampa\\\/#\\\/schema\\\/person\\\/3c7b515d0a3c92f258a4caec0eba62f0\"},\"breadcrumb\":{\"@id\":\"https:\\\/\\\/www.article-marketing.eu\\\/comunicatistampa\\\/i-tessuti-di-carvico-s-p-a-alla-design-week-di-milano-insieme-a-save-my-bag\\\/#breadcrumb\"},\"inLanguage\":\"it-IT\",\"potentialAction\":[{\"@type\":\"ReadAction\",\"target\":[\"https:\\\/\\\/www.article-marketing.eu\\\/comunicatistampa\\\/i-tessuti-di-carvico-s-p-a-alla-design-week-di-milano-insieme-a-save-my-bag\\\/\"]}]},{\"@type\":\"BreadcrumbList\",\"@id\":\"https:\\\/\\\/www.article-marketing.eu\\\/comunicatistampa\\\/i-tessuti-di-carvico-s-p-a-alla-design-week-di-milano-insieme-a-save-my-bag\\\/#breadcrumb\",\"itemListElement\":[{\"@type\":\"ListItem\",\"position\":1,\"name\":\"Home\",\"item\":\"https:\\\/\\\/www.article-marketing.eu\\\/comunicatistampa\\\/\"},{\"@type\":\"ListItem\",\"position\":2,\"name\":\"I tessuti di Carvico S.p.A. alla Design Week di Milano insieme a Save My Bag\"}]},{\"@type\":\"WebSite\",\"@id\":\"https:\\\/\\\/www.article-marketing.eu\\\/comunicatistampa\\\/#website\",\"url\":\"https:\\\/\\\/www.article-marketing.eu\\\/comunicatistampa\\\/\",\"name\":\"Article Marketing\",\"description\":\"article marketing &amp; press release\",\"potentialAction\":[{\"@type\":\"SearchAction\",\"target\":{\"@type\":\"EntryPoint\",\"urlTemplate\":\"https:\\\/\\\/www.article-marketing.eu\\\/comunicatistampa\\\/?s={search_term_string}\"},\"query-input\":{\"@type\":\"PropertyValueSpecification\",\"valueRequired\":true,\"valueName\":\"search_term_string\"}}],\"inLanguage\":\"it-IT\"},{\"@type\":\"Person\",\"@id\":\"https:\\\/\\\/www.article-marketing.eu\\\/comunicatistampa\\\/#\\\/schema\\\/person\\\/3c7b515d0a3c92f258a4caec0eba62f0\",\"name\":\"carvicoejl\",\"image\":{\"@type\":\"ImageObject\",\"inLanguage\":\"it-IT\",\"@id\":\"https:\\\/\\\/secure.gravatar.com\\\/avatar\\\/ffb010b92118679b0005cb6fcdf217df732bc6b37e681c003c46a90722b40e78?s=96&d=mm&r=g\",\"url\":\"https:\\\/\\\/secure.gravatar.com\\\/avatar\\\/ffb010b92118679b0005cb6fcdf217df732bc6b37e681c003c46a90722b40e78?s=96&d=mm&r=g\",\"contentUrl\":\"https:\\\/\\\/secure.gravatar.com\\\/avatar\\\/ffb010b92118679b0005cb6fcdf217df732bc6b37e681c003c46a90722b40e78?s=96&d=mm&r=g\",\"caption\":\"carvicoejl\"},\"url\":\"https:\\\/\\\/www.article-marketing.eu\\\/comunicatistampa\\\/author\\\/carvicoejl\\\/\"}]}<\/script>\n<!-- \/ Yoast SEO plugin. -->","yoast_head_json":{"title":"I tessuti di Carvico S.p.A. alla Design Week di Milano insieme a Save My Bag - Article Marketing","robots":{"index":"index","follow":"follow","max-snippet":"max-snippet:-1","max-image-preview":"max-image-preview:large","max-video-preview":"max-video-preview:-1"},"canonical":"https:\/\/www.article-marketing.eu\/comunicatistampa\/i-tessuti-di-carvico-s-p-a-alla-design-week-di-milano-insieme-a-save-my-bag\/","og_locale":"it_IT","og_type":"article","og_title":"I tessuti di Carvico S.p.A. alla Design Week di Milano insieme a Save My Bag - Article Marketing","og_description":"Da sempre partner, Carvico e Save My Bag si mettono in mostra in occasione del Fuorisalone Milanese Dal 4 al 9 aprile nello spazio Technic di via Tortona, nel cortile dell\u2019Opificio 31, due eccellenze del Made in Italy come Carvico e Save My Bag saranno insieme per dar vita a stile, colore e avanguardia. L\u2019esclusiva installazione di tecno tessuti elasticizzati sar\u00e0 una dei protagonisti all\u2019interno della suggestiva location, a celebrazioneContinue reading...","og_url":"https:\/\/www.article-marketing.eu\/comunicatistampa\/i-tessuti-di-carvico-s-p-a-alla-design-week-di-milano-insieme-a-save-my-bag\/","og_site_name":"Article Marketing","article_published_time":"2017-04-05T19:58:29+00:00","author":"carvicoejl","twitter_card":"summary_large_image","twitter_misc":{"Scritto da":"carvicoejl","Tempo di lettura stimato":"2 minuti"},"schema":{"@context":"https:\/\/schema.org","@graph":[{"@type":"Article","@id":"https:\/\/www.article-marketing.eu\/comunicatistampa\/i-tessuti-di-carvico-s-p-a-alla-design-week-di-milano-insieme-a-save-my-bag\/#article","isPartOf":{"@id":"https:\/\/www.article-marketing.eu\/comunicatistampa\/i-tessuti-di-carvico-s-p-a-alla-design-week-di-milano-insieme-a-save-my-bag\/"},"author":{"name":"carvicoejl","@id":"https:\/\/www.article-marketing.eu\/comunicatistampa\/#\/schema\/person\/3c7b515d0a3c92f258a4caec0eba62f0"},"headline":"I tessuti di Carvico S.p.A. alla Design Week di Milano insieme a Save My Bag","datePublished":"2017-04-05T19:58:29+00:00","mainEntityOfPage":{"@id":"https:\/\/www.article-marketing.eu\/comunicatistampa\/i-tessuti-di-carvico-s-p-a-alla-design-week-di-milano-insieme-a-save-my-bag\/"},"wordCount":414,"commentCount":0,"keywords":["design","designweek","eventi milano","Milano","tessuti"],"articleSection":["Abbigliamento e accessori","Comunicati stampa","Eventi","Tempo libero"],"inLanguage":"it-IT","potentialAction":[{"@type":"CommentAction","name":"Comment","target":["https:\/\/www.article-marketing.eu\/comunicatistampa\/i-tessuti-di-carvico-s-p-a-alla-design-week-di-milano-insieme-a-save-my-bag\/#respond"]}]},{"@type":"WebPage","@id":"https:\/\/www.article-marketing.eu\/comunicatistampa\/i-tessuti-di-carvico-s-p-a-alla-design-week-di-milano-insieme-a-save-my-bag\/","url":"https:\/\/www.article-marketing.eu\/comunicatistampa\/i-tessuti-di-carvico-s-p-a-alla-design-week-di-milano-insieme-a-save-my-bag\/","name":"I tessuti di Carvico S.p.A. alla Design Week di Milano insieme a Save My Bag - Article Marketing","isPartOf":{"@id":"https:\/\/www.article-marketing.eu\/comunicatistampa\/#website"},"datePublished":"2017-04-05T19:58:29+00:00","author":{"@id":"https:\/\/www.article-marketing.eu\/comunicatistampa\/#\/schema\/person\/3c7b515d0a3c92f258a4caec0eba62f0"},"breadcrumb":{"@id":"https:\/\/www.article-marketing.eu\/comunicatistampa\/i-tessuti-di-carvico-s-p-a-alla-design-week-di-milano-insieme-a-save-my-bag\/#breadcrumb"},"inLanguage":"it-IT","potentialAction":[{"@type":"ReadAction","target":["https:\/\/www.article-marketing.eu\/comunicatistampa\/i-tessuti-di-carvico-s-p-a-alla-design-week-di-milano-insieme-a-save-my-bag\/"]}]},{"@type":"BreadcrumbList","@id":"https:\/\/www.article-marketing.eu\/comunicatistampa\/i-tessuti-di-carvico-s-p-a-alla-design-week-di-milano-insieme-a-save-my-bag\/#breadcrumb","itemListElement":[{"@type":"ListItem","position":1,"name":"Home","item":"https:\/\/www.article-marketing.eu\/comunicatistampa\/"},{"@type":"ListItem","position":2,"name":"I tessuti di Carvico S.p.A. alla Design Week di Milano insieme a Save My Bag"}]},{"@type":"WebSite","@id":"https:\/\/www.article-marketing.eu\/comunicatistampa\/#website","url":"https:\/\/www.article-marketing.eu\/comunicatistampa\/","name":"Article Marketing","description":"article marketing &amp; press release","potentialAction":[{"@type":"SearchAction","target":{"@type":"EntryPoint","urlTemplate":"https:\/\/www.article-marketing.eu\/comunicatistampa\/?s={search_term_string}"},"query-input":{"@type":"PropertyValueSpecification","valueRequired":true,"valueName":"search_term_string"}}],"inLanguage":"it-IT"},{"@type":"Person","@id":"https:\/\/www.article-marketing.eu\/comunicatistampa\/#\/schema\/person\/3c7b515d0a3c92f258a4caec0eba62f0","name":"carvicoejl","image":{"@type":"ImageObject","inLanguage":"it-IT","@id":"https:\/\/secure.gravatar.com\/avatar\/ffb010b92118679b0005cb6fcdf217df732bc6b37e681c003c46a90722b40e78?s=96&d=mm&r=g","url":"https:\/\/secure.gravatar.com\/avatar\/ffb010b92118679b0005cb6fcdf217df732bc6b37e681c003c46a90722b40e78?s=96&d=mm&r=g","contentUrl":"https:\/\/secure.gravatar.com\/avatar\/ffb010b92118679b0005cb6fcdf217df732bc6b37e681c003c46a90722b40e78?s=96&d=mm&r=g","caption":"carvicoejl"},"url":"https:\/\/www.article-marketing.eu\/comunicatistampa\/author\/carvicoejl\/"}]}},"_links":{"self":[{"href":"https:\/\/www.article-marketing.eu\/comunicatistampa\/wp-json\/wp\/v2\/posts\/1770","targetHints":{"allow":["GET"]}}],"collection":[{"href":"https:\/\/www.article-marketing.eu\/comunicatistampa\/wp-json\/wp\/v2\/posts"}],"about":[{"href":"https:\/\/www.article-marketing.eu\/comunicatistampa\/wp-json\/wp\/v2\/types\/post"}],"author":[{"embeddable":true,"href":"https:\/\/www.article-marketing.eu\/comunicatistampa\/wp-json\/wp\/v2\/users\/232"}],"replies":[{"embeddable":true,"href":"https:\/\/www.article-marketing.eu\/comunicatistampa\/wp-json\/wp\/v2\/comments?post=1770"}],"version-history":[{"count":2,"href":"https:\/\/www.article-marketing.eu\/comunicatistampa\/wp-json\/wp\/v2\/posts\/1770\/revisions"}],"predecessor-version":[{"id":1794,"href":"https:\/\/www.article-marketing.eu\/comunicatistampa\/wp-json\/wp\/v2\/posts\/1770\/revisions\/1794"}],"wp:attachment":[{"href":"https:\/\/www.article-marketing.eu\/comunicatistampa\/wp-json\/wp\/v2\/media?parent=1770"}],"wp:term":[{"taxonomy":"category","embeddable":true,"href":"https:\/\/www.article-marketing.eu\/comunicatistampa\/wp-json\/wp\/v2\/categories?post=1770"},{"taxonomy":"post_tag","embeddable":true,"href":"https:\/\/www.article-marketing.eu\/comunicatistampa\/wp-json\/wp\/v2\/tags?post=1770"}],"curies":[{"name":"wp","href":"https:\/\/api.w.org\/{rel}","templated":true}]}}