{"id":17726,"date":"2021-03-11T16:44:39","date_gmt":"2021-03-11T15:44:39","guid":{"rendered":"https:\/\/www.article-marketing.eu\/comunicatistampa\/?p=17726"},"modified":"2021-03-11T16:44:39","modified_gmt":"2021-03-11T15:44:39","slug":"bollette-mercato-libero-o-tutelato-7-milioni-di-italiani-non-lo-sanno","status":"publish","type":"post","link":"https:\/\/www.article-marketing.eu\/comunicatistampa\/bollette-mercato-libero-o-tutelato-7-milioni-di-italiani-non-lo-sanno\/","title":{"rendered":"Bollette: mercato libero o tutelato? 7 milioni di italiani non lo sanno"},"content":{"rendered":"<p>La <strong>fine del mercato tutelato<\/strong>, prevista per l\u2019inizio del 2022, \u00e8 stata rimandata al primo gennaio <strong>2023<\/strong>. Forse un bene se si considera che quando si parla di mercato libero o tutelato sono ancora molti i consumatori con le <strong>idee poco chiare<\/strong>; secondo l\u2019indagine commissionata da <a href=\"https:\/\/www.facile.it\"><strong>Facile.it<\/strong><\/a> a <em>mUp Research<\/em> e <em>Norstat<\/em> e realizzata su un campione rappresentativo della popolazione nazionale* addirittura<strong> 7 milioni di italiani<\/strong> non sono in grado di dire se il loro contratto di luce o gas sia con un operatore del mercato libero o nel servizio di maggior tutela.<\/p>\n<p>La situazione migliora solo di poco se ci si rivolge agli intervistati che hanno dichiarato di essere nel <strong>mercato tutelato<\/strong>; tra loro il 35,4% ha dichiarato di <strong>non essere a conoscenza della fine di questo regime<\/strong>. La percentuale arriva addirittura al 41,8% tra i rispondenti residenti nelle regioni del Centro Italia.<\/p>\n<p><strong>Fine del mercato tutelato\u2026chi non sa, e chi non si attiva<\/strong><\/p>\n<p>Analizzando nel dettaglio le risposte degli intervistati che hanno un contratto nel <strong>mercato tutelato<\/strong> emerge che, forse a causa dei numerosi rinvii che si sono susseguiti nel corso degli ultimi anni, quasi 1 su 2 <strong>(<\/strong><strong>49,5%)<\/strong> ha dichiarato di <strong>non essersi ancora attivato<\/strong> per trovare un\u2019alternativa nel mercato libero, pur sapendo della fine del regime di tutela.<\/p>\n<p>Scomponendo il campione a livello territoriale emerge che i pi\u00f9 pigri sembrano essere i residenti nelle regioni del <strong>Sud Italia e nelle Isole<\/strong>; tra loro <strong>pi\u00f9 di 1 su 2<\/strong> (50,8%), pur sapendo del termine del servizio di maggior tutela, <strong>non si \u00e8 ancora adoperato<\/strong> per passare al mercato libero.<\/p>\n<p><em>\u00abSebbene la fine del mercato tutelato sia stata rimandata al 2023\u00bb,<\/em><strong> spiega Mario Rasimelli, Managing Director Utilities di Facile.it, <\/strong><em>\u00abil consiglio \u00e8 di informarsi e attivarsi il prima possibile per il passaggio al mercato libero; non solo per non farsi trovare impreparati all\u2019appuntamento, ma soprattutto perch\u00e9 il passaggio pu\u00f2 comportare importanti risparmi sulla bolletta. \u00c8 bene ricordare che il cambio da un regime all\u2019altro pu\u00f2 essere fatto in qualsiasi momento e senza alcun costo, non \u00e8 previsto alcun intervento sulla linea e non vi sono interruzioni nella fornitura di luce o gas.\u00bb. <\/em><\/p>\n<p><em>\u00a0<\/em><\/p>\n<p><em>Nota metodologica: l\u2019indagine \u00e8 stata svolta il 15 ed il 16 febbraio 2021 attraverso la somministrazione di n.1.005 interviste CAWI con ad un campione di individui in et\u00e0 compresa fra 18 e 74 anni, rappresentativo della popolazione italiana adulta residente sull\u2019intero territorio nazionale.<\/em><\/p>\n","protected":false},"excerpt":{"rendered":"<p>La fine del mercato tutelato, prevista per l\u2019inizio del 2022, \u00e8 stata rimandata al primo gennaio 2023. Forse un bene se si considera che quando si parla di mercato libero o tutelato sono ancora molti i consumatori con le idee poco chiare; secondo l\u2019indagine commissionata da Facile.it a mUp Research e Norstat e realizzata su un campione rappresentativo della popolazione nazionale* addirittura 7 milioni di italiani non sono in grado<\/p>\n<p><a class=\"continue-reading\" href=\"https:\/\/www.article-marketing.eu\/comunicatistampa\/bollette-mercato-libero-o-tutelato-7-milioni-di-italiani-non-lo-sanno\/\">Continue reading&#8230;<\/a><\/p>\n","protected":false},"author":62,"featured_media":0,"comment_status":"open","ping_status":"open","sticky":false,"template":"","format":"standard","meta":{"_monsterinsights_skip_tracking":false,"_monsterinsights_sitenote_active":false,"_monsterinsights_sitenote_note":"","_monsterinsights_sitenote_category":0,"footnotes":""},"categories":[386],"tags":[751,608,555,753,7452,7451],"class_list":["post-17726","post","type-post","status-publish","format-standard","hentry","category-economia-e-lavoro","tag-bollette","tag-energia","tag-facile-it","tag-gas","tag-mercato-libero","tag-mercato-tutelato"],"yoast_head":"<!-- This site is optimized with the Yoast SEO plugin v27.3 - https:\/\/yoast.com\/product\/yoast-seo-wordpress\/ -->\n<title>Bollette: mercato libero o tutelato? 7 milioni di italiani non lo sanno<\/title>\n<meta name=\"robots\" content=\"index, follow, max-snippet:-1, max-image-preview:large, max-video-preview:-1\" \/>\n<link rel=\"canonical\" href=\"https:\/\/www.article-marketing.eu\/comunicatistampa\/bollette-mercato-libero-o-tutelato-7-milioni-di-italiani-non-lo-sanno\/\" \/>\n<meta property=\"og:locale\" content=\"it_IT\" \/>\n<meta property=\"og:type\" content=\"article\" \/>\n<meta property=\"og:title\" content=\"Bollette: mercato libero o tutelato? 7 milioni di italiani non lo sanno\" \/>\n<meta property=\"og:description\" content=\"La fine del mercato tutelato, prevista per l\u2019inizio del 2022, \u00e8 stata rimandata al primo gennaio 2023. Forse un bene se si considera che quando si parla di mercato libero o tutelato sono ancora molti i consumatori con le idee poco chiare; secondo l\u2019indagine commissionata da Facile.it a mUp Research e Norstat e realizzata su un campione rappresentativo della popolazione nazionale* addirittura 7 milioni di italiani non sono in gradoContinue reading...\" \/>\n<meta property=\"og:url\" content=\"https:\/\/www.article-marketing.eu\/comunicatistampa\/bollette-mercato-libero-o-tutelato-7-milioni-di-italiani-non-lo-sanno\/\" \/>\n<meta property=\"og:site_name\" content=\"Article Marketing\" \/>\n<meta property=\"article:published_time\" content=\"2021-03-11T15:44:39+00:00\" \/>\n<meta name=\"author\" content=\"Facile.it\" \/>\n<meta name=\"twitter:card\" content=\"summary_large_image\" \/>\n<meta name=\"twitter:label1\" content=\"Scritto da\" \/>\n\t<meta name=\"twitter:data1\" content=\"Facile.it\" \/>\n\t<meta name=\"twitter:label2\" content=\"Tempo di lettura stimato\" \/>\n\t<meta name=\"twitter:data2\" content=\"2 minuti\" \/>\n<script type=\"application\/ld+json\" class=\"yoast-schema-graph\">{\"@context\":\"https:\\\/\\\/schema.org\",\"@graph\":[{\"@type\":\"Article\",\"@id\":\"https:\\\/\\\/www.article-marketing.eu\\\/comunicatistampa\\\/bollette-mercato-libero-o-tutelato-7-milioni-di-italiani-non-lo-sanno\\\/#article\",\"isPartOf\":{\"@id\":\"https:\\\/\\\/www.article-marketing.eu\\\/comunicatistampa\\\/bollette-mercato-libero-o-tutelato-7-milioni-di-italiani-non-lo-sanno\\\/\"},\"author\":{\"name\":\"Facile.it\",\"@id\":\"https:\\\/\\\/www.article-marketing.eu\\\/comunicatistampa\\\/#\\\/schema\\\/person\\\/1deca6d9e0cf173abfe76a90ef261a2a\"},\"headline\":\"Bollette: mercato libero o tutelato? 7 milioni di italiani non lo sanno\",\"datePublished\":\"2021-03-11T15:44:39+00:00\",\"mainEntityOfPage\":{\"@id\":\"https:\\\/\\\/www.article-marketing.eu\\\/comunicatistampa\\\/bollette-mercato-libero-o-tutelato-7-milioni-di-italiani-non-lo-sanno\\\/\"},\"wordCount\":395,\"commentCount\":0,\"keywords\":[\"bollette\",\"energia\",\"facile.it\",\"gas\",\"mercato libero\",\"mercato tutelato\"],\"articleSection\":[\"Economia e lavoro\"],\"inLanguage\":\"it-IT\",\"potentialAction\":[{\"@type\":\"CommentAction\",\"name\":\"Comment\",\"target\":[\"https:\\\/\\\/www.article-marketing.eu\\\/comunicatistampa\\\/bollette-mercato-libero-o-tutelato-7-milioni-di-italiani-non-lo-sanno\\\/#respond\"]}]},{\"@type\":\"WebPage\",\"@id\":\"https:\\\/\\\/www.article-marketing.eu\\\/comunicatistampa\\\/bollette-mercato-libero-o-tutelato-7-milioni-di-italiani-non-lo-sanno\\\/\",\"url\":\"https:\\\/\\\/www.article-marketing.eu\\\/comunicatistampa\\\/bollette-mercato-libero-o-tutelato-7-milioni-di-italiani-non-lo-sanno\\\/\",\"name\":\"Bollette: mercato libero o tutelato? 7 milioni di italiani non lo sanno\",\"isPartOf\":{\"@id\":\"https:\\\/\\\/www.article-marketing.eu\\\/comunicatistampa\\\/#website\"},\"datePublished\":\"2021-03-11T15:44:39+00:00\",\"author\":{\"@id\":\"https:\\\/\\\/www.article-marketing.eu\\\/comunicatistampa\\\/#\\\/schema\\\/person\\\/1deca6d9e0cf173abfe76a90ef261a2a\"},\"breadcrumb\":{\"@id\":\"https:\\\/\\\/www.article-marketing.eu\\\/comunicatistampa\\\/bollette-mercato-libero-o-tutelato-7-milioni-di-italiani-non-lo-sanno\\\/#breadcrumb\"},\"inLanguage\":\"it-IT\",\"potentialAction\":[{\"@type\":\"ReadAction\",\"target\":[\"https:\\\/\\\/www.article-marketing.eu\\\/comunicatistampa\\\/bollette-mercato-libero-o-tutelato-7-milioni-di-italiani-non-lo-sanno\\\/\"]}]},{\"@type\":\"BreadcrumbList\",\"@id\":\"https:\\\/\\\/www.article-marketing.eu\\\/comunicatistampa\\\/bollette-mercato-libero-o-tutelato-7-milioni-di-italiani-non-lo-sanno\\\/#breadcrumb\",\"itemListElement\":[{\"@type\":\"ListItem\",\"position\":1,\"name\":\"Home\",\"item\":\"https:\\\/\\\/www.article-marketing.eu\\\/comunicatistampa\\\/\"},{\"@type\":\"ListItem\",\"position\":2,\"name\":\"Bollette: mercato libero o tutelato? 7 milioni di italiani non lo sanno\"}]},{\"@type\":\"WebSite\",\"@id\":\"https:\\\/\\\/www.article-marketing.eu\\\/comunicatistampa\\\/#website\",\"url\":\"https:\\\/\\\/www.article-marketing.eu\\\/comunicatistampa\\\/\",\"name\":\"Article Marketing\",\"description\":\"article marketing &amp; press release\",\"potentialAction\":[{\"@type\":\"SearchAction\",\"target\":{\"@type\":\"EntryPoint\",\"urlTemplate\":\"https:\\\/\\\/www.article-marketing.eu\\\/comunicatistampa\\\/?s={search_term_string}\"},\"query-input\":{\"@type\":\"PropertyValueSpecification\",\"valueRequired\":true,\"valueName\":\"search_term_string\"}}],\"inLanguage\":\"it-IT\"},{\"@type\":\"Person\",\"@id\":\"https:\\\/\\\/www.article-marketing.eu\\\/comunicatistampa\\\/#\\\/schema\\\/person\\\/1deca6d9e0cf173abfe76a90ef261a2a\",\"name\":\"Facile.it\",\"image\":{\"@type\":\"ImageObject\",\"inLanguage\":\"it-IT\",\"@id\":\"https:\\\/\\\/secure.gravatar.com\\\/avatar\\\/2623775dfcd174bde1a788a4bc028e9035747fa40886953f4954f56c45cf4b34?s=96&d=mm&r=g\",\"url\":\"https:\\\/\\\/secure.gravatar.com\\\/avatar\\\/2623775dfcd174bde1a788a4bc028e9035747fa40886953f4954f56c45cf4b34?s=96&d=mm&r=g\",\"contentUrl\":\"https:\\\/\\\/secure.gravatar.com\\\/avatar\\\/2623775dfcd174bde1a788a4bc028e9035747fa40886953f4954f56c45cf4b34?s=96&d=mm&r=g\",\"caption\":\"Facile.it\"},\"url\":\"https:\\\/\\\/www.article-marketing.eu\\\/comunicatistampa\\\/author\\\/facile-it\\\/\"}]}<\/script>\n<!-- \/ Yoast SEO plugin. -->","yoast_head_json":{"title":"Bollette: mercato libero o tutelato? 7 milioni di italiani non lo sanno","robots":{"index":"index","follow":"follow","max-snippet":"max-snippet:-1","max-image-preview":"max-image-preview:large","max-video-preview":"max-video-preview:-1"},"canonical":"https:\/\/www.article-marketing.eu\/comunicatistampa\/bollette-mercato-libero-o-tutelato-7-milioni-di-italiani-non-lo-sanno\/","og_locale":"it_IT","og_type":"article","og_title":"Bollette: mercato libero o tutelato? 7 milioni di italiani non lo sanno","og_description":"La fine del mercato tutelato, prevista per l\u2019inizio del 2022, \u00e8 stata rimandata al primo gennaio 2023. Forse un bene se si considera che quando si parla di mercato libero o tutelato sono ancora molti i consumatori con le idee poco chiare; secondo l\u2019indagine commissionata da Facile.it a mUp Research e Norstat e realizzata su un campione rappresentativo della popolazione nazionale* addirittura 7 milioni di italiani non sono in gradoContinue reading...","og_url":"https:\/\/www.article-marketing.eu\/comunicatistampa\/bollette-mercato-libero-o-tutelato-7-milioni-di-italiani-non-lo-sanno\/","og_site_name":"Article Marketing","article_published_time":"2021-03-11T15:44:39+00:00","author":"Facile.it","twitter_card":"summary_large_image","twitter_misc":{"Scritto da":"Facile.it","Tempo di lettura stimato":"2 minuti"},"schema":{"@context":"https:\/\/schema.org","@graph":[{"@type":"Article","@id":"https:\/\/www.article-marketing.eu\/comunicatistampa\/bollette-mercato-libero-o-tutelato-7-milioni-di-italiani-non-lo-sanno\/#article","isPartOf":{"@id":"https:\/\/www.article-marketing.eu\/comunicatistampa\/bollette-mercato-libero-o-tutelato-7-milioni-di-italiani-non-lo-sanno\/"},"author":{"name":"Facile.it","@id":"https:\/\/www.article-marketing.eu\/comunicatistampa\/#\/schema\/person\/1deca6d9e0cf173abfe76a90ef261a2a"},"headline":"Bollette: mercato libero o tutelato? 7 milioni di italiani non lo sanno","datePublished":"2021-03-11T15:44:39+00:00","mainEntityOfPage":{"@id":"https:\/\/www.article-marketing.eu\/comunicatistampa\/bollette-mercato-libero-o-tutelato-7-milioni-di-italiani-non-lo-sanno\/"},"wordCount":395,"commentCount":0,"keywords":["bollette","energia","facile.it","gas","mercato libero","mercato tutelato"],"articleSection":["Economia e lavoro"],"inLanguage":"it-IT","potentialAction":[{"@type":"CommentAction","name":"Comment","target":["https:\/\/www.article-marketing.eu\/comunicatistampa\/bollette-mercato-libero-o-tutelato-7-milioni-di-italiani-non-lo-sanno\/#respond"]}]},{"@type":"WebPage","@id":"https:\/\/www.article-marketing.eu\/comunicatistampa\/bollette-mercato-libero-o-tutelato-7-milioni-di-italiani-non-lo-sanno\/","url":"https:\/\/www.article-marketing.eu\/comunicatistampa\/bollette-mercato-libero-o-tutelato-7-milioni-di-italiani-non-lo-sanno\/","name":"Bollette: mercato libero o tutelato? 7 milioni di italiani non lo sanno","isPartOf":{"@id":"https:\/\/www.article-marketing.eu\/comunicatistampa\/#website"},"datePublished":"2021-03-11T15:44:39+00:00","author":{"@id":"https:\/\/www.article-marketing.eu\/comunicatistampa\/#\/schema\/person\/1deca6d9e0cf173abfe76a90ef261a2a"},"breadcrumb":{"@id":"https:\/\/www.article-marketing.eu\/comunicatistampa\/bollette-mercato-libero-o-tutelato-7-milioni-di-italiani-non-lo-sanno\/#breadcrumb"},"inLanguage":"it-IT","potentialAction":[{"@type":"ReadAction","target":["https:\/\/www.article-marketing.eu\/comunicatistampa\/bollette-mercato-libero-o-tutelato-7-milioni-di-italiani-non-lo-sanno\/"]}]},{"@type":"BreadcrumbList","@id":"https:\/\/www.article-marketing.eu\/comunicatistampa\/bollette-mercato-libero-o-tutelato-7-milioni-di-italiani-non-lo-sanno\/#breadcrumb","itemListElement":[{"@type":"ListItem","position":1,"name":"Home","item":"https:\/\/www.article-marketing.eu\/comunicatistampa\/"},{"@type":"ListItem","position":2,"name":"Bollette: mercato libero o tutelato? 7 milioni di italiani non lo sanno"}]},{"@type":"WebSite","@id":"https:\/\/www.article-marketing.eu\/comunicatistampa\/#website","url":"https:\/\/www.article-marketing.eu\/comunicatistampa\/","name":"Article Marketing","description":"article marketing &amp; press release","potentialAction":[{"@type":"SearchAction","target":{"@type":"EntryPoint","urlTemplate":"https:\/\/www.article-marketing.eu\/comunicatistampa\/?s={search_term_string}"},"query-input":{"@type":"PropertyValueSpecification","valueRequired":true,"valueName":"search_term_string"}}],"inLanguage":"it-IT"},{"@type":"Person","@id":"https:\/\/www.article-marketing.eu\/comunicatistampa\/#\/schema\/person\/1deca6d9e0cf173abfe76a90ef261a2a","name":"Facile.it","image":{"@type":"ImageObject","inLanguage":"it-IT","@id":"https:\/\/secure.gravatar.com\/avatar\/2623775dfcd174bde1a788a4bc028e9035747fa40886953f4954f56c45cf4b34?s=96&d=mm&r=g","url":"https:\/\/secure.gravatar.com\/avatar\/2623775dfcd174bde1a788a4bc028e9035747fa40886953f4954f56c45cf4b34?s=96&d=mm&r=g","contentUrl":"https:\/\/secure.gravatar.com\/avatar\/2623775dfcd174bde1a788a4bc028e9035747fa40886953f4954f56c45cf4b34?s=96&d=mm&r=g","caption":"Facile.it"},"url":"https:\/\/www.article-marketing.eu\/comunicatistampa\/author\/facile-it\/"}]}},"_links":{"self":[{"href":"https:\/\/www.article-marketing.eu\/comunicatistampa\/wp-json\/wp\/v2\/posts\/17726","targetHints":{"allow":["GET"]}}],"collection":[{"href":"https:\/\/www.article-marketing.eu\/comunicatistampa\/wp-json\/wp\/v2\/posts"}],"about":[{"href":"https:\/\/www.article-marketing.eu\/comunicatistampa\/wp-json\/wp\/v2\/types\/post"}],"author":[{"embeddable":true,"href":"https:\/\/www.article-marketing.eu\/comunicatistampa\/wp-json\/wp\/v2\/users\/62"}],"replies":[{"embeddable":true,"href":"https:\/\/www.article-marketing.eu\/comunicatistampa\/wp-json\/wp\/v2\/comments?post=17726"}],"version-history":[{"count":2,"href":"https:\/\/www.article-marketing.eu\/comunicatistampa\/wp-json\/wp\/v2\/posts\/17726\/revisions"}],"predecessor-version":[{"id":17748,"href":"https:\/\/www.article-marketing.eu\/comunicatistampa\/wp-json\/wp\/v2\/posts\/17726\/revisions\/17748"}],"wp:attachment":[{"href":"https:\/\/www.article-marketing.eu\/comunicatistampa\/wp-json\/wp\/v2\/media?parent=17726"}],"wp:term":[{"taxonomy":"category","embeddable":true,"href":"https:\/\/www.article-marketing.eu\/comunicatistampa\/wp-json\/wp\/v2\/categories?post=17726"},{"taxonomy":"post_tag","embeddable":true,"href":"https:\/\/www.article-marketing.eu\/comunicatistampa\/wp-json\/wp\/v2\/tags?post=17726"}],"curies":[{"name":"wp","href":"https:\/\/api.w.org\/{rel}","templated":true}]}}